{"id":964898,"date":"2025-11-21T14:20:00","date_gmt":"2025-11-21T13:20:00","guid":{"rendered":"https:\/\/dmcsrb.com\/uncategorized\/mladi-evrope-i-slovenska-demokratska-mladina-potpisali-memorandum-o-saradnji\/"},"modified":"2025-11-21T14:20:00","modified_gmt":"2025-11-21T13:20:00","slug":"mladi-evrope-i-slovenska-demokratska-mladina-potpisali-memorandum-o-saradnji","status":"publish","type":"post","link":"https:\/\/dmcsrb.com\/en\/politika\/mladi-evrope-i-slovenska-demokratska-mladina-potpisali-memorandum-o-saradnji\/","title":{"rendered":"Mladi Evrope i Slovenska demokratska mladina potpisali Memorandum o saradnji"},"content":{"rendered":"<p><\/p>\n\n\n\n<p>U ime Mladih Evrope, delegaciju su \u010dinile predsjednica <strong>Tamara Crnogor\u010di\u0107<\/strong> i sekretarka za me\u0111unarodnu saradnju<strong> Ivana Vuki\u0107evi\u0107<\/strong>. Memorandum predstavlja va\u017ean korak u ja\u010danju veza izme\u0111u dvije organizacije koje dijele zajedni\u010dke vrijednosti \u2013 slobodu, demokratiju, solidarnost i evropsku orijentaciju. Sporazum otvara prostor za budu\u0107e projekte, razmjenu mladih, kao i saradnju u oblasti politi\u010dkog obrazovanja i me\u0111unarodnog umre\u017eavanja, navode iz PES-a.<\/p>\n\n\n\n<p>Predsjednica Mladih Evrope Tamara Crnogor\u010di\u0107 istakla je da \u201csaradnja sa Slovenskom demokratskom mladinom predstavlja zna\u010dajan iskorak u povezivanju mladih lidera iz regiona i Evropske unije koji dijele iste demokratske ideale i vjeru u zajedni\u010dku evropsku budu\u0107nost\u201d.<\/p>\n\n\n\n<p>Predsjednik SDM-a Luka <strong>Simoni\u010d<\/strong> poru\u010dio je da \u201cpotpisivanje memoranduma sa Mladima Evrope predstavlja potvrdu prijateljstva i zajedni\u010dkih ciljeva na\u0161ih organizacija, ali i novi po\u010detak u ja\u010danju saradnje mladih pokreta \u0161irom Evrope\u201d.<\/p>\n\n\n\n<p>&#8221;Ovim partnerstvom, Mladi Evrope potvr\u0111uju svoju posve\u0107enost razvoju me\u0111unarodne saradnje i aktivnoj ulozi u povezivanju mladih koji vjeruju u demokratske vrijednosti i evropski put Crne Gore&#8221;, zaklju\u010duju iz Pokreta Evropa sad!<\/p>","protected":false},"excerpt":{"rendered":"<p>Omladinske organizacije Pokreta Evropa sad! i Slovenske demokratske stranke (SDS), Mladi Evrope i Slovenska demokratska mladina (SDM) potpisale su memorandum o saradnji. Uspostavljanje partnerstva dvije omladinske organizacije iz Crne Gore i Slovenije formalizovano je na programskom kongresu \u00a0SDM-a, odr\u017eanom u Velenju, povodom obilje\u017eavanja 36. godi\u0161njice postojanja ove organizacije, saop\u0161teno je iz Pokreta Evropa sad!<\/p>","protected":false},"author":1,"featured_media":964899,"comment_status":"open","ping_status":"open","sticky":false,"template":"","format":"standard","meta":{"_acf_changed":false,"footnotes":""},"categories":[12],"tags":[1270,15008,15009],"naslovna":[],"class_list":["post-964898","post","type-post","status-publish","format-standard","has-post-thumbnail","hentry","category-politika","tag-memorandum-o-saradnji","tag-mladi-evrope-sad","tag-slovenska-demokratska-mladina"],"acf":[],"yoast_head":"<!-- This site is optimized with the Yoast SEO plugin v27.4 - https:\/\/yoast.com\/product\/yoast-seo-wordpress\/ -->\n<title>Mladi Evrope i Slovenska demokratska mladina potpisali Memorandum o saradnji - dmcsrb.com<\/title>\n<meta name=\"robots\" content=\"index, follow, max-snippet:-1, max-image-preview:large, max-video-preview:-1\" \/>\n<link rel=\"canonical\" href=\"https:\/\/dmcsrb.com\/en\/politika\/mladi-evrope-i-slovenska-demokratska-mladina-potpisali-memorandum-o-saradnji\/\" \/>\n<meta property=\"og:locale\" content=\"en_GB\" \/>\n<meta property=\"og:type\" content=\"article\" \/>\n<meta property=\"og:title\" content=\"Mladi Evrope i Slovenska demokratska mladina potpisali Memorandum o saradnji - dmcsrb.com\" \/>\n<meta property=\"og:description\" content=\"Omladinske organizacije Pokreta Evropa sad! i Slovenske demokratske stranke (SDS), Mladi Evrope i Slovenska demokratska mladina (SDM) potpisale su memorandum o saradnji. Uspostavljanje partnerstva dvije omladinske organizacije iz Crne Gore i Slovenije formalizovano je na programskom kongresu \u00a0SDM-a, odr\u017eanom u Velenju, povodom obilje\u017eavanja 36. godi\u0161njice postojanja ove organizacije, saop\u0161teno je iz Pokreta Evropa sad!\" \/>\n<meta property=\"og:url\" content=\"https:\/\/dmcsrb.com\/en\/politika\/mladi-evrope-i-slovenska-demokratska-mladina-potpisali-memorandum-o-saradnji\/\" \/>\n<meta property=\"og:site_name\" content=\"dmcsrb.com\" \/>\n<meta property=\"article:published_time\" content=\"2025-11-21T13:20:00+00:00\" \/>\n<meta property=\"og:image\" content=\"https:\/\/dmcsrb.com\/wp-content\/uploads\/2026\/01\/bda04354-0aae-4aba-8248-f79ecc7acac1.webp\" \/>\n\t<meta property=\"og:image:width\" content=\"2048\" \/>\n\t<meta property=\"og:image:height\" content=\"1152\" \/>\n\t<meta property=\"og:image:type\" content=\"image\/jpeg\" \/>\n<meta name=\"author\" content=\"dmcsrbija.com@gmail.com\" \/>\n<meta name=\"twitter:card\" content=\"summary_large_image\" \/>\n<meta name=\"twitter:label1\" content=\"Written by\" \/>\n\t<meta name=\"twitter:data1\" content=\"dmcsrbija.com@gmail.com\" \/>\n\t<meta name=\"twitter:label2\" content=\"Estimated reading time\" \/>\n\t<meta name=\"twitter:data2\" content=\"1 minute\" \/>\n<script type=\"application\/ld+json\" class=\"yoast-schema-graph\">{\"@context\":\"https:\\\/\\\/schema.org\",\"@graph\":[{\"@type\":\"Article\",\"@id\":\"https:\\\/\\\/dmcsrb.com\\\/politika\\\/mladi-evrope-i-slovenska-demokratska-mladina-potpisali-memorandum-o-saradnji\\\/#article\",\"isPartOf\":{\"@id\":\"https:\\\/\\\/dmcsrb.com\\\/politika\\\/mladi-evrope-i-slovenska-demokratska-mladina-potpisali-memorandum-o-saradnji\\\/\"},\"author\":{\"name\":\"dmcsrbija.com@gmail.com\",\"@id\":\"https:\\\/\\\/dmcsrb.com\\\/#\\\/schema\\\/person\\\/5c39170f12db1b8b457732d0b5c854e2\"},\"headline\":\"Mladi Evrope i Slovenska demokratska mladina potpisali Memorandum o saradnji\",\"datePublished\":\"2025-11-21T13:20:00+00:00\",\"mainEntityOfPage\":{\"@id\":\"https:\\\/\\\/dmcsrb.com\\\/politika\\\/mladi-evrope-i-slovenska-demokratska-mladina-potpisali-memorandum-o-saradnji\\\/\"},\"wordCount\":190,\"commentCount\":0,\"image\":{\"@id\":\"https:\\\/\\\/dmcsrb.com\\\/politika\\\/mladi-evrope-i-slovenska-demokratska-mladina-potpisali-memorandum-o-saradnji\\\/#primaryimage\"},\"thumbnailUrl\":\"https:\\\/\\\/dmcsrb.com\\\/wp-content\\\/uploads\\\/2026\\\/01\\\/bda04354-0aae-4aba-8248-f79ecc7acac1.webp\",\"keywords\":[\"memorandum o saradnji\",\"Mladi Evrope sad!\",\"Slovenska demokratska mladina\"],\"articleSection\":[\"Politika\"],\"inLanguage\":\"en-GB\",\"potentialAction\":[{\"@type\":\"CommentAction\",\"name\":\"Comment\",\"target\":[\"https:\\\/\\\/dmcsrb.com\\\/politika\\\/mladi-evrope-i-slovenska-demokratska-mladina-potpisali-memorandum-o-saradnji\\\/#respond\"]}]},{\"@type\":\"WebPage\",\"@id\":\"https:\\\/\\\/dmcsrb.com\\\/politika\\\/mladi-evrope-i-slovenska-demokratska-mladina-potpisali-memorandum-o-saradnji\\\/\",\"url\":\"https:\\\/\\\/dmcsrb.com\\\/politika\\\/mladi-evrope-i-slovenska-demokratska-mladina-potpisali-memorandum-o-saradnji\\\/\",\"name\":\"Mladi Evrope i Slovenska demokratska mladina potpisali Memorandum o saradnji - dmcsrb.com\",\"isPartOf\":{\"@id\":\"https:\\\/\\\/dmcsrb.com\\\/#website\"},\"primaryImageOfPage\":{\"@id\":\"https:\\\/\\\/dmcsrb.com\\\/politika\\\/mladi-evrope-i-slovenska-demokratska-mladina-potpisali-memorandum-o-saradnji\\\/#primaryimage\"},\"image\":{\"@id\":\"https:\\\/\\\/dmcsrb.com\\\/politika\\\/mladi-evrope-i-slovenska-demokratska-mladina-potpisali-memorandum-o-saradnji\\\/#primaryimage\"},\"thumbnailUrl\":\"https:\\\/\\\/dmcsrb.com\\\/wp-content\\\/uploads\\\/2026\\\/01\\\/bda04354-0aae-4aba-8248-f79ecc7acac1.webp\",\"datePublished\":\"2025-11-21T13:20:00+00:00\",\"author\":{\"@id\":\"https:\\\/\\\/dmcsrb.com\\\/#\\\/schema\\\/person\\\/5c39170f12db1b8b457732d0b5c854e2\"},\"breadcrumb\":{\"@id\":\"https:\\\/\\\/dmcsrb.com\\\/politika\\\/mladi-evrope-i-slovenska-demokratska-mladina-potpisali-memorandum-o-saradnji\\\/#breadcrumb\"},\"inLanguage\":\"en-GB\",\"potentialAction\":[{\"@type\":\"ReadAction\",\"target\":[\"https:\\\/\\\/dmcsrb.com\\\/politika\\\/mladi-evrope-i-slovenska-demokratska-mladina-potpisali-memorandum-o-saradnji\\\/\"]}]},{\"@type\":\"ImageObject\",\"inLanguage\":\"en-GB\",\"@id\":\"https:\\\/\\\/dmcsrb.com\\\/politika\\\/mladi-evrope-i-slovenska-demokratska-mladina-potpisali-memorandum-o-saradnji\\\/#primaryimage\",\"url\":\"https:\\\/\\\/dmcsrb.com\\\/wp-content\\\/uploads\\\/2026\\\/01\\\/bda04354-0aae-4aba-8248-f79ecc7acac1.webp\",\"contentUrl\":\"https:\\\/\\\/dmcsrb.com\\\/wp-content\\\/uploads\\\/2026\\\/01\\\/bda04354-0aae-4aba-8248-f79ecc7acac1.webp\",\"width\":2048,\"height\":1152},{\"@type\":\"BreadcrumbList\",\"@id\":\"https:\\\/\\\/dmcsrb.com\\\/politika\\\/mladi-evrope-i-slovenska-demokratska-mladina-potpisali-memorandum-o-saradnji\\\/#breadcrumb\",\"itemListElement\":[{\"@type\":\"ListItem\",\"position\":1,\"name\":\"Home\",\"item\":\"https:\\\/\\\/dmcsrb.com\\\/\"},{\"@type\":\"ListItem\",\"position\":2,\"name\":\"Mladi Evrope i Slovenska demokratska mladina potpisali Memorandum o saradnji\"}]},{\"@type\":\"WebSite\",\"@id\":\"https:\\\/\\\/dmcsrb.com\\\/#website\",\"url\":\"https:\\\/\\\/dmcsrb.com\\\/\",\"name\":\"dmcsrb.com\",\"description\":\"\",\"potentialAction\":[{\"@type\":\"SearchAction\",\"target\":{\"@type\":\"EntryPoint\",\"urlTemplate\":\"https:\\\/\\\/dmcsrb.com\\\/?s={search_term_string}\"},\"query-input\":{\"@type\":\"PropertyValueSpecification\",\"valueRequired\":true,\"valueName\":\"search_term_string\"}}],\"inLanguage\":\"en-GB\"},{\"@type\":\"Person\",\"@id\":\"https:\\\/\\\/dmcsrb.com\\\/#\\\/schema\\\/person\\\/5c39170f12db1b8b457732d0b5c854e2\",\"name\":\"dmcsrbija.com@gmail.com\",\"image\":{\"@type\":\"ImageObject\",\"inLanguage\":\"en-GB\",\"@id\":\"https:\\\/\\\/secure.gravatar.com\\\/avatar\\\/68592660ad6347fad0fb587f8d5d8f1a7b44961362f56e4f2cd524feb87e9069?s=96&d=mm&r=g\",\"url\":\"https:\\\/\\\/secure.gravatar.com\\\/avatar\\\/68592660ad6347fad0fb587f8d5d8f1a7b44961362f56e4f2cd524feb87e9069?s=96&d=mm&r=g\",\"contentUrl\":\"https:\\\/\\\/secure.gravatar.com\\\/avatar\\\/68592660ad6347fad0fb587f8d5d8f1a7b44961362f56e4f2cd524feb87e9069?s=96&d=mm&r=g\",\"caption\":\"dmcsrbija.com@gmail.com\"},\"sameAs\":[\"https:\\\/\\\/dmcsrb.com\"],\"url\":\"https:\\\/\\\/dmcsrb.com\\\/en\\\/author\\\/dmcsrbija-comgmail-com\\\/\"}]}<\/script>\n<!-- \/ Yoast SEO plugin. -->","yoast_head_json":{"title":"Mladi Evrope i Slovenska demokratska mladina potpisali Memorandum o saradnji - dmcsrb.com","robots":{"index":"index","follow":"follow","max-snippet":"max-snippet:-1","max-image-preview":"max-image-preview:large","max-video-preview":"max-video-preview:-1"},"canonical":"https:\/\/dmcsrb.com\/en\/politika\/mladi-evrope-i-slovenska-demokratska-mladina-potpisali-memorandum-o-saradnji\/","og_locale":"en_GB","og_type":"article","og_title":"Mladi Evrope i Slovenska demokratska mladina potpisali Memorandum o saradnji - dmcsrb.com","og_description":"Omladinske organizacije Pokreta Evropa sad! i Slovenske demokratske stranke (SDS), Mladi Evrope i Slovenska demokratska mladina (SDM) potpisale su memorandum o saradnji. Uspostavljanje partnerstva dvije omladinske organizacije iz Crne Gore i Slovenije formalizovano je na programskom kongresu \u00a0SDM-a, odr\u017eanom u Velenju, povodom obilje\u017eavanja 36. godi\u0161njice postojanja ove organizacije, saop\u0161teno je iz Pokreta Evropa sad!","og_url":"https:\/\/dmcsrb.com\/en\/politika\/mladi-evrope-i-slovenska-demokratska-mladina-potpisali-memorandum-o-saradnji\/","og_site_name":"dmcsrb.com","article_published_time":"2025-11-21T13:20:00+00:00","og_image":[{"width":2048,"height":1152,"url":"https:\/\/dmcsrb.com\/wp-content\/uploads\/2026\/01\/bda04354-0aae-4aba-8248-f79ecc7acac1.webp","type":"image\/jpeg"}],"author":"dmcsrbija.com@gmail.com","twitter_card":"summary_large_image","twitter_misc":{"Written by":"dmcsrbija.com@gmail.com","Estimated reading time":"1 minute"},"schema":{"@context":"https:\/\/schema.org","@graph":[{"@type":"Article","@id":"https:\/\/dmcsrb.com\/politika\/mladi-evrope-i-slovenska-demokratska-mladina-potpisali-memorandum-o-saradnji\/#article","isPartOf":{"@id":"https:\/\/dmcsrb.com\/politika\/mladi-evrope-i-slovenska-demokratska-mladina-potpisali-memorandum-o-saradnji\/"},"author":{"name":"dmcsrbija.com@gmail.com","@id":"https:\/\/dmcsrb.com\/#\/schema\/person\/5c39170f12db1b8b457732d0b5c854e2"},"headline":"Mladi Evrope i Slovenska demokratska mladina potpisali Memorandum o saradnji","datePublished":"2025-11-21T13:20:00+00:00","mainEntityOfPage":{"@id":"https:\/\/dmcsrb.com\/politika\/mladi-evrope-i-slovenska-demokratska-mladina-potpisali-memorandum-o-saradnji\/"},"wordCount":190,"commentCount":0,"image":{"@id":"https:\/\/dmcsrb.com\/politika\/mladi-evrope-i-slovenska-demokratska-mladina-potpisali-memorandum-o-saradnji\/#primaryimage"},"thumbnailUrl":"https:\/\/dmcsrb.com\/wp-content\/uploads\/2026\/01\/bda04354-0aae-4aba-8248-f79ecc7acac1.webp","keywords":["memorandum o saradnji","Mladi Evrope sad!","Slovenska demokratska mladina"],"articleSection":["Politika"],"inLanguage":"en-GB","potentialAction":[{"@type":"CommentAction","name":"Comment","target":["https:\/\/dmcsrb.com\/politika\/mladi-evrope-i-slovenska-demokratska-mladina-potpisali-memorandum-o-saradnji\/#respond"]}]},{"@type":"WebPage","@id":"https:\/\/dmcsrb.com\/politika\/mladi-evrope-i-slovenska-demokratska-mladina-potpisali-memorandum-o-saradnji\/","url":"https:\/\/dmcsrb.com\/politika\/mladi-evrope-i-slovenska-demokratska-mladina-potpisali-memorandum-o-saradnji\/","name":"Mladi Evrope i Slovenska demokratska mladina potpisali Memorandum o saradnji - dmcsrb.com","isPartOf":{"@id":"https:\/\/dmcsrb.com\/#website"},"primaryImageOfPage":{"@id":"https:\/\/dmcsrb.com\/politika\/mladi-evrope-i-slovenska-demokratska-mladina-potpisali-memorandum-o-saradnji\/#primaryimage"},"image":{"@id":"https:\/\/dmcsrb.com\/politika\/mladi-evrope-i-slovenska-demokratska-mladina-potpisali-memorandum-o-saradnji\/#primaryimage"},"thumbnailUrl":"https:\/\/dmcsrb.com\/wp-content\/uploads\/2026\/01\/bda04354-0aae-4aba-8248-f79ecc7acac1.webp","datePublished":"2025-11-21T13:20:00+00:00","author":{"@id":"https:\/\/dmcsrb.com\/#\/schema\/person\/5c39170f12db1b8b457732d0b5c854e2"},"breadcrumb":{"@id":"https:\/\/dmcsrb.com\/politika\/mladi-evrope-i-slovenska-demokratska-mladina-potpisali-memorandum-o-saradnji\/#breadcrumb"},"inLanguage":"en-GB","potentialAction":[{"@type":"ReadAction","target":["https:\/\/dmcsrb.com\/politika\/mladi-evrope-i-slovenska-demokratska-mladina-potpisali-memorandum-o-saradnji\/"]}]},{"@type":"ImageObject","inLanguage":"en-GB","@id":"https:\/\/dmcsrb.com\/politika\/mladi-evrope-i-slovenska-demokratska-mladina-potpisali-memorandum-o-saradnji\/#primaryimage","url":"https:\/\/dmcsrb.com\/wp-content\/uploads\/2026\/01\/bda04354-0aae-4aba-8248-f79ecc7acac1.webp","contentUrl":"https:\/\/dmcsrb.com\/wp-content\/uploads\/2026\/01\/bda04354-0aae-4aba-8248-f79ecc7acac1.webp","width":2048,"height":1152},{"@type":"BreadcrumbList","@id":"https:\/\/dmcsrb.com\/politika\/mladi-evrope-i-slovenska-demokratska-mladina-potpisali-memorandum-o-saradnji\/#breadcrumb","itemListElement":[{"@type":"ListItem","position":1,"name":"Home","item":"https:\/\/dmcsrb.com\/"},{"@type":"ListItem","position":2,"name":"Mladi Evrope i Slovenska demokratska mladina potpisali Memorandum o saradnji"}]},{"@type":"WebSite","@id":"https:\/\/dmcsrb.com\/#website","url":"https:\/\/dmcsrb.com\/","name":"dmcsrb.com","description":"","potentialAction":[{"@type":"SearchAction","target":{"@type":"EntryPoint","urlTemplate":"https:\/\/dmcsrb.com\/?s={search_term_string}"},"query-input":{"@type":"PropertyValueSpecification","valueRequired":true,"valueName":"search_term_string"}}],"inLanguage":"en-GB"},{"@type":"Person","@id":"https:\/\/dmcsrb.com\/#\/schema\/person\/5c39170f12db1b8b457732d0b5c854e2","name":"dmcsrbija.com@gmail.com","image":{"@type":"ImageObject","inLanguage":"en-GB","@id":"https:\/\/secure.gravatar.com\/avatar\/68592660ad6347fad0fb587f8d5d8f1a7b44961362f56e4f2cd524feb87e9069?s=96&d=mm&r=g","url":"https:\/\/secure.gravatar.com\/avatar\/68592660ad6347fad0fb587f8d5d8f1a7b44961362f56e4f2cd524feb87e9069?s=96&d=mm&r=g","contentUrl":"https:\/\/secure.gravatar.com\/avatar\/68592660ad6347fad0fb587f8d5d8f1a7b44961362f56e4f2cd524feb87e9069?s=96&d=mm&r=g","caption":"dmcsrbija.com@gmail.com"},"sameAs":["https:\/\/dmcsrb.com"],"url":"https:\/\/dmcsrb.com\/en\/author\/dmcsrbija-comgmail-com\/"}]}},"_links":{"self":[{"href":"https:\/\/dmcsrb.com\/en\/wp-json\/wp\/v2\/posts\/964898","targetHints":{"allow":["GET"]}}],"collection":[{"href":"https:\/\/dmcsrb.com\/en\/wp-json\/wp\/v2\/posts"}],"about":[{"href":"https:\/\/dmcsrb.com\/en\/wp-json\/wp\/v2\/types\/post"}],"author":[{"embeddable":true,"href":"https:\/\/dmcsrb.com\/en\/wp-json\/wp\/v2\/users\/1"}],"replies":[{"embeddable":true,"href":"https:\/\/dmcsrb.com\/en\/wp-json\/wp\/v2\/comments?post=964898"}],"version-history":[{"count":0,"href":"https:\/\/dmcsrb.com\/en\/wp-json\/wp\/v2\/posts\/964898\/revisions"}],"wp:featuredmedia":[{"embeddable":true,"href":"https:\/\/dmcsrb.com\/en\/wp-json\/wp\/v2\/media\/964899"}],"wp:attachment":[{"href":"https:\/\/dmcsrb.com\/en\/wp-json\/wp\/v2\/media?parent=964898"}],"wp:term":[{"taxonomy":"category","embeddable":true,"href":"https:\/\/dmcsrb.com\/en\/wp-json\/wp\/v2\/categories?post=964898"},{"taxonomy":"post_tag","embeddable":true,"href":"https:\/\/dmcsrb.com\/en\/wp-json\/wp\/v2\/tags?post=964898"},{"taxonomy":"naslovna","embeddable":true,"href":"https:\/\/dmcsrb.com\/en\/wp-json\/wp\/v2\/naslovna?post=964898"}],"curies":[{"name":"wp","href":"https:\/\/api.w.org\/{rel}","templated":true}]}}