{"id":964882,"date":"2025-11-21T12:49:09","date_gmt":"2025-11-21T11:49:09","guid":{"rendered":"https:\/\/dmcsrb.com\/uncategorized\/zenovic-ekonomski-rast-ostaje-pozitivan-bankarski-sektor-je-dobro-kapitalizovan-i-likvidan\/"},"modified":"2025-11-21T12:49:09","modified_gmt":"2025-11-21T11:49:09","slug":"zenovic-ekonomski-rast-ostaje-pozitivan-bankarski-sektor-je-dobro-kapitalizovan-i-likvidan","status":"publish","type":"post","link":"https:\/\/dmcsrb.com\/en\/politika\/zenovic-ekonomski-rast-ostaje-pozitivan-bankarski-sektor-je-dobro-kapitalizovan-i-likvidan\/","title":{"rendered":"Zenovi\u0107: Ekonomski rast ostaje pozitivan, bankarski sektor je dobro kapitalizovan i likvidan"},"content":{"rendered":"<p><\/p>\n\n\n\n<p><\/p>\n\n\n\n<p>Sastanak Pododbora je otvorio glavni pregovara\u010d&nbsp;<strong>Predrag Zenovi\u0107<\/strong>, a kopredsjedavali su mu dr\u017eavna sekretarka u Ministarstvu evropskih poslova&nbsp;<strong>Bojana Bo\u0161kovi\u0107,<\/strong>&nbsp;&nbsp;sa crnogorske strane i&nbsp;<strong>Kristof Zurek<\/strong>&nbsp;iz Generalnog direktorata EK za pro\u0161irenje i Isto\u010dno susjedstvom i&nbsp;<strong>Andras<\/strong>&nbsp;<strong>Tari&nbsp;<\/strong>iz Generalnog direktorata za ekonomska i finansijska pitanja, sa evropske strane.<\/p>\n\n\n\n<p>Otvaraju\u0107i sastanak, glavni pregovara\u010d&nbsp;<strong>Predrag Zenovi\u0107<\/strong>&nbsp;je kazao da za Crnu Goru&nbsp;evropske integracije nisu samo prioritet vanjske politike nego centralni okvir koji vodi transformaciju na\u0161e ekonomije, javne uprave i dru\u0161tva u cjelini.<\/p>\n\n\n\n<p>&nbsp;\u201cCrna Gora ulazi u ovaj proces sa jasnom ambicijom: da osigura spremnost za \u010dlanstvo u EU do 2028. godine. Na\u0161a posve\u0107enost ekonomskim i fiskalnim reformama ima za cilj da obezbijedi odr\u017eive javne finansije, otvorena i konkurentna tr\u017ei\u0161ta i transparentne i efikasne institucije\u201d, kazao je Zenovi\u0107.<\/p>\n\n\n\n<p>Glavni pregovara\u010d je istakao da Crna Gora nastavlja da napreduje ka funkcionalnoj tr\u017ei\u0161noj ekonomiji.<\/p>\n\n\n\n<p>\u201cEkonomski rast ostaje pozitivan, bankarski sektor je dobro kapitalizovan i likvidan, a indikatori tr\u017ei\u0161ta rada se stalno pobolj\u0161avaju. Crna Gora je napravila va\u017ene korake u pobolj\u0161anju poslovnog okru\u017eenja, reformisanju dr\u017eavnih preduze\u0107a i ja\u010danju sposobnosti da se nosimo sa konkurentskim pritiscima, posebno kroz digitalizaciju, stru\u010dno obrazovanje i zelenu tranziciju\u201d, poru\u010dio je Zenovi\u0107.<\/p>\n\n\n\n<p>Glavni pregovara\u010d je predstavnicima EK predstavio ostvareni napredak i preostale obaveze u poglavljima 17 \u2013 Ekonomska i monetarna politika, 18 \u2013 Statistika, 32 \u2013 Finansijski nadzor i 33 \u2013 Finansijske i bud\u017eetske odredbe.<\/p>\n\n\n\n<p>Dr\u017eavna sekretarka&nbsp;<strong>Bojana Bo\u0161kovi\u0107<\/strong>&nbsp;je kazala da je u 2025. godini, crnogorska ekonomija nastavila da pokazuje solidan rast i otpornost i da je BDP porastao za 3,5% u drugom kvartalu, nadma\u0161uju\u0107i prosje\u010dan rast i u EU i u eurozoni.<\/p>\n\n\n\n<p>\u201cTr\u017ei\u0161te rada je tako\u0111e zabilje\u017eilo istorijski napredak: nezaposlenost je pala na ispod 9%\u201c, \u0161to je najni\u017ea stopa u vi\u0161e od decenije, dok je prosje\u010dna neto plata dostigla 1.011 eura &#8211; \u0161to predstavlja pove\u0107anje od preko 20% u odnosu na prethodnu godinu. Pozitivni trendovi na tr\u017ei\u0161tu rada se nastavljaju, pa je zaposlenost porasla za 4,8%\u201c, kazala je Bo\u0161kovi\u0107.<\/p>\n\n\n\n<p>Ona je istakla da turizam, gra\u0111evinarstvo i usluge nastavljaju da pokre\u0107u rast, dok investicije ostaju vitalni stub dugoro\u010dnog razvoja, podr\u017eane posebno kroz infrastrukturne i energetske projekte koje podr\u017eava EU.<\/p>\n\n\n\n<p>Bo\u0161kovi\u0107 je kazala da su ukupni prihodi pove\u0107ani za 1,2% u pore\u0111enju sa prethodnom godinom, dok javni dug ostaje na stabilnih 60,08% BDP-a, sa jasnom posve\u0107eno\u0161\u0107u daljem smanjenju, kroz pobolj\u0161ano upravljanje dugom.<\/p>\n\n\n\n<p>\u201eCrna Gora nastavlja da ja\u010da transparentnost i odgovornost u javnim finansijama kroz rigorozne mehanizme revizije i nadzora. Istovremeno, reforme u poslovnom okru\u017eenju, uklju\u010duju\u0107i pojednostavljenje administrativnih procedura, digitalizaciju usluga i ja\u010danje pravne za\u0161tite za investitore, podr\u017eavaju rast privatnog sektora i pove\u0107avaju atraktivnost Crne Gore kao investicione destinacije, istakla je Bo\u0161kovi\u0107.<\/p>\n\n\n\n<p><strong>Kristof &nbsp;Zurek<\/strong>&nbsp;iz&nbsp;Generalnog direktorata EK za pro\u0161irenje i Isto\u010dno susjedstvo,&nbsp;istakao je da se sastanak Pododbora odr\u017eava u najdinami\u010dnijem trenutku pristupnih pregovora Crne Gore, napominju\u0107i da je Crna Gora na dobrom putu da ispuni svoj ambiciozni cilj zatvaranja svih pregovara\u010dkih poglavlja do kraja 2026. godine.&nbsp;Potvrdio je da je Crna Gora na dobrom putu da zatvori najmanje pet poglavlja do kraja ove godine i pohvalio sna\u017ene napore Crne Gore u oblastima koje pokriva ovaj Pododbor, istovremeno isti\u010du\u0107i potrebu za intenziviranjem napora u svim preostalim poglavljima u narednom periodu. Tako\u0111e je posebno naglasio nedavno usvojenu Poziciju i Izve\u0161taj za pregovara\u010dko poglavlje 32 \u2013 Finansijski nadzor.<\/p>\n\n\n\n<p><strong>Andras<\/strong>&nbsp;<strong>Tari<\/strong>&nbsp;iz Generalnog direktorata za ekonomska i finansijska pitanja je istakao odli\u010dnu saradnju sa crnogorskom stranom kada je u pitanju oblast ekonomskih kriterijuma i poglavlja u domenu Pododbora. Iako je napomenuo da je potreban dalji napredak, pozdravio je pozitivan trend u ve\u0107ini klju\u010dnih indikatora, \u0161to se ogleda u Izvje\u0161taju EK o Crnoj Gori za 2025. godinu. Posebno je istakao va\u017enost \u010dinjenice da je javni dug smanjen, nagla\u0161avaju\u0107i&nbsp;da Crna Gora mora da nastavi da se pribli\u017eava fiskalnim pravilima EU kako bi u\u0161la u Uniju sa stabilnim i odgovornim javnim finansijama.<\/p>","protected":false},"excerpt":{"rendered":"<p>Zahvaljuju\u0107i opse\u017enim reformama i ostvarenim rezultatima, Crna Gora je zakora\u010dila u\u00a0\u00a0novu fazu ekonomske transformacije. Stabilne javne finansije, rastu\u0107a zaposlenost, oja\u010dane institucije, rastu\u0107i investicioni tokovi i otporan finansijski sektor pokazuju da Crna Gora uspje\u0161no prelazi iz perioda oporavka na put odr\u017eivog razvoja i evropske konvergencije, poru\u010deno je sa 18. sastanka Podobora izme\u0111u Evropske unije i Crne Gore za ekonomska i finansijska pitanja i statistiku odr\u017ean je u Podgorici.<\/p>","protected":false},"author":1,"featured_media":964883,"comment_status":"open","ping_status":"open","sticky":false,"template":"","format":"standard","meta":{"_acf_changed":false,"footnotes":""},"categories":[12],"tags":[10,595],"naslovna":[],"class_list":["post-964882","post","type-post","status-publish","format-standard","has-post-thumbnail","hentry","category-politika","tag-eu","tag-mvp"],"acf":[],"yoast_head":"<!-- This site is optimized with the Yoast SEO plugin v27.4 - https:\/\/yoast.com\/product\/yoast-seo-wordpress\/ -->\n<title>Zenovi\u0107: Ekonomski rast ostaje pozitivan, bankarski sektor je dobro kapitalizovan i likvidan - dmcsrb.com<\/title>\n<meta name=\"robots\" content=\"index, follow, max-snippet:-1, max-image-preview:large, max-video-preview:-1\" \/>\n<link rel=\"canonical\" href=\"https:\/\/dmcsrb.com\/en\/politika\/zenovic-ekonomski-rast-ostaje-pozitivan-bankarski-sektor-je-dobro-kapitalizovan-i-likvidan\/\" \/>\n<meta property=\"og:locale\" content=\"en_GB\" \/>\n<meta property=\"og:type\" content=\"article\" \/>\n<meta property=\"og:title\" content=\"Zenovi\u0107: Ekonomski rast ostaje pozitivan, bankarski sektor je dobro kapitalizovan i likvidan - dmcsrb.com\" \/>\n<meta property=\"og:description\" content=\"Zahvaljuju\u0107i opse\u017enim reformama i ostvarenim rezultatima, Crna Gora je zakora\u010dila u\u00a0\u00a0novu fazu ekonomske transformacije. Stabilne javne finansije, rastu\u0107a zaposlenost, oja\u010dane institucije, rastu\u0107i investicioni tokovi i otporan finansijski sektor pokazuju da Crna Gora uspje\u0161no prelazi iz perioda oporavka na put odr\u017eivog razvoja i evropske konvergencije, poru\u010deno je sa 18. sastanka Podobora izme\u0111u Evropske unije i Crne Gore za ekonomska i finansijska pitanja i statistiku odr\u017ean je u Podgorici.\" \/>\n<meta property=\"og:url\" content=\"https:\/\/dmcsrb.com\/en\/politika\/zenovic-ekonomski-rast-ostaje-pozitivan-bankarski-sektor-je-dobro-kapitalizovan-i-likvidan\/\" \/>\n<meta property=\"og:site_name\" content=\"dmcsrb.com\" \/>\n<meta property=\"article:published_time\" content=\"2025-11-21T11:49:09+00:00\" \/>\n<meta property=\"og:image\" content=\"https:\/\/dmcsrb.com\/wp-content\/uploads\/2026\/01\/Pododbor-ecofin-2-scaled-1.webp\" \/>\n\t<meta property=\"og:image:width\" content=\"2560\" \/>\n\t<meta property=\"og:image:height\" content=\"1801\" \/>\n\t<meta property=\"og:image:type\" content=\"image\/jpeg\" \/>\n<meta name=\"author\" content=\"dmcsrbija.com@gmail.com\" \/>\n<meta name=\"twitter:card\" content=\"summary_large_image\" \/>\n<meta name=\"twitter:label1\" content=\"Written by\" \/>\n\t<meta name=\"twitter:data1\" content=\"dmcsrbija.com@gmail.com\" \/>\n\t<meta name=\"twitter:label2\" content=\"Estimated reading time\" \/>\n\t<meta name=\"twitter:data2\" content=\"4 minutes\" \/>\n<script type=\"application\/ld+json\" class=\"yoast-schema-graph\">{\"@context\":\"https:\\\/\\\/schema.org\",\"@graph\":[{\"@type\":\"Article\",\"@id\":\"https:\\\/\\\/dmcsrb.com\\\/politika\\\/zenovic-ekonomski-rast-ostaje-pozitivan-bankarski-sektor-je-dobro-kapitalizovan-i-likvidan\\\/#article\",\"isPartOf\":{\"@id\":\"https:\\\/\\\/dmcsrb.com\\\/politika\\\/zenovic-ekonomski-rast-ostaje-pozitivan-bankarski-sektor-je-dobro-kapitalizovan-i-likvidan\\\/\"},\"author\":{\"name\":\"dmcsrbija.com@gmail.com\",\"@id\":\"https:\\\/\\\/dmcsrb.com\\\/#\\\/schema\\\/person\\\/5c39170f12db1b8b457732d0b5c854e2\"},\"headline\":\"Zenovi\u0107: Ekonomski rast ostaje pozitivan, bankarski sektor je dobro kapitalizovan i likvidan\",\"datePublished\":\"2025-11-21T11:49:09+00:00\",\"mainEntityOfPage\":{\"@id\":\"https:\\\/\\\/dmcsrb.com\\\/politika\\\/zenovic-ekonomski-rast-ostaje-pozitivan-bankarski-sektor-je-dobro-kapitalizovan-i-likvidan\\\/\"},\"wordCount\":724,\"commentCount\":0,\"image\":{\"@id\":\"https:\\\/\\\/dmcsrb.com\\\/politika\\\/zenovic-ekonomski-rast-ostaje-pozitivan-bankarski-sektor-je-dobro-kapitalizovan-i-likvidan\\\/#primaryimage\"},\"thumbnailUrl\":\"https:\\\/\\\/dmcsrb.com\\\/wp-content\\\/uploads\\\/2026\\\/01\\\/Pododbor-ecofin-2-scaled-1.webp\",\"keywords\":[\"EU\",\"MVP\"],\"articleSection\":[\"Politika\"],\"inLanguage\":\"en-GB\",\"potentialAction\":[{\"@type\":\"CommentAction\",\"name\":\"Comment\",\"target\":[\"https:\\\/\\\/dmcsrb.com\\\/politika\\\/zenovic-ekonomski-rast-ostaje-pozitivan-bankarski-sektor-je-dobro-kapitalizovan-i-likvidan\\\/#respond\"]}]},{\"@type\":\"WebPage\",\"@id\":\"https:\\\/\\\/dmcsrb.com\\\/politika\\\/zenovic-ekonomski-rast-ostaje-pozitivan-bankarski-sektor-je-dobro-kapitalizovan-i-likvidan\\\/\",\"url\":\"https:\\\/\\\/dmcsrb.com\\\/politika\\\/zenovic-ekonomski-rast-ostaje-pozitivan-bankarski-sektor-je-dobro-kapitalizovan-i-likvidan\\\/\",\"name\":\"Zenovi\u0107: Ekonomski rast ostaje pozitivan, bankarski sektor je dobro kapitalizovan i likvidan - dmcsrb.com\",\"isPartOf\":{\"@id\":\"https:\\\/\\\/dmcsrb.com\\\/#website\"},\"primaryImageOfPage\":{\"@id\":\"https:\\\/\\\/dmcsrb.com\\\/politika\\\/zenovic-ekonomski-rast-ostaje-pozitivan-bankarski-sektor-je-dobro-kapitalizovan-i-likvidan\\\/#primaryimage\"},\"image\":{\"@id\":\"https:\\\/\\\/dmcsrb.com\\\/politika\\\/zenovic-ekonomski-rast-ostaje-pozitivan-bankarski-sektor-je-dobro-kapitalizovan-i-likvidan\\\/#primaryimage\"},\"thumbnailUrl\":\"https:\\\/\\\/dmcsrb.com\\\/wp-content\\\/uploads\\\/2026\\\/01\\\/Pododbor-ecofin-2-scaled-1.webp\",\"datePublished\":\"2025-11-21T11:49:09+00:00\",\"author\":{\"@id\":\"https:\\\/\\\/dmcsrb.com\\\/#\\\/schema\\\/person\\\/5c39170f12db1b8b457732d0b5c854e2\"},\"breadcrumb\":{\"@id\":\"https:\\\/\\\/dmcsrb.com\\\/politika\\\/zenovic-ekonomski-rast-ostaje-pozitivan-bankarski-sektor-je-dobro-kapitalizovan-i-likvidan\\\/#breadcrumb\"},\"inLanguage\":\"en-GB\",\"potentialAction\":[{\"@type\":\"ReadAction\",\"target\":[\"https:\\\/\\\/dmcsrb.com\\\/politika\\\/zenovic-ekonomski-rast-ostaje-pozitivan-bankarski-sektor-je-dobro-kapitalizovan-i-likvidan\\\/\"]}]},{\"@type\":\"ImageObject\",\"inLanguage\":\"en-GB\",\"@id\":\"https:\\\/\\\/dmcsrb.com\\\/politika\\\/zenovic-ekonomski-rast-ostaje-pozitivan-bankarski-sektor-je-dobro-kapitalizovan-i-likvidan\\\/#primaryimage\",\"url\":\"https:\\\/\\\/dmcsrb.com\\\/wp-content\\\/uploads\\\/2026\\\/01\\\/Pododbor-ecofin-2-scaled-1.webp\",\"contentUrl\":\"https:\\\/\\\/dmcsrb.com\\\/wp-content\\\/uploads\\\/2026\\\/01\\\/Pododbor-ecofin-2-scaled-1.webp\",\"width\":2560,\"height\":1801},{\"@type\":\"BreadcrumbList\",\"@id\":\"https:\\\/\\\/dmcsrb.com\\\/politika\\\/zenovic-ekonomski-rast-ostaje-pozitivan-bankarski-sektor-je-dobro-kapitalizovan-i-likvidan\\\/#breadcrumb\",\"itemListElement\":[{\"@type\":\"ListItem\",\"position\":1,\"name\":\"Home\",\"item\":\"https:\\\/\\\/dmcsrb.com\\\/\"},{\"@type\":\"ListItem\",\"position\":2,\"name\":\"Zenovi\u0107: Ekonomski rast ostaje pozitivan, bankarski sektor je dobro kapitalizovan i likvidan\"}]},{\"@type\":\"WebSite\",\"@id\":\"https:\\\/\\\/dmcsrb.com\\\/#website\",\"url\":\"https:\\\/\\\/dmcsrb.com\\\/\",\"name\":\"dmcsrb.com\",\"description\":\"\",\"potentialAction\":[{\"@type\":\"SearchAction\",\"target\":{\"@type\":\"EntryPoint\",\"urlTemplate\":\"https:\\\/\\\/dmcsrb.com\\\/?s={search_term_string}\"},\"query-input\":{\"@type\":\"PropertyValueSpecification\",\"valueRequired\":true,\"valueName\":\"search_term_string\"}}],\"inLanguage\":\"en-GB\"},{\"@type\":\"Person\",\"@id\":\"https:\\\/\\\/dmcsrb.com\\\/#\\\/schema\\\/person\\\/5c39170f12db1b8b457732d0b5c854e2\",\"name\":\"dmcsrbija.com@gmail.com\",\"image\":{\"@type\":\"ImageObject\",\"inLanguage\":\"en-GB\",\"@id\":\"https:\\\/\\\/secure.gravatar.com\\\/avatar\\\/68592660ad6347fad0fb587f8d5d8f1a7b44961362f56e4f2cd524feb87e9069?s=96&d=mm&r=g\",\"url\":\"https:\\\/\\\/secure.gravatar.com\\\/avatar\\\/68592660ad6347fad0fb587f8d5d8f1a7b44961362f56e4f2cd524feb87e9069?s=96&d=mm&r=g\",\"contentUrl\":\"https:\\\/\\\/secure.gravatar.com\\\/avatar\\\/68592660ad6347fad0fb587f8d5d8f1a7b44961362f56e4f2cd524feb87e9069?s=96&d=mm&r=g\",\"caption\":\"dmcsrbija.com@gmail.com\"},\"sameAs\":[\"https:\\\/\\\/dmcsrb.com\"],\"url\":\"https:\\\/\\\/dmcsrb.com\\\/en\\\/author\\\/dmcsrbija-comgmail-com\\\/\"}]}<\/script>\n<!-- \/ Yoast SEO plugin. -->","yoast_head_json":{"title":"Zenovi\u0107: Ekonomski rast ostaje pozitivan, bankarski sektor je dobro kapitalizovan i likvidan - dmcsrb.com","robots":{"index":"index","follow":"follow","max-snippet":"max-snippet:-1","max-image-preview":"max-image-preview:large","max-video-preview":"max-video-preview:-1"},"canonical":"https:\/\/dmcsrb.com\/en\/politika\/zenovic-ekonomski-rast-ostaje-pozitivan-bankarski-sektor-je-dobro-kapitalizovan-i-likvidan\/","og_locale":"en_GB","og_type":"article","og_title":"Zenovi\u0107: Ekonomski rast ostaje pozitivan, bankarski sektor je dobro kapitalizovan i likvidan - dmcsrb.com","og_description":"Zahvaljuju\u0107i opse\u017enim reformama i ostvarenim rezultatima, Crna Gora je zakora\u010dila u\u00a0\u00a0novu fazu ekonomske transformacije. Stabilne javne finansije, rastu\u0107a zaposlenost, oja\u010dane institucije, rastu\u0107i investicioni tokovi i otporan finansijski sektor pokazuju da Crna Gora uspje\u0161no prelazi iz perioda oporavka na put odr\u017eivog razvoja i evropske konvergencije, poru\u010deno je sa 18. sastanka Podobora izme\u0111u Evropske unije i Crne Gore za ekonomska i finansijska pitanja i statistiku odr\u017ean je u Podgorici.","og_url":"https:\/\/dmcsrb.com\/en\/politika\/zenovic-ekonomski-rast-ostaje-pozitivan-bankarski-sektor-je-dobro-kapitalizovan-i-likvidan\/","og_site_name":"dmcsrb.com","article_published_time":"2025-11-21T11:49:09+00:00","og_image":[{"width":2560,"height":1801,"url":"https:\/\/dmcsrb.com\/wp-content\/uploads\/2026\/01\/Pododbor-ecofin-2-scaled-1.webp","type":"image\/jpeg"}],"author":"dmcsrbija.com@gmail.com","twitter_card":"summary_large_image","twitter_misc":{"Written by":"dmcsrbija.com@gmail.com","Estimated reading time":"4 minutes"},"schema":{"@context":"https:\/\/schema.org","@graph":[{"@type":"Article","@id":"https:\/\/dmcsrb.com\/politika\/zenovic-ekonomski-rast-ostaje-pozitivan-bankarski-sektor-je-dobro-kapitalizovan-i-likvidan\/#article","isPartOf":{"@id":"https:\/\/dmcsrb.com\/politika\/zenovic-ekonomski-rast-ostaje-pozitivan-bankarski-sektor-je-dobro-kapitalizovan-i-likvidan\/"},"author":{"name":"dmcsrbija.com@gmail.com","@id":"https:\/\/dmcsrb.com\/#\/schema\/person\/5c39170f12db1b8b457732d0b5c854e2"},"headline":"Zenovi\u0107: Ekonomski rast ostaje pozitivan, bankarski sektor je dobro kapitalizovan i likvidan","datePublished":"2025-11-21T11:49:09+00:00","mainEntityOfPage":{"@id":"https:\/\/dmcsrb.com\/politika\/zenovic-ekonomski-rast-ostaje-pozitivan-bankarski-sektor-je-dobro-kapitalizovan-i-likvidan\/"},"wordCount":724,"commentCount":0,"image":{"@id":"https:\/\/dmcsrb.com\/politika\/zenovic-ekonomski-rast-ostaje-pozitivan-bankarski-sektor-je-dobro-kapitalizovan-i-likvidan\/#primaryimage"},"thumbnailUrl":"https:\/\/dmcsrb.com\/wp-content\/uploads\/2026\/01\/Pododbor-ecofin-2-scaled-1.webp","keywords":["EU","MVP"],"articleSection":["Politika"],"inLanguage":"en-GB","potentialAction":[{"@type":"CommentAction","name":"Comment","target":["https:\/\/dmcsrb.com\/politika\/zenovic-ekonomski-rast-ostaje-pozitivan-bankarski-sektor-je-dobro-kapitalizovan-i-likvidan\/#respond"]}]},{"@type":"WebPage","@id":"https:\/\/dmcsrb.com\/politika\/zenovic-ekonomski-rast-ostaje-pozitivan-bankarski-sektor-je-dobro-kapitalizovan-i-likvidan\/","url":"https:\/\/dmcsrb.com\/politika\/zenovic-ekonomski-rast-ostaje-pozitivan-bankarski-sektor-je-dobro-kapitalizovan-i-likvidan\/","name":"Zenovi\u0107: Ekonomski rast ostaje pozitivan, bankarski sektor je dobro kapitalizovan i likvidan - dmcsrb.com","isPartOf":{"@id":"https:\/\/dmcsrb.com\/#website"},"primaryImageOfPage":{"@id":"https:\/\/dmcsrb.com\/politika\/zenovic-ekonomski-rast-ostaje-pozitivan-bankarski-sektor-je-dobro-kapitalizovan-i-likvidan\/#primaryimage"},"image":{"@id":"https:\/\/dmcsrb.com\/politika\/zenovic-ekonomski-rast-ostaje-pozitivan-bankarski-sektor-je-dobro-kapitalizovan-i-likvidan\/#primaryimage"},"thumbnailUrl":"https:\/\/dmcsrb.com\/wp-content\/uploads\/2026\/01\/Pododbor-ecofin-2-scaled-1.webp","datePublished":"2025-11-21T11:49:09+00:00","author":{"@id":"https:\/\/dmcsrb.com\/#\/schema\/person\/5c39170f12db1b8b457732d0b5c854e2"},"breadcrumb":{"@id":"https:\/\/dmcsrb.com\/politika\/zenovic-ekonomski-rast-ostaje-pozitivan-bankarski-sektor-je-dobro-kapitalizovan-i-likvidan\/#breadcrumb"},"inLanguage":"en-GB","potentialAction":[{"@type":"ReadAction","target":["https:\/\/dmcsrb.com\/politika\/zenovic-ekonomski-rast-ostaje-pozitivan-bankarski-sektor-je-dobro-kapitalizovan-i-likvidan\/"]}]},{"@type":"ImageObject","inLanguage":"en-GB","@id":"https:\/\/dmcsrb.com\/politika\/zenovic-ekonomski-rast-ostaje-pozitivan-bankarski-sektor-je-dobro-kapitalizovan-i-likvidan\/#primaryimage","url":"https:\/\/dmcsrb.com\/wp-content\/uploads\/2026\/01\/Pododbor-ecofin-2-scaled-1.webp","contentUrl":"https:\/\/dmcsrb.com\/wp-content\/uploads\/2026\/01\/Pododbor-ecofin-2-scaled-1.webp","width":2560,"height":1801},{"@type":"BreadcrumbList","@id":"https:\/\/dmcsrb.com\/politika\/zenovic-ekonomski-rast-ostaje-pozitivan-bankarski-sektor-je-dobro-kapitalizovan-i-likvidan\/#breadcrumb","itemListElement":[{"@type":"ListItem","position":1,"name":"Home","item":"https:\/\/dmcsrb.com\/"},{"@type":"ListItem","position":2,"name":"Zenovi\u0107: Ekonomski rast ostaje pozitivan, bankarski sektor je dobro kapitalizovan i likvidan"}]},{"@type":"WebSite","@id":"https:\/\/dmcsrb.com\/#website","url":"https:\/\/dmcsrb.com\/","name":"dmcsrb.com","description":"","potentialAction":[{"@type":"SearchAction","target":{"@type":"EntryPoint","urlTemplate":"https:\/\/dmcsrb.com\/?s={search_term_string}"},"query-input":{"@type":"PropertyValueSpecification","valueRequired":true,"valueName":"search_term_string"}}],"inLanguage":"en-GB"},{"@type":"Person","@id":"https:\/\/dmcsrb.com\/#\/schema\/person\/5c39170f12db1b8b457732d0b5c854e2","name":"dmcsrbija.com@gmail.com","image":{"@type":"ImageObject","inLanguage":"en-GB","@id":"https:\/\/secure.gravatar.com\/avatar\/68592660ad6347fad0fb587f8d5d8f1a7b44961362f56e4f2cd524feb87e9069?s=96&d=mm&r=g","url":"https:\/\/secure.gravatar.com\/avatar\/68592660ad6347fad0fb587f8d5d8f1a7b44961362f56e4f2cd524feb87e9069?s=96&d=mm&r=g","contentUrl":"https:\/\/secure.gravatar.com\/avatar\/68592660ad6347fad0fb587f8d5d8f1a7b44961362f56e4f2cd524feb87e9069?s=96&d=mm&r=g","caption":"dmcsrbija.com@gmail.com"},"sameAs":["https:\/\/dmcsrb.com"],"url":"https:\/\/dmcsrb.com\/en\/author\/dmcsrbija-comgmail-com\/"}]}},"_links":{"self":[{"href":"https:\/\/dmcsrb.com\/en\/wp-json\/wp\/v2\/posts\/964882","targetHints":{"allow":["GET"]}}],"collection":[{"href":"https:\/\/dmcsrb.com\/en\/wp-json\/wp\/v2\/posts"}],"about":[{"href":"https:\/\/dmcsrb.com\/en\/wp-json\/wp\/v2\/types\/post"}],"author":[{"embeddable":true,"href":"https:\/\/dmcsrb.com\/en\/wp-json\/wp\/v2\/users\/1"}],"replies":[{"embeddable":true,"href":"https:\/\/dmcsrb.com\/en\/wp-json\/wp\/v2\/comments?post=964882"}],"version-history":[{"count":0,"href":"https:\/\/dmcsrb.com\/en\/wp-json\/wp\/v2\/posts\/964882\/revisions"}],"wp:featuredmedia":[{"embeddable":true,"href":"https:\/\/dmcsrb.com\/en\/wp-json\/wp\/v2\/media\/964883"}],"wp:attachment":[{"href":"https:\/\/dmcsrb.com\/en\/wp-json\/wp\/v2\/media?parent=964882"}],"wp:term":[{"taxonomy":"category","embeddable":true,"href":"https:\/\/dmcsrb.com\/en\/wp-json\/wp\/v2\/categories?post=964882"},{"taxonomy":"post_tag","embeddable":true,"href":"https:\/\/dmcsrb.com\/en\/wp-json\/wp\/v2\/tags?post=964882"},{"taxonomy":"naslovna","embeddable":true,"href":"https:\/\/dmcsrb.com\/en\/wp-json\/wp\/v2\/naslovna?post=964882"}],"curies":[{"name":"wp","href":"https:\/\/api.w.org\/{rel}","templated":true}]}}