{"id":964818,"date":"2025-11-21T09:54:00","date_gmt":"2025-11-21T08:54:00","guid":{"rendered":"https:\/\/dmcsrb.com\/uncategorized\/filip-radovic-diskvalifikovan-sa-evropskog-prvenstva\/"},"modified":"2025-11-21T09:54:00","modified_gmt":"2025-11-21T08:54:00","slug":"filip-radovic-diskvalifikovan-sa-evropskog-prvenstva","status":"publish","type":"post","link":"https:\/\/dmcsrb.com\/en\/sport\/filip-radovic-diskvalifikovan-sa-evropskog-prvenstva\/","title":{"rendered":"Filip Radovi\u0107 diskvalifikovan sa Evropskog prvenstva"},"content":{"rendered":"<p>Radovi\u0107 je, nakon iznena\u0111uju\u0107eg poraza u drugom kolu takmi\u010denja po grupama, bacio reket, koji se odbio od poda i zavr\u0161io u elektronskom displeju.<\/p>\n\n\n\n<p>U prijavi, koju je potpisao sudija me\u010da Matej Hamran, navodi se da je Radovi\u0107 udaljen sa \u0161ampionata zbog neprimjerenog pona\u0161anja i o\u0161te\u0107enja displeja.<\/p>\n\n\n\n<p>&#8220;Sudija je odlu\u010dio da diskvalikuje Radovi\u0107a sa takmi\u010denja po pravilniku 3.5.2.8 Statuta Svjetske stonoteniske federacije (ITTF) &#8211; Pravilnik za me\u0111unarodna takmi\u010denja&#8221;, stoji u odluci.<\/p>\n\n\n\n<p>Paraolimpijski komitet uputio je \u017ealbu ITTF-u, u kojoj je naveo da je kazna neprimjereno o\u0161tra i da Radovi\u0107 do sada u karijeri bio uzor sportskog pona\u0161anja u istinskog sportskoh duha.<\/p>","protected":false},"excerpt":{"rendered":"<p>Crnogorski para stonoteniser Filip Radovi\u0107 diskvalifikovan je sa Evropskog prvenstva zbog neprimjerenog gesta nakon me\u010da sa Poljakom Pavelom Vlodikom.<\/p>","protected":false},"author":1,"featured_media":964819,"comment_status":"open","ping_status":"open","sticky":false,"template":"","format":"standard","meta":{"_acf_changed":false,"footnotes":""},"categories":[148],"tags":[14979,7738],"naslovna":[],"class_list":["post-964818","post","type-post","status-publish","format-standard","has-post-thumbnail","hentry","category-sport","tag-diskvalifikacija","tag-filip-radovic"],"acf":[],"yoast_head":"<!-- This site is optimized with the Yoast SEO plugin v27.4 - https:\/\/yoast.com\/product\/yoast-seo-wordpress\/ -->\n<title>Filip Radovi\u0107 diskvalifikovan sa Evropskog prvenstva - dmcsrb.com<\/title>\n<meta name=\"robots\" content=\"index, follow, max-snippet:-1, max-image-preview:large, max-video-preview:-1\" \/>\n<link rel=\"canonical\" href=\"https:\/\/dmcsrb.com\/en\/sport\/filip-radovic-diskvalifikovan-sa-evropskog-prvenstva\/\" \/>\n<meta property=\"og:locale\" content=\"en_GB\" \/>\n<meta property=\"og:type\" content=\"article\" \/>\n<meta property=\"og:title\" content=\"Filip Radovi\u0107 diskvalifikovan sa Evropskog prvenstva - dmcsrb.com\" \/>\n<meta property=\"og:description\" content=\"Crnogorski para stonoteniser Filip Radovi\u0107 diskvalifikovan je sa Evropskog prvenstva zbog neprimjerenog gesta nakon me\u010da sa Poljakom Pavelom Vlodikom.\" \/>\n<meta property=\"og:url\" content=\"https:\/\/dmcsrb.com\/en\/sport\/filip-radovic-diskvalifikovan-sa-evropskog-prvenstva\/\" \/>\n<meta property=\"og:site_name\" content=\"dmcsrb.com\" \/>\n<meta property=\"article:published_time\" content=\"2025-11-21T08:54:00+00:00\" \/>\n<meta property=\"og:image\" content=\"https:\/\/dmcsrb.com\/wp-content\/uploads\/2026\/01\/Filip-Radovic.webp\" \/>\n\t<meta property=\"og:image:width\" content=\"1600\" \/>\n\t<meta property=\"og:image:height\" content=\"1067\" \/>\n\t<meta property=\"og:image:type\" content=\"image\/jpeg\" \/>\n<meta name=\"author\" content=\"dmcsrbija.com@gmail.com\" \/>\n<meta name=\"twitter:card\" content=\"summary_large_image\" \/>\n<meta name=\"twitter:label1\" content=\"Written by\" \/>\n\t<meta name=\"twitter:data1\" content=\"dmcsrbija.com@gmail.com\" \/>\n\t<meta name=\"twitter:label2\" content=\"Estimated reading time\" \/>\n\t<meta name=\"twitter:data2\" content=\"1 minute\" \/>\n<script type=\"application\/ld+json\" class=\"yoast-schema-graph\">{\"@context\":\"https:\\\/\\\/schema.org\",\"@graph\":[{\"@type\":\"Article\",\"@id\":\"https:\\\/\\\/dmcsrb.com\\\/sport\\\/filip-radovic-diskvalifikovan-sa-evropskog-prvenstva\\\/#article\",\"isPartOf\":{\"@id\":\"https:\\\/\\\/dmcsrb.com\\\/sport\\\/filip-radovic-diskvalifikovan-sa-evropskog-prvenstva\\\/\"},\"author\":{\"name\":\"dmcsrbija.com@gmail.com\",\"@id\":\"https:\\\/\\\/dmcsrb.com\\\/#\\\/schema\\\/person\\\/5c39170f12db1b8b457732d0b5c854e2\"},\"headline\":\"Filip Radovi\u0107 diskvalifikovan sa Evropskog prvenstva\",\"datePublished\":\"2025-11-21T08:54:00+00:00\",\"mainEntityOfPage\":{\"@id\":\"https:\\\/\\\/dmcsrb.com\\\/sport\\\/filip-radovic-diskvalifikovan-sa-evropskog-prvenstva\\\/\"},\"wordCount\":120,\"commentCount\":0,\"image\":{\"@id\":\"https:\\\/\\\/dmcsrb.com\\\/sport\\\/filip-radovic-diskvalifikovan-sa-evropskog-prvenstva\\\/#primaryimage\"},\"thumbnailUrl\":\"https:\\\/\\\/dmcsrb.com\\\/wp-content\\\/uploads\\\/2026\\\/01\\\/Filip-Radovic.webp\",\"keywords\":[\"Diskvalifikacija\",\"filip Radovi\u0107\"],\"articleSection\":[\"Sport\"],\"inLanguage\":\"en-GB\",\"potentialAction\":[{\"@type\":\"CommentAction\",\"name\":\"Comment\",\"target\":[\"https:\\\/\\\/dmcsrb.com\\\/sport\\\/filip-radovic-diskvalifikovan-sa-evropskog-prvenstva\\\/#respond\"]}]},{\"@type\":\"WebPage\",\"@id\":\"https:\\\/\\\/dmcsrb.com\\\/sport\\\/filip-radovic-diskvalifikovan-sa-evropskog-prvenstva\\\/\",\"url\":\"https:\\\/\\\/dmcsrb.com\\\/sport\\\/filip-radovic-diskvalifikovan-sa-evropskog-prvenstva\\\/\",\"name\":\"Filip Radovi\u0107 diskvalifikovan sa Evropskog prvenstva - dmcsrb.com\",\"isPartOf\":{\"@id\":\"https:\\\/\\\/dmcsrb.com\\\/#website\"},\"primaryImageOfPage\":{\"@id\":\"https:\\\/\\\/dmcsrb.com\\\/sport\\\/filip-radovic-diskvalifikovan-sa-evropskog-prvenstva\\\/#primaryimage\"},\"image\":{\"@id\":\"https:\\\/\\\/dmcsrb.com\\\/sport\\\/filip-radovic-diskvalifikovan-sa-evropskog-prvenstva\\\/#primaryimage\"},\"thumbnailUrl\":\"https:\\\/\\\/dmcsrb.com\\\/wp-content\\\/uploads\\\/2026\\\/01\\\/Filip-Radovic.webp\",\"datePublished\":\"2025-11-21T08:54:00+00:00\",\"author\":{\"@id\":\"https:\\\/\\\/dmcsrb.com\\\/#\\\/schema\\\/person\\\/5c39170f12db1b8b457732d0b5c854e2\"},\"breadcrumb\":{\"@id\":\"https:\\\/\\\/dmcsrb.com\\\/sport\\\/filip-radovic-diskvalifikovan-sa-evropskog-prvenstva\\\/#breadcrumb\"},\"inLanguage\":\"en-GB\",\"potentialAction\":[{\"@type\":\"ReadAction\",\"target\":[\"https:\\\/\\\/dmcsrb.com\\\/sport\\\/filip-radovic-diskvalifikovan-sa-evropskog-prvenstva\\\/\"]}]},{\"@type\":\"ImageObject\",\"inLanguage\":\"en-GB\",\"@id\":\"https:\\\/\\\/dmcsrb.com\\\/sport\\\/filip-radovic-diskvalifikovan-sa-evropskog-prvenstva\\\/#primaryimage\",\"url\":\"https:\\\/\\\/dmcsrb.com\\\/wp-content\\\/uploads\\\/2026\\\/01\\\/Filip-Radovic.webp\",\"contentUrl\":\"https:\\\/\\\/dmcsrb.com\\\/wp-content\\\/uploads\\\/2026\\\/01\\\/Filip-Radovic.webp\",\"width\":1600,\"height\":1067},{\"@type\":\"BreadcrumbList\",\"@id\":\"https:\\\/\\\/dmcsrb.com\\\/sport\\\/filip-radovic-diskvalifikovan-sa-evropskog-prvenstva\\\/#breadcrumb\",\"itemListElement\":[{\"@type\":\"ListItem\",\"position\":1,\"name\":\"Home\",\"item\":\"https:\\\/\\\/dmcsrb.com\\\/\"},{\"@type\":\"ListItem\",\"position\":2,\"name\":\"Filip Radovi\u0107 diskvalifikovan sa Evropskog prvenstva\"}]},{\"@type\":\"WebSite\",\"@id\":\"https:\\\/\\\/dmcsrb.com\\\/#website\",\"url\":\"https:\\\/\\\/dmcsrb.com\\\/\",\"name\":\"dmcsrb.com\",\"description\":\"\",\"potentialAction\":[{\"@type\":\"SearchAction\",\"target\":{\"@type\":\"EntryPoint\",\"urlTemplate\":\"https:\\\/\\\/dmcsrb.com\\\/?s={search_term_string}\"},\"query-input\":{\"@type\":\"PropertyValueSpecification\",\"valueRequired\":true,\"valueName\":\"search_term_string\"}}],\"inLanguage\":\"en-GB\"},{\"@type\":\"Person\",\"@id\":\"https:\\\/\\\/dmcsrb.com\\\/#\\\/schema\\\/person\\\/5c39170f12db1b8b457732d0b5c854e2\",\"name\":\"dmcsrbija.com@gmail.com\",\"image\":{\"@type\":\"ImageObject\",\"inLanguage\":\"en-GB\",\"@id\":\"https:\\\/\\\/secure.gravatar.com\\\/avatar\\\/68592660ad6347fad0fb587f8d5d8f1a7b44961362f56e4f2cd524feb87e9069?s=96&d=mm&r=g\",\"url\":\"https:\\\/\\\/secure.gravatar.com\\\/avatar\\\/68592660ad6347fad0fb587f8d5d8f1a7b44961362f56e4f2cd524feb87e9069?s=96&d=mm&r=g\",\"contentUrl\":\"https:\\\/\\\/secure.gravatar.com\\\/avatar\\\/68592660ad6347fad0fb587f8d5d8f1a7b44961362f56e4f2cd524feb87e9069?s=96&d=mm&r=g\",\"caption\":\"dmcsrbija.com@gmail.com\"},\"sameAs\":[\"https:\\\/\\\/dmcsrb.com\"],\"url\":\"https:\\\/\\\/dmcsrb.com\\\/en\\\/author\\\/dmcsrbija-comgmail-com\\\/\"}]}<\/script>\n<!-- \/ Yoast SEO plugin. -->","yoast_head_json":{"title":"Filip Radovi\u0107 diskvalifikovan sa Evropskog prvenstva - dmcsrb.com","robots":{"index":"index","follow":"follow","max-snippet":"max-snippet:-1","max-image-preview":"max-image-preview:large","max-video-preview":"max-video-preview:-1"},"canonical":"https:\/\/dmcsrb.com\/en\/sport\/filip-radovic-diskvalifikovan-sa-evropskog-prvenstva\/","og_locale":"en_GB","og_type":"article","og_title":"Filip Radovi\u0107 diskvalifikovan sa Evropskog prvenstva - dmcsrb.com","og_description":"Crnogorski para stonoteniser Filip Radovi\u0107 diskvalifikovan je sa Evropskog prvenstva zbog neprimjerenog gesta nakon me\u010da sa Poljakom Pavelom Vlodikom.","og_url":"https:\/\/dmcsrb.com\/en\/sport\/filip-radovic-diskvalifikovan-sa-evropskog-prvenstva\/","og_site_name":"dmcsrb.com","article_published_time":"2025-11-21T08:54:00+00:00","og_image":[{"width":1600,"height":1067,"url":"https:\/\/dmcsrb.com\/wp-content\/uploads\/2026\/01\/Filip-Radovic.webp","type":"image\/jpeg"}],"author":"dmcsrbija.com@gmail.com","twitter_card":"summary_large_image","twitter_misc":{"Written by":"dmcsrbija.com@gmail.com","Estimated reading time":"1 minute"},"schema":{"@context":"https:\/\/schema.org","@graph":[{"@type":"Article","@id":"https:\/\/dmcsrb.com\/sport\/filip-radovic-diskvalifikovan-sa-evropskog-prvenstva\/#article","isPartOf":{"@id":"https:\/\/dmcsrb.com\/sport\/filip-radovic-diskvalifikovan-sa-evropskog-prvenstva\/"},"author":{"name":"dmcsrbija.com@gmail.com","@id":"https:\/\/dmcsrb.com\/#\/schema\/person\/5c39170f12db1b8b457732d0b5c854e2"},"headline":"Filip Radovi\u0107 diskvalifikovan sa Evropskog prvenstva","datePublished":"2025-11-21T08:54:00+00:00","mainEntityOfPage":{"@id":"https:\/\/dmcsrb.com\/sport\/filip-radovic-diskvalifikovan-sa-evropskog-prvenstva\/"},"wordCount":120,"commentCount":0,"image":{"@id":"https:\/\/dmcsrb.com\/sport\/filip-radovic-diskvalifikovan-sa-evropskog-prvenstva\/#primaryimage"},"thumbnailUrl":"https:\/\/dmcsrb.com\/wp-content\/uploads\/2026\/01\/Filip-Radovic.webp","keywords":["Diskvalifikacija","filip Radovi\u0107"],"articleSection":["Sport"],"inLanguage":"en-GB","potentialAction":[{"@type":"CommentAction","name":"Comment","target":["https:\/\/dmcsrb.com\/sport\/filip-radovic-diskvalifikovan-sa-evropskog-prvenstva\/#respond"]}]},{"@type":"WebPage","@id":"https:\/\/dmcsrb.com\/sport\/filip-radovic-diskvalifikovan-sa-evropskog-prvenstva\/","url":"https:\/\/dmcsrb.com\/sport\/filip-radovic-diskvalifikovan-sa-evropskog-prvenstva\/","name":"Filip Radovi\u0107 diskvalifikovan sa Evropskog prvenstva - dmcsrb.com","isPartOf":{"@id":"https:\/\/dmcsrb.com\/#website"},"primaryImageOfPage":{"@id":"https:\/\/dmcsrb.com\/sport\/filip-radovic-diskvalifikovan-sa-evropskog-prvenstva\/#primaryimage"},"image":{"@id":"https:\/\/dmcsrb.com\/sport\/filip-radovic-diskvalifikovan-sa-evropskog-prvenstva\/#primaryimage"},"thumbnailUrl":"https:\/\/dmcsrb.com\/wp-content\/uploads\/2026\/01\/Filip-Radovic.webp","datePublished":"2025-11-21T08:54:00+00:00","author":{"@id":"https:\/\/dmcsrb.com\/#\/schema\/person\/5c39170f12db1b8b457732d0b5c854e2"},"breadcrumb":{"@id":"https:\/\/dmcsrb.com\/sport\/filip-radovic-diskvalifikovan-sa-evropskog-prvenstva\/#breadcrumb"},"inLanguage":"en-GB","potentialAction":[{"@type":"ReadAction","target":["https:\/\/dmcsrb.com\/sport\/filip-radovic-diskvalifikovan-sa-evropskog-prvenstva\/"]}]},{"@type":"ImageObject","inLanguage":"en-GB","@id":"https:\/\/dmcsrb.com\/sport\/filip-radovic-diskvalifikovan-sa-evropskog-prvenstva\/#primaryimage","url":"https:\/\/dmcsrb.com\/wp-content\/uploads\/2026\/01\/Filip-Radovic.webp","contentUrl":"https:\/\/dmcsrb.com\/wp-content\/uploads\/2026\/01\/Filip-Radovic.webp","width":1600,"height":1067},{"@type":"BreadcrumbList","@id":"https:\/\/dmcsrb.com\/sport\/filip-radovic-diskvalifikovan-sa-evropskog-prvenstva\/#breadcrumb","itemListElement":[{"@type":"ListItem","position":1,"name":"Home","item":"https:\/\/dmcsrb.com\/"},{"@type":"ListItem","position":2,"name":"Filip Radovi\u0107 diskvalifikovan sa Evropskog prvenstva"}]},{"@type":"WebSite","@id":"https:\/\/dmcsrb.com\/#website","url":"https:\/\/dmcsrb.com\/","name":"dmcsrb.com","description":"","potentialAction":[{"@type":"SearchAction","target":{"@type":"EntryPoint","urlTemplate":"https:\/\/dmcsrb.com\/?s={search_term_string}"},"query-input":{"@type":"PropertyValueSpecification","valueRequired":true,"valueName":"search_term_string"}}],"inLanguage":"en-GB"},{"@type":"Person","@id":"https:\/\/dmcsrb.com\/#\/schema\/person\/5c39170f12db1b8b457732d0b5c854e2","name":"dmcsrbija.com@gmail.com","image":{"@type":"ImageObject","inLanguage":"en-GB","@id":"https:\/\/secure.gravatar.com\/avatar\/68592660ad6347fad0fb587f8d5d8f1a7b44961362f56e4f2cd524feb87e9069?s=96&d=mm&r=g","url":"https:\/\/secure.gravatar.com\/avatar\/68592660ad6347fad0fb587f8d5d8f1a7b44961362f56e4f2cd524feb87e9069?s=96&d=mm&r=g","contentUrl":"https:\/\/secure.gravatar.com\/avatar\/68592660ad6347fad0fb587f8d5d8f1a7b44961362f56e4f2cd524feb87e9069?s=96&d=mm&r=g","caption":"dmcsrbija.com@gmail.com"},"sameAs":["https:\/\/dmcsrb.com"],"url":"https:\/\/dmcsrb.com\/en\/author\/dmcsrbija-comgmail-com\/"}]}},"_links":{"self":[{"href":"https:\/\/dmcsrb.com\/en\/wp-json\/wp\/v2\/posts\/964818","targetHints":{"allow":["GET"]}}],"collection":[{"href":"https:\/\/dmcsrb.com\/en\/wp-json\/wp\/v2\/posts"}],"about":[{"href":"https:\/\/dmcsrb.com\/en\/wp-json\/wp\/v2\/types\/post"}],"author":[{"embeddable":true,"href":"https:\/\/dmcsrb.com\/en\/wp-json\/wp\/v2\/users\/1"}],"replies":[{"embeddable":true,"href":"https:\/\/dmcsrb.com\/en\/wp-json\/wp\/v2\/comments?post=964818"}],"version-history":[{"count":0,"href":"https:\/\/dmcsrb.com\/en\/wp-json\/wp\/v2\/posts\/964818\/revisions"}],"wp:featuredmedia":[{"embeddable":true,"href":"https:\/\/dmcsrb.com\/en\/wp-json\/wp\/v2\/media\/964819"}],"wp:attachment":[{"href":"https:\/\/dmcsrb.com\/en\/wp-json\/wp\/v2\/media?parent=964818"}],"wp:term":[{"taxonomy":"category","embeddable":true,"href":"https:\/\/dmcsrb.com\/en\/wp-json\/wp\/v2\/categories?post=964818"},{"taxonomy":"post_tag","embeddable":true,"href":"https:\/\/dmcsrb.com\/en\/wp-json\/wp\/v2\/tags?post=964818"},{"taxonomy":"naslovna","embeddable":true,"href":"https:\/\/dmcsrb.com\/en\/wp-json\/wp\/v2\/naslovna?post=964818"}],"curies":[{"name":"wp","href":"https:\/\/api.w.org\/{rel}","templated":true}]}}