{"id":964816,"date":"2025-11-21T09:40:00","date_gmt":"2025-11-21T08:40:00","guid":{"rendered":"https:\/\/dmcsrb.com\/uncategorized\/acv-crna-gora-centar-ecac-obuke-iz-oblasti-bezbjednosti-vazduhoplovstva\/"},"modified":"2025-11-21T09:40:00","modified_gmt":"2025-11-21T08:40:00","slug":"acv-crna-gora-centar-ecac-obuke-iz-oblasti-bezbjednosti-vazduhoplovstva","status":"publish","type":"post","link":"https:\/\/dmcsrb.com\/en\/drustvo\/acv-crna-gora-centar-ecac-obuke-iz-oblasti-bezbjednosti-vazduhoplovstva\/","title":{"rendered":"ACV: Crna Gora centar ECAC obuke iz oblasti bezbjednosti vazduhoplovstva"},"content":{"rendered":"<p><\/p>\n\n\n\n<p>Program obuhvata kombinaciju stru\u010dnih predavanja i prakti\u010dnih vje\u017ebi koje se izvode na Aerodromu Podgorica.&nbsp; Omogu\u0107eno je da se kroz realne scenarije sti\u010du i unapre\u0111uju znanja i vje\u0161tine koje se primjenjuju u najrazvijenijim evropskim sistemima nadzora.<\/p>\n\n\n\n<p>Predava\u010di su eksperti ECAC-a koji sa u\u010desnicima dijele savremene metode, standarde i pristupe u nadzoru iz oblasti bezbjednosti civilnog vazduhoplovstva.<\/p>\n\n\n\n<p>Jednosedmi\u010dna obuka okuplja predstavnike nadle\u017enih vazduhoplovnih vlasti iz vi\u0161e evropskih dr\u017eava, uklju\u010duju\u0107i Srbiju, Litvaniju, Maltu, te predstavnike ESA organizacije &#8211; nadzornog tijela EFTA dr\u017eava, kao i ACV i Aerodroma.<\/p>\n\n\n\n<p>Agencija aktivno doprinosi promovisanju najbolje evropske prakse u nadzoru civilnog vazduhoplovstva, obezbje\u0111uju\u0107i u\u010de\u0161\u0107e renomiranih predava\u010da i direktno preuzimanje iskustava iz dr\u017eava sa najrazvijenijim nadzornim sistemima.<\/p>\n\n\n\n<p>Podsje\u0107aju&nbsp;da su 19. novembra zavr\u0161ene stru\u010dne radionice iz oblasti operacija letenja i vazduhoplovne medicine, \u010diji je organizator bila Agencija Evropske unije za sigurnost vazduhoplovstva (EASA), a ACV doma\u0107in.<\/p>","protected":false},"excerpt":{"rendered":"<p>Agencija za civilno vazduhoplovstvo (ACV) ugostila je ove sedmice u\u010desnike obuke za nacionalne auditore, koju organizuje Evropska konferencija civilnog vazduhoplovstva (ECAC).<\/p>","protected":false},"author":1,"featured_media":964817,"comment_status":"open","ping_status":"open","sticky":false,"template":"","format":"standard","meta":{"_acf_changed":false,"footnotes":""},"categories":[2],"tags":[1568,14978],"naslovna":[],"class_list":["post-964816","post","type-post","status-publish","format-standard","has-post-thumbnail","hentry","category-drustvo","tag-acv","tag-ecac"],"acf":[],"yoast_head":"<!-- This site is optimized with the Yoast SEO plugin v27.4 - https:\/\/yoast.com\/product\/yoast-seo-wordpress\/ -->\n<title>ACV: Crna Gora centar ECAC obuke iz oblasti bezbjednosti vazduhoplovstva - dmcsrb.com<\/title>\n<meta name=\"robots\" content=\"index, follow, max-snippet:-1, max-image-preview:large, max-video-preview:-1\" \/>\n<link rel=\"canonical\" href=\"https:\/\/dmcsrb.com\/en\/drustvo\/acv-crna-gora-centar-ecac-obuke-iz-oblasti-bezbjednosti-vazduhoplovstva\/\" \/>\n<meta property=\"og:locale\" content=\"en_GB\" \/>\n<meta property=\"og:type\" content=\"article\" \/>\n<meta property=\"og:title\" content=\"ACV: Crna Gora centar ECAC obuke iz oblasti bezbjednosti vazduhoplovstva - dmcsrb.com\" \/>\n<meta property=\"og:description\" content=\"Agencija za civilno vazduhoplovstvo (ACV) ugostila je ove sedmice u\u010desnike obuke za nacionalne auditore, koju organizuje Evropska konferencija civilnog vazduhoplovstva (ECAC).\" \/>\n<meta property=\"og:url\" content=\"https:\/\/dmcsrb.com\/en\/drustvo\/acv-crna-gora-centar-ecac-obuke-iz-oblasti-bezbjednosti-vazduhoplovstva\/\" \/>\n<meta property=\"og:site_name\" content=\"dmcsrb.com\" \/>\n<meta property=\"article:published_time\" content=\"2025-11-21T08:40:00+00:00\" \/>\n<meta property=\"og:image\" content=\"https:\/\/dmcsrb.com\/wp-content\/uploads\/2026\/01\/Sa-obuke.webp\" \/>\n\t<meta property=\"og:image:width\" content=\"1508\" \/>\n\t<meta property=\"og:image:height\" content=\"534\" \/>\n\t<meta property=\"og:image:type\" content=\"image\/jpeg\" \/>\n<meta name=\"author\" content=\"dmcsrbija.com@gmail.com\" \/>\n<meta name=\"twitter:card\" content=\"summary_large_image\" \/>\n<meta name=\"twitter:label1\" content=\"Written by\" \/>\n\t<meta name=\"twitter:data1\" content=\"dmcsrbija.com@gmail.com\" \/>\n\t<meta name=\"twitter:label2\" content=\"Estimated reading time\" \/>\n\t<meta name=\"twitter:data2\" content=\"1 minute\" \/>\n<script type=\"application\/ld+json\" class=\"yoast-schema-graph\">{\"@context\":\"https:\\\/\\\/schema.org\",\"@graph\":[{\"@type\":\"Article\",\"@id\":\"https:\\\/\\\/dmcsrb.com\\\/drustvo\\\/acv-crna-gora-centar-ecac-obuke-iz-oblasti-bezbjednosti-vazduhoplovstva\\\/#article\",\"isPartOf\":{\"@id\":\"https:\\\/\\\/dmcsrb.com\\\/drustvo\\\/acv-crna-gora-centar-ecac-obuke-iz-oblasti-bezbjednosti-vazduhoplovstva\\\/\"},\"author\":{\"name\":\"dmcsrbija.com@gmail.com\",\"@id\":\"https:\\\/\\\/dmcsrb.com\\\/#\\\/schema\\\/person\\\/5c39170f12db1b8b457732d0b5c854e2\"},\"headline\":\"ACV: Crna Gora centar ECAC obuke iz oblasti bezbjednosti vazduhoplovstva\",\"datePublished\":\"2025-11-21T08:40:00+00:00\",\"mainEntityOfPage\":{\"@id\":\"https:\\\/\\\/dmcsrb.com\\\/drustvo\\\/acv-crna-gora-centar-ecac-obuke-iz-oblasti-bezbjednosti-vazduhoplovstva\\\/\"},\"wordCount\":175,\"commentCount\":0,\"image\":{\"@id\":\"https:\\\/\\\/dmcsrb.com\\\/drustvo\\\/acv-crna-gora-centar-ecac-obuke-iz-oblasti-bezbjednosti-vazduhoplovstva\\\/#primaryimage\"},\"thumbnailUrl\":\"https:\\\/\\\/dmcsrb.com\\\/wp-content\\\/uploads\\\/2026\\\/01\\\/Sa-obuke.webp\",\"keywords\":[\"ACV\",\"ECAC\"],\"articleSection\":[\"Dru\u0161tvo\"],\"inLanguage\":\"en-GB\",\"potentialAction\":[{\"@type\":\"CommentAction\",\"name\":\"Comment\",\"target\":[\"https:\\\/\\\/dmcsrb.com\\\/drustvo\\\/acv-crna-gora-centar-ecac-obuke-iz-oblasti-bezbjednosti-vazduhoplovstva\\\/#respond\"]}]},{\"@type\":\"WebPage\",\"@id\":\"https:\\\/\\\/dmcsrb.com\\\/drustvo\\\/acv-crna-gora-centar-ecac-obuke-iz-oblasti-bezbjednosti-vazduhoplovstva\\\/\",\"url\":\"https:\\\/\\\/dmcsrb.com\\\/drustvo\\\/acv-crna-gora-centar-ecac-obuke-iz-oblasti-bezbjednosti-vazduhoplovstva\\\/\",\"name\":\"ACV: Crna Gora centar ECAC obuke iz oblasti bezbjednosti vazduhoplovstva - dmcsrb.com\",\"isPartOf\":{\"@id\":\"https:\\\/\\\/dmcsrb.com\\\/#website\"},\"primaryImageOfPage\":{\"@id\":\"https:\\\/\\\/dmcsrb.com\\\/drustvo\\\/acv-crna-gora-centar-ecac-obuke-iz-oblasti-bezbjednosti-vazduhoplovstva\\\/#primaryimage\"},\"image\":{\"@id\":\"https:\\\/\\\/dmcsrb.com\\\/drustvo\\\/acv-crna-gora-centar-ecac-obuke-iz-oblasti-bezbjednosti-vazduhoplovstva\\\/#primaryimage\"},\"thumbnailUrl\":\"https:\\\/\\\/dmcsrb.com\\\/wp-content\\\/uploads\\\/2026\\\/01\\\/Sa-obuke.webp\",\"datePublished\":\"2025-11-21T08:40:00+00:00\",\"author\":{\"@id\":\"https:\\\/\\\/dmcsrb.com\\\/#\\\/schema\\\/person\\\/5c39170f12db1b8b457732d0b5c854e2\"},\"breadcrumb\":{\"@id\":\"https:\\\/\\\/dmcsrb.com\\\/drustvo\\\/acv-crna-gora-centar-ecac-obuke-iz-oblasti-bezbjednosti-vazduhoplovstva\\\/#breadcrumb\"},\"inLanguage\":\"en-GB\",\"potentialAction\":[{\"@type\":\"ReadAction\",\"target\":[\"https:\\\/\\\/dmcsrb.com\\\/drustvo\\\/acv-crna-gora-centar-ecac-obuke-iz-oblasti-bezbjednosti-vazduhoplovstva\\\/\"]}]},{\"@type\":\"ImageObject\",\"inLanguage\":\"en-GB\",\"@id\":\"https:\\\/\\\/dmcsrb.com\\\/drustvo\\\/acv-crna-gora-centar-ecac-obuke-iz-oblasti-bezbjednosti-vazduhoplovstva\\\/#primaryimage\",\"url\":\"https:\\\/\\\/dmcsrb.com\\\/wp-content\\\/uploads\\\/2026\\\/01\\\/Sa-obuke.webp\",\"contentUrl\":\"https:\\\/\\\/dmcsrb.com\\\/wp-content\\\/uploads\\\/2026\\\/01\\\/Sa-obuke.webp\",\"width\":1508,\"height\":534},{\"@type\":\"BreadcrumbList\",\"@id\":\"https:\\\/\\\/dmcsrb.com\\\/drustvo\\\/acv-crna-gora-centar-ecac-obuke-iz-oblasti-bezbjednosti-vazduhoplovstva\\\/#breadcrumb\",\"itemListElement\":[{\"@type\":\"ListItem\",\"position\":1,\"name\":\"Home\",\"item\":\"https:\\\/\\\/dmcsrb.com\\\/\"},{\"@type\":\"ListItem\",\"position\":2,\"name\":\"ACV: Crna Gora centar ECAC obuke iz oblasti bezbjednosti vazduhoplovstva\"}]},{\"@type\":\"WebSite\",\"@id\":\"https:\\\/\\\/dmcsrb.com\\\/#website\",\"url\":\"https:\\\/\\\/dmcsrb.com\\\/\",\"name\":\"dmcsrb.com\",\"description\":\"\",\"potentialAction\":[{\"@type\":\"SearchAction\",\"target\":{\"@type\":\"EntryPoint\",\"urlTemplate\":\"https:\\\/\\\/dmcsrb.com\\\/?s={search_term_string}\"},\"query-input\":{\"@type\":\"PropertyValueSpecification\",\"valueRequired\":true,\"valueName\":\"search_term_string\"}}],\"inLanguage\":\"en-GB\"},{\"@type\":\"Person\",\"@id\":\"https:\\\/\\\/dmcsrb.com\\\/#\\\/schema\\\/person\\\/5c39170f12db1b8b457732d0b5c854e2\",\"name\":\"dmcsrbija.com@gmail.com\",\"image\":{\"@type\":\"ImageObject\",\"inLanguage\":\"en-GB\",\"@id\":\"https:\\\/\\\/secure.gravatar.com\\\/avatar\\\/68592660ad6347fad0fb587f8d5d8f1a7b44961362f56e4f2cd524feb87e9069?s=96&d=mm&r=g\",\"url\":\"https:\\\/\\\/secure.gravatar.com\\\/avatar\\\/68592660ad6347fad0fb587f8d5d8f1a7b44961362f56e4f2cd524feb87e9069?s=96&d=mm&r=g\",\"contentUrl\":\"https:\\\/\\\/secure.gravatar.com\\\/avatar\\\/68592660ad6347fad0fb587f8d5d8f1a7b44961362f56e4f2cd524feb87e9069?s=96&d=mm&r=g\",\"caption\":\"dmcsrbija.com@gmail.com\"},\"sameAs\":[\"https:\\\/\\\/dmcsrb.com\"],\"url\":\"https:\\\/\\\/dmcsrb.com\\\/en\\\/author\\\/dmcsrbija-comgmail-com\\\/\"}]}<\/script>\n<!-- \/ Yoast SEO plugin. -->","yoast_head_json":{"title":"ACV: Crna Gora centar ECAC obuke iz oblasti bezbjednosti vazduhoplovstva - dmcsrb.com","robots":{"index":"index","follow":"follow","max-snippet":"max-snippet:-1","max-image-preview":"max-image-preview:large","max-video-preview":"max-video-preview:-1"},"canonical":"https:\/\/dmcsrb.com\/en\/drustvo\/acv-crna-gora-centar-ecac-obuke-iz-oblasti-bezbjednosti-vazduhoplovstva\/","og_locale":"en_GB","og_type":"article","og_title":"ACV: Crna Gora centar ECAC obuke iz oblasti bezbjednosti vazduhoplovstva - dmcsrb.com","og_description":"Agencija za civilno vazduhoplovstvo (ACV) ugostila je ove sedmice u\u010desnike obuke za nacionalne auditore, koju organizuje Evropska konferencija civilnog vazduhoplovstva (ECAC).","og_url":"https:\/\/dmcsrb.com\/en\/drustvo\/acv-crna-gora-centar-ecac-obuke-iz-oblasti-bezbjednosti-vazduhoplovstva\/","og_site_name":"dmcsrb.com","article_published_time":"2025-11-21T08:40:00+00:00","og_image":[{"width":1508,"height":534,"url":"https:\/\/dmcsrb.com\/wp-content\/uploads\/2026\/01\/Sa-obuke.webp","type":"image\/jpeg"}],"author":"dmcsrbija.com@gmail.com","twitter_card":"summary_large_image","twitter_misc":{"Written by":"dmcsrbija.com@gmail.com","Estimated reading time":"1 minute"},"schema":{"@context":"https:\/\/schema.org","@graph":[{"@type":"Article","@id":"https:\/\/dmcsrb.com\/drustvo\/acv-crna-gora-centar-ecac-obuke-iz-oblasti-bezbjednosti-vazduhoplovstva\/#article","isPartOf":{"@id":"https:\/\/dmcsrb.com\/drustvo\/acv-crna-gora-centar-ecac-obuke-iz-oblasti-bezbjednosti-vazduhoplovstva\/"},"author":{"name":"dmcsrbija.com@gmail.com","@id":"https:\/\/dmcsrb.com\/#\/schema\/person\/5c39170f12db1b8b457732d0b5c854e2"},"headline":"ACV: Crna Gora centar ECAC obuke iz oblasti bezbjednosti vazduhoplovstva","datePublished":"2025-11-21T08:40:00+00:00","mainEntityOfPage":{"@id":"https:\/\/dmcsrb.com\/drustvo\/acv-crna-gora-centar-ecac-obuke-iz-oblasti-bezbjednosti-vazduhoplovstva\/"},"wordCount":175,"commentCount":0,"image":{"@id":"https:\/\/dmcsrb.com\/drustvo\/acv-crna-gora-centar-ecac-obuke-iz-oblasti-bezbjednosti-vazduhoplovstva\/#primaryimage"},"thumbnailUrl":"https:\/\/dmcsrb.com\/wp-content\/uploads\/2026\/01\/Sa-obuke.webp","keywords":["ACV","ECAC"],"articleSection":["Dru\u0161tvo"],"inLanguage":"en-GB","potentialAction":[{"@type":"CommentAction","name":"Comment","target":["https:\/\/dmcsrb.com\/drustvo\/acv-crna-gora-centar-ecac-obuke-iz-oblasti-bezbjednosti-vazduhoplovstva\/#respond"]}]},{"@type":"WebPage","@id":"https:\/\/dmcsrb.com\/drustvo\/acv-crna-gora-centar-ecac-obuke-iz-oblasti-bezbjednosti-vazduhoplovstva\/","url":"https:\/\/dmcsrb.com\/drustvo\/acv-crna-gora-centar-ecac-obuke-iz-oblasti-bezbjednosti-vazduhoplovstva\/","name":"ACV: Crna Gora centar ECAC obuke iz oblasti bezbjednosti vazduhoplovstva - dmcsrb.com","isPartOf":{"@id":"https:\/\/dmcsrb.com\/#website"},"primaryImageOfPage":{"@id":"https:\/\/dmcsrb.com\/drustvo\/acv-crna-gora-centar-ecac-obuke-iz-oblasti-bezbjednosti-vazduhoplovstva\/#primaryimage"},"image":{"@id":"https:\/\/dmcsrb.com\/drustvo\/acv-crna-gora-centar-ecac-obuke-iz-oblasti-bezbjednosti-vazduhoplovstva\/#primaryimage"},"thumbnailUrl":"https:\/\/dmcsrb.com\/wp-content\/uploads\/2026\/01\/Sa-obuke.webp","datePublished":"2025-11-21T08:40:00+00:00","author":{"@id":"https:\/\/dmcsrb.com\/#\/schema\/person\/5c39170f12db1b8b457732d0b5c854e2"},"breadcrumb":{"@id":"https:\/\/dmcsrb.com\/drustvo\/acv-crna-gora-centar-ecac-obuke-iz-oblasti-bezbjednosti-vazduhoplovstva\/#breadcrumb"},"inLanguage":"en-GB","potentialAction":[{"@type":"ReadAction","target":["https:\/\/dmcsrb.com\/drustvo\/acv-crna-gora-centar-ecac-obuke-iz-oblasti-bezbjednosti-vazduhoplovstva\/"]}]},{"@type":"ImageObject","inLanguage":"en-GB","@id":"https:\/\/dmcsrb.com\/drustvo\/acv-crna-gora-centar-ecac-obuke-iz-oblasti-bezbjednosti-vazduhoplovstva\/#primaryimage","url":"https:\/\/dmcsrb.com\/wp-content\/uploads\/2026\/01\/Sa-obuke.webp","contentUrl":"https:\/\/dmcsrb.com\/wp-content\/uploads\/2026\/01\/Sa-obuke.webp","width":1508,"height":534},{"@type":"BreadcrumbList","@id":"https:\/\/dmcsrb.com\/drustvo\/acv-crna-gora-centar-ecac-obuke-iz-oblasti-bezbjednosti-vazduhoplovstva\/#breadcrumb","itemListElement":[{"@type":"ListItem","position":1,"name":"Home","item":"https:\/\/dmcsrb.com\/"},{"@type":"ListItem","position":2,"name":"ACV: Crna Gora centar ECAC obuke iz oblasti bezbjednosti vazduhoplovstva"}]},{"@type":"WebSite","@id":"https:\/\/dmcsrb.com\/#website","url":"https:\/\/dmcsrb.com\/","name":"dmcsrb.com","description":"","potentialAction":[{"@type":"SearchAction","target":{"@type":"EntryPoint","urlTemplate":"https:\/\/dmcsrb.com\/?s={search_term_string}"},"query-input":{"@type":"PropertyValueSpecification","valueRequired":true,"valueName":"search_term_string"}}],"inLanguage":"en-GB"},{"@type":"Person","@id":"https:\/\/dmcsrb.com\/#\/schema\/person\/5c39170f12db1b8b457732d0b5c854e2","name":"dmcsrbija.com@gmail.com","image":{"@type":"ImageObject","inLanguage":"en-GB","@id":"https:\/\/secure.gravatar.com\/avatar\/68592660ad6347fad0fb587f8d5d8f1a7b44961362f56e4f2cd524feb87e9069?s=96&d=mm&r=g","url":"https:\/\/secure.gravatar.com\/avatar\/68592660ad6347fad0fb587f8d5d8f1a7b44961362f56e4f2cd524feb87e9069?s=96&d=mm&r=g","contentUrl":"https:\/\/secure.gravatar.com\/avatar\/68592660ad6347fad0fb587f8d5d8f1a7b44961362f56e4f2cd524feb87e9069?s=96&d=mm&r=g","caption":"dmcsrbija.com@gmail.com"},"sameAs":["https:\/\/dmcsrb.com"],"url":"https:\/\/dmcsrb.com\/en\/author\/dmcsrbija-comgmail-com\/"}]}},"_links":{"self":[{"href":"https:\/\/dmcsrb.com\/en\/wp-json\/wp\/v2\/posts\/964816","targetHints":{"allow":["GET"]}}],"collection":[{"href":"https:\/\/dmcsrb.com\/en\/wp-json\/wp\/v2\/posts"}],"about":[{"href":"https:\/\/dmcsrb.com\/en\/wp-json\/wp\/v2\/types\/post"}],"author":[{"embeddable":true,"href":"https:\/\/dmcsrb.com\/en\/wp-json\/wp\/v2\/users\/1"}],"replies":[{"embeddable":true,"href":"https:\/\/dmcsrb.com\/en\/wp-json\/wp\/v2\/comments?post=964816"}],"version-history":[{"count":0,"href":"https:\/\/dmcsrb.com\/en\/wp-json\/wp\/v2\/posts\/964816\/revisions"}],"wp:featuredmedia":[{"embeddable":true,"href":"https:\/\/dmcsrb.com\/en\/wp-json\/wp\/v2\/media\/964817"}],"wp:attachment":[{"href":"https:\/\/dmcsrb.com\/en\/wp-json\/wp\/v2\/media?parent=964816"}],"wp:term":[{"taxonomy":"category","embeddable":true,"href":"https:\/\/dmcsrb.com\/en\/wp-json\/wp\/v2\/categories?post=964816"},{"taxonomy":"post_tag","embeddable":true,"href":"https:\/\/dmcsrb.com\/en\/wp-json\/wp\/v2\/tags?post=964816"},{"taxonomy":"naslovna","embeddable":true,"href":"https:\/\/dmcsrb.com\/en\/wp-json\/wp\/v2\/naslovna?post=964816"}],"curies":[{"name":"wp","href":"https:\/\/api.w.org\/{rel}","templated":true}]}}