{"id":964800,"date":"2025-11-21T06:59:00","date_gmt":"2025-11-21T05:59:00","guid":{"rendered":"https:\/\/dmcsrb.com\/uncategorized\/skoro-pola-kapitalnog-budzeta-za-sjever-drzave\/"},"modified":"2025-11-21T06:59:00","modified_gmt":"2025-11-21T05:59:00","slug":"skoro-pola-kapitalnog-budzeta-za-sjever-drzave","status":"publish","type":"post","link":"https:\/\/dmcsrb.com\/en\/ekonomija\/skoro-pola-kapitalnog-budzeta-za-sjever-drzave\/","title":{"rendered":"Skoro pola kapitalnog bud\u017eeta za sjever dr\u017eave"},"content":{"rendered":"<p>Kapitalni bud\u017eet za narednu godinu te\u017eak je 305 miliona eura i, kako je najavljeno, 44% predjeljeno je za sjever dr\u017eave.<\/p>\n\n\n\n<p>U Zajednici op\u0161tina pozdravljaju \u0161to \u0107e tim op\u0161tinama pripasti ve\u0107i dio novca, ali ipak, ako nam je kazala PR Dra\u017eenka Be\u0107irovi\u0107, \u010dekaju i da im zvani\u010dno bude dostavljen predlog.<\/p>\n\n\n\n<p>&#8220;Ukoliko su ove medijske najave ta\u010dne, raduju nas ulaganja na sjeveru jer znamo da tamo imamo projekte koji su ve\u0107 u nekoj fazi realizacije, poput skijali\u0161ta u Kola\u0161inu, Mojkovcu, Bijelom Polju, na Hajli, \u0110alovi\u0107a pe\u0107ina&#8221;, navela je ona.<\/p>\n\n\n\n<p>Dio bud\u017eeta od 2019. ide u fond za podr\u0161ku op\u0161tinama za pretfinansiranje donatorskih projekata. U Zajednici jo\u0161 ne znaju kolika je ta stavka u bud\u017eetu za 2026., a u ovogodi\u0161njem, podsje\u0107a Be\u0107irovi\u0107, bila je milion i po eura.<\/p>\n\n\n\n<p>Isti\u010de da je rije\u010d o novcu koji je od zna\u010daja za nerazvijene lokalne samouprave koje su uglavnom na sjeveru dr\u017eave.<\/p>\n\n\n\n<p>&#8220;\u010cija je svrha stvaranje mogu\u0107nosti da se op\u0161tinama, u vidu pozajmice, opredijele odre\u0111ena sredstva koja su neophodna za pretfinansiranje projekata koji se finansiraju iz donatorskih sredstava&#8221;, navela je ona.<\/p>\n\n\n\n<p>Op\u0161tine su ove godine imale na raspolaganju i milion eura novca koji se, kako navodi na\u0161a sagovornica, koristi za pripremu projektne dokumentacije za kapitalne investicije.<\/p>\n\n\n\n<p>Ukazuju i zajednice op\u0161tina ve\u0107 godinama da je neophodno uspostaviti i ja\u010du saradnju sa dr\u017eavnim institucijama kada se utvr\u0111uje lista prioritetnih projekata.<\/p>\n\n\n\n<p>&#8220;A op\u0161tine tek tada, kada se ona objavi, \u010dak prilikom utvr\u0111ivanja Zakona o bud\u017eetu za narednu godinu, saznaju koji \u0107e se projekti finansirati iz bud\u017eeta dr\u017eave&#8221;, kazala je ona.<\/p>\n\n\n\n<p>Be\u0107irovi\u0107 se nada da \u0107e se u bud\u017eetu za 2026. na\u0107i i namjenska sredstva za nabavku vatrogasnih vozila i opreme za op\u0161tinske slu\u017ebe za\u0161tite i spa\u0161avanja, makar, kako je zaklju\u010dila, za op\u0161tine koje dobijaju podr\u0161ku iz egalizacionog fonda, a ve\u0107ina ih je na sjeveru.<\/p>","protected":false},"excerpt":{"rendered":"<p>\u010cinjenica da je gotovo pola kapitalnog bud\u017eeta za narednu godinu opredijeljeno za sjever dr\u017eave, dobra je vijest za te lokalne samouprave, ocjenjuju u Zajednici op\u0161tina, ali ipak o\u010dekuju da prijedlog bud\u017eeta postane zvani\u010dan. Nadaju se da \u0107e i 2026. imati na raspolaganju novac za Fond podr\u0161ke, ali i onaj za pripremu projektne dokumentacije. I dalje insistiraju da budu dio komisije koja utvr\u0111uje listu prioritetnih projekata te o\u010dekuju da \u0107e biti uva\u017eena njihova inicijativa o nabavci vozila slu\u017ebama za\u0161tite i spa\u0161avanja.<\/p>","protected":false},"author":1,"featured_media":909624,"comment_status":"open","ping_status":"open","sticky":false,"template":"","format":"standard","meta":{"_acf_changed":false,"footnotes":""},"categories":[27],"tags":[2072,46],"naslovna":[],"class_list":["post-964800","post","type-post","status-publish","format-standard","has-post-thumbnail","hentry","category-ekonomija","tag-kapitalni-budzet","tag-sjever"],"acf":[],"yoast_head":"<!-- This site is optimized with the Yoast SEO plugin v27.4 - https:\/\/yoast.com\/product\/yoast-seo-wordpress\/ -->\n<title>Skoro pola kapitalnog bud\u017eeta za sjever dr\u017eave - dmcsrb.com<\/title>\n<meta name=\"robots\" content=\"index, follow, max-snippet:-1, max-image-preview:large, max-video-preview:-1\" \/>\n<link rel=\"canonical\" href=\"https:\/\/dmcsrb.com\/en\/ekonomija\/skoro-pola-kapitalnog-budzeta-za-sjever-drzave\/\" \/>\n<meta property=\"og:locale\" content=\"en_GB\" \/>\n<meta property=\"og:type\" content=\"article\" \/>\n<meta property=\"og:title\" content=\"Skoro pola kapitalnog bud\u017eeta za sjever dr\u017eave - dmcsrb.com\" \/>\n<meta property=\"og:description\" content=\"\u010cinjenica da je gotovo pola kapitalnog bud\u017eeta za narednu godinu opredijeljeno za sjever dr\u017eave, dobra je vijest za te lokalne samouprave, ocjenjuju u Zajednici op\u0161tina, ali ipak o\u010dekuju da prijedlog bud\u017eeta postane zvani\u010dan. Nadaju se da \u0107e i 2026. imati na raspolaganju novac za Fond podr\u0161ke, ali i onaj za pripremu projektne dokumentacije. I dalje insistiraju da budu dio komisije koja utvr\u0111uje listu prioritetnih projekata te o\u010dekuju da \u0107e biti uva\u017eena njihova inicijativa o nabavci vozila slu\u017ebama za\u0161tite i spa\u0161avanja.\" \/>\n<meta property=\"og:url\" content=\"https:\/\/dmcsrb.com\/en\/ekonomija\/skoro-pola-kapitalnog-budzeta-za-sjever-drzave\/\" \/>\n<meta property=\"og:site_name\" content=\"dmcsrb.com\" \/>\n<meta property=\"article:published_time\" content=\"2025-11-21T05:59:00+00:00\" \/>\n<meta property=\"og:image\" content=\"https:\/\/dmcsrb.com\/wp-content\/uploads\/2026\/01\/novac_594x900.jpg\" \/>\n\t<meta property=\"og:image:width\" content=\"899\" \/>\n\t<meta property=\"og:image:height\" content=\"594\" \/>\n\t<meta property=\"og:image:type\" content=\"image\/jpeg\" \/>\n<meta name=\"author\" content=\"dmcsrbija.com@gmail.com\" \/>\n<meta name=\"twitter:card\" content=\"summary_large_image\" \/>\n<meta name=\"twitter:label1\" content=\"Written by\" \/>\n\t<meta name=\"twitter:data1\" content=\"dmcsrbija.com@gmail.com\" \/>\n\t<meta name=\"twitter:label2\" content=\"Estimated reading time\" \/>\n\t<meta name=\"twitter:data2\" content=\"2 minutes\" \/>\n<script type=\"application\/ld+json\" class=\"yoast-schema-graph\">{\"@context\":\"https:\\\/\\\/schema.org\",\"@graph\":[{\"@type\":\"Article\",\"@id\":\"https:\\\/\\\/dmcsrb.com\\\/ekonomija\\\/skoro-pola-kapitalnog-budzeta-za-sjever-drzave\\\/#article\",\"isPartOf\":{\"@id\":\"https:\\\/\\\/dmcsrb.com\\\/ekonomija\\\/skoro-pola-kapitalnog-budzeta-za-sjever-drzave\\\/\"},\"author\":{\"name\":\"dmcsrbija.com@gmail.com\",\"@id\":\"https:\\\/\\\/dmcsrb.com\\\/#\\\/schema\\\/person\\\/5c39170f12db1b8b457732d0b5c854e2\"},\"headline\":\"Skoro pola kapitalnog bud\u017eeta za sjever dr\u017eave\",\"datePublished\":\"2025-11-21T05:59:00+00:00\",\"mainEntityOfPage\":{\"@id\":\"https:\\\/\\\/dmcsrb.com\\\/ekonomija\\\/skoro-pola-kapitalnog-budzeta-za-sjever-drzave\\\/\"},\"wordCount\":347,\"commentCount\":0,\"image\":{\"@id\":\"https:\\\/\\\/dmcsrb.com\\\/ekonomija\\\/skoro-pola-kapitalnog-budzeta-za-sjever-drzave\\\/#primaryimage\"},\"thumbnailUrl\":\"https:\\\/\\\/dmcsrb.com\\\/wp-content\\\/uploads\\\/2026\\\/01\\\/novac_594x900.jpg\",\"keywords\":[\"kapitalni bud\u017eet\",\"sjever\"],\"articleSection\":[\"Ekonomija\"],\"inLanguage\":\"en-GB\",\"potentialAction\":[{\"@type\":\"CommentAction\",\"name\":\"Comment\",\"target\":[\"https:\\\/\\\/dmcsrb.com\\\/ekonomija\\\/skoro-pola-kapitalnog-budzeta-za-sjever-drzave\\\/#respond\"]}]},{\"@type\":\"WebPage\",\"@id\":\"https:\\\/\\\/dmcsrb.com\\\/ekonomija\\\/skoro-pola-kapitalnog-budzeta-za-sjever-drzave\\\/\",\"url\":\"https:\\\/\\\/dmcsrb.com\\\/ekonomija\\\/skoro-pola-kapitalnog-budzeta-za-sjever-drzave\\\/\",\"name\":\"Skoro pola kapitalnog bud\u017eeta za sjever dr\u017eave - dmcsrb.com\",\"isPartOf\":{\"@id\":\"https:\\\/\\\/dmcsrb.com\\\/#website\"},\"primaryImageOfPage\":{\"@id\":\"https:\\\/\\\/dmcsrb.com\\\/ekonomija\\\/skoro-pola-kapitalnog-budzeta-za-sjever-drzave\\\/#primaryimage\"},\"image\":{\"@id\":\"https:\\\/\\\/dmcsrb.com\\\/ekonomija\\\/skoro-pola-kapitalnog-budzeta-za-sjever-drzave\\\/#primaryimage\"},\"thumbnailUrl\":\"https:\\\/\\\/dmcsrb.com\\\/wp-content\\\/uploads\\\/2026\\\/01\\\/novac_594x900.jpg\",\"datePublished\":\"2025-11-21T05:59:00+00:00\",\"author\":{\"@id\":\"https:\\\/\\\/dmcsrb.com\\\/#\\\/schema\\\/person\\\/5c39170f12db1b8b457732d0b5c854e2\"},\"breadcrumb\":{\"@id\":\"https:\\\/\\\/dmcsrb.com\\\/ekonomija\\\/skoro-pola-kapitalnog-budzeta-za-sjever-drzave\\\/#breadcrumb\"},\"inLanguage\":\"en-GB\",\"potentialAction\":[{\"@type\":\"ReadAction\",\"target\":[\"https:\\\/\\\/dmcsrb.com\\\/ekonomija\\\/skoro-pola-kapitalnog-budzeta-za-sjever-drzave\\\/\"]}]},{\"@type\":\"ImageObject\",\"inLanguage\":\"en-GB\",\"@id\":\"https:\\\/\\\/dmcsrb.com\\\/ekonomija\\\/skoro-pola-kapitalnog-budzeta-za-sjever-drzave\\\/#primaryimage\",\"url\":\"https:\\\/\\\/dmcsrb.com\\\/wp-content\\\/uploads\\\/2026\\\/01\\\/novac_594x900.jpg\",\"contentUrl\":\"https:\\\/\\\/dmcsrb.com\\\/wp-content\\\/uploads\\\/2026\\\/01\\\/novac_594x900.jpg\",\"width\":899,\"height\":594},{\"@type\":\"BreadcrumbList\",\"@id\":\"https:\\\/\\\/dmcsrb.com\\\/ekonomija\\\/skoro-pola-kapitalnog-budzeta-za-sjever-drzave\\\/#breadcrumb\",\"itemListElement\":[{\"@type\":\"ListItem\",\"position\":1,\"name\":\"Home\",\"item\":\"https:\\\/\\\/dmcsrb.com\\\/\"},{\"@type\":\"ListItem\",\"position\":2,\"name\":\"Skoro pola kapitalnog bud\u017eeta za sjever dr\u017eave\"}]},{\"@type\":\"WebSite\",\"@id\":\"https:\\\/\\\/dmcsrb.com\\\/#website\",\"url\":\"https:\\\/\\\/dmcsrb.com\\\/\",\"name\":\"dmcsrb.com\",\"description\":\"\",\"potentialAction\":[{\"@type\":\"SearchAction\",\"target\":{\"@type\":\"EntryPoint\",\"urlTemplate\":\"https:\\\/\\\/dmcsrb.com\\\/?s={search_term_string}\"},\"query-input\":{\"@type\":\"PropertyValueSpecification\",\"valueRequired\":true,\"valueName\":\"search_term_string\"}}],\"inLanguage\":\"en-GB\"},{\"@type\":\"Person\",\"@id\":\"https:\\\/\\\/dmcsrb.com\\\/#\\\/schema\\\/person\\\/5c39170f12db1b8b457732d0b5c854e2\",\"name\":\"dmcsrbija.com@gmail.com\",\"image\":{\"@type\":\"ImageObject\",\"inLanguage\":\"en-GB\",\"@id\":\"https:\\\/\\\/secure.gravatar.com\\\/avatar\\\/68592660ad6347fad0fb587f8d5d8f1a7b44961362f56e4f2cd524feb87e9069?s=96&d=mm&r=g\",\"url\":\"https:\\\/\\\/secure.gravatar.com\\\/avatar\\\/68592660ad6347fad0fb587f8d5d8f1a7b44961362f56e4f2cd524feb87e9069?s=96&d=mm&r=g\",\"contentUrl\":\"https:\\\/\\\/secure.gravatar.com\\\/avatar\\\/68592660ad6347fad0fb587f8d5d8f1a7b44961362f56e4f2cd524feb87e9069?s=96&d=mm&r=g\",\"caption\":\"dmcsrbija.com@gmail.com\"},\"sameAs\":[\"https:\\\/\\\/dmcsrb.com\"],\"url\":\"https:\\\/\\\/dmcsrb.com\\\/en\\\/author\\\/dmcsrbija-comgmail-com\\\/\"}]}<\/script>\n<!-- \/ Yoast SEO plugin. -->","yoast_head_json":{"title":"Skoro pola kapitalnog bud\u017eeta za sjever dr\u017eave - dmcsrb.com","robots":{"index":"index","follow":"follow","max-snippet":"max-snippet:-1","max-image-preview":"max-image-preview:large","max-video-preview":"max-video-preview:-1"},"canonical":"https:\/\/dmcsrb.com\/en\/ekonomija\/skoro-pola-kapitalnog-budzeta-za-sjever-drzave\/","og_locale":"en_GB","og_type":"article","og_title":"Skoro pola kapitalnog bud\u017eeta za sjever dr\u017eave - dmcsrb.com","og_description":"\u010cinjenica da je gotovo pola kapitalnog bud\u017eeta za narednu godinu opredijeljeno za sjever dr\u017eave, dobra je vijest za te lokalne samouprave, ocjenjuju u Zajednici op\u0161tina, ali ipak o\u010dekuju da prijedlog bud\u017eeta postane zvani\u010dan. Nadaju se da \u0107e i 2026. imati na raspolaganju novac za Fond podr\u0161ke, ali i onaj za pripremu projektne dokumentacije. I dalje insistiraju da budu dio komisije koja utvr\u0111uje listu prioritetnih projekata te o\u010dekuju da \u0107e biti uva\u017eena njihova inicijativa o nabavci vozila slu\u017ebama za\u0161tite i spa\u0161avanja.","og_url":"https:\/\/dmcsrb.com\/en\/ekonomija\/skoro-pola-kapitalnog-budzeta-za-sjever-drzave\/","og_site_name":"dmcsrb.com","article_published_time":"2025-11-21T05:59:00+00:00","og_image":[{"width":899,"height":594,"url":"https:\/\/dmcsrb.com\/wp-content\/uploads\/2026\/01\/novac_594x900.jpg","type":"image\/jpeg"}],"author":"dmcsrbija.com@gmail.com","twitter_card":"summary_large_image","twitter_misc":{"Written by":"dmcsrbija.com@gmail.com","Estimated reading time":"2 minutes"},"schema":{"@context":"https:\/\/schema.org","@graph":[{"@type":"Article","@id":"https:\/\/dmcsrb.com\/ekonomija\/skoro-pola-kapitalnog-budzeta-za-sjever-drzave\/#article","isPartOf":{"@id":"https:\/\/dmcsrb.com\/ekonomija\/skoro-pola-kapitalnog-budzeta-za-sjever-drzave\/"},"author":{"name":"dmcsrbija.com@gmail.com","@id":"https:\/\/dmcsrb.com\/#\/schema\/person\/5c39170f12db1b8b457732d0b5c854e2"},"headline":"Skoro pola kapitalnog bud\u017eeta za sjever dr\u017eave","datePublished":"2025-11-21T05:59:00+00:00","mainEntityOfPage":{"@id":"https:\/\/dmcsrb.com\/ekonomija\/skoro-pola-kapitalnog-budzeta-za-sjever-drzave\/"},"wordCount":347,"commentCount":0,"image":{"@id":"https:\/\/dmcsrb.com\/ekonomija\/skoro-pola-kapitalnog-budzeta-za-sjever-drzave\/#primaryimage"},"thumbnailUrl":"https:\/\/dmcsrb.com\/wp-content\/uploads\/2026\/01\/novac_594x900.jpg","keywords":["kapitalni bud\u017eet","sjever"],"articleSection":["Ekonomija"],"inLanguage":"en-GB","potentialAction":[{"@type":"CommentAction","name":"Comment","target":["https:\/\/dmcsrb.com\/ekonomija\/skoro-pola-kapitalnog-budzeta-za-sjever-drzave\/#respond"]}]},{"@type":"WebPage","@id":"https:\/\/dmcsrb.com\/ekonomija\/skoro-pola-kapitalnog-budzeta-za-sjever-drzave\/","url":"https:\/\/dmcsrb.com\/ekonomija\/skoro-pola-kapitalnog-budzeta-za-sjever-drzave\/","name":"Skoro pola kapitalnog bud\u017eeta za sjever dr\u017eave - dmcsrb.com","isPartOf":{"@id":"https:\/\/dmcsrb.com\/#website"},"primaryImageOfPage":{"@id":"https:\/\/dmcsrb.com\/ekonomija\/skoro-pola-kapitalnog-budzeta-za-sjever-drzave\/#primaryimage"},"image":{"@id":"https:\/\/dmcsrb.com\/ekonomija\/skoro-pola-kapitalnog-budzeta-za-sjever-drzave\/#primaryimage"},"thumbnailUrl":"https:\/\/dmcsrb.com\/wp-content\/uploads\/2026\/01\/novac_594x900.jpg","datePublished":"2025-11-21T05:59:00+00:00","author":{"@id":"https:\/\/dmcsrb.com\/#\/schema\/person\/5c39170f12db1b8b457732d0b5c854e2"},"breadcrumb":{"@id":"https:\/\/dmcsrb.com\/ekonomija\/skoro-pola-kapitalnog-budzeta-za-sjever-drzave\/#breadcrumb"},"inLanguage":"en-GB","potentialAction":[{"@type":"ReadAction","target":["https:\/\/dmcsrb.com\/ekonomija\/skoro-pola-kapitalnog-budzeta-za-sjever-drzave\/"]}]},{"@type":"ImageObject","inLanguage":"en-GB","@id":"https:\/\/dmcsrb.com\/ekonomija\/skoro-pola-kapitalnog-budzeta-za-sjever-drzave\/#primaryimage","url":"https:\/\/dmcsrb.com\/wp-content\/uploads\/2026\/01\/novac_594x900.jpg","contentUrl":"https:\/\/dmcsrb.com\/wp-content\/uploads\/2026\/01\/novac_594x900.jpg","width":899,"height":594},{"@type":"BreadcrumbList","@id":"https:\/\/dmcsrb.com\/ekonomija\/skoro-pola-kapitalnog-budzeta-za-sjever-drzave\/#breadcrumb","itemListElement":[{"@type":"ListItem","position":1,"name":"Home","item":"https:\/\/dmcsrb.com\/"},{"@type":"ListItem","position":2,"name":"Skoro pola kapitalnog bud\u017eeta za sjever dr\u017eave"}]},{"@type":"WebSite","@id":"https:\/\/dmcsrb.com\/#website","url":"https:\/\/dmcsrb.com\/","name":"dmcsrb.com","description":"","potentialAction":[{"@type":"SearchAction","target":{"@type":"EntryPoint","urlTemplate":"https:\/\/dmcsrb.com\/?s={search_term_string}"},"query-input":{"@type":"PropertyValueSpecification","valueRequired":true,"valueName":"search_term_string"}}],"inLanguage":"en-GB"},{"@type":"Person","@id":"https:\/\/dmcsrb.com\/#\/schema\/person\/5c39170f12db1b8b457732d0b5c854e2","name":"dmcsrbija.com@gmail.com","image":{"@type":"ImageObject","inLanguage":"en-GB","@id":"https:\/\/secure.gravatar.com\/avatar\/68592660ad6347fad0fb587f8d5d8f1a7b44961362f56e4f2cd524feb87e9069?s=96&d=mm&r=g","url":"https:\/\/secure.gravatar.com\/avatar\/68592660ad6347fad0fb587f8d5d8f1a7b44961362f56e4f2cd524feb87e9069?s=96&d=mm&r=g","contentUrl":"https:\/\/secure.gravatar.com\/avatar\/68592660ad6347fad0fb587f8d5d8f1a7b44961362f56e4f2cd524feb87e9069?s=96&d=mm&r=g","caption":"dmcsrbija.com@gmail.com"},"sameAs":["https:\/\/dmcsrb.com"],"url":"https:\/\/dmcsrb.com\/en\/author\/dmcsrbija-comgmail-com\/"}]}},"_links":{"self":[{"href":"https:\/\/dmcsrb.com\/en\/wp-json\/wp\/v2\/posts\/964800","targetHints":{"allow":["GET"]}}],"collection":[{"href":"https:\/\/dmcsrb.com\/en\/wp-json\/wp\/v2\/posts"}],"about":[{"href":"https:\/\/dmcsrb.com\/en\/wp-json\/wp\/v2\/types\/post"}],"author":[{"embeddable":true,"href":"https:\/\/dmcsrb.com\/en\/wp-json\/wp\/v2\/users\/1"}],"replies":[{"embeddable":true,"href":"https:\/\/dmcsrb.com\/en\/wp-json\/wp\/v2\/comments?post=964800"}],"version-history":[{"count":0,"href":"https:\/\/dmcsrb.com\/en\/wp-json\/wp\/v2\/posts\/964800\/revisions"}],"wp:featuredmedia":[{"embeddable":true,"href":"https:\/\/dmcsrb.com\/en\/wp-json\/wp\/v2\/media\/909624"}],"wp:attachment":[{"href":"https:\/\/dmcsrb.com\/en\/wp-json\/wp\/v2\/media?parent=964800"}],"wp:term":[{"taxonomy":"category","embeddable":true,"href":"https:\/\/dmcsrb.com\/en\/wp-json\/wp\/v2\/categories?post=964800"},{"taxonomy":"post_tag","embeddable":true,"href":"https:\/\/dmcsrb.com\/en\/wp-json\/wp\/v2\/tags?post=964800"},{"taxonomy":"naslovna","embeddable":true,"href":"https:\/\/dmcsrb.com\/en\/wp-json\/wp\/v2\/naslovna?post=964800"}],"curies":[{"name":"wp","href":"https:\/\/api.w.org\/{rel}","templated":true}]}}