{"id":964771,"date":"2025-11-20T20:04:00","date_gmt":"2025-11-20T19:04:00","guid":{"rendered":"https:\/\/dmcsrb.com\/uncategorized\/podgorica-predstavila-omladinske-politike-na-panel-diskusiji-youth-rights-and-participation-u-briselu\/"},"modified":"2025-11-20T20:04:00","modified_gmt":"2025-11-20T19:04:00","slug":"podgorica-predstavila-omladinske-politike-na-panel-diskusiji-youth-rights-and-participation-u-briselu","status":"publish","type":"post","link":"https:\/\/dmcsrb.com\/en\/podgorica\/podgorica-predstavila-omladinske-politike-na-panel-diskusiji-youth-rights-and-participation-u-briselu\/","title":{"rendered":"Podgorica predstavila omladinske politike na panel diskusiji \u201eYouth rights and participation\u201c u Briselu"},"content":{"rendered":"<p><\/p>\n\n\n\n<p>Vu\u010dini\u0107 je naglasio da je u\u010de\u0161\u0107e mladih u kreiranju javnih politika osnovni preduslov za izgradnju sna\u017enih i demokratskih zajednica. Istakao je da Podgorica kroz Kancelariju za mlade, Savjet za mlade i Omladinske klubove obezbje\u0111uje mehanizme koji mladima omogu\u0107avaju direktno uklju\u010divanje u procese dono\u0161enja odluka i kreiranje rje\u0161enja koja uti\u010du na njihov polo\u017eaj i razvoj.<\/p>\n\n\n\n<figure class=\"wp-block-image\"><img decoding=\"async\" src=\"https:\/\/podgorica.me\/wp-content\/uploads\/2025\/11\/1000087664-1024x1024.jpg\" alt=\"\" class=\"wp-image-57700\"\/><\/figure>\n\n\n\n<p>Posebno je ukazao na zna\u010daj partnerstva sa mladima, oslanjaju\u0107i se na kulturu dijaloga, povjerenje i dosljednu primjenu evropskih standarda, sa ciljem izgradnje dru\u0161tva koje aktivno prepoznaje potencijal i kreativnost mladih generacija. Kako je naglasio, klju\u010dne promjene po\u010dinju u lokalnim zajednicama, odakle inicijative mladih mogu prerasti u sna\u017ene pokrete na nacionalnom i evropskom nivou.<\/p>\n\n\n\n<figure class=\"wp-block-image\"><img decoding=\"async\" src=\"https:\/\/podgorica.me\/wp-content\/uploads\/2025\/11\/1000087662.jpg\" alt=\"\" class=\"wp-image-57699\"\/><\/figure>\n\n\n\n<p>Panel je zaklju\u010den motivacionom porukom upu\u0107enom mladima:\u201eVi ste ti koji stvarate grad, vi ste ti koji vodite dru\u0161tvo ka prosperitetu. Hajde da zajedno gradimo bolje dru\u0161tvo u kojem \u0107e mladi biti pokreta\u010dka snaga&#8221;.<\/p>\n\n\n\n<p>Podsje\u0107amo, delegaciju Glavnog grada \u010dinili su gradona\u010delnik Sa\u0161a Mujovi\u0107, predsjednica Skup\u0161tine Glavnog grada dr Jelena Borovini\u0107 Bojovi\u0107, sekretar Sekretarijata za socijalno staranje Stefan Ve\u0161ovi\u0107, rukovoditeljka Slu\u017ebe gradona\u010delnika Vesna Brajovi\u0107, Danilo Vu\u010dini\u0107 savjetnik u Kancelariji za mlade i Vladimir Perazi\u0107, generalni sekretar Mre\u017ee za mlade.<\/p>\n\n\n\n<p>Kandidatura Podgorice za titulu Evropske prijestonice mladih 2028. godine uspje\u0161no je predstavljena u Briselu, a rezultati \u0107e biti poznati 28. novembra 2025. godine.<\/p>","protected":false},"excerpt":{"rendered":"<p>Delegacija Glavnog grada Podgorice boravila je u Briselu povodom predstavljanja kandidature za titulu Evropske prijestonice mladih 2028, gdje je u okviru zvani\u010dnog programa odr\u017eana panel diskusija \u201eYouth rights and participation\u201c. Na panelu je u ime Glavnog grada govorio Danilo Vu\u010dini\u0107, savjetnik u Kancelariji za mlade, koji je predstavio strate\u0161ki pristup Podgorice u razvoju inkluzivnih i odr\u017eivih politika za mlade.<\/p>","protected":false},"author":1,"featured_media":964772,"comment_status":"open","ping_status":"open","sticky":false,"template":"","format":"standard","meta":{"_acf_changed":false,"footnotes":""},"categories":[56],"tags":[5514,405],"naslovna":[],"class_list":["post-964771","post","type-post","status-publish","format-standard","has-post-thumbnail","hentry","category-podgorica","tag-danilo-vucinic","tag-glavni-grad"],"acf":[],"yoast_head":"<!-- This site is optimized with the Yoast SEO plugin v27.4 - https:\/\/yoast.com\/product\/yoast-seo-wordpress\/ -->\n<title>Podgorica predstavila omladinske politike na panel diskusiji \u201eYouth rights and participation\u201c u Briselu - dmcsrb.com<\/title>\n<meta name=\"robots\" content=\"index, follow, max-snippet:-1, max-image-preview:large, max-video-preview:-1\" \/>\n<link rel=\"canonical\" href=\"https:\/\/dmcsrb.com\/en\/podgorica\/podgorica-predstavila-omladinske-politike-na-panel-diskusiji-youth-rights-and-participation-u-briselu\/\" \/>\n<meta property=\"og:locale\" content=\"en_GB\" \/>\n<meta property=\"og:type\" content=\"article\" \/>\n<meta property=\"og:title\" content=\"Podgorica predstavila omladinske politike na panel diskusiji \u201eYouth rights and participation\u201c u Briselu - dmcsrb.com\" \/>\n<meta property=\"og:description\" content=\"Delegacija Glavnog grada Podgorice boravila je u Briselu povodom predstavljanja kandidature za titulu Evropske prijestonice mladih 2028, gdje je u okviru zvani\u010dnog programa odr\u017eana panel diskusija \u201eYouth rights and participation\u201c. Na panelu je u ime Glavnog grada govorio Danilo Vu\u010dini\u0107, savjetnik u Kancelariji za mlade, koji je predstavio strate\u0161ki pristup Podgorice u razvoju inkluzivnih i odr\u017eivih politika za mlade.\" \/>\n<meta property=\"og:url\" content=\"https:\/\/dmcsrb.com\/en\/podgorica\/podgorica-predstavila-omladinske-politike-na-panel-diskusiji-youth-rights-and-participation-u-briselu\/\" \/>\n<meta property=\"og:site_name\" content=\"dmcsrb.com\" \/>\n<meta property=\"article:published_time\" content=\"2025-11-20T19:04:00+00:00\" \/>\n<meta property=\"og:image\" content=\"https:\/\/dmcsrb.com\/wp-content\/uploads\/2026\/01\/EYC-predstavljanje-foto-glavni-grad.webp\" \/>\n\t<meta property=\"og:image:width\" content=\"767\" \/>\n\t<meta property=\"og:image:height\" content=\"493\" \/>\n\t<meta property=\"og:image:type\" content=\"image\/jpeg\" \/>\n<meta name=\"author\" content=\"dmcsrbija.com@gmail.com\" \/>\n<meta name=\"twitter:card\" content=\"summary_large_image\" \/>\n<meta name=\"twitter:label1\" content=\"Written by\" \/>\n\t<meta name=\"twitter:data1\" content=\"dmcsrbija.com@gmail.com\" \/>\n\t<meta name=\"twitter:label2\" content=\"Estimated reading time\" \/>\n\t<meta name=\"twitter:data2\" content=\"1 minute\" \/>\n<script type=\"application\/ld+json\" class=\"yoast-schema-graph\">{\"@context\":\"https:\\\/\\\/schema.org\",\"@graph\":[{\"@type\":\"Article\",\"@id\":\"https:\\\/\\\/dmcsrb.com\\\/podgorica\\\/podgorica-predstavila-omladinske-politike-na-panel-diskusiji-youth-rights-and-participation-u-briselu\\\/#article\",\"isPartOf\":{\"@id\":\"https:\\\/\\\/dmcsrb.com\\\/podgorica\\\/podgorica-predstavila-omladinske-politike-na-panel-diskusiji-youth-rights-and-participation-u-briselu\\\/\"},\"author\":{\"name\":\"dmcsrbija.com@gmail.com\",\"@id\":\"https:\\\/\\\/dmcsrb.com\\\/#\\\/schema\\\/person\\\/5c39170f12db1b8b457732d0b5c854e2\"},\"headline\":\"Podgorica predstavila omladinske politike na panel diskusiji \u201eYouth rights and participation\u201c u Briselu\",\"datePublished\":\"2025-11-20T19:04:00+00:00\",\"mainEntityOfPage\":{\"@id\":\"https:\\\/\\\/dmcsrb.com\\\/podgorica\\\/podgorica-predstavila-omladinske-politike-na-panel-diskusiji-youth-rights-and-participation-u-briselu\\\/\"},\"wordCount\":250,\"commentCount\":0,\"image\":{\"@id\":\"https:\\\/\\\/dmcsrb.com\\\/podgorica\\\/podgorica-predstavila-omladinske-politike-na-panel-diskusiji-youth-rights-and-participation-u-briselu\\\/#primaryimage\"},\"thumbnailUrl\":\"https:\\\/\\\/dmcsrb.com\\\/wp-content\\\/uploads\\\/2026\\\/01\\\/EYC-predstavljanje-foto-glavni-grad.webp\",\"keywords\":[\"Danilo Vu\u010dini\u0107\",\"glavni grad\"],\"articleSection\":[\"Podgorica\"],\"inLanguage\":\"en-GB\",\"potentialAction\":[{\"@type\":\"CommentAction\",\"name\":\"Comment\",\"target\":[\"https:\\\/\\\/dmcsrb.com\\\/podgorica\\\/podgorica-predstavila-omladinske-politike-na-panel-diskusiji-youth-rights-and-participation-u-briselu\\\/#respond\"]}]},{\"@type\":\"WebPage\",\"@id\":\"https:\\\/\\\/dmcsrb.com\\\/podgorica\\\/podgorica-predstavila-omladinske-politike-na-panel-diskusiji-youth-rights-and-participation-u-briselu\\\/\",\"url\":\"https:\\\/\\\/dmcsrb.com\\\/podgorica\\\/podgorica-predstavila-omladinske-politike-na-panel-diskusiji-youth-rights-and-participation-u-briselu\\\/\",\"name\":\"Podgorica predstavila omladinske politike na panel diskusiji \u201eYouth rights and participation\u201c u Briselu - dmcsrb.com\",\"isPartOf\":{\"@id\":\"https:\\\/\\\/dmcsrb.com\\\/#website\"},\"primaryImageOfPage\":{\"@id\":\"https:\\\/\\\/dmcsrb.com\\\/podgorica\\\/podgorica-predstavila-omladinske-politike-na-panel-diskusiji-youth-rights-and-participation-u-briselu\\\/#primaryimage\"},\"image\":{\"@id\":\"https:\\\/\\\/dmcsrb.com\\\/podgorica\\\/podgorica-predstavila-omladinske-politike-na-panel-diskusiji-youth-rights-and-participation-u-briselu\\\/#primaryimage\"},\"thumbnailUrl\":\"https:\\\/\\\/dmcsrb.com\\\/wp-content\\\/uploads\\\/2026\\\/01\\\/EYC-predstavljanje-foto-glavni-grad.webp\",\"datePublished\":\"2025-11-20T19:04:00+00:00\",\"author\":{\"@id\":\"https:\\\/\\\/dmcsrb.com\\\/#\\\/schema\\\/person\\\/5c39170f12db1b8b457732d0b5c854e2\"},\"breadcrumb\":{\"@id\":\"https:\\\/\\\/dmcsrb.com\\\/podgorica\\\/podgorica-predstavila-omladinske-politike-na-panel-diskusiji-youth-rights-and-participation-u-briselu\\\/#breadcrumb\"},\"inLanguage\":\"en-GB\",\"potentialAction\":[{\"@type\":\"ReadAction\",\"target\":[\"https:\\\/\\\/dmcsrb.com\\\/podgorica\\\/podgorica-predstavila-omladinske-politike-na-panel-diskusiji-youth-rights-and-participation-u-briselu\\\/\"]}]},{\"@type\":\"ImageObject\",\"inLanguage\":\"en-GB\",\"@id\":\"https:\\\/\\\/dmcsrb.com\\\/podgorica\\\/podgorica-predstavila-omladinske-politike-na-panel-diskusiji-youth-rights-and-participation-u-briselu\\\/#primaryimage\",\"url\":\"https:\\\/\\\/dmcsrb.com\\\/wp-content\\\/uploads\\\/2026\\\/01\\\/EYC-predstavljanje-foto-glavni-grad.webp\",\"contentUrl\":\"https:\\\/\\\/dmcsrb.com\\\/wp-content\\\/uploads\\\/2026\\\/01\\\/EYC-predstavljanje-foto-glavni-grad.webp\",\"width\":767,\"height\":493},{\"@type\":\"BreadcrumbList\",\"@id\":\"https:\\\/\\\/dmcsrb.com\\\/podgorica\\\/podgorica-predstavila-omladinske-politike-na-panel-diskusiji-youth-rights-and-participation-u-briselu\\\/#breadcrumb\",\"itemListElement\":[{\"@type\":\"ListItem\",\"position\":1,\"name\":\"Home\",\"item\":\"https:\\\/\\\/dmcsrb.com\\\/\"},{\"@type\":\"ListItem\",\"position\":2,\"name\":\"Podgorica predstavila omladinske politike na panel diskusiji \u201eYouth rights and participation\u201c u Briselu\"}]},{\"@type\":\"WebSite\",\"@id\":\"https:\\\/\\\/dmcsrb.com\\\/#website\",\"url\":\"https:\\\/\\\/dmcsrb.com\\\/\",\"name\":\"dmcsrb.com\",\"description\":\"\",\"potentialAction\":[{\"@type\":\"SearchAction\",\"target\":{\"@type\":\"EntryPoint\",\"urlTemplate\":\"https:\\\/\\\/dmcsrb.com\\\/?s={search_term_string}\"},\"query-input\":{\"@type\":\"PropertyValueSpecification\",\"valueRequired\":true,\"valueName\":\"search_term_string\"}}],\"inLanguage\":\"en-GB\"},{\"@type\":\"Person\",\"@id\":\"https:\\\/\\\/dmcsrb.com\\\/#\\\/schema\\\/person\\\/5c39170f12db1b8b457732d0b5c854e2\",\"name\":\"dmcsrbija.com@gmail.com\",\"image\":{\"@type\":\"ImageObject\",\"inLanguage\":\"en-GB\",\"@id\":\"https:\\\/\\\/secure.gravatar.com\\\/avatar\\\/68592660ad6347fad0fb587f8d5d8f1a7b44961362f56e4f2cd524feb87e9069?s=96&d=mm&r=g\",\"url\":\"https:\\\/\\\/secure.gravatar.com\\\/avatar\\\/68592660ad6347fad0fb587f8d5d8f1a7b44961362f56e4f2cd524feb87e9069?s=96&d=mm&r=g\",\"contentUrl\":\"https:\\\/\\\/secure.gravatar.com\\\/avatar\\\/68592660ad6347fad0fb587f8d5d8f1a7b44961362f56e4f2cd524feb87e9069?s=96&d=mm&r=g\",\"caption\":\"dmcsrbija.com@gmail.com\"},\"sameAs\":[\"https:\\\/\\\/dmcsrb.com\"],\"url\":\"https:\\\/\\\/dmcsrb.com\\\/en\\\/author\\\/dmcsrbija-comgmail-com\\\/\"}]}<\/script>\n<!-- \/ Yoast SEO plugin. -->","yoast_head_json":{"title":"Podgorica predstavila omladinske politike na panel diskusiji \u201eYouth rights and participation\u201c u Briselu - dmcsrb.com","robots":{"index":"index","follow":"follow","max-snippet":"max-snippet:-1","max-image-preview":"max-image-preview:large","max-video-preview":"max-video-preview:-1"},"canonical":"https:\/\/dmcsrb.com\/en\/podgorica\/podgorica-predstavila-omladinske-politike-na-panel-diskusiji-youth-rights-and-participation-u-briselu\/","og_locale":"en_GB","og_type":"article","og_title":"Podgorica predstavila omladinske politike na panel diskusiji \u201eYouth rights and participation\u201c u Briselu - dmcsrb.com","og_description":"Delegacija Glavnog grada Podgorice boravila je u Briselu povodom predstavljanja kandidature za titulu Evropske prijestonice mladih 2028, gdje je u okviru zvani\u010dnog programa odr\u017eana panel diskusija \u201eYouth rights and participation\u201c. Na panelu je u ime Glavnog grada govorio Danilo Vu\u010dini\u0107, savjetnik u Kancelariji za mlade, koji je predstavio strate\u0161ki pristup Podgorice u razvoju inkluzivnih i odr\u017eivih politika za mlade.","og_url":"https:\/\/dmcsrb.com\/en\/podgorica\/podgorica-predstavila-omladinske-politike-na-panel-diskusiji-youth-rights-and-participation-u-briselu\/","og_site_name":"dmcsrb.com","article_published_time":"2025-11-20T19:04:00+00:00","og_image":[{"width":767,"height":493,"url":"https:\/\/dmcsrb.com\/wp-content\/uploads\/2026\/01\/EYC-predstavljanje-foto-glavni-grad.webp","type":"image\/jpeg"}],"author":"dmcsrbija.com@gmail.com","twitter_card":"summary_large_image","twitter_misc":{"Written by":"dmcsrbija.com@gmail.com","Estimated reading time":"1 minute"},"schema":{"@context":"https:\/\/schema.org","@graph":[{"@type":"Article","@id":"https:\/\/dmcsrb.com\/podgorica\/podgorica-predstavila-omladinske-politike-na-panel-diskusiji-youth-rights-and-participation-u-briselu\/#article","isPartOf":{"@id":"https:\/\/dmcsrb.com\/podgorica\/podgorica-predstavila-omladinske-politike-na-panel-diskusiji-youth-rights-and-participation-u-briselu\/"},"author":{"name":"dmcsrbija.com@gmail.com","@id":"https:\/\/dmcsrb.com\/#\/schema\/person\/5c39170f12db1b8b457732d0b5c854e2"},"headline":"Podgorica predstavila omladinske politike na panel diskusiji \u201eYouth rights and participation\u201c u Briselu","datePublished":"2025-11-20T19:04:00+00:00","mainEntityOfPage":{"@id":"https:\/\/dmcsrb.com\/podgorica\/podgorica-predstavila-omladinske-politike-na-panel-diskusiji-youth-rights-and-participation-u-briselu\/"},"wordCount":250,"commentCount":0,"image":{"@id":"https:\/\/dmcsrb.com\/podgorica\/podgorica-predstavila-omladinske-politike-na-panel-diskusiji-youth-rights-and-participation-u-briselu\/#primaryimage"},"thumbnailUrl":"https:\/\/dmcsrb.com\/wp-content\/uploads\/2026\/01\/EYC-predstavljanje-foto-glavni-grad.webp","keywords":["Danilo Vu\u010dini\u0107","glavni grad"],"articleSection":["Podgorica"],"inLanguage":"en-GB","potentialAction":[{"@type":"CommentAction","name":"Comment","target":["https:\/\/dmcsrb.com\/podgorica\/podgorica-predstavila-omladinske-politike-na-panel-diskusiji-youth-rights-and-participation-u-briselu\/#respond"]}]},{"@type":"WebPage","@id":"https:\/\/dmcsrb.com\/podgorica\/podgorica-predstavila-omladinske-politike-na-panel-diskusiji-youth-rights-and-participation-u-briselu\/","url":"https:\/\/dmcsrb.com\/podgorica\/podgorica-predstavila-omladinske-politike-na-panel-diskusiji-youth-rights-and-participation-u-briselu\/","name":"Podgorica predstavila omladinske politike na panel diskusiji \u201eYouth rights and participation\u201c u Briselu - dmcsrb.com","isPartOf":{"@id":"https:\/\/dmcsrb.com\/#website"},"primaryImageOfPage":{"@id":"https:\/\/dmcsrb.com\/podgorica\/podgorica-predstavila-omladinske-politike-na-panel-diskusiji-youth-rights-and-participation-u-briselu\/#primaryimage"},"image":{"@id":"https:\/\/dmcsrb.com\/podgorica\/podgorica-predstavila-omladinske-politike-na-panel-diskusiji-youth-rights-and-participation-u-briselu\/#primaryimage"},"thumbnailUrl":"https:\/\/dmcsrb.com\/wp-content\/uploads\/2026\/01\/EYC-predstavljanje-foto-glavni-grad.webp","datePublished":"2025-11-20T19:04:00+00:00","author":{"@id":"https:\/\/dmcsrb.com\/#\/schema\/person\/5c39170f12db1b8b457732d0b5c854e2"},"breadcrumb":{"@id":"https:\/\/dmcsrb.com\/podgorica\/podgorica-predstavila-omladinske-politike-na-panel-diskusiji-youth-rights-and-participation-u-briselu\/#breadcrumb"},"inLanguage":"en-GB","potentialAction":[{"@type":"ReadAction","target":["https:\/\/dmcsrb.com\/podgorica\/podgorica-predstavila-omladinske-politike-na-panel-diskusiji-youth-rights-and-participation-u-briselu\/"]}]},{"@type":"ImageObject","inLanguage":"en-GB","@id":"https:\/\/dmcsrb.com\/podgorica\/podgorica-predstavila-omladinske-politike-na-panel-diskusiji-youth-rights-and-participation-u-briselu\/#primaryimage","url":"https:\/\/dmcsrb.com\/wp-content\/uploads\/2026\/01\/EYC-predstavljanje-foto-glavni-grad.webp","contentUrl":"https:\/\/dmcsrb.com\/wp-content\/uploads\/2026\/01\/EYC-predstavljanje-foto-glavni-grad.webp","width":767,"height":493},{"@type":"BreadcrumbList","@id":"https:\/\/dmcsrb.com\/podgorica\/podgorica-predstavila-omladinske-politike-na-panel-diskusiji-youth-rights-and-participation-u-briselu\/#breadcrumb","itemListElement":[{"@type":"ListItem","position":1,"name":"Home","item":"https:\/\/dmcsrb.com\/"},{"@type":"ListItem","position":2,"name":"Podgorica predstavila omladinske politike na panel diskusiji \u201eYouth rights and participation\u201c u Briselu"}]},{"@type":"WebSite","@id":"https:\/\/dmcsrb.com\/#website","url":"https:\/\/dmcsrb.com\/","name":"dmcsrb.com","description":"","potentialAction":[{"@type":"SearchAction","target":{"@type":"EntryPoint","urlTemplate":"https:\/\/dmcsrb.com\/?s={search_term_string}"},"query-input":{"@type":"PropertyValueSpecification","valueRequired":true,"valueName":"search_term_string"}}],"inLanguage":"en-GB"},{"@type":"Person","@id":"https:\/\/dmcsrb.com\/#\/schema\/person\/5c39170f12db1b8b457732d0b5c854e2","name":"dmcsrbija.com@gmail.com","image":{"@type":"ImageObject","inLanguage":"en-GB","@id":"https:\/\/secure.gravatar.com\/avatar\/68592660ad6347fad0fb587f8d5d8f1a7b44961362f56e4f2cd524feb87e9069?s=96&d=mm&r=g","url":"https:\/\/secure.gravatar.com\/avatar\/68592660ad6347fad0fb587f8d5d8f1a7b44961362f56e4f2cd524feb87e9069?s=96&d=mm&r=g","contentUrl":"https:\/\/secure.gravatar.com\/avatar\/68592660ad6347fad0fb587f8d5d8f1a7b44961362f56e4f2cd524feb87e9069?s=96&d=mm&r=g","caption":"dmcsrbija.com@gmail.com"},"sameAs":["https:\/\/dmcsrb.com"],"url":"https:\/\/dmcsrb.com\/en\/author\/dmcsrbija-comgmail-com\/"}]}},"_links":{"self":[{"href":"https:\/\/dmcsrb.com\/en\/wp-json\/wp\/v2\/posts\/964771","targetHints":{"allow":["GET"]}}],"collection":[{"href":"https:\/\/dmcsrb.com\/en\/wp-json\/wp\/v2\/posts"}],"about":[{"href":"https:\/\/dmcsrb.com\/en\/wp-json\/wp\/v2\/types\/post"}],"author":[{"embeddable":true,"href":"https:\/\/dmcsrb.com\/en\/wp-json\/wp\/v2\/users\/1"}],"replies":[{"embeddable":true,"href":"https:\/\/dmcsrb.com\/en\/wp-json\/wp\/v2\/comments?post=964771"}],"version-history":[{"count":0,"href":"https:\/\/dmcsrb.com\/en\/wp-json\/wp\/v2\/posts\/964771\/revisions"}],"wp:featuredmedia":[{"embeddable":true,"href":"https:\/\/dmcsrb.com\/en\/wp-json\/wp\/v2\/media\/964772"}],"wp:attachment":[{"href":"https:\/\/dmcsrb.com\/en\/wp-json\/wp\/v2\/media?parent=964771"}],"wp:term":[{"taxonomy":"category","embeddable":true,"href":"https:\/\/dmcsrb.com\/en\/wp-json\/wp\/v2\/categories?post=964771"},{"taxonomy":"post_tag","embeddable":true,"href":"https:\/\/dmcsrb.com\/en\/wp-json\/wp\/v2\/tags?post=964771"},{"taxonomy":"naslovna","embeddable":true,"href":"https:\/\/dmcsrb.com\/en\/wp-json\/wp\/v2\/naslovna?post=964771"}],"curies":[{"name":"wp","href":"https:\/\/api.w.org\/{rel}","templated":true}]}}