{"id":964762,"date":"2025-11-21T06:30:00","date_gmt":"2025-11-21T05:30:00","guid":{"rendered":"https:\/\/dmcsrb.com\/uncategorized\/video-zbog-neposjedovanja-zimske-opreme-u-ovoj-godini-kaznjeno-376-vozaca\/"},"modified":"2025-11-21T06:30:00","modified_gmt":"2025-11-21T05:30:00","slug":"video-zbog-neposjedovanja-zimske-opreme-u-ovoj-godini-kaznjeno-376-vozaca","status":"publish","type":"post","link":"https:\/\/dmcsrb.com\/en\/drustvo\/video-zbog-neposjedovanja-zimske-opreme-u-ovoj-godini-kaznjeno-376-vozaca\/","title":{"rendered":"(VIDEO) Zbog neposjedovanja zimske opreme u ovoj godini ka\u017enjeno 376 voza\u010da"},"content":{"rendered":"<p><\/p>\n\n\n\n<p>Crna Gora ima razli\u010dite klimatske zone \u2013 tokom zime snijeg i led su \u010desti na sjeveru, dok je na primorju uglavnom suprotno. Zato u primorskim gradovima zimske gume nijesu obavezne, ako nema snijega i poledice, ali je na pneumatiku obavezna minimalna dubina \u0161are od \u010detiri milimetra, jer istra\u017eivanja pokazuju da nedovoljna dubina zna\u010dajno produ\u017eava zaustavni put i pove\u0107ava broj nezgoda.<\/p>\n\n\n\n<p>&#8220;Mi imamo u zimskim uslovima ki\u0161u, pojavu leda, snijega, poledice i sli\u010dno. Sve su to faktori koji smanjuju koeficijent prijanjanja odnosno mogu\u0107nost vozila da se zadr\u017ei na kolovoznoj povr\u0161ini&#8221;, kazao je <strong>Bo\u0161ko Matovi\u0107<\/strong> sa Ma\u0161inskog fakulteta.<\/p>\n\n\n\n<p>Stru\u010dnjaci upozoravaju da mnogi voza\u010di ne mogu da prepoznaju poledicu, pa su na kriti\u010dnim dionicama istaknuta dodatna upozorenja.<\/p>\n\n\n\n<p>&#8220;Ta odredba jeste opravdana zato \u0161to imamo razli\u010dite voza\u010de i svaki voza\u010d nekada nije u stanju da procijeni da li su te vremenske okolnosti povoljne za njega ili ne. Da li \u0107e prepoznati poledicu na kolovozu to je veliko pitanje&#8221;, naveo je Matovi\u0107.<\/p>\n\n\n\n<p>Dodatni problem, kako ka\u017ee, je i pogre\u0161an pritisak u gumama \u2013 prisutan na svakom \u010detvrtom automobile.<\/p>\n\n\n\n<p>&#8220;Naravno, sada kako imamo nova vozila, imamo i one senzore koji nas upozoravaju, daju nam tu informaciju, da je neophodno preventivno djelovati na to, pa je taj procenat mo\u017eda u zadnje vrijeme malo manji. S druge strane, istro\u0161enost pneumatika je ne\u0161to \u0161to je va\u017eno, pogotovo u zemljama koje su u razvoju gdje mo\u017eda ekonomska situacija ne ide na ruku&#8221;, kazao je Matovi\u0107.<\/p>\n\n\n\n<p>Kvalitetne i ispravno odr\u017eavane gume klju\u010d su bezbjedne vo\u017enje u toku zime. Stru\u010dnjaci poru\u010duju \u2013 pravovremena priprema vozila mo\u017ee sprije\u010diti najte\u017ee posljedice na putevima.<\/p>\n\n\n\n<figure class=\"wp-block-embed is-type-video is-provider-youtube wp-block-embed-youtube wp-embed-aspect-16-9 wp-has-aspect-ratio\"><div class=\"wp-block-embed__wrapper\">\n<iframe loading=\"lazy\" title=\"Zbog neposjedovanja zimske opreme u ovoj godini ka\u017enjeno 376 voza\u010da\" width=\"500\" height=\"281\" src=\"https:\/\/www.youtube.com\/embed\/10LX822bQqw?feature=oembed\" frameborder=\"0\" allow=\"accelerometer; autoplay; clipboard-write; encrypted-media; gyroscope; picture-in-picture; web-share\" referrerpolicy=\"strict-origin-when-cross-origin\" allowfullscreen><\/iframe>\n<\/div><\/figure>","protected":false},"excerpt":{"rendered":"<p>Od 15. novembra u Crnoj Gori obavezna je upotreba zimske opreme i pneumatika na vozilima. Zbog razli\u010ditih klimatskih uslova, ta obaveza se ne primjenjuje isto u svim krajevima zemlje, obja\u0161njava profesor Ma\u0161inskog fakulteta, Bo\u0161ko Matovi\u0107. Prema podacima policije, ove godine zbog nepravilne upotrebe zimske opreme sankcionisano je 376 voza\u010da, me\u0111u kojima samo pet u Podgorici.<\/p>","protected":false},"author":1,"featured_media":917085,"comment_status":"open","ping_status":"open","sticky":false,"template":"","format":"standard","meta":{"_acf_changed":false,"footnotes":""},"categories":[2],"tags":[1863,1945,14948],"naslovna":[],"class_list":["post-964762","post","type-post","status-publish","format-standard","has-post-thumbnail","hentry","category-drustvo","tag-bosko-matovic","tag-gume","tag-zimska-oprema"],"acf":[],"yoast_head":"<!-- This site is optimized with the Yoast SEO plugin v27.4 - https:\/\/yoast.com\/product\/yoast-seo-wordpress\/ -->\n<title>(VIDEO) Zbog neposjedovanja zimske opreme u ovoj godini ka\u017enjeno 376 voza\u010da - dmcsrb.com<\/title>\n<meta name=\"robots\" content=\"index, follow, max-snippet:-1, max-image-preview:large, max-video-preview:-1\" \/>\n<link rel=\"canonical\" href=\"https:\/\/dmcsrb.com\/en\/drustvo\/video-zbog-neposjedovanja-zimske-opreme-u-ovoj-godini-kaznjeno-376-vozaca\/\" \/>\n<meta property=\"og:locale\" content=\"en_GB\" \/>\n<meta property=\"og:type\" content=\"article\" \/>\n<meta property=\"og:title\" content=\"(VIDEO) Zbog neposjedovanja zimske opreme u ovoj godini ka\u017enjeno 376 voza\u010da - dmcsrb.com\" \/>\n<meta property=\"og:description\" content=\"Od 15. novembra u Crnoj Gori obavezna je upotreba zimske opreme i pneumatika na vozilima. Zbog razli\u010ditih klimatskih uslova, ta obaveza se ne primjenjuje isto u svim krajevima zemlje, obja\u0161njava profesor Ma\u0161inskog fakulteta, Bo\u0161ko Matovi\u0107. Prema podacima policije, ove godine zbog nepravilne upotrebe zimske opreme sankcionisano je 376 voza\u010da, me\u0111u kojima samo pet u Podgorici.\" \/>\n<meta property=\"og:url\" content=\"https:\/\/dmcsrb.com\/en\/drustvo\/video-zbog-neposjedovanja-zimske-opreme-u-ovoj-godini-kaznjeno-376-vozaca\/\" \/>\n<meta property=\"og:site_name\" content=\"dmcsrb.com\" \/>\n<meta property=\"article:published_time\" content=\"2025-11-21T05:30:00+00:00\" \/>\n<meta property=\"og:image\" content=\"https:\/\/dmcsrb.com\/wp-content\/uploads\/2026\/01\/snijeg-poledica-put-zimski-uslovi-2-foto-rtv-podgorica.jpg\" \/>\n\t<meta property=\"og:image:width\" content=\"992\" \/>\n\t<meta property=\"og:image:height\" content=\"541\" \/>\n\t<meta property=\"og:image:type\" content=\"image\/jpeg\" \/>\n<meta name=\"author\" content=\"dmcsrbija.com@gmail.com\" \/>\n<meta name=\"twitter:card\" content=\"summary_large_image\" \/>\n<meta name=\"twitter:label1\" content=\"Written by\" \/>\n\t<meta name=\"twitter:data1\" content=\"dmcsrbija.com@gmail.com\" \/>\n\t<meta name=\"twitter:label2\" content=\"Estimated reading time\" \/>\n\t<meta name=\"twitter:data2\" content=\"1 minute\" \/>\n<script type=\"application\/ld+json\" class=\"yoast-schema-graph\">{\"@context\":\"https:\\\/\\\/schema.org\",\"@graph\":[{\"@type\":\"Article\",\"@id\":\"https:\\\/\\\/dmcsrb.com\\\/drustvo\\\/video-zbog-neposjedovanja-zimske-opreme-u-ovoj-godini-kaznjeno-376-vozaca\\\/#article\",\"isPartOf\":{\"@id\":\"https:\\\/\\\/dmcsrb.com\\\/drustvo\\\/video-zbog-neposjedovanja-zimske-opreme-u-ovoj-godini-kaznjeno-376-vozaca\\\/\"},\"author\":{\"name\":\"dmcsrbija.com@gmail.com\",\"@id\":\"https:\\\/\\\/dmcsrb.com\\\/#\\\/schema\\\/person\\\/5c39170f12db1b8b457732d0b5c854e2\"},\"headline\":\"(VIDEO) Zbog neposjedovanja zimske opreme u ovoj godini ka\u017enjeno 376 voza\u010da\",\"datePublished\":\"2025-11-21T05:30:00+00:00\",\"mainEntityOfPage\":{\"@id\":\"https:\\\/\\\/dmcsrb.com\\\/drustvo\\\/video-zbog-neposjedovanja-zimske-opreme-u-ovoj-godini-kaznjeno-376-vozaca\\\/\"},\"wordCount\":307,\"commentCount\":0,\"image\":{\"@id\":\"https:\\\/\\\/dmcsrb.com\\\/drustvo\\\/video-zbog-neposjedovanja-zimske-opreme-u-ovoj-godini-kaznjeno-376-vozaca\\\/#primaryimage\"},\"thumbnailUrl\":\"https:\\\/\\\/dmcsrb.com\\\/wp-content\\\/uploads\\\/2026\\\/01\\\/snijeg-poledica-put-zimski-uslovi-2-foto-rtv-podgorica.jpg\",\"keywords\":[\"Bo\u0161ko Matovi\u0107\",\"gume\",\"Zimska oprema\"],\"articleSection\":[\"Dru\u0161tvo\"],\"inLanguage\":\"en-GB\",\"potentialAction\":[{\"@type\":\"CommentAction\",\"name\":\"Comment\",\"target\":[\"https:\\\/\\\/dmcsrb.com\\\/drustvo\\\/video-zbog-neposjedovanja-zimske-opreme-u-ovoj-godini-kaznjeno-376-vozaca\\\/#respond\"]}]},{\"@type\":\"WebPage\",\"@id\":\"https:\\\/\\\/dmcsrb.com\\\/drustvo\\\/video-zbog-neposjedovanja-zimske-opreme-u-ovoj-godini-kaznjeno-376-vozaca\\\/\",\"url\":\"https:\\\/\\\/dmcsrb.com\\\/drustvo\\\/video-zbog-neposjedovanja-zimske-opreme-u-ovoj-godini-kaznjeno-376-vozaca\\\/\",\"name\":\"(VIDEO) Zbog neposjedovanja zimske opreme u ovoj godini ka\u017enjeno 376 voza\u010da - dmcsrb.com\",\"isPartOf\":{\"@id\":\"https:\\\/\\\/dmcsrb.com\\\/#website\"},\"primaryImageOfPage\":{\"@id\":\"https:\\\/\\\/dmcsrb.com\\\/drustvo\\\/video-zbog-neposjedovanja-zimske-opreme-u-ovoj-godini-kaznjeno-376-vozaca\\\/#primaryimage\"},\"image\":{\"@id\":\"https:\\\/\\\/dmcsrb.com\\\/drustvo\\\/video-zbog-neposjedovanja-zimske-opreme-u-ovoj-godini-kaznjeno-376-vozaca\\\/#primaryimage\"},\"thumbnailUrl\":\"https:\\\/\\\/dmcsrb.com\\\/wp-content\\\/uploads\\\/2026\\\/01\\\/snijeg-poledica-put-zimski-uslovi-2-foto-rtv-podgorica.jpg\",\"datePublished\":\"2025-11-21T05:30:00+00:00\",\"author\":{\"@id\":\"https:\\\/\\\/dmcsrb.com\\\/#\\\/schema\\\/person\\\/5c39170f12db1b8b457732d0b5c854e2\"},\"breadcrumb\":{\"@id\":\"https:\\\/\\\/dmcsrb.com\\\/drustvo\\\/video-zbog-neposjedovanja-zimske-opreme-u-ovoj-godini-kaznjeno-376-vozaca\\\/#breadcrumb\"},\"inLanguage\":\"en-GB\",\"potentialAction\":[{\"@type\":\"ReadAction\",\"target\":[\"https:\\\/\\\/dmcsrb.com\\\/drustvo\\\/video-zbog-neposjedovanja-zimske-opreme-u-ovoj-godini-kaznjeno-376-vozaca\\\/\"]}]},{\"@type\":\"ImageObject\",\"inLanguage\":\"en-GB\",\"@id\":\"https:\\\/\\\/dmcsrb.com\\\/drustvo\\\/video-zbog-neposjedovanja-zimske-opreme-u-ovoj-godini-kaznjeno-376-vozaca\\\/#primaryimage\",\"url\":\"https:\\\/\\\/dmcsrb.com\\\/wp-content\\\/uploads\\\/2026\\\/01\\\/snijeg-poledica-put-zimski-uslovi-2-foto-rtv-podgorica.jpg\",\"contentUrl\":\"https:\\\/\\\/dmcsrb.com\\\/wp-content\\\/uploads\\\/2026\\\/01\\\/snijeg-poledica-put-zimski-uslovi-2-foto-rtv-podgorica.jpg\",\"width\":992,\"height\":541},{\"@type\":\"BreadcrumbList\",\"@id\":\"https:\\\/\\\/dmcsrb.com\\\/drustvo\\\/video-zbog-neposjedovanja-zimske-opreme-u-ovoj-godini-kaznjeno-376-vozaca\\\/#breadcrumb\",\"itemListElement\":[{\"@type\":\"ListItem\",\"position\":1,\"name\":\"Home\",\"item\":\"https:\\\/\\\/dmcsrb.com\\\/\"},{\"@type\":\"ListItem\",\"position\":2,\"name\":\"(VIDEO) Zbog neposjedovanja zimske opreme u ovoj godini ka\u017enjeno 376 voza\u010da\"}]},{\"@type\":\"WebSite\",\"@id\":\"https:\\\/\\\/dmcsrb.com\\\/#website\",\"url\":\"https:\\\/\\\/dmcsrb.com\\\/\",\"name\":\"dmcsrb.com\",\"description\":\"\",\"potentialAction\":[{\"@type\":\"SearchAction\",\"target\":{\"@type\":\"EntryPoint\",\"urlTemplate\":\"https:\\\/\\\/dmcsrb.com\\\/?s={search_term_string}\"},\"query-input\":{\"@type\":\"PropertyValueSpecification\",\"valueRequired\":true,\"valueName\":\"search_term_string\"}}],\"inLanguage\":\"en-GB\"},{\"@type\":\"Person\",\"@id\":\"https:\\\/\\\/dmcsrb.com\\\/#\\\/schema\\\/person\\\/5c39170f12db1b8b457732d0b5c854e2\",\"name\":\"dmcsrbija.com@gmail.com\",\"image\":{\"@type\":\"ImageObject\",\"inLanguage\":\"en-GB\",\"@id\":\"https:\\\/\\\/secure.gravatar.com\\\/avatar\\\/68592660ad6347fad0fb587f8d5d8f1a7b44961362f56e4f2cd524feb87e9069?s=96&d=mm&r=g\",\"url\":\"https:\\\/\\\/secure.gravatar.com\\\/avatar\\\/68592660ad6347fad0fb587f8d5d8f1a7b44961362f56e4f2cd524feb87e9069?s=96&d=mm&r=g\",\"contentUrl\":\"https:\\\/\\\/secure.gravatar.com\\\/avatar\\\/68592660ad6347fad0fb587f8d5d8f1a7b44961362f56e4f2cd524feb87e9069?s=96&d=mm&r=g\",\"caption\":\"dmcsrbija.com@gmail.com\"},\"sameAs\":[\"https:\\\/\\\/dmcsrb.com\"],\"url\":\"https:\\\/\\\/dmcsrb.com\\\/en\\\/author\\\/dmcsrbija-comgmail-com\\\/\"}]}<\/script>\n<!-- \/ Yoast SEO plugin. -->","yoast_head_json":{"title":"(VIDEO) Zbog neposjedovanja zimske opreme u ovoj godini ka\u017enjeno 376 voza\u010da - dmcsrb.com","robots":{"index":"index","follow":"follow","max-snippet":"max-snippet:-1","max-image-preview":"max-image-preview:large","max-video-preview":"max-video-preview:-1"},"canonical":"https:\/\/dmcsrb.com\/en\/drustvo\/video-zbog-neposjedovanja-zimske-opreme-u-ovoj-godini-kaznjeno-376-vozaca\/","og_locale":"en_GB","og_type":"article","og_title":"(VIDEO) Zbog neposjedovanja zimske opreme u ovoj godini ka\u017enjeno 376 voza\u010da - dmcsrb.com","og_description":"Od 15. novembra u Crnoj Gori obavezna je upotreba zimske opreme i pneumatika na vozilima. Zbog razli\u010ditih klimatskih uslova, ta obaveza se ne primjenjuje isto u svim krajevima zemlje, obja\u0161njava profesor Ma\u0161inskog fakulteta, Bo\u0161ko Matovi\u0107. Prema podacima policije, ove godine zbog nepravilne upotrebe zimske opreme sankcionisano je 376 voza\u010da, me\u0111u kojima samo pet u Podgorici.","og_url":"https:\/\/dmcsrb.com\/en\/drustvo\/video-zbog-neposjedovanja-zimske-opreme-u-ovoj-godini-kaznjeno-376-vozaca\/","og_site_name":"dmcsrb.com","article_published_time":"2025-11-21T05:30:00+00:00","og_image":[{"width":992,"height":541,"url":"https:\/\/dmcsrb.com\/wp-content\/uploads\/2026\/01\/snijeg-poledica-put-zimski-uslovi-2-foto-rtv-podgorica.jpg","type":"image\/jpeg"}],"author":"dmcsrbija.com@gmail.com","twitter_card":"summary_large_image","twitter_misc":{"Written by":"dmcsrbija.com@gmail.com","Estimated reading time":"1 minute"},"schema":{"@context":"https:\/\/schema.org","@graph":[{"@type":"Article","@id":"https:\/\/dmcsrb.com\/drustvo\/video-zbog-neposjedovanja-zimske-opreme-u-ovoj-godini-kaznjeno-376-vozaca\/#article","isPartOf":{"@id":"https:\/\/dmcsrb.com\/drustvo\/video-zbog-neposjedovanja-zimske-opreme-u-ovoj-godini-kaznjeno-376-vozaca\/"},"author":{"name":"dmcsrbija.com@gmail.com","@id":"https:\/\/dmcsrb.com\/#\/schema\/person\/5c39170f12db1b8b457732d0b5c854e2"},"headline":"(VIDEO) Zbog neposjedovanja zimske opreme u ovoj godini ka\u017enjeno 376 voza\u010da","datePublished":"2025-11-21T05:30:00+00:00","mainEntityOfPage":{"@id":"https:\/\/dmcsrb.com\/drustvo\/video-zbog-neposjedovanja-zimske-opreme-u-ovoj-godini-kaznjeno-376-vozaca\/"},"wordCount":307,"commentCount":0,"image":{"@id":"https:\/\/dmcsrb.com\/drustvo\/video-zbog-neposjedovanja-zimske-opreme-u-ovoj-godini-kaznjeno-376-vozaca\/#primaryimage"},"thumbnailUrl":"https:\/\/dmcsrb.com\/wp-content\/uploads\/2026\/01\/snijeg-poledica-put-zimski-uslovi-2-foto-rtv-podgorica.jpg","keywords":["Bo\u0161ko Matovi\u0107","gume","Zimska oprema"],"articleSection":["Dru\u0161tvo"],"inLanguage":"en-GB","potentialAction":[{"@type":"CommentAction","name":"Comment","target":["https:\/\/dmcsrb.com\/drustvo\/video-zbog-neposjedovanja-zimske-opreme-u-ovoj-godini-kaznjeno-376-vozaca\/#respond"]}]},{"@type":"WebPage","@id":"https:\/\/dmcsrb.com\/drustvo\/video-zbog-neposjedovanja-zimske-opreme-u-ovoj-godini-kaznjeno-376-vozaca\/","url":"https:\/\/dmcsrb.com\/drustvo\/video-zbog-neposjedovanja-zimske-opreme-u-ovoj-godini-kaznjeno-376-vozaca\/","name":"(VIDEO) Zbog neposjedovanja zimske opreme u ovoj godini ka\u017enjeno 376 voza\u010da - dmcsrb.com","isPartOf":{"@id":"https:\/\/dmcsrb.com\/#website"},"primaryImageOfPage":{"@id":"https:\/\/dmcsrb.com\/drustvo\/video-zbog-neposjedovanja-zimske-opreme-u-ovoj-godini-kaznjeno-376-vozaca\/#primaryimage"},"image":{"@id":"https:\/\/dmcsrb.com\/drustvo\/video-zbog-neposjedovanja-zimske-opreme-u-ovoj-godini-kaznjeno-376-vozaca\/#primaryimage"},"thumbnailUrl":"https:\/\/dmcsrb.com\/wp-content\/uploads\/2026\/01\/snijeg-poledica-put-zimski-uslovi-2-foto-rtv-podgorica.jpg","datePublished":"2025-11-21T05:30:00+00:00","author":{"@id":"https:\/\/dmcsrb.com\/#\/schema\/person\/5c39170f12db1b8b457732d0b5c854e2"},"breadcrumb":{"@id":"https:\/\/dmcsrb.com\/drustvo\/video-zbog-neposjedovanja-zimske-opreme-u-ovoj-godini-kaznjeno-376-vozaca\/#breadcrumb"},"inLanguage":"en-GB","potentialAction":[{"@type":"ReadAction","target":["https:\/\/dmcsrb.com\/drustvo\/video-zbog-neposjedovanja-zimske-opreme-u-ovoj-godini-kaznjeno-376-vozaca\/"]}]},{"@type":"ImageObject","inLanguage":"en-GB","@id":"https:\/\/dmcsrb.com\/drustvo\/video-zbog-neposjedovanja-zimske-opreme-u-ovoj-godini-kaznjeno-376-vozaca\/#primaryimage","url":"https:\/\/dmcsrb.com\/wp-content\/uploads\/2026\/01\/snijeg-poledica-put-zimski-uslovi-2-foto-rtv-podgorica.jpg","contentUrl":"https:\/\/dmcsrb.com\/wp-content\/uploads\/2026\/01\/snijeg-poledica-put-zimski-uslovi-2-foto-rtv-podgorica.jpg","width":992,"height":541},{"@type":"BreadcrumbList","@id":"https:\/\/dmcsrb.com\/drustvo\/video-zbog-neposjedovanja-zimske-opreme-u-ovoj-godini-kaznjeno-376-vozaca\/#breadcrumb","itemListElement":[{"@type":"ListItem","position":1,"name":"Home","item":"https:\/\/dmcsrb.com\/"},{"@type":"ListItem","position":2,"name":"(VIDEO) Zbog neposjedovanja zimske opreme u ovoj godini ka\u017enjeno 376 voza\u010da"}]},{"@type":"WebSite","@id":"https:\/\/dmcsrb.com\/#website","url":"https:\/\/dmcsrb.com\/","name":"dmcsrb.com","description":"","potentialAction":[{"@type":"SearchAction","target":{"@type":"EntryPoint","urlTemplate":"https:\/\/dmcsrb.com\/?s={search_term_string}"},"query-input":{"@type":"PropertyValueSpecification","valueRequired":true,"valueName":"search_term_string"}}],"inLanguage":"en-GB"},{"@type":"Person","@id":"https:\/\/dmcsrb.com\/#\/schema\/person\/5c39170f12db1b8b457732d0b5c854e2","name":"dmcsrbija.com@gmail.com","image":{"@type":"ImageObject","inLanguage":"en-GB","@id":"https:\/\/secure.gravatar.com\/avatar\/68592660ad6347fad0fb587f8d5d8f1a7b44961362f56e4f2cd524feb87e9069?s=96&d=mm&r=g","url":"https:\/\/secure.gravatar.com\/avatar\/68592660ad6347fad0fb587f8d5d8f1a7b44961362f56e4f2cd524feb87e9069?s=96&d=mm&r=g","contentUrl":"https:\/\/secure.gravatar.com\/avatar\/68592660ad6347fad0fb587f8d5d8f1a7b44961362f56e4f2cd524feb87e9069?s=96&d=mm&r=g","caption":"dmcsrbija.com@gmail.com"},"sameAs":["https:\/\/dmcsrb.com"],"url":"https:\/\/dmcsrb.com\/en\/author\/dmcsrbija-comgmail-com\/"}]}},"_links":{"self":[{"href":"https:\/\/dmcsrb.com\/en\/wp-json\/wp\/v2\/posts\/964762","targetHints":{"allow":["GET"]}}],"collection":[{"href":"https:\/\/dmcsrb.com\/en\/wp-json\/wp\/v2\/posts"}],"about":[{"href":"https:\/\/dmcsrb.com\/en\/wp-json\/wp\/v2\/types\/post"}],"author":[{"embeddable":true,"href":"https:\/\/dmcsrb.com\/en\/wp-json\/wp\/v2\/users\/1"}],"replies":[{"embeddable":true,"href":"https:\/\/dmcsrb.com\/en\/wp-json\/wp\/v2\/comments?post=964762"}],"version-history":[{"count":0,"href":"https:\/\/dmcsrb.com\/en\/wp-json\/wp\/v2\/posts\/964762\/revisions"}],"wp:featuredmedia":[{"embeddable":true,"href":"https:\/\/dmcsrb.com\/en\/wp-json\/wp\/v2\/media\/917085"}],"wp:attachment":[{"href":"https:\/\/dmcsrb.com\/en\/wp-json\/wp\/v2\/media?parent=964762"}],"wp:term":[{"taxonomy":"category","embeddable":true,"href":"https:\/\/dmcsrb.com\/en\/wp-json\/wp\/v2\/categories?post=964762"},{"taxonomy":"post_tag","embeddable":true,"href":"https:\/\/dmcsrb.com\/en\/wp-json\/wp\/v2\/tags?post=964762"},{"taxonomy":"naslovna","embeddable":true,"href":"https:\/\/dmcsrb.com\/en\/wp-json\/wp\/v2\/naslovna?post=964762"}],"curies":[{"name":"wp","href":"https:\/\/api.w.org\/{rel}","templated":true}]}}