{"id":964754,"date":"2025-11-20T18:53:00","date_gmt":"2025-11-20T17:53:00","guid":{"rendered":"https:\/\/dmcsrb.com\/uncategorized\/crna-gora-da-finalizuje-sva-preostala-imenovanja-na-visokom-nivou\/"},"modified":"2025-11-20T18:53:00","modified_gmt":"2025-11-20T17:53:00","slug":"crna-gora-da-finalizuje-sva-preostala-imenovanja-na-visokom-nivou","status":"publish","type":"post","link":"https:\/\/dmcsrb.com\/en\/politika\/crna-gora-da-finalizuje-sva-preostala-imenovanja-na-visokom-nivou\/","title":{"rendered":"Crna Gora da finalizuje sva preostala imenovanja na visokom nivou"},"content":{"rendered":"<p><br><\/p>\n\n\n\n<p><\/p>\n\n\n\n<p>To je saop\u0161teno tokom zaklju\u010dnih izlaganja u okviru Foruma o vladavini prava 2025, na kojem su govorili Aleksa Be\u010di\u0107, potpredsjednik Vlade Crne Gore za bezbjednost, odbranu, borbu protiv kriminala i unutra\u0161nju politiku i Bojan Bo\u017eovi\u0107, ministar pravde.<\/p>\n\n\n\n<p>Be\u010di\u0107 je rekao da je ja\u010danje institucionalnih kapaciteta, profesionalizacija i modernizacija sektora bezbjednosti jedan od klju\u010dnih prioriteta dr\u017eave na putu ka Evropskoj uniji.<\/p>\n\n\n\n<p>\u201eFokus ostaje na ja\u010danju Specijalnog dr\u017eavnog tu\u017eila\u0161tva i Specijalnog policijskog odjeljenja, a Vlada je danas usvojila va\u017ean korak u procesu opremanja njihovih novih prostorija\u201c, rekao je Be\u010di\u0107.<\/p>\n\n\n\n<p>Prema njegovom mi\u0161ljenju, tri su klju\u010dna pravca reforme sektora bezbjednosti.<\/p>\n\n\n\n<p>\u201cNa prvom mjestu to su kadrovske reforme, o\u010duvanje iskusnih kadrova, sna\u017ena kadrovska injekcija mladih stru\u010dnjaka i dosljedno sprovo\u0111enje procesa provjere integriteta, poznatog kao veting\u201d , rekao je Be\u010di\u0107.<\/p>\n\n\n\n<p>Dalje operativno-tehni\u010dka modernizacija, koju prati \u201cnajve\u0107e ulaganje u opremu i digitalizaciju u novijoj istoriji MUP-a, uklju\u010duju\u0107i modernu opremu, videonadzor, radare, dronove, biometrijske sisteme i mobilne \u010dita\u010de dokumenata\u201d.<\/p>\n\n\n\n<p>\u201cA tre\u0107e je normativno uskla\u0111ivanje, gotovo potpuna uskla\u0111enost u okviru poglavlja 24 i nastavak dono\u0161enja klju\u010dnih zakona\u201d, rekao je Be\u010di\u0107.<\/p>\n\n\n\n<p>Be\u010di\u0107 je podsjetio da je Crna Gora postigla visok stepen normativne uskla\u0111enosti sa evropskim standardima.<\/p>\n\n\n\n<p>\u201ePro\u0161la godina donijela je 100 odsto realizacije strategija i oko 70 odsto zakonskih projekata. Funkcionalnost institucija i profesionalizam su klju\u010dni\u201c, istakao je Be\u010di\u0107.<\/p>\n\n\n\n<p>On je pozvao na nastavak pozitivnog talasa u Skup\u0161tini Crne Gore u pogledu izbora i imenovanja kadrova, podsje\u0107aju\u0107i na nedavne izbore u Centralnoj banci, Tu\u017eila\u010dkom savjetu i Senatu DRI.<\/p>\n\n\n\n<p>Be\u010di\u0107 je, govore\u0107i o reformi pravosu\u0111a, naglasio potrebu da se ubrzaju sudski procesi i sprije\u010de procesne zloupotrebe.<\/p>\n\n\n\n<p>\u201eEfikasni sudski procesi su potrebni zbog pravde, ali i zbog bezbjednosti. Ne mo\u017eemo dozvoliti da te\u0161ka krivi\u010dna djela ostanu bez pravosna\u017enih presuda\u201c, istakao je Be\u010di\u0107.<\/p>\n\n\n\n<p>Ukazao je na napredak u upravljanju migracijama i grani\u010dnoj bezbjednosti, navode\u0107i da je broj poku\u0161aja ilegalnih prelazaka granice smanjen za 40 odsto u 2024, a u 2025. godini bilje\u017ei se dodatno smanjenje od 16 odsto.<\/p>\n\n\n\n<p>Be\u010di\u0107 je najavio izmjene Zakona o strancima koje \u0107e, prema njegovim rije\u010dima, sprije\u010diti zloupotrebe privremenog boravka i vlasni\u0161tva nad nekretninama.<\/p>\n\n\n\n<p>\u201cBezbjednost nema kompromisa i Crna Gora ostaje u potpunosti uskla\u0111ena sa spoljnom i bezbjednosnom politikom Evropske unije\u201d , zaklju\u010dio je Be\u010di\u0107.<\/p>\n\n\n\n<p>Ministar pravde Bojan Bo\u017eovi\u0107, je naglasio da institucije ve\u0107 o\u010dekuju nove preporuke Venecijanske komisije u vezi sa Zakonom o Specijalnom dr\u017eavnom tu\u017eila\u0161tvu, kao i da nema razloga da se odla\u017ee njihova ugradnja u nacrt zakona.<\/p>\n\n\n\n<p>\u201cU potpunosti smo posve\u0107eni ispunjenju preporuka Venecijanske komisije i Evropske komisije, a sve obaveze koje se odnose na zakone i akte iz nadle\u017enosti Ministarstva \u0107e biti realizovana najskorijem roku\u201d, rekao je Bo\u017eovi\u0107.<\/p>\n\n\n\n<p>Prema njegovim rije\u010dima, predstoje\u0107e obaveze podrazumijevaju sna\u017eniju koordinaciju izme\u0111u Ministarstva pravde i drugih institucija, posebno u dijelu sprovo\u0111enja Strategije reforme pravosu\u0111a.<\/p>\n\n\n\n<p>\u201cTo uklju\u010duje i usvajanje preostalih eti\u010dkih kodeksa, organizaciju dodatnih obuka i realizaciju svih aktivnosti predvi\u0111enih strate\u0161kim dokumentima\u201c, istakao je Bo\u017eovi\u0107.<\/p>\n\n\n\n<p>Prema njegovom mi\u0161ljenju, poseban zna\u010daj je u obezbje\u0111enju politi\u010dke stabilnosti i sinhronizovanog djelovanja institucija, a kako je kazao \u201cupravo takav pristup omogu\u0107io je uspje\u0161no usvajanje IBAR zakona i prate\u0107ih akata\u201d.<\/p>\n\n\n\n<p>\u201eUvjeren sam da \u0107emo, uz dobru saradnju Vlade, Skup\u0161tine i ostalih institucija, uspje\u0161no realizovati jasne zadatke koji su pred nama. Evropska komisija je u svom pismu detaljno navela o\u010dekivanja i obaveze, a mi smo odlu\u010dni da ispunimo sve \u0161to je potrebno kako bismo do kraja 2026. godine zatvorili preostala pregovara\u010dka poglavlja\u201c, rekao je Bo\u017eovi\u0107.<\/p>\n\n\n\n<p>On je naglasio da ispunjavanje preporuka ne zna\u010di da \u0107e sistem postati savr\u0161en, ali da je va\u017eno poslati jasnu poruku da vladavina prava funkcioni\u0161e i da se kontinuirano unapre\u0111uje.<\/p>\n\n\n\n<p>\u201eMoramo jasno pokazati i doma\u0107oj i me\u0111unarodnoj javnosti da smo se kao politi\u010dari u potpunosti udaljili od bilo kakvog oblika pritiska na pravosu\u0111e. Na\u0161 cilj je da stvaramo bolje uslove za rad sudija, tu\u017eilaca i svih zaposlenih u pravosu\u0111u, jer profesionalan i nezavisan sistem pravde je temelj napretka dr\u017eave\u201c, poru\u010dio je ministar.<\/p>\n\n\n\n<p>Bo\u017eovi\u0107 je dodao da Ministarstvo pravde ostaje servis pravosu\u0111u, i naglasio da se konkretnim predmetima bave nadle\u017ene institucije, dok je odgovornost Ministarstva da obezbijedi ambijent u kojem profesionalci mogu nesmetano da rade svoj posao.<\/p>\n\n\n\n<p>\u201eNastavljamo posve\u0107eno da radimo na svim obavezama koje nas o\u010dekuju, uvjereni da \u0107emo, kao i do sada, pokazati zrelost, odgovornost i punu predanost evropskom putu Crne Gore\u201c, zaklju\u010dio je Bo\u017eovi\u0107.<\/p>\n\n\n\n<p>\u0160ef sektora za spoljnu vladavinu prava i pravosudnu saradnju, DG JUST, Mattia Tempini, koji je moderirao panelom je podsjetio da je pred Crnom Gorom veoma ambiciozan plan i agenda i da je \u201c2026. iza ugla a da se reforme moraju sprovesti do septembra idu\u0107e godine\u201d.<\/p>\n\n\n\n<p>Ovo ubrzanje zahtijeva \u201cinstitucionalnu stabilnost i uskla\u0111enost izme\u0111u svih institucija koje su uklju\u010dene da rade u istom cilju\u201d.<\/p>\n\n\n\n<p>Tempini je podsjetio da je na Forumu zaklju\u010deno \u201cda se o\u010dekuju hitna imenovanja na visokom nivou, uklju\u010duju\u0107i ona u Sudskom savjetu, Agenciji za audiovizuelne usluge, Agenciji za borbu protiv korupcije i Upravi policije\u201d.<\/p>\n\n\n\n<p>\u201cDalje zakonodavne reforme koje su potrebne u oba poglavlja kako bi se izvr\u0161ilo uskla\u0111ivanje sa zakonima Evropske unije, konkretno Zakon o oru\u017eju, Zakon u unutra\u0161anjim poslovima\u201d, rekao je Tempini.<\/p>\n\n\n\n<p>On je zaklju\u010dio da se razgovaralo o potrebi ja\u010danja adminstrativnih i infrastruktnih kapaciteta sistema integriteta, ja\u010danja efikasnosti, kvaliteta optu\u017enica, ja\u010danje slobode govora.<\/p>\n\n\n\n<p><\/p>","protected":false},"excerpt":{"rendered":"<p>Crna Gora treba da finalizuje sva preostala imenovanja na visokom nivou, uklju\u010duju\u0107i Ustavni sud, Sudski savjet, Tu\u017eila\u010dki savjet i Savjet Agencije za audiovizuelne medijske usluge, kao i da u potpunosti implementira preporuke Venecijanske komisije u vezi sa pravosudnim zakonima, koje su klju\u010dne za sprovo\u0111enje reformi u poglavljima 23 i 24.<\/p>","protected":false},"author":1,"featured_media":964755,"comment_status":"open","ping_status":"open","sticky":false,"template":"","format":"standard","meta":{"_acf_changed":false,"footnotes":""},"categories":[12],"tags":[95,14945,12477],"naslovna":[],"class_list":["post-964754","post","type-post","status-publish","format-standard","has-post-thumbnail","hentry","category-politika","tag-crna-gora","tag-sva-imenovanja","tag-visoki-nivo"],"acf":[],"yoast_head":"<!-- This site is optimized with the Yoast SEO plugin v27.4 - https:\/\/yoast.com\/product\/yoast-seo-wordpress\/ -->\n<title>Crna Gora da finalizuje sva preostala imenovanja na visokom nivou - dmcsrb.com<\/title>\n<meta name=\"robots\" content=\"index, follow, max-snippet:-1, max-image-preview:large, max-video-preview:-1\" \/>\n<link rel=\"canonical\" href=\"https:\/\/dmcsrb.com\/en\/politika\/crna-gora-da-finalizuje-sva-preostala-imenovanja-na-visokom-nivou\/\" \/>\n<meta property=\"og:locale\" content=\"en_GB\" \/>\n<meta property=\"og:type\" content=\"article\" \/>\n<meta property=\"og:title\" content=\"Crna Gora da finalizuje sva preostala imenovanja na visokom nivou - dmcsrb.com\" \/>\n<meta property=\"og:description\" content=\"Crna Gora treba da finalizuje sva preostala imenovanja na visokom nivou, uklju\u010duju\u0107i Ustavni sud, Sudski savjet, Tu\u017eila\u010dki savjet i Savjet Agencije za audiovizuelne medijske usluge, kao i da u potpunosti implementira preporuke Venecijanske komisije u vezi sa pravosudnim zakonima, koje su klju\u010dne za sprovo\u0111enje reformi u poglavljima 23 i 24.\" \/>\n<meta property=\"og:url\" content=\"https:\/\/dmcsrb.com\/en\/politika\/crna-gora-da-finalizuje-sva-preostala-imenovanja-na-visokom-nivou\/\" \/>\n<meta property=\"og:site_name\" content=\"dmcsrb.com\" \/>\n<meta property=\"article:published_time\" content=\"2025-11-20T17:53:00+00:00\" \/>\n<meta property=\"og:image\" content=\"https:\/\/dmcsrb.com\/wp-content\/uploads\/2026\/01\/becic1-1-1.webp\" \/>\n\t<meta property=\"og:image:width\" content=\"1000\" \/>\n\t<meta property=\"og:image:height\" content=\"555\" \/>\n\t<meta property=\"og:image:type\" content=\"image\/jpeg\" \/>\n<meta name=\"author\" content=\"dmcsrbija.com@gmail.com\" \/>\n<meta name=\"twitter:card\" content=\"summary_large_image\" \/>\n<meta name=\"twitter:label1\" content=\"Written by\" \/>\n\t<meta name=\"twitter:data1\" content=\"dmcsrbija.com@gmail.com\" \/>\n\t<meta name=\"twitter:label2\" content=\"Estimated reading time\" \/>\n\t<meta name=\"twitter:data2\" content=\"5 minutes\" \/>\n<script type=\"application\/ld+json\" class=\"yoast-schema-graph\">{\"@context\":\"https:\\\/\\\/schema.org\",\"@graph\":[{\"@type\":\"Article\",\"@id\":\"https:\\\/\\\/dmcsrb.com\\\/politika\\\/crna-gora-da-finalizuje-sva-preostala-imenovanja-na-visokom-nivou\\\/#article\",\"isPartOf\":{\"@id\":\"https:\\\/\\\/dmcsrb.com\\\/politika\\\/crna-gora-da-finalizuje-sva-preostala-imenovanja-na-visokom-nivou\\\/\"},\"author\":{\"name\":\"dmcsrbija.com@gmail.com\",\"@id\":\"https:\\\/\\\/dmcsrb.com\\\/#\\\/schema\\\/person\\\/5c39170f12db1b8b457732d0b5c854e2\"},\"headline\":\"Crna Gora da finalizuje sva preostala imenovanja na visokom nivou\",\"datePublished\":\"2025-11-20T17:53:00+00:00\",\"mainEntityOfPage\":{\"@id\":\"https:\\\/\\\/dmcsrb.com\\\/politika\\\/crna-gora-da-finalizuje-sva-preostala-imenovanja-na-visokom-nivou\\\/\"},\"wordCount\":972,\"commentCount\":0,\"image\":{\"@id\":\"https:\\\/\\\/dmcsrb.com\\\/politika\\\/crna-gora-da-finalizuje-sva-preostala-imenovanja-na-visokom-nivou\\\/#primaryimage\"},\"thumbnailUrl\":\"https:\\\/\\\/dmcsrb.com\\\/wp-content\\\/uploads\\\/2026\\\/01\\\/becic1-1-1.webp\",\"keywords\":[\"Crna Gora\",\"sva imenovanja\",\"Visoki nivo\"],\"articleSection\":[\"Politika\"],\"inLanguage\":\"en-GB\",\"potentialAction\":[{\"@type\":\"CommentAction\",\"name\":\"Comment\",\"target\":[\"https:\\\/\\\/dmcsrb.com\\\/politika\\\/crna-gora-da-finalizuje-sva-preostala-imenovanja-na-visokom-nivou\\\/#respond\"]}]},{\"@type\":\"WebPage\",\"@id\":\"https:\\\/\\\/dmcsrb.com\\\/politika\\\/crna-gora-da-finalizuje-sva-preostala-imenovanja-na-visokom-nivou\\\/\",\"url\":\"https:\\\/\\\/dmcsrb.com\\\/politika\\\/crna-gora-da-finalizuje-sva-preostala-imenovanja-na-visokom-nivou\\\/\",\"name\":\"Crna Gora da finalizuje sva preostala imenovanja na visokom nivou - dmcsrb.com\",\"isPartOf\":{\"@id\":\"https:\\\/\\\/dmcsrb.com\\\/#website\"},\"primaryImageOfPage\":{\"@id\":\"https:\\\/\\\/dmcsrb.com\\\/politika\\\/crna-gora-da-finalizuje-sva-preostala-imenovanja-na-visokom-nivou\\\/#primaryimage\"},\"image\":{\"@id\":\"https:\\\/\\\/dmcsrb.com\\\/politika\\\/crna-gora-da-finalizuje-sva-preostala-imenovanja-na-visokom-nivou\\\/#primaryimage\"},\"thumbnailUrl\":\"https:\\\/\\\/dmcsrb.com\\\/wp-content\\\/uploads\\\/2026\\\/01\\\/becic1-1-1.webp\",\"datePublished\":\"2025-11-20T17:53:00+00:00\",\"author\":{\"@id\":\"https:\\\/\\\/dmcsrb.com\\\/#\\\/schema\\\/person\\\/5c39170f12db1b8b457732d0b5c854e2\"},\"breadcrumb\":{\"@id\":\"https:\\\/\\\/dmcsrb.com\\\/politika\\\/crna-gora-da-finalizuje-sva-preostala-imenovanja-na-visokom-nivou\\\/#breadcrumb\"},\"inLanguage\":\"en-GB\",\"potentialAction\":[{\"@type\":\"ReadAction\",\"target\":[\"https:\\\/\\\/dmcsrb.com\\\/politika\\\/crna-gora-da-finalizuje-sva-preostala-imenovanja-na-visokom-nivou\\\/\"]}]},{\"@type\":\"ImageObject\",\"inLanguage\":\"en-GB\",\"@id\":\"https:\\\/\\\/dmcsrb.com\\\/politika\\\/crna-gora-da-finalizuje-sva-preostala-imenovanja-na-visokom-nivou\\\/#primaryimage\",\"url\":\"https:\\\/\\\/dmcsrb.com\\\/wp-content\\\/uploads\\\/2026\\\/01\\\/becic1-1-1.webp\",\"contentUrl\":\"https:\\\/\\\/dmcsrb.com\\\/wp-content\\\/uploads\\\/2026\\\/01\\\/becic1-1-1.webp\",\"width\":1000,\"height\":555},{\"@type\":\"BreadcrumbList\",\"@id\":\"https:\\\/\\\/dmcsrb.com\\\/politika\\\/crna-gora-da-finalizuje-sva-preostala-imenovanja-na-visokom-nivou\\\/#breadcrumb\",\"itemListElement\":[{\"@type\":\"ListItem\",\"position\":1,\"name\":\"Home\",\"item\":\"https:\\\/\\\/dmcsrb.com\\\/\"},{\"@type\":\"ListItem\",\"position\":2,\"name\":\"Crna Gora da finalizuje sva preostala imenovanja na visokom nivou\"}]},{\"@type\":\"WebSite\",\"@id\":\"https:\\\/\\\/dmcsrb.com\\\/#website\",\"url\":\"https:\\\/\\\/dmcsrb.com\\\/\",\"name\":\"dmcsrb.com\",\"description\":\"\",\"potentialAction\":[{\"@type\":\"SearchAction\",\"target\":{\"@type\":\"EntryPoint\",\"urlTemplate\":\"https:\\\/\\\/dmcsrb.com\\\/?s={search_term_string}\"},\"query-input\":{\"@type\":\"PropertyValueSpecification\",\"valueRequired\":true,\"valueName\":\"search_term_string\"}}],\"inLanguage\":\"en-GB\"},{\"@type\":\"Person\",\"@id\":\"https:\\\/\\\/dmcsrb.com\\\/#\\\/schema\\\/person\\\/5c39170f12db1b8b457732d0b5c854e2\",\"name\":\"dmcsrbija.com@gmail.com\",\"image\":{\"@type\":\"ImageObject\",\"inLanguage\":\"en-GB\",\"@id\":\"https:\\\/\\\/secure.gravatar.com\\\/avatar\\\/68592660ad6347fad0fb587f8d5d8f1a7b44961362f56e4f2cd524feb87e9069?s=96&d=mm&r=g\",\"url\":\"https:\\\/\\\/secure.gravatar.com\\\/avatar\\\/68592660ad6347fad0fb587f8d5d8f1a7b44961362f56e4f2cd524feb87e9069?s=96&d=mm&r=g\",\"contentUrl\":\"https:\\\/\\\/secure.gravatar.com\\\/avatar\\\/68592660ad6347fad0fb587f8d5d8f1a7b44961362f56e4f2cd524feb87e9069?s=96&d=mm&r=g\",\"caption\":\"dmcsrbija.com@gmail.com\"},\"sameAs\":[\"https:\\\/\\\/dmcsrb.com\"],\"url\":\"https:\\\/\\\/dmcsrb.com\\\/en\\\/author\\\/dmcsrbija-comgmail-com\\\/\"}]}<\/script>\n<!-- \/ Yoast SEO plugin. -->","yoast_head_json":{"title":"Crna Gora da finalizuje sva preostala imenovanja na visokom nivou - dmcsrb.com","robots":{"index":"index","follow":"follow","max-snippet":"max-snippet:-1","max-image-preview":"max-image-preview:large","max-video-preview":"max-video-preview:-1"},"canonical":"https:\/\/dmcsrb.com\/en\/politika\/crna-gora-da-finalizuje-sva-preostala-imenovanja-na-visokom-nivou\/","og_locale":"en_GB","og_type":"article","og_title":"Crna Gora da finalizuje sva preostala imenovanja na visokom nivou - dmcsrb.com","og_description":"Crna Gora treba da finalizuje sva preostala imenovanja na visokom nivou, uklju\u010duju\u0107i Ustavni sud, Sudski savjet, Tu\u017eila\u010dki savjet i Savjet Agencije za audiovizuelne medijske usluge, kao i da u potpunosti implementira preporuke Venecijanske komisije u vezi sa pravosudnim zakonima, koje su klju\u010dne za sprovo\u0111enje reformi u poglavljima 23 i 24.","og_url":"https:\/\/dmcsrb.com\/en\/politika\/crna-gora-da-finalizuje-sva-preostala-imenovanja-na-visokom-nivou\/","og_site_name":"dmcsrb.com","article_published_time":"2025-11-20T17:53:00+00:00","og_image":[{"width":1000,"height":555,"url":"https:\/\/dmcsrb.com\/wp-content\/uploads\/2026\/01\/becic1-1-1.webp","type":"image\/jpeg"}],"author":"dmcsrbija.com@gmail.com","twitter_card":"summary_large_image","twitter_misc":{"Written by":"dmcsrbija.com@gmail.com","Estimated reading time":"5 minutes"},"schema":{"@context":"https:\/\/schema.org","@graph":[{"@type":"Article","@id":"https:\/\/dmcsrb.com\/politika\/crna-gora-da-finalizuje-sva-preostala-imenovanja-na-visokom-nivou\/#article","isPartOf":{"@id":"https:\/\/dmcsrb.com\/politika\/crna-gora-da-finalizuje-sva-preostala-imenovanja-na-visokom-nivou\/"},"author":{"name":"dmcsrbija.com@gmail.com","@id":"https:\/\/dmcsrb.com\/#\/schema\/person\/5c39170f12db1b8b457732d0b5c854e2"},"headline":"Crna Gora da finalizuje sva preostala imenovanja na visokom nivou","datePublished":"2025-11-20T17:53:00+00:00","mainEntityOfPage":{"@id":"https:\/\/dmcsrb.com\/politika\/crna-gora-da-finalizuje-sva-preostala-imenovanja-na-visokom-nivou\/"},"wordCount":972,"commentCount":0,"image":{"@id":"https:\/\/dmcsrb.com\/politika\/crna-gora-da-finalizuje-sva-preostala-imenovanja-na-visokom-nivou\/#primaryimage"},"thumbnailUrl":"https:\/\/dmcsrb.com\/wp-content\/uploads\/2026\/01\/becic1-1-1.webp","keywords":["Crna Gora","sva imenovanja","Visoki nivo"],"articleSection":["Politika"],"inLanguage":"en-GB","potentialAction":[{"@type":"CommentAction","name":"Comment","target":["https:\/\/dmcsrb.com\/politika\/crna-gora-da-finalizuje-sva-preostala-imenovanja-na-visokom-nivou\/#respond"]}]},{"@type":"WebPage","@id":"https:\/\/dmcsrb.com\/politika\/crna-gora-da-finalizuje-sva-preostala-imenovanja-na-visokom-nivou\/","url":"https:\/\/dmcsrb.com\/politika\/crna-gora-da-finalizuje-sva-preostala-imenovanja-na-visokom-nivou\/","name":"Crna Gora da finalizuje sva preostala imenovanja na visokom nivou - dmcsrb.com","isPartOf":{"@id":"https:\/\/dmcsrb.com\/#website"},"primaryImageOfPage":{"@id":"https:\/\/dmcsrb.com\/politika\/crna-gora-da-finalizuje-sva-preostala-imenovanja-na-visokom-nivou\/#primaryimage"},"image":{"@id":"https:\/\/dmcsrb.com\/politika\/crna-gora-da-finalizuje-sva-preostala-imenovanja-na-visokom-nivou\/#primaryimage"},"thumbnailUrl":"https:\/\/dmcsrb.com\/wp-content\/uploads\/2026\/01\/becic1-1-1.webp","datePublished":"2025-11-20T17:53:00+00:00","author":{"@id":"https:\/\/dmcsrb.com\/#\/schema\/person\/5c39170f12db1b8b457732d0b5c854e2"},"breadcrumb":{"@id":"https:\/\/dmcsrb.com\/politika\/crna-gora-da-finalizuje-sva-preostala-imenovanja-na-visokom-nivou\/#breadcrumb"},"inLanguage":"en-GB","potentialAction":[{"@type":"ReadAction","target":["https:\/\/dmcsrb.com\/politika\/crna-gora-da-finalizuje-sva-preostala-imenovanja-na-visokom-nivou\/"]}]},{"@type":"ImageObject","inLanguage":"en-GB","@id":"https:\/\/dmcsrb.com\/politika\/crna-gora-da-finalizuje-sva-preostala-imenovanja-na-visokom-nivou\/#primaryimage","url":"https:\/\/dmcsrb.com\/wp-content\/uploads\/2026\/01\/becic1-1-1.webp","contentUrl":"https:\/\/dmcsrb.com\/wp-content\/uploads\/2026\/01\/becic1-1-1.webp","width":1000,"height":555},{"@type":"BreadcrumbList","@id":"https:\/\/dmcsrb.com\/politika\/crna-gora-da-finalizuje-sva-preostala-imenovanja-na-visokom-nivou\/#breadcrumb","itemListElement":[{"@type":"ListItem","position":1,"name":"Home","item":"https:\/\/dmcsrb.com\/"},{"@type":"ListItem","position":2,"name":"Crna Gora da finalizuje sva preostala imenovanja na visokom nivou"}]},{"@type":"WebSite","@id":"https:\/\/dmcsrb.com\/#website","url":"https:\/\/dmcsrb.com\/","name":"dmcsrb.com","description":"","potentialAction":[{"@type":"SearchAction","target":{"@type":"EntryPoint","urlTemplate":"https:\/\/dmcsrb.com\/?s={search_term_string}"},"query-input":{"@type":"PropertyValueSpecification","valueRequired":true,"valueName":"search_term_string"}}],"inLanguage":"en-GB"},{"@type":"Person","@id":"https:\/\/dmcsrb.com\/#\/schema\/person\/5c39170f12db1b8b457732d0b5c854e2","name":"dmcsrbija.com@gmail.com","image":{"@type":"ImageObject","inLanguage":"en-GB","@id":"https:\/\/secure.gravatar.com\/avatar\/68592660ad6347fad0fb587f8d5d8f1a7b44961362f56e4f2cd524feb87e9069?s=96&d=mm&r=g","url":"https:\/\/secure.gravatar.com\/avatar\/68592660ad6347fad0fb587f8d5d8f1a7b44961362f56e4f2cd524feb87e9069?s=96&d=mm&r=g","contentUrl":"https:\/\/secure.gravatar.com\/avatar\/68592660ad6347fad0fb587f8d5d8f1a7b44961362f56e4f2cd524feb87e9069?s=96&d=mm&r=g","caption":"dmcsrbija.com@gmail.com"},"sameAs":["https:\/\/dmcsrb.com"],"url":"https:\/\/dmcsrb.com\/en\/author\/dmcsrbija-comgmail-com\/"}]}},"_links":{"self":[{"href":"https:\/\/dmcsrb.com\/en\/wp-json\/wp\/v2\/posts\/964754","targetHints":{"allow":["GET"]}}],"collection":[{"href":"https:\/\/dmcsrb.com\/en\/wp-json\/wp\/v2\/posts"}],"about":[{"href":"https:\/\/dmcsrb.com\/en\/wp-json\/wp\/v2\/types\/post"}],"author":[{"embeddable":true,"href":"https:\/\/dmcsrb.com\/en\/wp-json\/wp\/v2\/users\/1"}],"replies":[{"embeddable":true,"href":"https:\/\/dmcsrb.com\/en\/wp-json\/wp\/v2\/comments?post=964754"}],"version-history":[{"count":0,"href":"https:\/\/dmcsrb.com\/en\/wp-json\/wp\/v2\/posts\/964754\/revisions"}],"wp:featuredmedia":[{"embeddable":true,"href":"https:\/\/dmcsrb.com\/en\/wp-json\/wp\/v2\/media\/964755"}],"wp:attachment":[{"href":"https:\/\/dmcsrb.com\/en\/wp-json\/wp\/v2\/media?parent=964754"}],"wp:term":[{"taxonomy":"category","embeddable":true,"href":"https:\/\/dmcsrb.com\/en\/wp-json\/wp\/v2\/categories?post=964754"},{"taxonomy":"post_tag","embeddable":true,"href":"https:\/\/dmcsrb.com\/en\/wp-json\/wp\/v2\/tags?post=964754"},{"taxonomy":"naslovna","embeddable":true,"href":"https:\/\/dmcsrb.com\/en\/wp-json\/wp\/v2\/naslovna?post=964754"}],"curies":[{"name":"wp","href":"https:\/\/api.w.org\/{rel}","templated":true}]}}