{"id":964735,"date":"2025-11-20T16:45:00","date_gmt":"2025-11-20T15:45:00","guid":{"rendered":"https:\/\/dmcsrb.com\/uncategorized\/pioniri-porazeni-od-moldavije\/"},"modified":"2025-11-20T16:45:00","modified_gmt":"2025-11-20T15:45:00","slug":"pioniri-porazeni-od-moldavije","status":"publish","type":"post","link":"https:\/\/dmcsrb.com\/en\/sport\/pioniri-porazeni-od-moldavije\/","title":{"rendered":"Pioniri pora\u017eeni od Moldavije"},"content":{"rendered":"<p>Bolji od ,,sokoli\u0107a\u201d bio je doma\u0107in turnira, koji je do pobjede do\u0161ao golovima u fini\u0161u me\u010da &#8211; 2:0. U 81. minutu pogodio je Mihail Mocpan, dok je \u010detiri minuta kasnije Roman Romanda\u0161 postavio kona\u010dan rezultat.<\/p>\n\n\n\n<p>Ovo je Crnoj Gori prvi poraz na turnir, nakon pobjede nad Azerbejd\u017eanom (1:0) u prvom kolu.<\/p>\n\n\n\n<p>&#8211;&nbsp;Jako lo\u0161e izdanje na\u0161ih momaka, posebno u prvom poluvremenu, gdje nije postojao nikakav ritam igre. Zbog propozicija, u tom dijelu me\u010da \u0161ansu su dobili igra\u010di koji su u prvom kolu manje igrali. U drugom poluvremenu igra je bila za nijansu bolja, imali smo inicijativu i protivnika smo doveli do situacije da nema \u0161ut na gol. Me\u0111utim, u posljednjih desetak minuta smo napravili par vezanih kardinalnih gre\u0161aka, koje su nas na kraju ko\u0161tale rezultata, kazao je selektor Vladan Savi\u0107.<\/p>\n\n\n\n<p>U posljednjem kolu turnira, Crna Gora se 23. novembra od 9 \u010dasova po na\u0161em vremenu sastaje sa Bugarskom.<\/p>","protected":false},"excerpt":{"rendered":"<p>Pionirska fudbalska reprezentacija Crne Gore pora\u017eena je u drugom kolu UEFA Razvojnog turnira u Moldaviji.<\/p>","protected":false},"author":1,"featured_media":964736,"comment_status":"open","ping_status":"open","sticky":false,"template":"","format":"standard","meta":{"_acf_changed":false,"footnotes":""},"categories":[148],"tags":[12808,14934,14935,11648],"naslovna":[],"class_list":["post-964735","post","type-post","status-publish","format-standard","has-post-thumbnail","hentry","category-sport","tag-pionirska-fudbalska-reprezentacija-crne-gore","tag-pionirska-fudbalska-reprezentacija-moldavije","tag-uefa-razvojni-turnir-u-moldavji","tag-vladan-savic"],"acf":[],"yoast_head":"<!-- This site is optimized with the Yoast SEO plugin v27.4 - https:\/\/yoast.com\/product\/yoast-seo-wordpress\/ -->\n<title>Pioniri pora\u017eeni od Moldavije - dmcsrb.com<\/title>\n<meta name=\"robots\" content=\"index, follow, max-snippet:-1, max-image-preview:large, max-video-preview:-1\" \/>\n<link rel=\"canonical\" href=\"https:\/\/dmcsrb.com\/en\/sport\/pioniri-porazeni-od-moldavije\/\" \/>\n<meta property=\"og:locale\" content=\"en_GB\" \/>\n<meta property=\"og:type\" content=\"article\" \/>\n<meta property=\"og:title\" content=\"Pioniri pora\u017eeni od Moldavije - dmcsrb.com\" \/>\n<meta property=\"og:description\" content=\"Pionirska fudbalska reprezentacija Crne Gore pora\u017eena je u drugom kolu UEFA Razvojnog turnira u Moldaviji.\" \/>\n<meta property=\"og:url\" content=\"https:\/\/dmcsrb.com\/en\/sport\/pioniri-porazeni-od-moldavije\/\" \/>\n<meta property=\"og:site_name\" content=\"dmcsrb.com\" \/>\n<meta property=\"article:published_time\" content=\"2025-11-20T15:45:00+00:00\" \/>\n<meta property=\"og:image\" content=\"https:\/\/dmcsrb.com\/wp-content\/uploads\/2026\/01\/Pioniri-FSCG-1-1.webp\" \/>\n\t<meta property=\"og:image:width\" content=\"1050\" \/>\n\t<meta property=\"og:image:height\" content=\"624\" \/>\n\t<meta property=\"og:image:type\" content=\"image\/jpeg\" \/>\n<meta name=\"author\" content=\"dmcsrbija.com@gmail.com\" \/>\n<meta name=\"twitter:card\" content=\"summary_large_image\" \/>\n<meta name=\"twitter:label1\" content=\"Written by\" \/>\n\t<meta name=\"twitter:data1\" content=\"dmcsrbija.com@gmail.com\" \/>\n\t<meta name=\"twitter:label2\" content=\"Estimated reading time\" \/>\n\t<meta name=\"twitter:data2\" content=\"1 minute\" \/>\n<script type=\"application\/ld+json\" class=\"yoast-schema-graph\">{\"@context\":\"https:\\\/\\\/schema.org\",\"@graph\":[{\"@type\":\"Article\",\"@id\":\"https:\\\/\\\/dmcsrb.com\\\/sport\\\/pioniri-porazeni-od-moldavije\\\/#article\",\"isPartOf\":{\"@id\":\"https:\\\/\\\/dmcsrb.com\\\/sport\\\/pioniri-porazeni-od-moldavije\\\/\"},\"author\":{\"name\":\"dmcsrbija.com@gmail.com\",\"@id\":\"https:\\\/\\\/dmcsrb.com\\\/#\\\/schema\\\/person\\\/5c39170f12db1b8b457732d0b5c854e2\"},\"headline\":\"Pioniri pora\u017eeni od Moldavije\",\"datePublished\":\"2025-11-20T15:45:00+00:00\",\"mainEntityOfPage\":{\"@id\":\"https:\\\/\\\/dmcsrb.com\\\/sport\\\/pioniri-porazeni-od-moldavije\\\/\"},\"wordCount\":164,\"commentCount\":0,\"image\":{\"@id\":\"https:\\\/\\\/dmcsrb.com\\\/sport\\\/pioniri-porazeni-od-moldavije\\\/#primaryimage\"},\"thumbnailUrl\":\"https:\\\/\\\/dmcsrb.com\\\/wp-content\\\/uploads\\\/2026\\\/01\\\/Pioniri-FSCG-1-1.webp\",\"keywords\":[\"Pionirska fudbalska reprezentacija Crne Gore\",\"Pionirska fudbalska reprezentacija Moldavije\",\"UEFA Razvojni turnir u Moldavji\",\"Vladan Savi\u0107\"],\"articleSection\":[\"Sport\"],\"inLanguage\":\"en-GB\",\"potentialAction\":[{\"@type\":\"CommentAction\",\"name\":\"Comment\",\"target\":[\"https:\\\/\\\/dmcsrb.com\\\/sport\\\/pioniri-porazeni-od-moldavije\\\/#respond\"]}]},{\"@type\":\"WebPage\",\"@id\":\"https:\\\/\\\/dmcsrb.com\\\/sport\\\/pioniri-porazeni-od-moldavije\\\/\",\"url\":\"https:\\\/\\\/dmcsrb.com\\\/sport\\\/pioniri-porazeni-od-moldavije\\\/\",\"name\":\"Pioniri pora\u017eeni od Moldavije - dmcsrb.com\",\"isPartOf\":{\"@id\":\"https:\\\/\\\/dmcsrb.com\\\/#website\"},\"primaryImageOfPage\":{\"@id\":\"https:\\\/\\\/dmcsrb.com\\\/sport\\\/pioniri-porazeni-od-moldavije\\\/#primaryimage\"},\"image\":{\"@id\":\"https:\\\/\\\/dmcsrb.com\\\/sport\\\/pioniri-porazeni-od-moldavije\\\/#primaryimage\"},\"thumbnailUrl\":\"https:\\\/\\\/dmcsrb.com\\\/wp-content\\\/uploads\\\/2026\\\/01\\\/Pioniri-FSCG-1-1.webp\",\"datePublished\":\"2025-11-20T15:45:00+00:00\",\"author\":{\"@id\":\"https:\\\/\\\/dmcsrb.com\\\/#\\\/schema\\\/person\\\/5c39170f12db1b8b457732d0b5c854e2\"},\"breadcrumb\":{\"@id\":\"https:\\\/\\\/dmcsrb.com\\\/sport\\\/pioniri-porazeni-od-moldavije\\\/#breadcrumb\"},\"inLanguage\":\"en-GB\",\"potentialAction\":[{\"@type\":\"ReadAction\",\"target\":[\"https:\\\/\\\/dmcsrb.com\\\/sport\\\/pioniri-porazeni-od-moldavije\\\/\"]}]},{\"@type\":\"ImageObject\",\"inLanguage\":\"en-GB\",\"@id\":\"https:\\\/\\\/dmcsrb.com\\\/sport\\\/pioniri-porazeni-od-moldavije\\\/#primaryimage\",\"url\":\"https:\\\/\\\/dmcsrb.com\\\/wp-content\\\/uploads\\\/2026\\\/01\\\/Pioniri-FSCG-1-1.webp\",\"contentUrl\":\"https:\\\/\\\/dmcsrb.com\\\/wp-content\\\/uploads\\\/2026\\\/01\\\/Pioniri-FSCG-1-1.webp\",\"width\":1050,\"height\":624},{\"@type\":\"BreadcrumbList\",\"@id\":\"https:\\\/\\\/dmcsrb.com\\\/sport\\\/pioniri-porazeni-od-moldavije\\\/#breadcrumb\",\"itemListElement\":[{\"@type\":\"ListItem\",\"position\":1,\"name\":\"Home\",\"item\":\"https:\\\/\\\/dmcsrb.com\\\/\"},{\"@type\":\"ListItem\",\"position\":2,\"name\":\"Pioniri pora\u017eeni od Moldavije\"}]},{\"@type\":\"WebSite\",\"@id\":\"https:\\\/\\\/dmcsrb.com\\\/#website\",\"url\":\"https:\\\/\\\/dmcsrb.com\\\/\",\"name\":\"dmcsrb.com\",\"description\":\"\",\"potentialAction\":[{\"@type\":\"SearchAction\",\"target\":{\"@type\":\"EntryPoint\",\"urlTemplate\":\"https:\\\/\\\/dmcsrb.com\\\/?s={search_term_string}\"},\"query-input\":{\"@type\":\"PropertyValueSpecification\",\"valueRequired\":true,\"valueName\":\"search_term_string\"}}],\"inLanguage\":\"en-GB\"},{\"@type\":\"Person\",\"@id\":\"https:\\\/\\\/dmcsrb.com\\\/#\\\/schema\\\/person\\\/5c39170f12db1b8b457732d0b5c854e2\",\"name\":\"dmcsrbija.com@gmail.com\",\"image\":{\"@type\":\"ImageObject\",\"inLanguage\":\"en-GB\",\"@id\":\"https:\\\/\\\/secure.gravatar.com\\\/avatar\\\/68592660ad6347fad0fb587f8d5d8f1a7b44961362f56e4f2cd524feb87e9069?s=96&d=mm&r=g\",\"url\":\"https:\\\/\\\/secure.gravatar.com\\\/avatar\\\/68592660ad6347fad0fb587f8d5d8f1a7b44961362f56e4f2cd524feb87e9069?s=96&d=mm&r=g\",\"contentUrl\":\"https:\\\/\\\/secure.gravatar.com\\\/avatar\\\/68592660ad6347fad0fb587f8d5d8f1a7b44961362f56e4f2cd524feb87e9069?s=96&d=mm&r=g\",\"caption\":\"dmcsrbija.com@gmail.com\"},\"sameAs\":[\"https:\\\/\\\/dmcsrb.com\"],\"url\":\"https:\\\/\\\/dmcsrb.com\\\/en\\\/author\\\/dmcsrbija-comgmail-com\\\/\"}]}<\/script>\n<!-- \/ Yoast SEO plugin. -->","yoast_head_json":{"title":"Pioniri pora\u017eeni od Moldavije - dmcsrb.com","robots":{"index":"index","follow":"follow","max-snippet":"max-snippet:-1","max-image-preview":"max-image-preview:large","max-video-preview":"max-video-preview:-1"},"canonical":"https:\/\/dmcsrb.com\/en\/sport\/pioniri-porazeni-od-moldavije\/","og_locale":"en_GB","og_type":"article","og_title":"Pioniri pora\u017eeni od Moldavije - dmcsrb.com","og_description":"Pionirska fudbalska reprezentacija Crne Gore pora\u017eena je u drugom kolu UEFA Razvojnog turnira u Moldaviji.","og_url":"https:\/\/dmcsrb.com\/en\/sport\/pioniri-porazeni-od-moldavije\/","og_site_name":"dmcsrb.com","article_published_time":"2025-11-20T15:45:00+00:00","og_image":[{"width":1050,"height":624,"url":"https:\/\/dmcsrb.com\/wp-content\/uploads\/2026\/01\/Pioniri-FSCG-1-1.webp","type":"image\/jpeg"}],"author":"dmcsrbija.com@gmail.com","twitter_card":"summary_large_image","twitter_misc":{"Written by":"dmcsrbija.com@gmail.com","Estimated reading time":"1 minute"},"schema":{"@context":"https:\/\/schema.org","@graph":[{"@type":"Article","@id":"https:\/\/dmcsrb.com\/sport\/pioniri-porazeni-od-moldavije\/#article","isPartOf":{"@id":"https:\/\/dmcsrb.com\/sport\/pioniri-porazeni-od-moldavije\/"},"author":{"name":"dmcsrbija.com@gmail.com","@id":"https:\/\/dmcsrb.com\/#\/schema\/person\/5c39170f12db1b8b457732d0b5c854e2"},"headline":"Pioniri pora\u017eeni od Moldavije","datePublished":"2025-11-20T15:45:00+00:00","mainEntityOfPage":{"@id":"https:\/\/dmcsrb.com\/sport\/pioniri-porazeni-od-moldavije\/"},"wordCount":164,"commentCount":0,"image":{"@id":"https:\/\/dmcsrb.com\/sport\/pioniri-porazeni-od-moldavije\/#primaryimage"},"thumbnailUrl":"https:\/\/dmcsrb.com\/wp-content\/uploads\/2026\/01\/Pioniri-FSCG-1-1.webp","keywords":["Pionirska fudbalska reprezentacija Crne Gore","Pionirska fudbalska reprezentacija Moldavije","UEFA Razvojni turnir u Moldavji","Vladan Savi\u0107"],"articleSection":["Sport"],"inLanguage":"en-GB","potentialAction":[{"@type":"CommentAction","name":"Comment","target":["https:\/\/dmcsrb.com\/sport\/pioniri-porazeni-od-moldavije\/#respond"]}]},{"@type":"WebPage","@id":"https:\/\/dmcsrb.com\/sport\/pioniri-porazeni-od-moldavije\/","url":"https:\/\/dmcsrb.com\/sport\/pioniri-porazeni-od-moldavije\/","name":"Pioniri pora\u017eeni od Moldavije - dmcsrb.com","isPartOf":{"@id":"https:\/\/dmcsrb.com\/#website"},"primaryImageOfPage":{"@id":"https:\/\/dmcsrb.com\/sport\/pioniri-porazeni-od-moldavije\/#primaryimage"},"image":{"@id":"https:\/\/dmcsrb.com\/sport\/pioniri-porazeni-od-moldavije\/#primaryimage"},"thumbnailUrl":"https:\/\/dmcsrb.com\/wp-content\/uploads\/2026\/01\/Pioniri-FSCG-1-1.webp","datePublished":"2025-11-20T15:45:00+00:00","author":{"@id":"https:\/\/dmcsrb.com\/#\/schema\/person\/5c39170f12db1b8b457732d0b5c854e2"},"breadcrumb":{"@id":"https:\/\/dmcsrb.com\/sport\/pioniri-porazeni-od-moldavije\/#breadcrumb"},"inLanguage":"en-GB","potentialAction":[{"@type":"ReadAction","target":["https:\/\/dmcsrb.com\/sport\/pioniri-porazeni-od-moldavije\/"]}]},{"@type":"ImageObject","inLanguage":"en-GB","@id":"https:\/\/dmcsrb.com\/sport\/pioniri-porazeni-od-moldavije\/#primaryimage","url":"https:\/\/dmcsrb.com\/wp-content\/uploads\/2026\/01\/Pioniri-FSCG-1-1.webp","contentUrl":"https:\/\/dmcsrb.com\/wp-content\/uploads\/2026\/01\/Pioniri-FSCG-1-1.webp","width":1050,"height":624},{"@type":"BreadcrumbList","@id":"https:\/\/dmcsrb.com\/sport\/pioniri-porazeni-od-moldavije\/#breadcrumb","itemListElement":[{"@type":"ListItem","position":1,"name":"Home","item":"https:\/\/dmcsrb.com\/"},{"@type":"ListItem","position":2,"name":"Pioniri pora\u017eeni od Moldavije"}]},{"@type":"WebSite","@id":"https:\/\/dmcsrb.com\/#website","url":"https:\/\/dmcsrb.com\/","name":"dmcsrb.com","description":"","potentialAction":[{"@type":"SearchAction","target":{"@type":"EntryPoint","urlTemplate":"https:\/\/dmcsrb.com\/?s={search_term_string}"},"query-input":{"@type":"PropertyValueSpecification","valueRequired":true,"valueName":"search_term_string"}}],"inLanguage":"en-GB"},{"@type":"Person","@id":"https:\/\/dmcsrb.com\/#\/schema\/person\/5c39170f12db1b8b457732d0b5c854e2","name":"dmcsrbija.com@gmail.com","image":{"@type":"ImageObject","inLanguage":"en-GB","@id":"https:\/\/secure.gravatar.com\/avatar\/68592660ad6347fad0fb587f8d5d8f1a7b44961362f56e4f2cd524feb87e9069?s=96&d=mm&r=g","url":"https:\/\/secure.gravatar.com\/avatar\/68592660ad6347fad0fb587f8d5d8f1a7b44961362f56e4f2cd524feb87e9069?s=96&d=mm&r=g","contentUrl":"https:\/\/secure.gravatar.com\/avatar\/68592660ad6347fad0fb587f8d5d8f1a7b44961362f56e4f2cd524feb87e9069?s=96&d=mm&r=g","caption":"dmcsrbija.com@gmail.com"},"sameAs":["https:\/\/dmcsrb.com"],"url":"https:\/\/dmcsrb.com\/en\/author\/dmcsrbija-comgmail-com\/"}]}},"_links":{"self":[{"href":"https:\/\/dmcsrb.com\/en\/wp-json\/wp\/v2\/posts\/964735","targetHints":{"allow":["GET"]}}],"collection":[{"href":"https:\/\/dmcsrb.com\/en\/wp-json\/wp\/v2\/posts"}],"about":[{"href":"https:\/\/dmcsrb.com\/en\/wp-json\/wp\/v2\/types\/post"}],"author":[{"embeddable":true,"href":"https:\/\/dmcsrb.com\/en\/wp-json\/wp\/v2\/users\/1"}],"replies":[{"embeddable":true,"href":"https:\/\/dmcsrb.com\/en\/wp-json\/wp\/v2\/comments?post=964735"}],"version-history":[{"count":0,"href":"https:\/\/dmcsrb.com\/en\/wp-json\/wp\/v2\/posts\/964735\/revisions"}],"wp:featuredmedia":[{"embeddable":true,"href":"https:\/\/dmcsrb.com\/en\/wp-json\/wp\/v2\/media\/964736"}],"wp:attachment":[{"href":"https:\/\/dmcsrb.com\/en\/wp-json\/wp\/v2\/media?parent=964735"}],"wp:term":[{"taxonomy":"category","embeddable":true,"href":"https:\/\/dmcsrb.com\/en\/wp-json\/wp\/v2\/categories?post=964735"},{"taxonomy":"post_tag","embeddable":true,"href":"https:\/\/dmcsrb.com\/en\/wp-json\/wp\/v2\/tags?post=964735"},{"taxonomy":"naslovna","embeddable":true,"href":"https:\/\/dmcsrb.com\/en\/wp-json\/wp\/v2\/naslovna?post=964735"}],"curies":[{"name":"wp","href":"https:\/\/api.w.org\/{rel}","templated":true}]}}