{"id":964725,"date":"2025-11-20T17:16:00","date_gmt":"2025-11-20T16:16:00","guid":{"rendered":"https:\/\/dmcsrb.com\/uncategorized\/herceg-novi-dio-regionalne-inicijative-za-jacanje-zenskog-preduzetnistva\/"},"modified":"2025-11-20T17:16:00","modified_gmt":"2025-11-20T16:16:00","slug":"herceg-novi-dio-regionalne-inicijative-za-jacanje-zenskog-preduzetnistva","status":"publish","type":"post","link":"https:\/\/dmcsrb.com\/en\/drustvo\/herceg-novi-dio-regionalne-inicijative-za-jacanje-zenskog-preduzetnistva\/","title":{"rendered":"Herceg Novi dio regionalne inicijative za ja\u010danje \u017eenskog preduzetni\u0161tva"},"content":{"rendered":"<p>Potpredsjednik Op\u0161tine Herceg Novi, Ivan Otovi\u0107, u\u010destvovao je na regionalnoj konferenciji \u201e\u017densko preduzetni\u0161tvo u susret EXPO 2027\u201c, odr\u017eanoj u Beogradu.<\/p>\n\n\n\n<p>Doga\u0111aj je organizovala Privredna komora Srbije u saradnji sa Expo 2027 i okupio je vi\u0161e od 300 preduzetnica iz Srbije, Crne Gore, Bosne i Hercegovine i Hrvatske.<\/p>\n\n\n\n<p>Otovi\u0107 je govorio na panelu \u201eZna\u010daj regionalnog umre\u017eavanja preduzetnica\u201c, gdje je istakao va\u017enost povezivanja \u017eena u biznisu i razmjenu dobrih praksi u regionu. Tokom doga\u0111aja odr\u017eano je vi\u0161e panela i radionica posve\u0107enih institucionalnoj podr\u0161ci, edukaciji i primjerima uspje\u0161nih \u017eenskih biznisa.<\/p>\n\n\n\n<p>U\u010de\u0161\u0107e predstavnika Op\u0161tine Herceg Novi rezultat je Memoranduma o saradnji izme\u0111u Op\u0161tine Herceg Novi i Privredne komore Srbije.<\/p>\n\n\n\n<p>Podsje\u0107amo, delegacija Privredne komore Srbije boravila je u radnoj posjeti Herceg Novom sredinom septembra, kada je razgovarano o unapre\u0111enju zajedni\u010dke saradnje u oblasti \u017eenskog preduzetni\u0161tva i pripremama za Expo Beograd 2027.<\/p>","protected":false},"excerpt":{"rendered":"<p>Predsjednik SO Herceg Novi Ivan Otovi\u0107 je govorio na panelu \u201eZna\u010daj regionalnog umre\u017eavanja preduzetnica\u201c, gdje je istakao va\u017enost povezivanja \u017eena u biznisu i razmjenu dobrih praksi u regionu.<\/p>","protected":false},"author":1,"featured_media":964726,"comment_status":"open","ping_status":"open","sticky":false,"template":"","format":"standard","meta":{"_acf_changed":false,"footnotes":""},"categories":[2],"tags":[1121,14930,3483,14931],"naslovna":[],"class_list":["post-964725","post","type-post","status-publish","format-standard","has-post-thumbnail","hentry","category-drustvo","tag-beograd","tag-expo-2027","tag-ivan-otovic","tag-privredna-komora-srbije"],"acf":[],"yoast_head":"<!-- This site is optimized with the Yoast SEO plugin v27.4 - https:\/\/yoast.com\/product\/yoast-seo-wordpress\/ -->\n<title>Herceg Novi dio regionalne inicijative za ja\u010danje \u017eenskog preduzetni\u0161tva - dmcsrb.com<\/title>\n<meta name=\"robots\" content=\"index, follow, max-snippet:-1, max-image-preview:large, max-video-preview:-1\" \/>\n<link rel=\"canonical\" href=\"https:\/\/dmcsrb.com\/en\/drustvo\/herceg-novi-dio-regionalne-inicijative-za-jacanje-zenskog-preduzetnistva\/\" \/>\n<meta property=\"og:locale\" content=\"en_GB\" \/>\n<meta property=\"og:type\" content=\"article\" \/>\n<meta property=\"og:title\" content=\"Herceg Novi dio regionalne inicijative za ja\u010danje \u017eenskog preduzetni\u0161tva - dmcsrb.com\" \/>\n<meta property=\"og:description\" content=\"Predsjednik SO Herceg Novi Ivan Otovi\u0107 je govorio na panelu \u201eZna\u010daj regionalnog umre\u017eavanja preduzetnica\u201c, gdje je istakao va\u017enost povezivanja \u017eena u biznisu i razmjenu dobrih praksi u regionu.\" \/>\n<meta property=\"og:url\" content=\"https:\/\/dmcsrb.com\/en\/drustvo\/herceg-novi-dio-regionalne-inicijative-za-jacanje-zenskog-preduzetnistva\/\" \/>\n<meta property=\"og:site_name\" content=\"dmcsrb.com\" \/>\n<meta property=\"article:published_time\" content=\"2025-11-20T16:16:00+00:00\" \/>\n<meta property=\"og:image\" content=\"https:\/\/dmcsrb.com\/wp-content\/uploads\/2026\/01\/Otovic-HN-u-Beogradu.webp\" \/>\n\t<meta property=\"og:image:width\" content=\"697\" \/>\n\t<meta property=\"og:image:height\" content=\"614\" \/>\n\t<meta property=\"og:image:type\" content=\"image\/jpeg\" \/>\n<meta name=\"author\" content=\"dmcsrbija.com@gmail.com\" \/>\n<meta name=\"twitter:card\" content=\"summary_large_image\" \/>\n<meta name=\"twitter:label1\" content=\"Written by\" \/>\n\t<meta name=\"twitter:data1\" content=\"dmcsrbija.com@gmail.com\" \/>\n\t<meta name=\"twitter:label2\" content=\"Estimated reading time\" \/>\n\t<meta name=\"twitter:data2\" content=\"1 minute\" \/>\n<script type=\"application\/ld+json\" class=\"yoast-schema-graph\">{\"@context\":\"https:\\\/\\\/schema.org\",\"@graph\":[{\"@type\":\"Article\",\"@id\":\"https:\\\/\\\/dmcsrb.com\\\/drustvo\\\/herceg-novi-dio-regionalne-inicijative-za-jacanje-zenskog-preduzetnistva\\\/#article\",\"isPartOf\":{\"@id\":\"https:\\\/\\\/dmcsrb.com\\\/drustvo\\\/herceg-novi-dio-regionalne-inicijative-za-jacanje-zenskog-preduzetnistva\\\/\"},\"author\":{\"name\":\"dmcsrbija.com@gmail.com\",\"@id\":\"https:\\\/\\\/dmcsrb.com\\\/#\\\/schema\\\/person\\\/5c39170f12db1b8b457732d0b5c854e2\"},\"headline\":\"Herceg Novi dio regionalne inicijative za ja\u010danje \u017eenskog preduzetni\u0161tva\",\"datePublished\":\"2025-11-20T16:16:00+00:00\",\"mainEntityOfPage\":{\"@id\":\"https:\\\/\\\/dmcsrb.com\\\/drustvo\\\/herceg-novi-dio-regionalne-inicijative-za-jacanje-zenskog-preduzetnistva\\\/\"},\"wordCount\":167,\"commentCount\":0,\"image\":{\"@id\":\"https:\\\/\\\/dmcsrb.com\\\/drustvo\\\/herceg-novi-dio-regionalne-inicijative-za-jacanje-zenskog-preduzetnistva\\\/#primaryimage\"},\"thumbnailUrl\":\"https:\\\/\\\/dmcsrb.com\\\/wp-content\\\/uploads\\\/2026\\\/01\\\/Otovic-HN-u-Beogradu.webp\",\"keywords\":[\"Beograd\",\"EXPO 2027\",\"Ivan Otovi\u0107\",\"Privredna komora Srbije\"],\"articleSection\":[\"Dru\u0161tvo\"],\"inLanguage\":\"en-GB\",\"potentialAction\":[{\"@type\":\"CommentAction\",\"name\":\"Comment\",\"target\":[\"https:\\\/\\\/dmcsrb.com\\\/drustvo\\\/herceg-novi-dio-regionalne-inicijative-za-jacanje-zenskog-preduzetnistva\\\/#respond\"]}]},{\"@type\":\"WebPage\",\"@id\":\"https:\\\/\\\/dmcsrb.com\\\/drustvo\\\/herceg-novi-dio-regionalne-inicijative-za-jacanje-zenskog-preduzetnistva\\\/\",\"url\":\"https:\\\/\\\/dmcsrb.com\\\/drustvo\\\/herceg-novi-dio-regionalne-inicijative-za-jacanje-zenskog-preduzetnistva\\\/\",\"name\":\"Herceg Novi dio regionalne inicijative za ja\u010danje \u017eenskog preduzetni\u0161tva - dmcsrb.com\",\"isPartOf\":{\"@id\":\"https:\\\/\\\/dmcsrb.com\\\/#website\"},\"primaryImageOfPage\":{\"@id\":\"https:\\\/\\\/dmcsrb.com\\\/drustvo\\\/herceg-novi-dio-regionalne-inicijative-za-jacanje-zenskog-preduzetnistva\\\/#primaryimage\"},\"image\":{\"@id\":\"https:\\\/\\\/dmcsrb.com\\\/drustvo\\\/herceg-novi-dio-regionalne-inicijative-za-jacanje-zenskog-preduzetnistva\\\/#primaryimage\"},\"thumbnailUrl\":\"https:\\\/\\\/dmcsrb.com\\\/wp-content\\\/uploads\\\/2026\\\/01\\\/Otovic-HN-u-Beogradu.webp\",\"datePublished\":\"2025-11-20T16:16:00+00:00\",\"author\":{\"@id\":\"https:\\\/\\\/dmcsrb.com\\\/#\\\/schema\\\/person\\\/5c39170f12db1b8b457732d0b5c854e2\"},\"breadcrumb\":{\"@id\":\"https:\\\/\\\/dmcsrb.com\\\/drustvo\\\/herceg-novi-dio-regionalne-inicijative-za-jacanje-zenskog-preduzetnistva\\\/#breadcrumb\"},\"inLanguage\":\"en-GB\",\"potentialAction\":[{\"@type\":\"ReadAction\",\"target\":[\"https:\\\/\\\/dmcsrb.com\\\/drustvo\\\/herceg-novi-dio-regionalne-inicijative-za-jacanje-zenskog-preduzetnistva\\\/\"]}]},{\"@type\":\"ImageObject\",\"inLanguage\":\"en-GB\",\"@id\":\"https:\\\/\\\/dmcsrb.com\\\/drustvo\\\/herceg-novi-dio-regionalne-inicijative-za-jacanje-zenskog-preduzetnistva\\\/#primaryimage\",\"url\":\"https:\\\/\\\/dmcsrb.com\\\/wp-content\\\/uploads\\\/2026\\\/01\\\/Otovic-HN-u-Beogradu.webp\",\"contentUrl\":\"https:\\\/\\\/dmcsrb.com\\\/wp-content\\\/uploads\\\/2026\\\/01\\\/Otovic-HN-u-Beogradu.webp\",\"width\":697,\"height\":614},{\"@type\":\"BreadcrumbList\",\"@id\":\"https:\\\/\\\/dmcsrb.com\\\/drustvo\\\/herceg-novi-dio-regionalne-inicijative-za-jacanje-zenskog-preduzetnistva\\\/#breadcrumb\",\"itemListElement\":[{\"@type\":\"ListItem\",\"position\":1,\"name\":\"Home\",\"item\":\"https:\\\/\\\/dmcsrb.com\\\/\"},{\"@type\":\"ListItem\",\"position\":2,\"name\":\"Herceg Novi dio regionalne inicijative za ja\u010danje \u017eenskog preduzetni\u0161tva\"}]},{\"@type\":\"WebSite\",\"@id\":\"https:\\\/\\\/dmcsrb.com\\\/#website\",\"url\":\"https:\\\/\\\/dmcsrb.com\\\/\",\"name\":\"dmcsrb.com\",\"description\":\"\",\"potentialAction\":[{\"@type\":\"SearchAction\",\"target\":{\"@type\":\"EntryPoint\",\"urlTemplate\":\"https:\\\/\\\/dmcsrb.com\\\/?s={search_term_string}\"},\"query-input\":{\"@type\":\"PropertyValueSpecification\",\"valueRequired\":true,\"valueName\":\"search_term_string\"}}],\"inLanguage\":\"en-GB\"},{\"@type\":\"Person\",\"@id\":\"https:\\\/\\\/dmcsrb.com\\\/#\\\/schema\\\/person\\\/5c39170f12db1b8b457732d0b5c854e2\",\"name\":\"dmcsrbija.com@gmail.com\",\"image\":{\"@type\":\"ImageObject\",\"inLanguage\":\"en-GB\",\"@id\":\"https:\\\/\\\/secure.gravatar.com\\\/avatar\\\/68592660ad6347fad0fb587f8d5d8f1a7b44961362f56e4f2cd524feb87e9069?s=96&d=mm&r=g\",\"url\":\"https:\\\/\\\/secure.gravatar.com\\\/avatar\\\/68592660ad6347fad0fb587f8d5d8f1a7b44961362f56e4f2cd524feb87e9069?s=96&d=mm&r=g\",\"contentUrl\":\"https:\\\/\\\/secure.gravatar.com\\\/avatar\\\/68592660ad6347fad0fb587f8d5d8f1a7b44961362f56e4f2cd524feb87e9069?s=96&d=mm&r=g\",\"caption\":\"dmcsrbija.com@gmail.com\"},\"sameAs\":[\"https:\\\/\\\/dmcsrb.com\"],\"url\":\"https:\\\/\\\/dmcsrb.com\\\/en\\\/author\\\/dmcsrbija-comgmail-com\\\/\"}]}<\/script>\n<!-- \/ Yoast SEO plugin. -->","yoast_head_json":{"title":"Herceg Novi dio regionalne inicijative za ja\u010danje \u017eenskog preduzetni\u0161tva - dmcsrb.com","robots":{"index":"index","follow":"follow","max-snippet":"max-snippet:-1","max-image-preview":"max-image-preview:large","max-video-preview":"max-video-preview:-1"},"canonical":"https:\/\/dmcsrb.com\/en\/drustvo\/herceg-novi-dio-regionalne-inicijative-za-jacanje-zenskog-preduzetnistva\/","og_locale":"en_GB","og_type":"article","og_title":"Herceg Novi dio regionalne inicijative za ja\u010danje \u017eenskog preduzetni\u0161tva - dmcsrb.com","og_description":"Predsjednik SO Herceg Novi Ivan Otovi\u0107 je govorio na panelu \u201eZna\u010daj regionalnog umre\u017eavanja preduzetnica\u201c, gdje je istakao va\u017enost povezivanja \u017eena u biznisu i razmjenu dobrih praksi u regionu.","og_url":"https:\/\/dmcsrb.com\/en\/drustvo\/herceg-novi-dio-regionalne-inicijative-za-jacanje-zenskog-preduzetnistva\/","og_site_name":"dmcsrb.com","article_published_time":"2025-11-20T16:16:00+00:00","og_image":[{"width":697,"height":614,"url":"https:\/\/dmcsrb.com\/wp-content\/uploads\/2026\/01\/Otovic-HN-u-Beogradu.webp","type":"image\/jpeg"}],"author":"dmcsrbija.com@gmail.com","twitter_card":"summary_large_image","twitter_misc":{"Written by":"dmcsrbija.com@gmail.com","Estimated reading time":"1 minute"},"schema":{"@context":"https:\/\/schema.org","@graph":[{"@type":"Article","@id":"https:\/\/dmcsrb.com\/drustvo\/herceg-novi-dio-regionalne-inicijative-za-jacanje-zenskog-preduzetnistva\/#article","isPartOf":{"@id":"https:\/\/dmcsrb.com\/drustvo\/herceg-novi-dio-regionalne-inicijative-za-jacanje-zenskog-preduzetnistva\/"},"author":{"name":"dmcsrbija.com@gmail.com","@id":"https:\/\/dmcsrb.com\/#\/schema\/person\/5c39170f12db1b8b457732d0b5c854e2"},"headline":"Herceg Novi dio regionalne inicijative za ja\u010danje \u017eenskog preduzetni\u0161tva","datePublished":"2025-11-20T16:16:00+00:00","mainEntityOfPage":{"@id":"https:\/\/dmcsrb.com\/drustvo\/herceg-novi-dio-regionalne-inicijative-za-jacanje-zenskog-preduzetnistva\/"},"wordCount":167,"commentCount":0,"image":{"@id":"https:\/\/dmcsrb.com\/drustvo\/herceg-novi-dio-regionalne-inicijative-za-jacanje-zenskog-preduzetnistva\/#primaryimage"},"thumbnailUrl":"https:\/\/dmcsrb.com\/wp-content\/uploads\/2026\/01\/Otovic-HN-u-Beogradu.webp","keywords":["Beograd","EXPO 2027","Ivan Otovi\u0107","Privredna komora Srbije"],"articleSection":["Dru\u0161tvo"],"inLanguage":"en-GB","potentialAction":[{"@type":"CommentAction","name":"Comment","target":["https:\/\/dmcsrb.com\/drustvo\/herceg-novi-dio-regionalne-inicijative-za-jacanje-zenskog-preduzetnistva\/#respond"]}]},{"@type":"WebPage","@id":"https:\/\/dmcsrb.com\/drustvo\/herceg-novi-dio-regionalne-inicijative-za-jacanje-zenskog-preduzetnistva\/","url":"https:\/\/dmcsrb.com\/drustvo\/herceg-novi-dio-regionalne-inicijative-za-jacanje-zenskog-preduzetnistva\/","name":"Herceg Novi dio regionalne inicijative za ja\u010danje \u017eenskog preduzetni\u0161tva - dmcsrb.com","isPartOf":{"@id":"https:\/\/dmcsrb.com\/#website"},"primaryImageOfPage":{"@id":"https:\/\/dmcsrb.com\/drustvo\/herceg-novi-dio-regionalne-inicijative-za-jacanje-zenskog-preduzetnistva\/#primaryimage"},"image":{"@id":"https:\/\/dmcsrb.com\/drustvo\/herceg-novi-dio-regionalne-inicijative-za-jacanje-zenskog-preduzetnistva\/#primaryimage"},"thumbnailUrl":"https:\/\/dmcsrb.com\/wp-content\/uploads\/2026\/01\/Otovic-HN-u-Beogradu.webp","datePublished":"2025-11-20T16:16:00+00:00","author":{"@id":"https:\/\/dmcsrb.com\/#\/schema\/person\/5c39170f12db1b8b457732d0b5c854e2"},"breadcrumb":{"@id":"https:\/\/dmcsrb.com\/drustvo\/herceg-novi-dio-regionalne-inicijative-za-jacanje-zenskog-preduzetnistva\/#breadcrumb"},"inLanguage":"en-GB","potentialAction":[{"@type":"ReadAction","target":["https:\/\/dmcsrb.com\/drustvo\/herceg-novi-dio-regionalne-inicijative-za-jacanje-zenskog-preduzetnistva\/"]}]},{"@type":"ImageObject","inLanguage":"en-GB","@id":"https:\/\/dmcsrb.com\/drustvo\/herceg-novi-dio-regionalne-inicijative-za-jacanje-zenskog-preduzetnistva\/#primaryimage","url":"https:\/\/dmcsrb.com\/wp-content\/uploads\/2026\/01\/Otovic-HN-u-Beogradu.webp","contentUrl":"https:\/\/dmcsrb.com\/wp-content\/uploads\/2026\/01\/Otovic-HN-u-Beogradu.webp","width":697,"height":614},{"@type":"BreadcrumbList","@id":"https:\/\/dmcsrb.com\/drustvo\/herceg-novi-dio-regionalne-inicijative-za-jacanje-zenskog-preduzetnistva\/#breadcrumb","itemListElement":[{"@type":"ListItem","position":1,"name":"Home","item":"https:\/\/dmcsrb.com\/"},{"@type":"ListItem","position":2,"name":"Herceg Novi dio regionalne inicijative za ja\u010danje \u017eenskog preduzetni\u0161tva"}]},{"@type":"WebSite","@id":"https:\/\/dmcsrb.com\/#website","url":"https:\/\/dmcsrb.com\/","name":"dmcsrb.com","description":"","potentialAction":[{"@type":"SearchAction","target":{"@type":"EntryPoint","urlTemplate":"https:\/\/dmcsrb.com\/?s={search_term_string}"},"query-input":{"@type":"PropertyValueSpecification","valueRequired":true,"valueName":"search_term_string"}}],"inLanguage":"en-GB"},{"@type":"Person","@id":"https:\/\/dmcsrb.com\/#\/schema\/person\/5c39170f12db1b8b457732d0b5c854e2","name":"dmcsrbija.com@gmail.com","image":{"@type":"ImageObject","inLanguage":"en-GB","@id":"https:\/\/secure.gravatar.com\/avatar\/68592660ad6347fad0fb587f8d5d8f1a7b44961362f56e4f2cd524feb87e9069?s=96&d=mm&r=g","url":"https:\/\/secure.gravatar.com\/avatar\/68592660ad6347fad0fb587f8d5d8f1a7b44961362f56e4f2cd524feb87e9069?s=96&d=mm&r=g","contentUrl":"https:\/\/secure.gravatar.com\/avatar\/68592660ad6347fad0fb587f8d5d8f1a7b44961362f56e4f2cd524feb87e9069?s=96&d=mm&r=g","caption":"dmcsrbija.com@gmail.com"},"sameAs":["https:\/\/dmcsrb.com"],"url":"https:\/\/dmcsrb.com\/en\/author\/dmcsrbija-comgmail-com\/"}]}},"_links":{"self":[{"href":"https:\/\/dmcsrb.com\/en\/wp-json\/wp\/v2\/posts\/964725","targetHints":{"allow":["GET"]}}],"collection":[{"href":"https:\/\/dmcsrb.com\/en\/wp-json\/wp\/v2\/posts"}],"about":[{"href":"https:\/\/dmcsrb.com\/en\/wp-json\/wp\/v2\/types\/post"}],"author":[{"embeddable":true,"href":"https:\/\/dmcsrb.com\/en\/wp-json\/wp\/v2\/users\/1"}],"replies":[{"embeddable":true,"href":"https:\/\/dmcsrb.com\/en\/wp-json\/wp\/v2\/comments?post=964725"}],"version-history":[{"count":0,"href":"https:\/\/dmcsrb.com\/en\/wp-json\/wp\/v2\/posts\/964725\/revisions"}],"wp:featuredmedia":[{"embeddable":true,"href":"https:\/\/dmcsrb.com\/en\/wp-json\/wp\/v2\/media\/964726"}],"wp:attachment":[{"href":"https:\/\/dmcsrb.com\/en\/wp-json\/wp\/v2\/media?parent=964725"}],"wp:term":[{"taxonomy":"category","embeddable":true,"href":"https:\/\/dmcsrb.com\/en\/wp-json\/wp\/v2\/categories?post=964725"},{"taxonomy":"post_tag","embeddable":true,"href":"https:\/\/dmcsrb.com\/en\/wp-json\/wp\/v2\/tags?post=964725"},{"taxonomy":"naslovna","embeddable":true,"href":"https:\/\/dmcsrb.com\/en\/wp-json\/wp\/v2\/naslovna?post=964725"}],"curies":[{"name":"wp","href":"https:\/\/api.w.org\/{rel}","templated":true}]}}