{"id":964705,"date":"2025-11-20T15:47:00","date_gmt":"2025-11-20T14:47:00","guid":{"rendered":"https:\/\/dmcsrb.com\/uncategorized\/sehovic-vujovic-i-belan-sa-jukicem-zbog-aktuelne-vlasti-brisel-po-prvi-put-pominje-rizik-od-tzv-trojanskih-konja-u-redovima-eu\/"},"modified":"2025-11-20T15:47:00","modified_gmt":"2025-11-20T14:47:00","slug":"sehovic-vujovic-i-belan-sa-jukicem-zbog-aktuelne-vlasti-brisel-po-prvi-put-pominje-rizik-od-tzv-trojanskih-konja-u-redovima-eu","status":"publish","type":"post","link":"https:\/\/dmcsrb.com\/en\/politika\/sehovic-vujovic-i-belan-sa-jukicem-zbog-aktuelne-vlasti-brisel-po-prvi-put-pominje-rizik-od-tzv-trojanskih-konja-u-redovima-eu\/","title":{"rendered":"\u0160ehovi\u0107, Vujovi\u0107 i Belan sa Juki\u0107em: Zbog aktuelne vlasti Brisel po prvi put pominje rizik od tzv. &#8220;trojanskih konja&#8221; u redovima EU"},"content":{"rendered":"<p><\/p>\n\n\n\n<p>Na sastanku je istaknuto da Crna Gora i Bosna i Hercegovina treba da nastave da grade odli\u010dne prijateljske odnose i da \u010dvrsto sara\u0111uju u realizaciji zajedni\u010dkog strate\u0161kog cilja, a to je \u010dlanstvo u Evropskoj uniji, navode iz Evropskog saveza.<\/p>\n\n\n\n<p>Sagovornici su ukazali da je obaveza obje dr\u017eave da iskoriste trenutni geopoliti\u010dki momentum i nove prilike, posebno u okolnostima u kojima EU iskazuje vidljivu otvorenost za nastavak politike pro\u0161irenja, \u0161to stvara dodatnu obavezu za zemlje regiona da unaprijede dinamiku realizacije preuzetih obaveza i u potpunosti iskoriste novi evropski zamah, poru\u010duju iz Evropskog saveza.<\/p>\n\n\n\n<p>&#8221;Lideri Evropskog saveza upoznali su ambasadora Juki\u0107a sa misijom, ciljevima i zadacima ove nadstrana\u010dke platforme koju \u010dine tri partije i nezavisni intelektualci&#8221;, istakli su iz Evropskog saveza.<\/p>\n\n\n\n<p>Dosada\u0161nji rezultati Saveza potvr\u0111uju da je ideja o njegovom formiranju bila i ispravna i vizionarska, a uvjereni su da \u0107e predstoje\u0107i period to dodatno potvrditi, kazali su iz Evropskog saveza.<\/p>\n\n\n\n<p>&#8221;Izrazili su o\u010dekivanje da \u0107e Evropski savez nakon narednih parlamentarnih izbora biti politi\u010dki subjekt koji \u0107e imati klju\u010dnu ulogu u definisanju duha i istinski proevropskog, demokratskog i reformskog karaktera sljede\u0107e Vlade Crne Gore&#8221;, navode iz Evropskog saveza.<\/p>\n\n\n\n<p>\u0160ehovi\u0107, Vujovi\u0107 i Belan istakli su da dolaze iz politi\u010dkih struktura koje su jo\u0161 prije trideset pet godina postavile \u010dlanstvo Crne Gore u EU kao strate\u0161ki cilj. U vezi sa tim izrazili su zadovoljstvo zbog spremnosti Evropske unije da cjelokupan proces u\u010dlanjenja bude ubrzan uprkos izazovima i usporavanjima koja su bila vidljiva unutar Vlade Crne Gore tokom protekle godine, \u0161to je ujedno i razlog zbog kojeg zvani\u010dni Brisel po prvi put jasno ukazuje na rizik od takozvanih trojanskih konja u redovima Evropske unije i na potrebu da se od takvih tendencija za\u0161titi evropski poredak. Ovakve poruke predstavljaju dodatni poziv svim dr\u017eavama kandidatima, uklju\u010duju\u0107i i Crnu Goru, da dosljedno afirmi\u0161u evropske vrijednosti i ja\u010daju otpornost svojih institucija.<\/p>\n\n\n\n<p>&#8221;Ambasador Juki\u0107 potvrdio je sna\u017enu podr\u0161ku i privr\u017eenost Bosne i Hercegovine evropskoj, demokratskoj i progresivnoj Crnoj Gori, budu\u0107oj \u010dlanici EU, koja \u0107e kao takva biti dodatni podsticaj za intenzivnije anga\u017eovanje Bosne i Hercegovine u pretpristupnim procesima, ali i va\u017ean signal svim zemljama Zapadnog Balkana&#8221;, zaklju\u010duju iz Evropskog saveza.<\/p>","protected":false},"excerpt":{"rendered":"<p>Lideri Evropskog saveza Damir \u0160ehovi\u0107, Ivan Vujovi\u0107 i Vatroslav Belan sastali su se danas sa ambasadorom Bosne i Hercegovine u Crnoj Gori Branimirom Juki\u0107em, saop\u0161teno je iz Evropskog saveza.<\/p>","protected":false},"author":1,"featured_media":964706,"comment_status":"open","ping_status":"open","sticky":false,"template":"","format":"standard","meta":{"_acf_changed":false,"footnotes":""},"categories":[12],"tags":[14914,3203,1268,2847],"naslovna":[],"class_list":["post-964705","post","type-post","status-publish","format-standard","has-post-thumbnail","hentry","category-politika","tag-branimir-jukic","tag-damir-sehovic","tag-ivan-vujovic","tag-vatroslav-belan"],"acf":[],"yoast_head":"<!-- This site is optimized with the Yoast SEO plugin v27.0 - https:\/\/yoast.com\/product\/yoast-seo-wordpress\/ -->\n<title>\u0160ehovi\u0107, Vujovi\u0107 i Belan sa Juki\u0107em: Zbog aktuelne vlasti Brisel po prvi put pominje rizik od tzv. &quot;trojanskih konja&quot; u redovima EU - dmcsrb.com<\/title>\n<meta name=\"robots\" content=\"index, follow, max-snippet:-1, max-image-preview:large, max-video-preview:-1\" \/>\n<link rel=\"canonical\" href=\"https:\/\/dmcsrb.com\/en\/politika\/sehovic-vujovic-i-belan-sa-jukicem-zbog-aktuelne-vlasti-brisel-po-prvi-put-pominje-rizik-od-tzv-trojanskih-konja-u-redovima-eu\/\" \/>\n<meta property=\"og:locale\" content=\"en_GB\" \/>\n<meta property=\"og:type\" content=\"article\" \/>\n<meta property=\"og:title\" content=\"\u0160ehovi\u0107, Vujovi\u0107 i Belan sa Juki\u0107em: Zbog aktuelne vlasti Brisel po prvi put pominje rizik od tzv. &quot;trojanskih konja&quot; u redovima EU - dmcsrb.com\" \/>\n<meta property=\"og:description\" content=\"Lideri Evropskog saveza Damir \u0160ehovi\u0107, Ivan Vujovi\u0107 i Vatroslav Belan sastali su se danas sa ambasadorom Bosne i Hercegovine u Crnoj Gori Branimirom Juki\u0107em, saop\u0161teno je iz Evropskog saveza.\" \/>\n<meta property=\"og:url\" content=\"https:\/\/dmcsrb.com\/en\/politika\/sehovic-vujovic-i-belan-sa-jukicem-zbog-aktuelne-vlasti-brisel-po-prvi-put-pominje-rizik-od-tzv-trojanskih-konja-u-redovima-eu\/\" \/>\n<meta property=\"og:site_name\" content=\"dmcsrb.com\" \/>\n<meta property=\"article:published_time\" content=\"2025-11-20T14:47:00+00:00\" \/>\n<meta property=\"og:image\" content=\"https:\/\/dmcsrb.com\/wp-content\/uploads\/2026\/01\/IMG_5803.webp\" \/>\n\t<meta property=\"og:image:width\" content=\"1600\" \/>\n\t<meta property=\"og:image:height\" content=\"1164\" \/>\n\t<meta property=\"og:image:type\" content=\"image\/jpeg\" \/>\n<meta name=\"author\" content=\"dmcsrbija.com@gmail.com\" \/>\n<meta name=\"twitter:card\" content=\"summary_large_image\" \/>\n<meta name=\"twitter:label1\" content=\"Written by\" \/>\n\t<meta name=\"twitter:data1\" content=\"dmcsrbija.com@gmail.com\" \/>\n\t<meta name=\"twitter:label2\" content=\"Estimated reading time\" \/>\n\t<meta name=\"twitter:data2\" content=\"2 minutes\" \/>\n<script type=\"application\/ld+json\" class=\"yoast-schema-graph\">{\"@context\":\"https:\/\/schema.org\",\"@graph\":[{\"@type\":\"Article\",\"@id\":\"https:\/\/dmcsrb.com\/politika\/sehovic-vujovic-i-belan-sa-jukicem-zbog-aktuelne-vlasti-brisel-po-prvi-put-pominje-rizik-od-tzv-trojanskih-konja-u-redovima-eu\/#article\",\"isPartOf\":{\"@id\":\"https:\/\/dmcsrb.com\/politika\/sehovic-vujovic-i-belan-sa-jukicem-zbog-aktuelne-vlasti-brisel-po-prvi-put-pominje-rizik-od-tzv-trojanskih-konja-u-redovima-eu\/\"},\"author\":{\"name\":\"dmcsrbija.com@gmail.com\",\"@id\":\"https:\/\/dmcsrb.com\/#\/schema\/person\/5c39170f12db1b8b457732d0b5c854e2\"},\"headline\":\"\u0160ehovi\u0107, Vujovi\u0107 i Belan sa Juki\u0107em: Zbog aktuelne vlasti Brisel po prvi put pominje rizik od tzv. &#8220;trojanskih konja&#8221; u redovima EU\",\"datePublished\":\"2025-11-20T14:47:00+00:00\",\"mainEntityOfPage\":{\"@id\":\"https:\/\/dmcsrb.com\/politika\/sehovic-vujovic-i-belan-sa-jukicem-zbog-aktuelne-vlasti-brisel-po-prvi-put-pominje-rizik-od-tzv-trojanskih-konja-u-redovima-eu\/\"},\"wordCount\":407,\"commentCount\":0,\"image\":{\"@id\":\"https:\/\/dmcsrb.com\/politika\/sehovic-vujovic-i-belan-sa-jukicem-zbog-aktuelne-vlasti-brisel-po-prvi-put-pominje-rizik-od-tzv-trojanskih-konja-u-redovima-eu\/#primaryimage\"},\"thumbnailUrl\":\"https:\/\/dmcsrb.com\/wp-content\/uploads\/2026\/01\/IMG_5803.webp\",\"keywords\":[\"Branimir Juki\u0107\",\"Damir \u0160ehovi\u0107\",\"Ivan Vujovi\u0107\",\"Vatroslav Belan\"],\"articleSection\":[\"Politika\"],\"inLanguage\":\"en-GB\",\"potentialAction\":[{\"@type\":\"CommentAction\",\"name\":\"Comment\",\"target\":[\"https:\/\/dmcsrb.com\/politika\/sehovic-vujovic-i-belan-sa-jukicem-zbog-aktuelne-vlasti-brisel-po-prvi-put-pominje-rizik-od-tzv-trojanskih-konja-u-redovima-eu\/#respond\"]}]},{\"@type\":\"WebPage\",\"@id\":\"https:\/\/dmcsrb.com\/politika\/sehovic-vujovic-i-belan-sa-jukicem-zbog-aktuelne-vlasti-brisel-po-prvi-put-pominje-rizik-od-tzv-trojanskih-konja-u-redovima-eu\/\",\"url\":\"https:\/\/dmcsrb.com\/politika\/sehovic-vujovic-i-belan-sa-jukicem-zbog-aktuelne-vlasti-brisel-po-prvi-put-pominje-rizik-od-tzv-trojanskih-konja-u-redovima-eu\/\",\"name\":\"\u0160ehovi\u0107, Vujovi\u0107 i Belan sa Juki\u0107em: Zbog aktuelne vlasti Brisel po prvi put pominje rizik od tzv. \\\"trojanskih konja\\\" u redovima EU - dmcsrb.com\",\"isPartOf\":{\"@id\":\"https:\/\/dmcsrb.com\/#website\"},\"primaryImageOfPage\":{\"@id\":\"https:\/\/dmcsrb.com\/politika\/sehovic-vujovic-i-belan-sa-jukicem-zbog-aktuelne-vlasti-brisel-po-prvi-put-pominje-rizik-od-tzv-trojanskih-konja-u-redovima-eu\/#primaryimage\"},\"image\":{\"@id\":\"https:\/\/dmcsrb.com\/politika\/sehovic-vujovic-i-belan-sa-jukicem-zbog-aktuelne-vlasti-brisel-po-prvi-put-pominje-rizik-od-tzv-trojanskih-konja-u-redovima-eu\/#primaryimage\"},\"thumbnailUrl\":\"https:\/\/dmcsrb.com\/wp-content\/uploads\/2026\/01\/IMG_5803.webp\",\"datePublished\":\"2025-11-20T14:47:00+00:00\",\"author\":{\"@id\":\"https:\/\/dmcsrb.com\/#\/schema\/person\/5c39170f12db1b8b457732d0b5c854e2\"},\"breadcrumb\":{\"@id\":\"https:\/\/dmcsrb.com\/politika\/sehovic-vujovic-i-belan-sa-jukicem-zbog-aktuelne-vlasti-brisel-po-prvi-put-pominje-rizik-od-tzv-trojanskih-konja-u-redovima-eu\/#breadcrumb\"},\"inLanguage\":\"en-GB\",\"potentialAction\":[{\"@type\":\"ReadAction\",\"target\":[\"https:\/\/dmcsrb.com\/politika\/sehovic-vujovic-i-belan-sa-jukicem-zbog-aktuelne-vlasti-brisel-po-prvi-put-pominje-rizik-od-tzv-trojanskih-konja-u-redovima-eu\/\"]}]},{\"@type\":\"ImageObject\",\"inLanguage\":\"en-GB\",\"@id\":\"https:\/\/dmcsrb.com\/politika\/sehovic-vujovic-i-belan-sa-jukicem-zbog-aktuelne-vlasti-brisel-po-prvi-put-pominje-rizik-od-tzv-trojanskih-konja-u-redovima-eu\/#primaryimage\",\"url\":\"https:\/\/dmcsrb.com\/wp-content\/uploads\/2026\/01\/IMG_5803.webp\",\"contentUrl\":\"https:\/\/dmcsrb.com\/wp-content\/uploads\/2026\/01\/IMG_5803.webp\",\"width\":1600,\"height\":1164},{\"@type\":\"BreadcrumbList\",\"@id\":\"https:\/\/dmcsrb.com\/politika\/sehovic-vujovic-i-belan-sa-jukicem-zbog-aktuelne-vlasti-brisel-po-prvi-put-pominje-rizik-od-tzv-trojanskih-konja-u-redovima-eu\/#breadcrumb\",\"itemListElement\":[{\"@type\":\"ListItem\",\"position\":1,\"name\":\"Home\",\"item\":\"https:\/\/dmcsrb.com\/\"},{\"@type\":\"ListItem\",\"position\":2,\"name\":\"\u0160ehovi\u0107, Vujovi\u0107 i Belan sa Juki\u0107em: Zbog aktuelne vlasti Brisel po prvi put pominje rizik od tzv. &#8220;trojanskih konja&#8221; u redovima EU\"}]},{\"@type\":\"WebSite\",\"@id\":\"https:\/\/dmcsrb.com\/#website\",\"url\":\"https:\/\/dmcsrb.com\/\",\"name\":\"dmcsrb.com\",\"description\":\"\",\"potentialAction\":[{\"@type\":\"SearchAction\",\"target\":{\"@type\":\"EntryPoint\",\"urlTemplate\":\"https:\/\/dmcsrb.com\/?s={search_term_string}\"},\"query-input\":{\"@type\":\"PropertyValueSpecification\",\"valueRequired\":true,\"valueName\":\"search_term_string\"}}],\"inLanguage\":\"en-GB\"},{\"@type\":\"Person\",\"@id\":\"https:\/\/dmcsrb.com\/#\/schema\/person\/5c39170f12db1b8b457732d0b5c854e2\",\"name\":\"dmcsrbija.com@gmail.com\",\"image\":{\"@type\":\"ImageObject\",\"inLanguage\":\"en-GB\",\"@id\":\"https:\/\/dmcsrb.com\/#\/schema\/person\/image\/\",\"url\":\"https:\/\/secure.gravatar.com\/avatar\/68592660ad6347fad0fb587f8d5d8f1a7b44961362f56e4f2cd524feb87e9069?s=96&d=mm&r=g\",\"contentUrl\":\"https:\/\/secure.gravatar.com\/avatar\/68592660ad6347fad0fb587f8d5d8f1a7b44961362f56e4f2cd524feb87e9069?s=96&d=mm&r=g\",\"caption\":\"dmcsrbija.com@gmail.com\"},\"sameAs\":[\"https:\/\/dmcsrb.com\"],\"url\":\"https:\/\/dmcsrb.com\/en\/author\/dmcsrbija-comgmail-com\/\"}]}<\/script>\n<!-- \/ Yoast SEO plugin. -->","yoast_head_json":{"title":"\u0160ehovi\u0107, Vujovi\u0107 i Belan sa Juki\u0107em: Zbog aktuelne vlasti Brisel po prvi put pominje rizik od tzv. \"trojanskih konja\" u redovima EU - dmcsrb.com","robots":{"index":"index","follow":"follow","max-snippet":"max-snippet:-1","max-image-preview":"max-image-preview:large","max-video-preview":"max-video-preview:-1"},"canonical":"https:\/\/dmcsrb.com\/en\/politika\/sehovic-vujovic-i-belan-sa-jukicem-zbog-aktuelne-vlasti-brisel-po-prvi-put-pominje-rizik-od-tzv-trojanskih-konja-u-redovima-eu\/","og_locale":"en_GB","og_type":"article","og_title":"\u0160ehovi\u0107, Vujovi\u0107 i Belan sa Juki\u0107em: Zbog aktuelne vlasti Brisel po prvi put pominje rizik od tzv. \"trojanskih konja\" u redovima EU - dmcsrb.com","og_description":"Lideri Evropskog saveza Damir \u0160ehovi\u0107, Ivan Vujovi\u0107 i Vatroslav Belan sastali su se danas sa ambasadorom Bosne i Hercegovine u Crnoj Gori Branimirom Juki\u0107em, saop\u0161teno je iz Evropskog saveza.","og_url":"https:\/\/dmcsrb.com\/en\/politika\/sehovic-vujovic-i-belan-sa-jukicem-zbog-aktuelne-vlasti-brisel-po-prvi-put-pominje-rizik-od-tzv-trojanskih-konja-u-redovima-eu\/","og_site_name":"dmcsrb.com","article_published_time":"2025-11-20T14:47:00+00:00","og_image":[{"width":1600,"height":1164,"url":"https:\/\/dmcsrb.com\/wp-content\/uploads\/2026\/01\/IMG_5803.webp","type":"image\/jpeg"}],"author":"dmcsrbija.com@gmail.com","twitter_card":"summary_large_image","twitter_misc":{"Written by":"dmcsrbija.com@gmail.com","Estimated reading time":"2 minutes"},"schema":{"@context":"https:\/\/schema.org","@graph":[{"@type":"Article","@id":"https:\/\/dmcsrb.com\/politika\/sehovic-vujovic-i-belan-sa-jukicem-zbog-aktuelne-vlasti-brisel-po-prvi-put-pominje-rizik-od-tzv-trojanskih-konja-u-redovima-eu\/#article","isPartOf":{"@id":"https:\/\/dmcsrb.com\/politika\/sehovic-vujovic-i-belan-sa-jukicem-zbog-aktuelne-vlasti-brisel-po-prvi-put-pominje-rizik-od-tzv-trojanskih-konja-u-redovima-eu\/"},"author":{"name":"dmcsrbija.com@gmail.com","@id":"https:\/\/dmcsrb.com\/#\/schema\/person\/5c39170f12db1b8b457732d0b5c854e2"},"headline":"\u0160ehovi\u0107, Vujovi\u0107 i Belan sa Juki\u0107em: Zbog aktuelne vlasti Brisel po prvi put pominje rizik od tzv. &#8220;trojanskih konja&#8221; u redovima EU","datePublished":"2025-11-20T14:47:00+00:00","mainEntityOfPage":{"@id":"https:\/\/dmcsrb.com\/politika\/sehovic-vujovic-i-belan-sa-jukicem-zbog-aktuelne-vlasti-brisel-po-prvi-put-pominje-rizik-od-tzv-trojanskih-konja-u-redovima-eu\/"},"wordCount":407,"commentCount":0,"image":{"@id":"https:\/\/dmcsrb.com\/politika\/sehovic-vujovic-i-belan-sa-jukicem-zbog-aktuelne-vlasti-brisel-po-prvi-put-pominje-rizik-od-tzv-trojanskih-konja-u-redovima-eu\/#primaryimage"},"thumbnailUrl":"https:\/\/dmcsrb.com\/wp-content\/uploads\/2026\/01\/IMG_5803.webp","keywords":["Branimir Juki\u0107","Damir \u0160ehovi\u0107","Ivan Vujovi\u0107","Vatroslav Belan"],"articleSection":["Politika"],"inLanguage":"en-GB","potentialAction":[{"@type":"CommentAction","name":"Comment","target":["https:\/\/dmcsrb.com\/politika\/sehovic-vujovic-i-belan-sa-jukicem-zbog-aktuelne-vlasti-brisel-po-prvi-put-pominje-rizik-od-tzv-trojanskih-konja-u-redovima-eu\/#respond"]}]},{"@type":"WebPage","@id":"https:\/\/dmcsrb.com\/politika\/sehovic-vujovic-i-belan-sa-jukicem-zbog-aktuelne-vlasti-brisel-po-prvi-put-pominje-rizik-od-tzv-trojanskih-konja-u-redovima-eu\/","url":"https:\/\/dmcsrb.com\/politika\/sehovic-vujovic-i-belan-sa-jukicem-zbog-aktuelne-vlasti-brisel-po-prvi-put-pominje-rizik-od-tzv-trojanskih-konja-u-redovima-eu\/","name":"\u0160ehovi\u0107, Vujovi\u0107 i Belan sa Juki\u0107em: Zbog aktuelne vlasti Brisel po prvi put pominje rizik od tzv. \"trojanskih konja\" u redovima EU - dmcsrb.com","isPartOf":{"@id":"https:\/\/dmcsrb.com\/#website"},"primaryImageOfPage":{"@id":"https:\/\/dmcsrb.com\/politika\/sehovic-vujovic-i-belan-sa-jukicem-zbog-aktuelne-vlasti-brisel-po-prvi-put-pominje-rizik-od-tzv-trojanskih-konja-u-redovima-eu\/#primaryimage"},"image":{"@id":"https:\/\/dmcsrb.com\/politika\/sehovic-vujovic-i-belan-sa-jukicem-zbog-aktuelne-vlasti-brisel-po-prvi-put-pominje-rizik-od-tzv-trojanskih-konja-u-redovima-eu\/#primaryimage"},"thumbnailUrl":"https:\/\/dmcsrb.com\/wp-content\/uploads\/2026\/01\/IMG_5803.webp","datePublished":"2025-11-20T14:47:00+00:00","author":{"@id":"https:\/\/dmcsrb.com\/#\/schema\/person\/5c39170f12db1b8b457732d0b5c854e2"},"breadcrumb":{"@id":"https:\/\/dmcsrb.com\/politika\/sehovic-vujovic-i-belan-sa-jukicem-zbog-aktuelne-vlasti-brisel-po-prvi-put-pominje-rizik-od-tzv-trojanskih-konja-u-redovima-eu\/#breadcrumb"},"inLanguage":"en-GB","potentialAction":[{"@type":"ReadAction","target":["https:\/\/dmcsrb.com\/politika\/sehovic-vujovic-i-belan-sa-jukicem-zbog-aktuelne-vlasti-brisel-po-prvi-put-pominje-rizik-od-tzv-trojanskih-konja-u-redovima-eu\/"]}]},{"@type":"ImageObject","inLanguage":"en-GB","@id":"https:\/\/dmcsrb.com\/politika\/sehovic-vujovic-i-belan-sa-jukicem-zbog-aktuelne-vlasti-brisel-po-prvi-put-pominje-rizik-od-tzv-trojanskih-konja-u-redovima-eu\/#primaryimage","url":"https:\/\/dmcsrb.com\/wp-content\/uploads\/2026\/01\/IMG_5803.webp","contentUrl":"https:\/\/dmcsrb.com\/wp-content\/uploads\/2026\/01\/IMG_5803.webp","width":1600,"height":1164},{"@type":"BreadcrumbList","@id":"https:\/\/dmcsrb.com\/politika\/sehovic-vujovic-i-belan-sa-jukicem-zbog-aktuelne-vlasti-brisel-po-prvi-put-pominje-rizik-od-tzv-trojanskih-konja-u-redovima-eu\/#breadcrumb","itemListElement":[{"@type":"ListItem","position":1,"name":"Home","item":"https:\/\/dmcsrb.com\/"},{"@type":"ListItem","position":2,"name":"\u0160ehovi\u0107, Vujovi\u0107 i Belan sa Juki\u0107em: Zbog aktuelne vlasti Brisel po prvi put pominje rizik od tzv. &#8220;trojanskih konja&#8221; u redovima EU"}]},{"@type":"WebSite","@id":"https:\/\/dmcsrb.com\/#website","url":"https:\/\/dmcsrb.com\/","name":"dmcsrb.com","description":"","potentialAction":[{"@type":"SearchAction","target":{"@type":"EntryPoint","urlTemplate":"https:\/\/dmcsrb.com\/?s={search_term_string}"},"query-input":{"@type":"PropertyValueSpecification","valueRequired":true,"valueName":"search_term_string"}}],"inLanguage":"en-GB"},{"@type":"Person","@id":"https:\/\/dmcsrb.com\/#\/schema\/person\/5c39170f12db1b8b457732d0b5c854e2","name":"dmcsrbija.com@gmail.com","image":{"@type":"ImageObject","inLanguage":"en-GB","@id":"https:\/\/dmcsrb.com\/#\/schema\/person\/image\/","url":"https:\/\/secure.gravatar.com\/avatar\/68592660ad6347fad0fb587f8d5d8f1a7b44961362f56e4f2cd524feb87e9069?s=96&d=mm&r=g","contentUrl":"https:\/\/secure.gravatar.com\/avatar\/68592660ad6347fad0fb587f8d5d8f1a7b44961362f56e4f2cd524feb87e9069?s=96&d=mm&r=g","caption":"dmcsrbija.com@gmail.com"},"sameAs":["https:\/\/dmcsrb.com"],"url":"https:\/\/dmcsrb.com\/en\/author\/dmcsrbija-comgmail-com\/"}]}},"_links":{"self":[{"href":"https:\/\/dmcsrb.com\/en\/wp-json\/wp\/v2\/posts\/964705","targetHints":{"allow":["GET"]}}],"collection":[{"href":"https:\/\/dmcsrb.com\/en\/wp-json\/wp\/v2\/posts"}],"about":[{"href":"https:\/\/dmcsrb.com\/en\/wp-json\/wp\/v2\/types\/post"}],"author":[{"embeddable":true,"href":"https:\/\/dmcsrb.com\/en\/wp-json\/wp\/v2\/users\/1"}],"replies":[{"embeddable":true,"href":"https:\/\/dmcsrb.com\/en\/wp-json\/wp\/v2\/comments?post=964705"}],"version-history":[{"count":0,"href":"https:\/\/dmcsrb.com\/en\/wp-json\/wp\/v2\/posts\/964705\/revisions"}],"wp:featuredmedia":[{"embeddable":true,"href":"https:\/\/dmcsrb.com\/en\/wp-json\/wp\/v2\/media\/964706"}],"wp:attachment":[{"href":"https:\/\/dmcsrb.com\/en\/wp-json\/wp\/v2\/media?parent=964705"}],"wp:term":[{"taxonomy":"category","embeddable":true,"href":"https:\/\/dmcsrb.com\/en\/wp-json\/wp\/v2\/categories?post=964705"},{"taxonomy":"post_tag","embeddable":true,"href":"https:\/\/dmcsrb.com\/en\/wp-json\/wp\/v2\/tags?post=964705"},{"taxonomy":"naslovna","embeddable":true,"href":"https:\/\/dmcsrb.com\/en\/wp-json\/wp\/v2\/naslovna?post=964705"}],"curies":[{"name":"wp","href":"https:\/\/api.w.org\/{rel}","templated":true}]}}