{"id":964612,"date":"2025-11-20T12:37:00","date_gmt":"2025-11-20T11:37:00","guid":{"rendered":"https:\/\/dmcsrb.com\/uncategorized\/osam-osumnjicenih-pripadnika-albanskog-krimi-klana-privedeno-pa-pusteno-zbog-prijetnji-tuziocu\/"},"modified":"2025-11-20T12:37:00","modified_gmt":"2025-11-20T11:37:00","slug":"osam-osumnjicenih-pripadnika-albanskog-krimi-klana-privedeno-pa-pusteno-zbog-prijetnji-tuziocu","status":"publish","type":"post","link":"https:\/\/dmcsrb.com\/en\/region\/osam-osumnjicenih-pripadnika-albanskog-krimi-klana-privedeno-pa-pusteno-zbog-prijetnji-tuziocu\/","title":{"rendered":"Osam osumnji\u010denih pripadnika albanskog krimi-klana privedeno, pa pu\u0161teno zbog prijetnji tu\u017eiocu"},"content":{"rendered":"<p><\/p>\n\n\n\n<p>Policija je prekju\u010de izvr\u0161ila pretres na 18 adresa u Briselu i Luvenu u sklopu istrage o prijetnjama upu\u0107enim briselskom tu\u017eiocu, kada je privedeno osam osoba.<\/p>\n\n\n\n<p>\u201cTrenutno nema dovoljno ozbiljnih indikacija da bi im bio odre\u0111en pritvor\u201c, saop\u0161tilo je federalno tu\u017eila\u0161tvo koje vodi istragu, obrazla\u017eu\u0107i odluku da ih pusti na slobodu.<\/p>\n\n\n\n<p>Ovog ljeta policija je dobila informaciju o mogu\u0107oj pripremi napada na tu\u017eioca. Nivo pretnje za Moinila odmah je podignut na 4, najvi\u0161i nivo, a preduzete su i konkretne mjere za njegovu za\u0161titu.<\/p>\n\n\n\n<p>Prema dostupnim informacijama, prijetnje dijelom poti\u010du od albanske kriminalne grupe koja je prije nekoliko godina izvela Moinila pred sud. U to vrijeme on je jo\u0161 radio u federalnom tu\u017eila\u0161tvu, u odjeljenju za organizovani kriminal.<\/p>\n\n\n\n<p>Pripadnici tog albanskog klana osu\u0111eni su u me\u0111uvremenu zbog krijum\u010darenja kokaina skrivenog u prepravljenim pregradama automobila. Drogu su dopremali iz Latinske Amerike jedrilicama. Vo\u0111e grupe su osu\u0111ene na vi\u0161egodi\u0161nje kazne zatvora, a osobe koje su privo\u0111ene navodno su povezane sa tim klanom.<\/p>","protected":false},"excerpt":{"rendered":"<p>Osam osoba za koje se sumnja da su dio takozvanog albanskog kriminalnog klana u Belgiji privedeno je u okviru istrage o pretnjama briselskom tu\u017eiocu\u00a0\u017dilijenu Moinilu, ali su ju\u010de pu\u0161tene zbog nedostatka dokaza, saop\u0161tilo je federalno tu\u017eila\u0161tvo, pi\u0161e VRT, a prenio je N1 Beogad.<\/p>","protected":false},"author":1,"featured_media":964613,"comment_status":"open","ping_status":"open","sticky":false,"template":"","format":"standard","meta":{"_acf_changed":false,"footnotes":""},"categories":[103],"tags":[1937,14860],"naslovna":[],"class_list":["post-964612","post","type-post","status-publish","format-standard","has-post-thumbnail","hentry","category-region","tag-albanija","tag-krimi-klan"],"acf":[],"yoast_head":"<!-- This site is optimized with the Yoast SEO plugin v27.4 - https:\/\/yoast.com\/product\/yoast-seo-wordpress\/ -->\n<title>Osam osumnji\u010denih pripadnika albanskog krimi-klana privedeno, pa pu\u0161teno zbog prijetnji tu\u017eiocu - dmcsrb.com<\/title>\n<meta name=\"robots\" content=\"index, follow, max-snippet:-1, max-image-preview:large, max-video-preview:-1\" \/>\n<link rel=\"canonical\" href=\"https:\/\/dmcsrb.com\/en\/region\/osam-osumnjicenih-pripadnika-albanskog-krimi-klana-privedeno-pa-pusteno-zbog-prijetnji-tuziocu\/\" \/>\n<meta property=\"og:locale\" content=\"en_GB\" \/>\n<meta property=\"og:type\" content=\"article\" \/>\n<meta property=\"og:title\" content=\"Osam osumnji\u010denih pripadnika albanskog krimi-klana privedeno, pa pu\u0161teno zbog prijetnji tu\u017eiocu - dmcsrb.com\" \/>\n<meta property=\"og:description\" content=\"Osam osoba za koje se sumnja da su dio takozvanog albanskog kriminalnog klana u Belgiji privedeno je u okviru istrage o pretnjama briselskom tu\u017eiocu\u00a0\u017dilijenu Moinilu, ali su ju\u010de pu\u0161tene zbog nedostatka dokaza, saop\u0161tilo je federalno tu\u017eila\u0161tvo, pi\u0161e VRT, a prenio je N1 Beogad.\" \/>\n<meta property=\"og:url\" content=\"https:\/\/dmcsrb.com\/en\/region\/osam-osumnjicenih-pripadnika-albanskog-krimi-klana-privedeno-pa-pusteno-zbog-prijetnji-tuziocu\/\" \/>\n<meta property=\"og:site_name\" content=\"dmcsrb.com\" \/>\n<meta property=\"article:published_time\" content=\"2025-11-20T11:37:00+00:00\" \/>\n<meta property=\"og:image\" content=\"https:\/\/dmcsrb.com\/wp-content\/uploads\/2026\/01\/11742211-1000x555-1.webp\" \/>\n\t<meta property=\"og:image:width\" content=\"1000\" \/>\n\t<meta property=\"og:image:height\" content=\"555\" \/>\n\t<meta property=\"og:image:type\" content=\"image\/jpeg\" \/>\n<meta name=\"author\" content=\"dmcsrbija.com@gmail.com\" \/>\n<meta name=\"twitter:card\" content=\"summary_large_image\" \/>\n<meta name=\"twitter:label1\" content=\"Written by\" \/>\n\t<meta name=\"twitter:data1\" content=\"dmcsrbija.com@gmail.com\" \/>\n\t<meta name=\"twitter:label2\" content=\"Estimated reading time\" \/>\n\t<meta name=\"twitter:data2\" content=\"1 minute\" \/>\n<script type=\"application\/ld+json\" class=\"yoast-schema-graph\">{\"@context\":\"https:\\\/\\\/schema.org\",\"@graph\":[{\"@type\":\"Article\",\"@id\":\"https:\\\/\\\/dmcsrb.com\\\/en\\\/region\\\/osam-osumnjicenih-pripadnika-albanskog-krimi-klana-privedeno-pa-pusteno-zbog-prijetnji-tuziocu\\\/#article\",\"isPartOf\":{\"@id\":\"https:\\\/\\\/dmcsrb.com\\\/en\\\/region\\\/osam-osumnjicenih-pripadnika-albanskog-krimi-klana-privedeno-pa-pusteno-zbog-prijetnji-tuziocu\\\/\"},\"author\":{\"name\":\"dmcsrbija.com@gmail.com\",\"@id\":\"https:\\\/\\\/dmcsrb.com\\\/#\\\/schema\\\/person\\\/5c39170f12db1b8b457732d0b5c854e2\"},\"headline\":\"Osam osumnji\u010denih pripadnika albanskog krimi-klana privedeno, pa pu\u0161teno zbog prijetnji tu\u017eiocu\",\"datePublished\":\"2025-11-20T11:37:00+00:00\",\"mainEntityOfPage\":{\"@id\":\"https:\\\/\\\/dmcsrb.com\\\/en\\\/region\\\/osam-osumnjicenih-pripadnika-albanskog-krimi-klana-privedeno-pa-pusteno-zbog-prijetnji-tuziocu\\\/\"},\"wordCount\":195,\"commentCount\":0,\"image\":{\"@id\":\"https:\\\/\\\/dmcsrb.com\\\/en\\\/region\\\/osam-osumnjicenih-pripadnika-albanskog-krimi-klana-privedeno-pa-pusteno-zbog-prijetnji-tuziocu\\\/#primaryimage\"},\"thumbnailUrl\":\"https:\\\/\\\/dmcsrb.com\\\/wp-content\\\/uploads\\\/2026\\\/01\\\/11742211-1000x555-1.webp\",\"keywords\":[\"Albanija\",\"Krimi-klan\"],\"articleSection\":[\"Region\"],\"inLanguage\":\"en-GB\",\"potentialAction\":[{\"@type\":\"CommentAction\",\"name\":\"Comment\",\"target\":[\"https:\\\/\\\/dmcsrb.com\\\/en\\\/region\\\/osam-osumnjicenih-pripadnika-albanskog-krimi-klana-privedeno-pa-pusteno-zbog-prijetnji-tuziocu\\\/#respond\"]}]},{\"@type\":\"WebPage\",\"@id\":\"https:\\\/\\\/dmcsrb.com\\\/en\\\/region\\\/osam-osumnjicenih-pripadnika-albanskog-krimi-klana-privedeno-pa-pusteno-zbog-prijetnji-tuziocu\\\/\",\"url\":\"https:\\\/\\\/dmcsrb.com\\\/en\\\/region\\\/osam-osumnjicenih-pripadnika-albanskog-krimi-klana-privedeno-pa-pusteno-zbog-prijetnji-tuziocu\\\/\",\"name\":\"Osam osumnji\u010denih pripadnika albanskog krimi-klana privedeno, pa pu\u0161teno zbog prijetnji tu\u017eiocu - dmcsrb.com\",\"isPartOf\":{\"@id\":\"https:\\\/\\\/dmcsrb.com\\\/#website\"},\"primaryImageOfPage\":{\"@id\":\"https:\\\/\\\/dmcsrb.com\\\/en\\\/region\\\/osam-osumnjicenih-pripadnika-albanskog-krimi-klana-privedeno-pa-pusteno-zbog-prijetnji-tuziocu\\\/#primaryimage\"},\"image\":{\"@id\":\"https:\\\/\\\/dmcsrb.com\\\/en\\\/region\\\/osam-osumnjicenih-pripadnika-albanskog-krimi-klana-privedeno-pa-pusteno-zbog-prijetnji-tuziocu\\\/#primaryimage\"},\"thumbnailUrl\":\"https:\\\/\\\/dmcsrb.com\\\/wp-content\\\/uploads\\\/2026\\\/01\\\/11742211-1000x555-1.webp\",\"datePublished\":\"2025-11-20T11:37:00+00:00\",\"author\":{\"@id\":\"https:\\\/\\\/dmcsrb.com\\\/#\\\/schema\\\/person\\\/5c39170f12db1b8b457732d0b5c854e2\"},\"breadcrumb\":{\"@id\":\"https:\\\/\\\/dmcsrb.com\\\/en\\\/region\\\/osam-osumnjicenih-pripadnika-albanskog-krimi-klana-privedeno-pa-pusteno-zbog-prijetnji-tuziocu\\\/#breadcrumb\"},\"inLanguage\":\"en-GB\",\"potentialAction\":[{\"@type\":\"ReadAction\",\"target\":[\"https:\\\/\\\/dmcsrb.com\\\/en\\\/region\\\/osam-osumnjicenih-pripadnika-albanskog-krimi-klana-privedeno-pa-pusteno-zbog-prijetnji-tuziocu\\\/\"]}]},{\"@type\":\"ImageObject\",\"inLanguage\":\"en-GB\",\"@id\":\"https:\\\/\\\/dmcsrb.com\\\/en\\\/region\\\/osam-osumnjicenih-pripadnika-albanskog-krimi-klana-privedeno-pa-pusteno-zbog-prijetnji-tuziocu\\\/#primaryimage\",\"url\":\"https:\\\/\\\/dmcsrb.com\\\/wp-content\\\/uploads\\\/2026\\\/01\\\/11742211-1000x555-1.webp\",\"contentUrl\":\"https:\\\/\\\/dmcsrb.com\\\/wp-content\\\/uploads\\\/2026\\\/01\\\/11742211-1000x555-1.webp\",\"width\":1000,\"height\":555},{\"@type\":\"BreadcrumbList\",\"@id\":\"https:\\\/\\\/dmcsrb.com\\\/en\\\/region\\\/osam-osumnjicenih-pripadnika-albanskog-krimi-klana-privedeno-pa-pusteno-zbog-prijetnji-tuziocu\\\/#breadcrumb\",\"itemListElement\":[{\"@type\":\"ListItem\",\"position\":1,\"name\":\"Home\",\"item\":\"https:\\\/\\\/dmcsrb.com\\\/\"},{\"@type\":\"ListItem\",\"position\":2,\"name\":\"Osam osumnji\u010denih pripadnika albanskog krimi-klana privedeno, pa pu\u0161teno zbog prijetnji tu\u017eiocu\"}]},{\"@type\":\"WebSite\",\"@id\":\"https:\\\/\\\/dmcsrb.com\\\/#website\",\"url\":\"https:\\\/\\\/dmcsrb.com\\\/\",\"name\":\"dmcsrb.com\",\"description\":\"\",\"potentialAction\":[{\"@type\":\"SearchAction\",\"target\":{\"@type\":\"EntryPoint\",\"urlTemplate\":\"https:\\\/\\\/dmcsrb.com\\\/?s={search_term_string}\"},\"query-input\":{\"@type\":\"PropertyValueSpecification\",\"valueRequired\":true,\"valueName\":\"search_term_string\"}}],\"inLanguage\":\"en-GB\"},{\"@type\":\"Person\",\"@id\":\"https:\\\/\\\/dmcsrb.com\\\/#\\\/schema\\\/person\\\/5c39170f12db1b8b457732d0b5c854e2\",\"name\":\"dmcsrbija.com@gmail.com\",\"image\":{\"@type\":\"ImageObject\",\"inLanguage\":\"en-GB\",\"@id\":\"https:\\\/\\\/secure.gravatar.com\\\/avatar\\\/68592660ad6347fad0fb587f8d5d8f1a7b44961362f56e4f2cd524feb87e9069?s=96&d=mm&r=g\",\"url\":\"https:\\\/\\\/secure.gravatar.com\\\/avatar\\\/68592660ad6347fad0fb587f8d5d8f1a7b44961362f56e4f2cd524feb87e9069?s=96&d=mm&r=g\",\"contentUrl\":\"https:\\\/\\\/secure.gravatar.com\\\/avatar\\\/68592660ad6347fad0fb587f8d5d8f1a7b44961362f56e4f2cd524feb87e9069?s=96&d=mm&r=g\",\"caption\":\"dmcsrbija.com@gmail.com\"},\"sameAs\":[\"https:\\\/\\\/dmcsrb.com\"],\"url\":\"https:\\\/\\\/dmcsrb.com\\\/en\\\/author\\\/dmcsrbija-comgmail-com\\\/\"}]}<\/script>\n<!-- \/ Yoast SEO plugin. -->","yoast_head_json":{"title":"Osam osumnji\u010denih pripadnika albanskog krimi-klana privedeno, pa pu\u0161teno zbog prijetnji tu\u017eiocu - dmcsrb.com","robots":{"index":"index","follow":"follow","max-snippet":"max-snippet:-1","max-image-preview":"max-image-preview:large","max-video-preview":"max-video-preview:-1"},"canonical":"https:\/\/dmcsrb.com\/en\/region\/osam-osumnjicenih-pripadnika-albanskog-krimi-klana-privedeno-pa-pusteno-zbog-prijetnji-tuziocu\/","og_locale":"en_GB","og_type":"article","og_title":"Osam osumnji\u010denih pripadnika albanskog krimi-klana privedeno, pa pu\u0161teno zbog prijetnji tu\u017eiocu - dmcsrb.com","og_description":"Osam osoba za koje se sumnja da su dio takozvanog albanskog kriminalnog klana u Belgiji privedeno je u okviru istrage o pretnjama briselskom tu\u017eiocu\u00a0\u017dilijenu Moinilu, ali su ju\u010de pu\u0161tene zbog nedostatka dokaza, saop\u0161tilo je federalno tu\u017eila\u0161tvo, pi\u0161e VRT, a prenio je N1 Beogad.","og_url":"https:\/\/dmcsrb.com\/en\/region\/osam-osumnjicenih-pripadnika-albanskog-krimi-klana-privedeno-pa-pusteno-zbog-prijetnji-tuziocu\/","og_site_name":"dmcsrb.com","article_published_time":"2025-11-20T11:37:00+00:00","og_image":[{"width":1000,"height":555,"url":"https:\/\/dmcsrb.com\/wp-content\/uploads\/2026\/01\/11742211-1000x555-1.webp","type":"image\/jpeg"}],"author":"dmcsrbija.com@gmail.com","twitter_card":"summary_large_image","twitter_misc":{"Written by":"dmcsrbija.com@gmail.com","Estimated reading time":"1 minute"},"schema":{"@context":"https:\/\/schema.org","@graph":[{"@type":"Article","@id":"https:\/\/dmcsrb.com\/en\/region\/osam-osumnjicenih-pripadnika-albanskog-krimi-klana-privedeno-pa-pusteno-zbog-prijetnji-tuziocu\/#article","isPartOf":{"@id":"https:\/\/dmcsrb.com\/en\/region\/osam-osumnjicenih-pripadnika-albanskog-krimi-klana-privedeno-pa-pusteno-zbog-prijetnji-tuziocu\/"},"author":{"name":"dmcsrbija.com@gmail.com","@id":"https:\/\/dmcsrb.com\/#\/schema\/person\/5c39170f12db1b8b457732d0b5c854e2"},"headline":"Osam osumnji\u010denih pripadnika albanskog krimi-klana privedeno, pa pu\u0161teno zbog prijetnji tu\u017eiocu","datePublished":"2025-11-20T11:37:00+00:00","mainEntityOfPage":{"@id":"https:\/\/dmcsrb.com\/en\/region\/osam-osumnjicenih-pripadnika-albanskog-krimi-klana-privedeno-pa-pusteno-zbog-prijetnji-tuziocu\/"},"wordCount":195,"commentCount":0,"image":{"@id":"https:\/\/dmcsrb.com\/en\/region\/osam-osumnjicenih-pripadnika-albanskog-krimi-klana-privedeno-pa-pusteno-zbog-prijetnji-tuziocu\/#primaryimage"},"thumbnailUrl":"https:\/\/dmcsrb.com\/wp-content\/uploads\/2026\/01\/11742211-1000x555-1.webp","keywords":["Albanija","Krimi-klan"],"articleSection":["Region"],"inLanguage":"en-GB","potentialAction":[{"@type":"CommentAction","name":"Comment","target":["https:\/\/dmcsrb.com\/en\/region\/osam-osumnjicenih-pripadnika-albanskog-krimi-klana-privedeno-pa-pusteno-zbog-prijetnji-tuziocu\/#respond"]}]},{"@type":"WebPage","@id":"https:\/\/dmcsrb.com\/en\/region\/osam-osumnjicenih-pripadnika-albanskog-krimi-klana-privedeno-pa-pusteno-zbog-prijetnji-tuziocu\/","url":"https:\/\/dmcsrb.com\/en\/region\/osam-osumnjicenih-pripadnika-albanskog-krimi-klana-privedeno-pa-pusteno-zbog-prijetnji-tuziocu\/","name":"Osam osumnji\u010denih pripadnika albanskog krimi-klana privedeno, pa pu\u0161teno zbog prijetnji tu\u017eiocu - dmcsrb.com","isPartOf":{"@id":"https:\/\/dmcsrb.com\/#website"},"primaryImageOfPage":{"@id":"https:\/\/dmcsrb.com\/en\/region\/osam-osumnjicenih-pripadnika-albanskog-krimi-klana-privedeno-pa-pusteno-zbog-prijetnji-tuziocu\/#primaryimage"},"image":{"@id":"https:\/\/dmcsrb.com\/en\/region\/osam-osumnjicenih-pripadnika-albanskog-krimi-klana-privedeno-pa-pusteno-zbog-prijetnji-tuziocu\/#primaryimage"},"thumbnailUrl":"https:\/\/dmcsrb.com\/wp-content\/uploads\/2026\/01\/11742211-1000x555-1.webp","datePublished":"2025-11-20T11:37:00+00:00","author":{"@id":"https:\/\/dmcsrb.com\/#\/schema\/person\/5c39170f12db1b8b457732d0b5c854e2"},"breadcrumb":{"@id":"https:\/\/dmcsrb.com\/en\/region\/osam-osumnjicenih-pripadnika-albanskog-krimi-klana-privedeno-pa-pusteno-zbog-prijetnji-tuziocu\/#breadcrumb"},"inLanguage":"en-GB","potentialAction":[{"@type":"ReadAction","target":["https:\/\/dmcsrb.com\/en\/region\/osam-osumnjicenih-pripadnika-albanskog-krimi-klana-privedeno-pa-pusteno-zbog-prijetnji-tuziocu\/"]}]},{"@type":"ImageObject","inLanguage":"en-GB","@id":"https:\/\/dmcsrb.com\/en\/region\/osam-osumnjicenih-pripadnika-albanskog-krimi-klana-privedeno-pa-pusteno-zbog-prijetnji-tuziocu\/#primaryimage","url":"https:\/\/dmcsrb.com\/wp-content\/uploads\/2026\/01\/11742211-1000x555-1.webp","contentUrl":"https:\/\/dmcsrb.com\/wp-content\/uploads\/2026\/01\/11742211-1000x555-1.webp","width":1000,"height":555},{"@type":"BreadcrumbList","@id":"https:\/\/dmcsrb.com\/en\/region\/osam-osumnjicenih-pripadnika-albanskog-krimi-klana-privedeno-pa-pusteno-zbog-prijetnji-tuziocu\/#breadcrumb","itemListElement":[{"@type":"ListItem","position":1,"name":"Home","item":"https:\/\/dmcsrb.com\/"},{"@type":"ListItem","position":2,"name":"Osam osumnji\u010denih pripadnika albanskog krimi-klana privedeno, pa pu\u0161teno zbog prijetnji tu\u017eiocu"}]},{"@type":"WebSite","@id":"https:\/\/dmcsrb.com\/#website","url":"https:\/\/dmcsrb.com\/","name":"dmcsrb.com","description":"","potentialAction":[{"@type":"SearchAction","target":{"@type":"EntryPoint","urlTemplate":"https:\/\/dmcsrb.com\/?s={search_term_string}"},"query-input":{"@type":"PropertyValueSpecification","valueRequired":true,"valueName":"search_term_string"}}],"inLanguage":"en-GB"},{"@type":"Person","@id":"https:\/\/dmcsrb.com\/#\/schema\/person\/5c39170f12db1b8b457732d0b5c854e2","name":"dmcsrbija.com@gmail.com","image":{"@type":"ImageObject","inLanguage":"en-GB","@id":"https:\/\/secure.gravatar.com\/avatar\/68592660ad6347fad0fb587f8d5d8f1a7b44961362f56e4f2cd524feb87e9069?s=96&d=mm&r=g","url":"https:\/\/secure.gravatar.com\/avatar\/68592660ad6347fad0fb587f8d5d8f1a7b44961362f56e4f2cd524feb87e9069?s=96&d=mm&r=g","contentUrl":"https:\/\/secure.gravatar.com\/avatar\/68592660ad6347fad0fb587f8d5d8f1a7b44961362f56e4f2cd524feb87e9069?s=96&d=mm&r=g","caption":"dmcsrbija.com@gmail.com"},"sameAs":["https:\/\/dmcsrb.com"],"url":"https:\/\/dmcsrb.com\/en\/author\/dmcsrbija-comgmail-com\/"}]}},"_links":{"self":[{"href":"https:\/\/dmcsrb.com\/en\/wp-json\/wp\/v2\/posts\/964612","targetHints":{"allow":["GET"]}}],"collection":[{"href":"https:\/\/dmcsrb.com\/en\/wp-json\/wp\/v2\/posts"}],"about":[{"href":"https:\/\/dmcsrb.com\/en\/wp-json\/wp\/v2\/types\/post"}],"author":[{"embeddable":true,"href":"https:\/\/dmcsrb.com\/en\/wp-json\/wp\/v2\/users\/1"}],"replies":[{"embeddable":true,"href":"https:\/\/dmcsrb.com\/en\/wp-json\/wp\/v2\/comments?post=964612"}],"version-history":[{"count":0,"href":"https:\/\/dmcsrb.com\/en\/wp-json\/wp\/v2\/posts\/964612\/revisions"}],"wp:featuredmedia":[{"embeddable":true,"href":"https:\/\/dmcsrb.com\/en\/wp-json\/wp\/v2\/media\/964613"}],"wp:attachment":[{"href":"https:\/\/dmcsrb.com\/en\/wp-json\/wp\/v2\/media?parent=964612"}],"wp:term":[{"taxonomy":"category","embeddable":true,"href":"https:\/\/dmcsrb.com\/en\/wp-json\/wp\/v2\/categories?post=964612"},{"taxonomy":"post_tag","embeddable":true,"href":"https:\/\/dmcsrb.com\/en\/wp-json\/wp\/v2\/tags?post=964612"},{"taxonomy":"naslovna","embeddable":true,"href":"https:\/\/dmcsrb.com\/en\/wp-json\/wp\/v2\/naslovna?post=964612"}],"curies":[{"name":"wp","href":"https:\/\/api.w.org\/{rel}","templated":true}]}}