{"id":964592,"date":"2025-11-20T10:50:00","date_gmt":"2025-11-20T09:50:00","guid":{"rendered":"https:\/\/dmcsrb.com\/uncategorized\/buducnost-nase-djece-je-prioritet\/"},"modified":"2025-11-20T10:50:00","modified_gmt":"2025-11-20T09:50:00","slug":"buducnost-nase-djece-je-prioritet","status":"publish","type":"post","link":"https:\/\/dmcsrb.com\/en\/drustvo\/buducnost-nase-djece-je-prioritet\/","title":{"rendered":"Budu\u0107nost na\u0161e djece je prioritet"},"content":{"rendered":"<p><\/p>\n\n\n\n<p>Du\u017eni smo da djeci stvorimo dru\u0161tvo koje im otvara vrata, a ne postavlja prepreke, saop\u0161teno je iz SNP.<\/p>\n\n\n\n<p>&#8220;SNP \u0107e nastaviti da se bori za bolju za\u0161titu djece, kvalitetno obrazovanje i jednake \u0161anse za svako dijete, bez izuzetka. Njihova budu\u0107nost mora biti prioritet svima nama, ne samo danas, ve\u0107 svakog dana u godini.<\/p>\n\n\n\n<p>Dana\u0161nji dan je podsjetnik da moramo raditi vi\u0161e; da ulo\u017eimo u vrti\u0107e, \u0161kole, sportske terene, kulturne programe, ali i u podr\u0161ku porodicama, posebno onim koje se bore s te\u0161ko\u0107ama. Samo tako mo\u017eemo biti sigurni da je svako dijete u Crnoj Gori zaista za\u0161ti\u0107eno, vi\u0111eno i podr\u017eano da izraste u samostalnu, sre\u0107nu i uspje\u0161nu osobu.<\/p>\n\n\n\n<p>Sre\u0107an Me\u0111unarodni dan djeteta svim mali\u0161anima i njihovim roditeljima&#8221;, kazali su u saop\u0161tenju.<\/p>","protected":false},"excerpt":{"rendered":"<p>Ono \u0161to je zaista va\u017eno jeste da svako dijete u Crnoj Gori raste u sigurnoj, podsticajnoj sredini, uz podr\u0161ku i ljubav svoje porodice i zajednice, kazali su iz Socijalisti\u010dke narodne partije.<\/p>","protected":false},"author":1,"featured_media":915444,"comment_status":"open","ping_status":"open","sticky":false,"template":"","format":"standard","meta":{"_acf_changed":false,"footnotes":""},"categories":[2],"tags":[623,14850],"naslovna":[],"class_list":["post-964592","post","type-post","status-publish","format-standard","has-post-thumbnail","hentry","category-drustvo","tag-djeca","tag-snpd"],"acf":[],"yoast_head":"<!-- This site is optimized with the Yoast SEO plugin v27.4 - https:\/\/yoast.com\/product\/yoast-seo-wordpress\/ -->\n<title>Budu\u0107nost na\u0161e djece je prioritet - dmcsrb.com<\/title>\n<meta name=\"robots\" content=\"index, follow, max-snippet:-1, max-image-preview:large, max-video-preview:-1\" \/>\n<link rel=\"canonical\" href=\"https:\/\/dmcsrb.com\/en\/drustvo\/buducnost-nase-djece-je-prioritet\/\" \/>\n<meta property=\"og:locale\" content=\"en_GB\" \/>\n<meta property=\"og:type\" content=\"article\" \/>\n<meta property=\"og:title\" content=\"Budu\u0107nost na\u0161e djece je prioritet - dmcsrb.com\" \/>\n<meta property=\"og:description\" content=\"Ono \u0161to je zaista va\u017eno jeste da svako dijete u Crnoj Gori raste u sigurnoj, podsticajnoj sredini, uz podr\u0161ku i ljubav svoje porodice i zajednice, kazali su iz Socijalisti\u010dke narodne partije.\" \/>\n<meta property=\"og:url\" content=\"https:\/\/dmcsrb.com\/en\/drustvo\/buducnost-nase-djece-je-prioritet\/\" \/>\n<meta property=\"og:site_name\" content=\"dmcsrb.com\" \/>\n<meta property=\"article:published_time\" content=\"2025-11-20T09:50:00+00:00\" \/>\n<meta name=\"author\" content=\"dmcsrbija.com@gmail.com\" \/>\n<meta name=\"twitter:card\" content=\"summary_large_image\" \/>\n<meta name=\"twitter:label1\" content=\"Written by\" \/>\n\t<meta name=\"twitter:data1\" content=\"dmcsrbija.com@gmail.com\" \/>\n\t<meta name=\"twitter:label2\" content=\"Estimated reading time\" \/>\n\t<meta name=\"twitter:data2\" content=\"1 minute\" \/>\n<script type=\"application\/ld+json\" class=\"yoast-schema-graph\">{\"@context\":\"https:\\\/\\\/schema.org\",\"@graph\":[{\"@type\":\"Article\",\"@id\":\"https:\\\/\\\/dmcsrb.com\\\/drustvo\\\/buducnost-nase-djece-je-prioritet\\\/#article\",\"isPartOf\":{\"@id\":\"https:\\\/\\\/dmcsrb.com\\\/drustvo\\\/buducnost-nase-djece-je-prioritet\\\/\"},\"author\":{\"name\":\"dmcsrbija.com@gmail.com\",\"@id\":\"https:\\\/\\\/dmcsrb.com\\\/#\\\/schema\\\/person\\\/5c39170f12db1b8b457732d0b5c854e2\"},\"headline\":\"Budu\u0107nost na\u0161e djece je prioritet\",\"datePublished\":\"2025-11-20T09:50:00+00:00\",\"mainEntityOfPage\":{\"@id\":\"https:\\\/\\\/dmcsrb.com\\\/drustvo\\\/buducnost-nase-djece-je-prioritet\\\/\"},\"wordCount\":150,\"commentCount\":0,\"image\":{\"@id\":\"https:\\\/\\\/dmcsrb.com\\\/drustvo\\\/buducnost-nase-djece-je-prioritet\\\/#primaryimage\"},\"thumbnailUrl\":\"https:\\\/\\\/dmcsrb.com\\\/wp-content\\\/uploads\\\/2026\\\/01\\\/Flag_of_the_Socialist_Peoples_Party_of_Montenegro.svg\",\"keywords\":[\"djeca\",\"snpd\"],\"articleSection\":[\"Dru\u0161tvo\"],\"inLanguage\":\"en-GB\",\"potentialAction\":[{\"@type\":\"CommentAction\",\"name\":\"Comment\",\"target\":[\"https:\\\/\\\/dmcsrb.com\\\/drustvo\\\/buducnost-nase-djece-je-prioritet\\\/#respond\"]}]},{\"@type\":\"WebPage\",\"@id\":\"https:\\\/\\\/dmcsrb.com\\\/drustvo\\\/buducnost-nase-djece-je-prioritet\\\/\",\"url\":\"https:\\\/\\\/dmcsrb.com\\\/drustvo\\\/buducnost-nase-djece-je-prioritet\\\/\",\"name\":\"Budu\u0107nost na\u0161e djece je prioritet - dmcsrb.com\",\"isPartOf\":{\"@id\":\"https:\\\/\\\/dmcsrb.com\\\/#website\"},\"primaryImageOfPage\":{\"@id\":\"https:\\\/\\\/dmcsrb.com\\\/drustvo\\\/buducnost-nase-djece-je-prioritet\\\/#primaryimage\"},\"image\":{\"@id\":\"https:\\\/\\\/dmcsrb.com\\\/drustvo\\\/buducnost-nase-djece-je-prioritet\\\/#primaryimage\"},\"thumbnailUrl\":\"https:\\\/\\\/dmcsrb.com\\\/wp-content\\\/uploads\\\/2026\\\/01\\\/Flag_of_the_Socialist_Peoples_Party_of_Montenegro.svg\",\"datePublished\":\"2025-11-20T09:50:00+00:00\",\"author\":{\"@id\":\"https:\\\/\\\/dmcsrb.com\\\/#\\\/schema\\\/person\\\/5c39170f12db1b8b457732d0b5c854e2\"},\"breadcrumb\":{\"@id\":\"https:\\\/\\\/dmcsrb.com\\\/drustvo\\\/buducnost-nase-djece-je-prioritet\\\/#breadcrumb\"},\"inLanguage\":\"en-GB\",\"potentialAction\":[{\"@type\":\"ReadAction\",\"target\":[\"https:\\\/\\\/dmcsrb.com\\\/drustvo\\\/buducnost-nase-djece-je-prioritet\\\/\"]}]},{\"@type\":\"ImageObject\",\"inLanguage\":\"en-GB\",\"@id\":\"https:\\\/\\\/dmcsrb.com\\\/drustvo\\\/buducnost-nase-djece-je-prioritet\\\/#primaryimage\",\"url\":\"https:\\\/\\\/dmcsrb.com\\\/wp-content\\\/uploads\\\/2026\\\/01\\\/Flag_of_the_Socialist_Peoples_Party_of_Montenegro.svg\",\"contentUrl\":\"https:\\\/\\\/dmcsrb.com\\\/wp-content\\\/uploads\\\/2026\\\/01\\\/Flag_of_the_Socialist_Peoples_Party_of_Montenegro.svg\"},{\"@type\":\"BreadcrumbList\",\"@id\":\"https:\\\/\\\/dmcsrb.com\\\/drustvo\\\/buducnost-nase-djece-je-prioritet\\\/#breadcrumb\",\"itemListElement\":[{\"@type\":\"ListItem\",\"position\":1,\"name\":\"Home\",\"item\":\"https:\\\/\\\/dmcsrb.com\\\/\"},{\"@type\":\"ListItem\",\"position\":2,\"name\":\"Budu\u0107nost na\u0161e djece je prioritet\"}]},{\"@type\":\"WebSite\",\"@id\":\"https:\\\/\\\/dmcsrb.com\\\/#website\",\"url\":\"https:\\\/\\\/dmcsrb.com\\\/\",\"name\":\"dmcsrb.com\",\"description\":\"\",\"potentialAction\":[{\"@type\":\"SearchAction\",\"target\":{\"@type\":\"EntryPoint\",\"urlTemplate\":\"https:\\\/\\\/dmcsrb.com\\\/?s={search_term_string}\"},\"query-input\":{\"@type\":\"PropertyValueSpecification\",\"valueRequired\":true,\"valueName\":\"search_term_string\"}}],\"inLanguage\":\"en-GB\"},{\"@type\":\"Person\",\"@id\":\"https:\\\/\\\/dmcsrb.com\\\/#\\\/schema\\\/person\\\/5c39170f12db1b8b457732d0b5c854e2\",\"name\":\"dmcsrbija.com@gmail.com\",\"image\":{\"@type\":\"ImageObject\",\"inLanguage\":\"en-GB\",\"@id\":\"https:\\\/\\\/secure.gravatar.com\\\/avatar\\\/68592660ad6347fad0fb587f8d5d8f1a7b44961362f56e4f2cd524feb87e9069?s=96&d=mm&r=g\",\"url\":\"https:\\\/\\\/secure.gravatar.com\\\/avatar\\\/68592660ad6347fad0fb587f8d5d8f1a7b44961362f56e4f2cd524feb87e9069?s=96&d=mm&r=g\",\"contentUrl\":\"https:\\\/\\\/secure.gravatar.com\\\/avatar\\\/68592660ad6347fad0fb587f8d5d8f1a7b44961362f56e4f2cd524feb87e9069?s=96&d=mm&r=g\",\"caption\":\"dmcsrbija.com@gmail.com\"},\"sameAs\":[\"https:\\\/\\\/dmcsrb.com\"],\"url\":\"https:\\\/\\\/dmcsrb.com\\\/en\\\/author\\\/dmcsrbija-comgmail-com\\\/\"}]}<\/script>\n<!-- \/ Yoast SEO plugin. -->","yoast_head_json":{"title":"Budu\u0107nost na\u0161e djece je prioritet - dmcsrb.com","robots":{"index":"index","follow":"follow","max-snippet":"max-snippet:-1","max-image-preview":"max-image-preview:large","max-video-preview":"max-video-preview:-1"},"canonical":"https:\/\/dmcsrb.com\/en\/drustvo\/buducnost-nase-djece-je-prioritet\/","og_locale":"en_GB","og_type":"article","og_title":"Budu\u0107nost na\u0161e djece je prioritet - dmcsrb.com","og_description":"Ono \u0161to je zaista va\u017eno jeste da svako dijete u Crnoj Gori raste u sigurnoj, podsticajnoj sredini, uz podr\u0161ku i ljubav svoje porodice i zajednice, kazali su iz Socijalisti\u010dke narodne partije.","og_url":"https:\/\/dmcsrb.com\/en\/drustvo\/buducnost-nase-djece-je-prioritet\/","og_site_name":"dmcsrb.com","article_published_time":"2025-11-20T09:50:00+00:00","author":"dmcsrbija.com@gmail.com","twitter_card":"summary_large_image","twitter_misc":{"Written by":"dmcsrbija.com@gmail.com","Estimated reading time":"1 minute"},"schema":{"@context":"https:\/\/schema.org","@graph":[{"@type":"Article","@id":"https:\/\/dmcsrb.com\/drustvo\/buducnost-nase-djece-je-prioritet\/#article","isPartOf":{"@id":"https:\/\/dmcsrb.com\/drustvo\/buducnost-nase-djece-je-prioritet\/"},"author":{"name":"dmcsrbija.com@gmail.com","@id":"https:\/\/dmcsrb.com\/#\/schema\/person\/5c39170f12db1b8b457732d0b5c854e2"},"headline":"Budu\u0107nost na\u0161e djece je prioritet","datePublished":"2025-11-20T09:50:00+00:00","mainEntityOfPage":{"@id":"https:\/\/dmcsrb.com\/drustvo\/buducnost-nase-djece-je-prioritet\/"},"wordCount":150,"commentCount":0,"image":{"@id":"https:\/\/dmcsrb.com\/drustvo\/buducnost-nase-djece-je-prioritet\/#primaryimage"},"thumbnailUrl":"https:\/\/dmcsrb.com\/wp-content\/uploads\/2026\/01\/Flag_of_the_Socialist_Peoples_Party_of_Montenegro.svg","keywords":["djeca","snpd"],"articleSection":["Dru\u0161tvo"],"inLanguage":"en-GB","potentialAction":[{"@type":"CommentAction","name":"Comment","target":["https:\/\/dmcsrb.com\/drustvo\/buducnost-nase-djece-je-prioritet\/#respond"]}]},{"@type":"WebPage","@id":"https:\/\/dmcsrb.com\/drustvo\/buducnost-nase-djece-je-prioritet\/","url":"https:\/\/dmcsrb.com\/drustvo\/buducnost-nase-djece-je-prioritet\/","name":"Budu\u0107nost na\u0161e djece je prioritet - dmcsrb.com","isPartOf":{"@id":"https:\/\/dmcsrb.com\/#website"},"primaryImageOfPage":{"@id":"https:\/\/dmcsrb.com\/drustvo\/buducnost-nase-djece-je-prioritet\/#primaryimage"},"image":{"@id":"https:\/\/dmcsrb.com\/drustvo\/buducnost-nase-djece-je-prioritet\/#primaryimage"},"thumbnailUrl":"https:\/\/dmcsrb.com\/wp-content\/uploads\/2026\/01\/Flag_of_the_Socialist_Peoples_Party_of_Montenegro.svg","datePublished":"2025-11-20T09:50:00+00:00","author":{"@id":"https:\/\/dmcsrb.com\/#\/schema\/person\/5c39170f12db1b8b457732d0b5c854e2"},"breadcrumb":{"@id":"https:\/\/dmcsrb.com\/drustvo\/buducnost-nase-djece-je-prioritet\/#breadcrumb"},"inLanguage":"en-GB","potentialAction":[{"@type":"ReadAction","target":["https:\/\/dmcsrb.com\/drustvo\/buducnost-nase-djece-je-prioritet\/"]}]},{"@type":"ImageObject","inLanguage":"en-GB","@id":"https:\/\/dmcsrb.com\/drustvo\/buducnost-nase-djece-je-prioritet\/#primaryimage","url":"https:\/\/dmcsrb.com\/wp-content\/uploads\/2026\/01\/Flag_of_the_Socialist_Peoples_Party_of_Montenegro.svg","contentUrl":"https:\/\/dmcsrb.com\/wp-content\/uploads\/2026\/01\/Flag_of_the_Socialist_Peoples_Party_of_Montenegro.svg"},{"@type":"BreadcrumbList","@id":"https:\/\/dmcsrb.com\/drustvo\/buducnost-nase-djece-je-prioritet\/#breadcrumb","itemListElement":[{"@type":"ListItem","position":1,"name":"Home","item":"https:\/\/dmcsrb.com\/"},{"@type":"ListItem","position":2,"name":"Budu\u0107nost na\u0161e djece je prioritet"}]},{"@type":"WebSite","@id":"https:\/\/dmcsrb.com\/#website","url":"https:\/\/dmcsrb.com\/","name":"dmcsrb.com","description":"","potentialAction":[{"@type":"SearchAction","target":{"@type":"EntryPoint","urlTemplate":"https:\/\/dmcsrb.com\/?s={search_term_string}"},"query-input":{"@type":"PropertyValueSpecification","valueRequired":true,"valueName":"search_term_string"}}],"inLanguage":"en-GB"},{"@type":"Person","@id":"https:\/\/dmcsrb.com\/#\/schema\/person\/5c39170f12db1b8b457732d0b5c854e2","name":"dmcsrbija.com@gmail.com","image":{"@type":"ImageObject","inLanguage":"en-GB","@id":"https:\/\/secure.gravatar.com\/avatar\/68592660ad6347fad0fb587f8d5d8f1a7b44961362f56e4f2cd524feb87e9069?s=96&d=mm&r=g","url":"https:\/\/secure.gravatar.com\/avatar\/68592660ad6347fad0fb587f8d5d8f1a7b44961362f56e4f2cd524feb87e9069?s=96&d=mm&r=g","contentUrl":"https:\/\/secure.gravatar.com\/avatar\/68592660ad6347fad0fb587f8d5d8f1a7b44961362f56e4f2cd524feb87e9069?s=96&d=mm&r=g","caption":"dmcsrbija.com@gmail.com"},"sameAs":["https:\/\/dmcsrb.com"],"url":"https:\/\/dmcsrb.com\/en\/author\/dmcsrbija-comgmail-com\/"}]}},"_links":{"self":[{"href":"https:\/\/dmcsrb.com\/en\/wp-json\/wp\/v2\/posts\/964592","targetHints":{"allow":["GET"]}}],"collection":[{"href":"https:\/\/dmcsrb.com\/en\/wp-json\/wp\/v2\/posts"}],"about":[{"href":"https:\/\/dmcsrb.com\/en\/wp-json\/wp\/v2\/types\/post"}],"author":[{"embeddable":true,"href":"https:\/\/dmcsrb.com\/en\/wp-json\/wp\/v2\/users\/1"}],"replies":[{"embeddable":true,"href":"https:\/\/dmcsrb.com\/en\/wp-json\/wp\/v2\/comments?post=964592"}],"version-history":[{"count":0,"href":"https:\/\/dmcsrb.com\/en\/wp-json\/wp\/v2\/posts\/964592\/revisions"}],"wp:featuredmedia":[{"embeddable":true,"href":"https:\/\/dmcsrb.com\/en\/wp-json\/wp\/v2\/media\/915444"}],"wp:attachment":[{"href":"https:\/\/dmcsrb.com\/en\/wp-json\/wp\/v2\/media?parent=964592"}],"wp:term":[{"taxonomy":"category","embeddable":true,"href":"https:\/\/dmcsrb.com\/en\/wp-json\/wp\/v2\/categories?post=964592"},{"taxonomy":"post_tag","embeddable":true,"href":"https:\/\/dmcsrb.com\/en\/wp-json\/wp\/v2\/tags?post=964592"},{"taxonomy":"naslovna","embeddable":true,"href":"https:\/\/dmcsrb.com\/en\/wp-json\/wp\/v2\/naslovna?post=964592"}],"curies":[{"name":"wp","href":"https:\/\/api.w.org\/{rel}","templated":true}]}}