{"id":964588,"date":"2025-11-20T10:09:00","date_gmt":"2025-11-20T09:09:00","guid":{"rendered":"https:\/\/dmcsrb.com\/uncategorized\/dani-evropskog-filma-za-djecu-u-kinu-boka\/"},"modified":"2025-11-20T10:09:00","modified_gmt":"2025-11-20T09:09:00","slug":"dani-evropskog-filma-za-djecu-u-kinu-boka","status":"publish","type":"post","link":"https:\/\/dmcsrb.com\/en\/kultura\/dani-evropskog-filma-za-djecu-u-kinu-boka\/","title":{"rendered":"Dani evropskog filma za djecu u kinu &#8220;Boka&#8221;"},"content":{"rendered":"<p><\/p>\n\n\n\n<p><\/p>\n\n\n\n<p>Od<strong> 18. novembra 2025.<\/strong> do <strong>17. januara 2026.<\/strong>, \u0161irom Evrope, bi\u0107e prikazan izbor savremenih i klasi\u010dnih evropskih filmova, sa ciljem da podstakne publiku na dublje interesovanje i ve\u0107u posje\u0107enost ovakvih ostvarenja.<\/p>\n\n\n\n<p>Poseban fokus ove godine je na najmla\u0111oj publici. Pripremljen je bogat i pa\u017eljivo odabran filmski program za djecu i mlade, koji \u0107e podsta\u0107i njihovu ma\u0161tu, razviti ljubav prema filmu i pru\u017eiti im nezaboravne trenutke zabave.<\/p>\n\n\n\n<p>Kino &#8220;Boka&#8221;:  25. 11. u 18:00<\/p>\n\n\n\n<p>\u00a0Put oko svijeta za 80 dana \/ Around the World in 80 Days (France)<\/p>\n\n\n\n<p>\u00a0Re\u017eija: Samuel Tourneux<\/p>\n\n\n\n<p>Simpati\u010dni minijaturni Pasepartu je mladi nau\u010dnik koji oduvijek sanja da postane veliki istra\u017eiva\u010d. Jednog dana, on upoznaje Fileasa, \u017eapca koji je prihvatio opkladu da \u0107e za 80 dana pre\u0107i put oko svijeta. Iskoristiv\u0161i \u017eivotnu priliku da obi\u0111e niz egzoti\u010dnih zemalja, Pasepartout kre\u0107e sa svojim novim prijateljem u ludu i uzbudljivu avanturu punu obrata i iznena\u0111enja.<\/p>\n\n\n\n<p>Zavirite u fantasti\u010dan svijet \u017dila Verna!<\/p>\n\n\n\n<p>26. 11. u 18:00<\/p>\n\n\n\n<p>\u00a0P\u2019astanjan i tri nju\u0161ketara \/ Dogtanian and the Three Muskehounds\u00a0 (Spain)<\/p>\n\n\n\n<p>\u00a0Re\u017eija: Toni Garcia, Stephen Hughes<\/p>\n\n\n\n<p>Jedan pas, tri nju\u0161ketara i jedna velika avantura!<\/p>\n\n\n\n<p>Zasnovana na slavnom romanu \u201eTri musketara\u201c i smje\u0161tena u 17. vijek, ova nevjerovatna animirana avantura prati mladog psa P\u2019Astanjana koji putuje u velelepni Pariz i nada se da \u0107e ispuniti svoj san da postane jedan od slavnih za\u0161titnika kralja.<\/p>\n\n\n\n<p>Do\u0111ite i uronite u \u010daroliju evropskog filma!<\/p>\n\n\n\n<p>Ulaz slobodan!<\/p>","protected":false},"excerpt":{"rendered":"<p>Mre\u017ea kinoprikaziva\u010da Crne Gore, u saradnji sa Evropskom filmskom akademijom (EFA), organizuje jedinstvenu manifestaciju European Award Season 2026, posve\u0107enu raznolikosti i bogatstvu evropske kinematografije.<\/p>","protected":false},"author":1,"featured_media":964589,"comment_status":"open","ping_status":"open","sticky":false,"template":"","format":"standard","meta":{"_acf_changed":false,"footnotes":""},"categories":[50],"tags":[14848,12875],"naslovna":[],"class_list":["post-964588","post","type-post","status-publish","format-standard","has-post-thumbnail","hentry","category-kultura","tag-dani-evropskog-filma-za-djecu","tag-kino-boka"],"acf":[],"yoast_head":"<!-- This site is optimized with the Yoast SEO plugin v27.0 - https:\/\/yoast.com\/product\/yoast-seo-wordpress\/ -->\n<title>Dani evropskog filma za djecu u kinu &quot;Boka&quot; - dmcsrb.com<\/title>\n<meta name=\"robots\" content=\"index, follow, max-snippet:-1, max-image-preview:large, max-video-preview:-1\" \/>\n<link rel=\"canonical\" href=\"https:\/\/dmcsrb.com\/en\/kultura\/dani-evropskog-filma-za-djecu-u-kinu-boka\/\" \/>\n<meta property=\"og:locale\" content=\"en_GB\" \/>\n<meta property=\"og:type\" content=\"article\" \/>\n<meta property=\"og:title\" content=\"Dani evropskog filma za djecu u kinu &quot;Boka&quot; - dmcsrb.com\" \/>\n<meta property=\"og:description\" content=\"Mre\u017ea kinoprikaziva\u010da Crne Gore, u saradnji sa Evropskom filmskom akademijom (EFA), organizuje jedinstvenu manifestaciju European Award Season 2026, posve\u0107enu raznolikosti i bogatstvu evropske kinematografije.\" \/>\n<meta property=\"og:url\" content=\"https:\/\/dmcsrb.com\/en\/kultura\/dani-evropskog-filma-za-djecu-u-kinu-boka\/\" \/>\n<meta property=\"og:site_name\" content=\"dmcsrb.com\" \/>\n<meta property=\"article:published_time\" content=\"2025-11-20T09:09:00+00:00\" \/>\n<meta property=\"og:image\" content=\"https:\/\/dmcsrb.com\/wp-content\/uploads\/2026\/01\/KOTOR-FB-OBJAVA.webp\" \/>\n\t<meta property=\"og:image:width\" content=\"1080\" \/>\n\t<meta property=\"og:image:height\" content=\"1350\" \/>\n\t<meta property=\"og:image:type\" content=\"image\/jpeg\" \/>\n<meta name=\"author\" content=\"dmcsrbija.com@gmail.com\" \/>\n<meta name=\"twitter:card\" content=\"summary_large_image\" \/>\n<meta name=\"twitter:label1\" content=\"Written by\" \/>\n\t<meta name=\"twitter:data1\" content=\"dmcsrbija.com@gmail.com\" \/>\n\t<meta name=\"twitter:label2\" content=\"Estimated reading time\" \/>\n\t<meta name=\"twitter:data2\" content=\"1 minute\" \/>\n<script type=\"application\/ld+json\" class=\"yoast-schema-graph\">{\"@context\":\"https:\/\/schema.org\",\"@graph\":[{\"@type\":\"Article\",\"@id\":\"https:\/\/dmcsrb.com\/kultura\/dani-evropskog-filma-za-djecu-u-kinu-boka\/#article\",\"isPartOf\":{\"@id\":\"https:\/\/dmcsrb.com\/kultura\/dani-evropskog-filma-za-djecu-u-kinu-boka\/\"},\"author\":{\"name\":\"dmcsrbija.com@gmail.com\",\"@id\":\"https:\/\/dmcsrb.com\/#\/schema\/person\/5c39170f12db1b8b457732d0b5c854e2\"},\"headline\":\"Dani evropskog filma za djecu u kinu &#8220;Boka&#8221;\",\"datePublished\":\"2025-11-20T09:09:00+00:00\",\"mainEntityOfPage\":{\"@id\":\"https:\/\/dmcsrb.com\/kultura\/dani-evropskog-filma-za-djecu-u-kinu-boka\/\"},\"wordCount\":246,\"commentCount\":0,\"image\":{\"@id\":\"https:\/\/dmcsrb.com\/kultura\/dani-evropskog-filma-za-djecu-u-kinu-boka\/#primaryimage\"},\"thumbnailUrl\":\"https:\/\/dmcsrb.com\/wp-content\/uploads\/2026\/01\/KOTOR-FB-OBJAVA.webp\",\"keywords\":[\"Dani evropskog filma za djecu\",\"Kino Boka\"],\"articleSection\":[\"Kultura\"],\"inLanguage\":\"en-GB\",\"potentialAction\":[{\"@type\":\"CommentAction\",\"name\":\"Comment\",\"target\":[\"https:\/\/dmcsrb.com\/kultura\/dani-evropskog-filma-za-djecu-u-kinu-boka\/#respond\"]}]},{\"@type\":\"WebPage\",\"@id\":\"https:\/\/dmcsrb.com\/kultura\/dani-evropskog-filma-za-djecu-u-kinu-boka\/\",\"url\":\"https:\/\/dmcsrb.com\/kultura\/dani-evropskog-filma-za-djecu-u-kinu-boka\/\",\"name\":\"Dani evropskog filma za djecu u kinu \\\"Boka\\\" - dmcsrb.com\",\"isPartOf\":{\"@id\":\"https:\/\/dmcsrb.com\/#website\"},\"primaryImageOfPage\":{\"@id\":\"https:\/\/dmcsrb.com\/kultura\/dani-evropskog-filma-za-djecu-u-kinu-boka\/#primaryimage\"},\"image\":{\"@id\":\"https:\/\/dmcsrb.com\/kultura\/dani-evropskog-filma-za-djecu-u-kinu-boka\/#primaryimage\"},\"thumbnailUrl\":\"https:\/\/dmcsrb.com\/wp-content\/uploads\/2026\/01\/KOTOR-FB-OBJAVA.webp\",\"datePublished\":\"2025-11-20T09:09:00+00:00\",\"author\":{\"@id\":\"https:\/\/dmcsrb.com\/#\/schema\/person\/5c39170f12db1b8b457732d0b5c854e2\"},\"breadcrumb\":{\"@id\":\"https:\/\/dmcsrb.com\/kultura\/dani-evropskog-filma-za-djecu-u-kinu-boka\/#breadcrumb\"},\"inLanguage\":\"en-GB\",\"potentialAction\":[{\"@type\":\"ReadAction\",\"target\":[\"https:\/\/dmcsrb.com\/kultura\/dani-evropskog-filma-za-djecu-u-kinu-boka\/\"]}]},{\"@type\":\"ImageObject\",\"inLanguage\":\"en-GB\",\"@id\":\"https:\/\/dmcsrb.com\/kultura\/dani-evropskog-filma-za-djecu-u-kinu-boka\/#primaryimage\",\"url\":\"https:\/\/dmcsrb.com\/wp-content\/uploads\/2026\/01\/KOTOR-FB-OBJAVA.webp\",\"contentUrl\":\"https:\/\/dmcsrb.com\/wp-content\/uploads\/2026\/01\/KOTOR-FB-OBJAVA.webp\",\"width\":1080,\"height\":1350},{\"@type\":\"BreadcrumbList\",\"@id\":\"https:\/\/dmcsrb.com\/kultura\/dani-evropskog-filma-za-djecu-u-kinu-boka\/#breadcrumb\",\"itemListElement\":[{\"@type\":\"ListItem\",\"position\":1,\"name\":\"Home\",\"item\":\"https:\/\/dmcsrb.com\/\"},{\"@type\":\"ListItem\",\"position\":2,\"name\":\"Dani evropskog filma za djecu u kinu &#8220;Boka&#8221;\"}]},{\"@type\":\"WebSite\",\"@id\":\"https:\/\/dmcsrb.com\/#website\",\"url\":\"https:\/\/dmcsrb.com\/\",\"name\":\"dmcsrb.com\",\"description\":\"\",\"potentialAction\":[{\"@type\":\"SearchAction\",\"target\":{\"@type\":\"EntryPoint\",\"urlTemplate\":\"https:\/\/dmcsrb.com\/?s={search_term_string}\"},\"query-input\":{\"@type\":\"PropertyValueSpecification\",\"valueRequired\":true,\"valueName\":\"search_term_string\"}}],\"inLanguage\":\"en-GB\"},{\"@type\":\"Person\",\"@id\":\"https:\/\/dmcsrb.com\/#\/schema\/person\/5c39170f12db1b8b457732d0b5c854e2\",\"name\":\"dmcsrbija.com@gmail.com\",\"image\":{\"@type\":\"ImageObject\",\"inLanguage\":\"en-GB\",\"@id\":\"https:\/\/dmcsrb.com\/#\/schema\/person\/image\/\",\"url\":\"https:\/\/secure.gravatar.com\/avatar\/68592660ad6347fad0fb587f8d5d8f1a7b44961362f56e4f2cd524feb87e9069?s=96&d=mm&r=g\",\"contentUrl\":\"https:\/\/secure.gravatar.com\/avatar\/68592660ad6347fad0fb587f8d5d8f1a7b44961362f56e4f2cd524feb87e9069?s=96&d=mm&r=g\",\"caption\":\"dmcsrbija.com@gmail.com\"},\"sameAs\":[\"https:\/\/dmcsrb.com\"],\"url\":\"https:\/\/dmcsrb.com\/en\/author\/dmcsrbija-comgmail-com\/\"}]}<\/script>\n<!-- \/ Yoast SEO plugin. -->","yoast_head_json":{"title":"Dani evropskog filma za djecu u kinu \"Boka\" - dmcsrb.com","robots":{"index":"index","follow":"follow","max-snippet":"max-snippet:-1","max-image-preview":"max-image-preview:large","max-video-preview":"max-video-preview:-1"},"canonical":"https:\/\/dmcsrb.com\/en\/kultura\/dani-evropskog-filma-za-djecu-u-kinu-boka\/","og_locale":"en_GB","og_type":"article","og_title":"Dani evropskog filma za djecu u kinu \"Boka\" - dmcsrb.com","og_description":"Mre\u017ea kinoprikaziva\u010da Crne Gore, u saradnji sa Evropskom filmskom akademijom (EFA), organizuje jedinstvenu manifestaciju European Award Season 2026, posve\u0107enu raznolikosti i bogatstvu evropske kinematografije.","og_url":"https:\/\/dmcsrb.com\/en\/kultura\/dani-evropskog-filma-za-djecu-u-kinu-boka\/","og_site_name":"dmcsrb.com","article_published_time":"2025-11-20T09:09:00+00:00","og_image":[{"width":1080,"height":1350,"url":"https:\/\/dmcsrb.com\/wp-content\/uploads\/2026\/01\/KOTOR-FB-OBJAVA.webp","type":"image\/jpeg"}],"author":"dmcsrbija.com@gmail.com","twitter_card":"summary_large_image","twitter_misc":{"Written by":"dmcsrbija.com@gmail.com","Estimated reading time":"1 minute"},"schema":{"@context":"https:\/\/schema.org","@graph":[{"@type":"Article","@id":"https:\/\/dmcsrb.com\/kultura\/dani-evropskog-filma-za-djecu-u-kinu-boka\/#article","isPartOf":{"@id":"https:\/\/dmcsrb.com\/kultura\/dani-evropskog-filma-za-djecu-u-kinu-boka\/"},"author":{"name":"dmcsrbija.com@gmail.com","@id":"https:\/\/dmcsrb.com\/#\/schema\/person\/5c39170f12db1b8b457732d0b5c854e2"},"headline":"Dani evropskog filma za djecu u kinu &#8220;Boka&#8221;","datePublished":"2025-11-20T09:09:00+00:00","mainEntityOfPage":{"@id":"https:\/\/dmcsrb.com\/kultura\/dani-evropskog-filma-za-djecu-u-kinu-boka\/"},"wordCount":246,"commentCount":0,"image":{"@id":"https:\/\/dmcsrb.com\/kultura\/dani-evropskog-filma-za-djecu-u-kinu-boka\/#primaryimage"},"thumbnailUrl":"https:\/\/dmcsrb.com\/wp-content\/uploads\/2026\/01\/KOTOR-FB-OBJAVA.webp","keywords":["Dani evropskog filma za djecu","Kino Boka"],"articleSection":["Kultura"],"inLanguage":"en-GB","potentialAction":[{"@type":"CommentAction","name":"Comment","target":["https:\/\/dmcsrb.com\/kultura\/dani-evropskog-filma-za-djecu-u-kinu-boka\/#respond"]}]},{"@type":"WebPage","@id":"https:\/\/dmcsrb.com\/kultura\/dani-evropskog-filma-za-djecu-u-kinu-boka\/","url":"https:\/\/dmcsrb.com\/kultura\/dani-evropskog-filma-za-djecu-u-kinu-boka\/","name":"Dani evropskog filma za djecu u kinu \"Boka\" - dmcsrb.com","isPartOf":{"@id":"https:\/\/dmcsrb.com\/#website"},"primaryImageOfPage":{"@id":"https:\/\/dmcsrb.com\/kultura\/dani-evropskog-filma-za-djecu-u-kinu-boka\/#primaryimage"},"image":{"@id":"https:\/\/dmcsrb.com\/kultura\/dani-evropskog-filma-za-djecu-u-kinu-boka\/#primaryimage"},"thumbnailUrl":"https:\/\/dmcsrb.com\/wp-content\/uploads\/2026\/01\/KOTOR-FB-OBJAVA.webp","datePublished":"2025-11-20T09:09:00+00:00","author":{"@id":"https:\/\/dmcsrb.com\/#\/schema\/person\/5c39170f12db1b8b457732d0b5c854e2"},"breadcrumb":{"@id":"https:\/\/dmcsrb.com\/kultura\/dani-evropskog-filma-za-djecu-u-kinu-boka\/#breadcrumb"},"inLanguage":"en-GB","potentialAction":[{"@type":"ReadAction","target":["https:\/\/dmcsrb.com\/kultura\/dani-evropskog-filma-za-djecu-u-kinu-boka\/"]}]},{"@type":"ImageObject","inLanguage":"en-GB","@id":"https:\/\/dmcsrb.com\/kultura\/dani-evropskog-filma-za-djecu-u-kinu-boka\/#primaryimage","url":"https:\/\/dmcsrb.com\/wp-content\/uploads\/2026\/01\/KOTOR-FB-OBJAVA.webp","contentUrl":"https:\/\/dmcsrb.com\/wp-content\/uploads\/2026\/01\/KOTOR-FB-OBJAVA.webp","width":1080,"height":1350},{"@type":"BreadcrumbList","@id":"https:\/\/dmcsrb.com\/kultura\/dani-evropskog-filma-za-djecu-u-kinu-boka\/#breadcrumb","itemListElement":[{"@type":"ListItem","position":1,"name":"Home","item":"https:\/\/dmcsrb.com\/"},{"@type":"ListItem","position":2,"name":"Dani evropskog filma za djecu u kinu &#8220;Boka&#8221;"}]},{"@type":"WebSite","@id":"https:\/\/dmcsrb.com\/#website","url":"https:\/\/dmcsrb.com\/","name":"dmcsrb.com","description":"","potentialAction":[{"@type":"SearchAction","target":{"@type":"EntryPoint","urlTemplate":"https:\/\/dmcsrb.com\/?s={search_term_string}"},"query-input":{"@type":"PropertyValueSpecification","valueRequired":true,"valueName":"search_term_string"}}],"inLanguage":"en-GB"},{"@type":"Person","@id":"https:\/\/dmcsrb.com\/#\/schema\/person\/5c39170f12db1b8b457732d0b5c854e2","name":"dmcsrbija.com@gmail.com","image":{"@type":"ImageObject","inLanguage":"en-GB","@id":"https:\/\/dmcsrb.com\/#\/schema\/person\/image\/","url":"https:\/\/secure.gravatar.com\/avatar\/68592660ad6347fad0fb587f8d5d8f1a7b44961362f56e4f2cd524feb87e9069?s=96&d=mm&r=g","contentUrl":"https:\/\/secure.gravatar.com\/avatar\/68592660ad6347fad0fb587f8d5d8f1a7b44961362f56e4f2cd524feb87e9069?s=96&d=mm&r=g","caption":"dmcsrbija.com@gmail.com"},"sameAs":["https:\/\/dmcsrb.com"],"url":"https:\/\/dmcsrb.com\/en\/author\/dmcsrbija-comgmail-com\/"}]}},"_links":{"self":[{"href":"https:\/\/dmcsrb.com\/en\/wp-json\/wp\/v2\/posts\/964588","targetHints":{"allow":["GET"]}}],"collection":[{"href":"https:\/\/dmcsrb.com\/en\/wp-json\/wp\/v2\/posts"}],"about":[{"href":"https:\/\/dmcsrb.com\/en\/wp-json\/wp\/v2\/types\/post"}],"author":[{"embeddable":true,"href":"https:\/\/dmcsrb.com\/en\/wp-json\/wp\/v2\/users\/1"}],"replies":[{"embeddable":true,"href":"https:\/\/dmcsrb.com\/en\/wp-json\/wp\/v2\/comments?post=964588"}],"version-history":[{"count":0,"href":"https:\/\/dmcsrb.com\/en\/wp-json\/wp\/v2\/posts\/964588\/revisions"}],"wp:featuredmedia":[{"embeddable":true,"href":"https:\/\/dmcsrb.com\/en\/wp-json\/wp\/v2\/media\/964589"}],"wp:attachment":[{"href":"https:\/\/dmcsrb.com\/en\/wp-json\/wp\/v2\/media?parent=964588"}],"wp:term":[{"taxonomy":"category","embeddable":true,"href":"https:\/\/dmcsrb.com\/en\/wp-json\/wp\/v2\/categories?post=964588"},{"taxonomy":"post_tag","embeddable":true,"href":"https:\/\/dmcsrb.com\/en\/wp-json\/wp\/v2\/tags?post=964588"},{"taxonomy":"naslovna","embeddable":true,"href":"https:\/\/dmcsrb.com\/en\/wp-json\/wp\/v2\/naslovna?post=964588"}],"curies":[{"name":"wp","href":"https:\/\/api.w.org\/{rel}","templated":true}]}}