{"id":964584,"date":"2025-11-20T09:03:00","date_gmt":"2025-11-20T08:03:00","guid":{"rendered":"https:\/\/dmcsrb.com\/uncategorized\/ibrahimovic-vladavina-prava-u-centru-evropskog-puta-crne-gore\/"},"modified":"2025-11-20T09:03:00","modified_gmt":"2025-11-20T08:03:00","slug":"ibrahimovic-vladavina-prava-u-centru-evropskog-puta-crne-gore","status":"publish","type":"post","link":"https:\/\/dmcsrb.com\/en\/politika\/ibrahimovic-vladavina-prava-u-centru-evropskog-puta-crne-gore\/","title":{"rendered":"Ibrahimovi\u0107: Vladavina prava u centru evropskog puta Crne Gore"},"content":{"rendered":"<p><\/p>\n\n\n\n<p>\u201cIbrahimovi\u0107 je u obra\u0107anju istakao da se sastanak odr\u017eava u trenutku dubokih geopoliti\u010dkih transformacija, koje testiraju otpornost institucija i solidarnost evropske porodice. On je naglasio da Crna Gora, vo\u0111ena strate\u0161kom posve\u0107eno\u0161\u0107u evropskim i evroatlantskim integracijama, odgovorno pristupa aktuelnim izazovima, promovi\u0161u\u0107i dijalog, partnerstvo i zajedni\u010dke evropske vrijednosti\u201d, sao\u0161teno je iz Ministarstva vanjskih poslova.<\/p>\n\n\n\n<p>Kako se navodi, poseban akcenat stavio je na pitanje migracija, ocjenjuju\u0107i da kompleksni migratorni tokovi zahtijevaju uravnote\u017een pristup koji osigurava za\u0161titu granica, ali i puno po\u0161tovanje ljudskih prava i dostojanstva. U tom kontekstu, ministar je izrazio zahvalnost na kontinuiranoj saradnji sa specijalizovanim agencijama Evropske unije.<\/p>\n\n\n\n<p>\u201cIbrahimovi\u0107 je posebno naglasio da je vladavina prava u samom sredi\u0161tu evropskog puta Crne Gore, isti\u010du\u0107i da su nezavisno i efikasno pravosu\u0111e, jednakost pred zakonom i dosljedna primjena evropskih standarda trajne strate\u0161ke obaveze dr\u017eave\u201d, dodaje se u saop\u0161tenju.<\/p>\n\n\n\n<p>Ibrahimovi\u0107 je ponovio da je pozicija Crne Gore u vezi sa Ukrajinom jasna i nedvosmislena \u2013 Crna Gora ostaje uz svoje partnere u odbrani me\u0111unarodnog prava, suvereniteta i teritorijalnog integriteta Ukrajine. Istovremeno, izrazio je sna\u017enu podr\u0161ku humanitarnim naporima za za\u0161titu civila u Palestini, nagla\u0161avaju\u0107i va\u017enost deeskalacije, dijaloga i po\u0161tovanja me\u0111unarodnog humanitarnog prava.<\/p>\n\n\n\n<p>\u201cIbrahimovi\u0107 je poru\u010dio da Crna Gora ostaje konstruktivan i pouzdan partner, posve\u0107en ja\u010danju regionalne saradnje, o\u010duvanju evropskog jedinstva i promociji mira, pravde i vladavine prava kao temelja zajedni\u010dke evropske budu\u0107nosti\u201d, zaklju\u010duje se u saop\u0161tenju.<\/p>","protected":false},"excerpt":{"rendered":"<p>Potpredsjednik Vlade Crne Gore i ministar vanjskih poslova\u00a0Ervin Ibrahimovi\u0107\u00a0boravio je u Briselu na zasijedanju Savjeta za vanjske poslove (FAC) u pro\u0161irenom formatu. U\u010de\u0161\u0107e Crne Gore na ovom skupu jo\u0161 jednom je potvrdilo zna\u010daj mehanizma \u201erane integracije\u201c, koji dr\u017eavama kandidatima omogu\u0107ava postepeno uklju\u010divanje u politi\u010dke procese i strate\u0161ke rasprave Evropske unije.<\/p>","protected":false},"author":1,"featured_media":964585,"comment_status":"open","ping_status":"open","sticky":false,"template":"","format":"standard","meta":{"_acf_changed":false,"footnotes":""},"categories":[12],"tags":[95,321,10,595],"naslovna":[],"class_list":["post-964584","post","type-post","status-publish","format-standard","has-post-thumbnail","hentry","category-politika","tag-crna-gora","tag-ervin-ibrahimovic","tag-eu","tag-mvp"],"acf":[],"yoast_head":"<!-- This site is optimized with the Yoast SEO plugin v27.0 - https:\/\/yoast.com\/product\/yoast-seo-wordpress\/ -->\n<title>Ibrahimovi\u0107: Vladavina prava u centru evropskog puta Crne Gore - dmcsrb.com<\/title>\n<meta name=\"robots\" content=\"index, follow, max-snippet:-1, max-image-preview:large, max-video-preview:-1\" \/>\n<link rel=\"canonical\" href=\"https:\/\/dmcsrb.com\/en\/politika\/ibrahimovic-vladavina-prava-u-centru-evropskog-puta-crne-gore\/\" \/>\n<meta property=\"og:locale\" content=\"en_GB\" \/>\n<meta property=\"og:type\" content=\"article\" \/>\n<meta property=\"og:title\" content=\"Ibrahimovi\u0107: Vladavina prava u centru evropskog puta Crne Gore - dmcsrb.com\" \/>\n<meta property=\"og:description\" content=\"Potpredsjednik Vlade Crne Gore i ministar vanjskih poslova\u00a0Ervin Ibrahimovi\u0107\u00a0boravio je u Briselu na zasijedanju Savjeta za vanjske poslove (FAC) u pro\u0161irenom formatu. U\u010de\u0161\u0107e Crne Gore na ovom skupu jo\u0161 jednom je potvrdilo zna\u010daj mehanizma \u201erane integracije\u201c, koji dr\u017eavama kandidatima omogu\u0107ava postepeno uklju\u010divanje u politi\u010dke procese i strate\u0161ke rasprave Evropske unije.\" \/>\n<meta property=\"og:url\" content=\"https:\/\/dmcsrb.com\/en\/politika\/ibrahimovic-vladavina-prava-u-centru-evropskog-puta-crne-gore\/\" \/>\n<meta property=\"og:site_name\" content=\"dmcsrb.com\" \/>\n<meta property=\"article:published_time\" content=\"2025-11-20T08:03:00+00:00\" \/>\n<meta property=\"og:image\" content=\"https:\/\/dmcsrb.com\/wp-content\/uploads\/2026\/01\/IMG_9845.cleaned.jpeg-1000x555-1.webp\" \/>\n\t<meta property=\"og:image:width\" content=\"1000\" \/>\n\t<meta property=\"og:image:height\" content=\"555\" \/>\n\t<meta property=\"og:image:type\" content=\"image\/jpeg\" \/>\n<meta name=\"author\" content=\"dmcsrbija.com@gmail.com\" \/>\n<meta name=\"twitter:card\" content=\"summary_large_image\" \/>\n<meta name=\"twitter:label1\" content=\"Written by\" \/>\n\t<meta name=\"twitter:data1\" content=\"dmcsrbija.com@gmail.com\" \/>\n\t<meta name=\"twitter:label2\" content=\"Estimated reading time\" \/>\n\t<meta name=\"twitter:data2\" content=\"1 minute\" \/>\n<script type=\"application\/ld+json\" class=\"yoast-schema-graph\">{\"@context\":\"https:\/\/schema.org\",\"@graph\":[{\"@type\":\"Article\",\"@id\":\"https:\/\/dmcsrb.com\/politika\/ibrahimovic-vladavina-prava-u-centru-evropskog-puta-crne-gore\/#article\",\"isPartOf\":{\"@id\":\"https:\/\/dmcsrb.com\/politika\/ibrahimovic-vladavina-prava-u-centru-evropskog-puta-crne-gore\/\"},\"author\":{\"name\":\"dmcsrbija.com@gmail.com\",\"@id\":\"https:\/\/dmcsrb.com\/#\/schema\/person\/5c39170f12db1b8b457732d0b5c854e2\"},\"headline\":\"Ibrahimovi\u0107: Vladavina prava u centru evropskog puta Crne Gore\",\"datePublished\":\"2025-11-20T08:03:00+00:00\",\"mainEntityOfPage\":{\"@id\":\"https:\/\/dmcsrb.com\/politika\/ibrahimovic-vladavina-prava-u-centru-evropskog-puta-crne-gore\/\"},\"wordCount\":268,\"commentCount\":0,\"image\":{\"@id\":\"https:\/\/dmcsrb.com\/politika\/ibrahimovic-vladavina-prava-u-centru-evropskog-puta-crne-gore\/#primaryimage\"},\"thumbnailUrl\":\"https:\/\/dmcsrb.com\/wp-content\/uploads\/2026\/01\/IMG_9845.cleaned.jpeg-1000x555-1.webp\",\"keywords\":[\"Crna Gora\",\"Ervin Ibrahimovi\u0107\",\"EU\",\"MVP\"],\"articleSection\":[\"Politika\"],\"inLanguage\":\"en-GB\",\"potentialAction\":[{\"@type\":\"CommentAction\",\"name\":\"Comment\",\"target\":[\"https:\/\/dmcsrb.com\/politika\/ibrahimovic-vladavina-prava-u-centru-evropskog-puta-crne-gore\/#respond\"]}]},{\"@type\":\"WebPage\",\"@id\":\"https:\/\/dmcsrb.com\/politika\/ibrahimovic-vladavina-prava-u-centru-evropskog-puta-crne-gore\/\",\"url\":\"https:\/\/dmcsrb.com\/politika\/ibrahimovic-vladavina-prava-u-centru-evropskog-puta-crne-gore\/\",\"name\":\"Ibrahimovi\u0107: Vladavina prava u centru evropskog puta Crne Gore - dmcsrb.com\",\"isPartOf\":{\"@id\":\"https:\/\/dmcsrb.com\/#website\"},\"primaryImageOfPage\":{\"@id\":\"https:\/\/dmcsrb.com\/politika\/ibrahimovic-vladavina-prava-u-centru-evropskog-puta-crne-gore\/#primaryimage\"},\"image\":{\"@id\":\"https:\/\/dmcsrb.com\/politika\/ibrahimovic-vladavina-prava-u-centru-evropskog-puta-crne-gore\/#primaryimage\"},\"thumbnailUrl\":\"https:\/\/dmcsrb.com\/wp-content\/uploads\/2026\/01\/IMG_9845.cleaned.jpeg-1000x555-1.webp\",\"datePublished\":\"2025-11-20T08:03:00+00:00\",\"author\":{\"@id\":\"https:\/\/dmcsrb.com\/#\/schema\/person\/5c39170f12db1b8b457732d0b5c854e2\"},\"breadcrumb\":{\"@id\":\"https:\/\/dmcsrb.com\/politika\/ibrahimovic-vladavina-prava-u-centru-evropskog-puta-crne-gore\/#breadcrumb\"},\"inLanguage\":\"en-GB\",\"potentialAction\":[{\"@type\":\"ReadAction\",\"target\":[\"https:\/\/dmcsrb.com\/politika\/ibrahimovic-vladavina-prava-u-centru-evropskog-puta-crne-gore\/\"]}]},{\"@type\":\"ImageObject\",\"inLanguage\":\"en-GB\",\"@id\":\"https:\/\/dmcsrb.com\/politika\/ibrahimovic-vladavina-prava-u-centru-evropskog-puta-crne-gore\/#primaryimage\",\"url\":\"https:\/\/dmcsrb.com\/wp-content\/uploads\/2026\/01\/IMG_9845.cleaned.jpeg-1000x555-1.webp\",\"contentUrl\":\"https:\/\/dmcsrb.com\/wp-content\/uploads\/2026\/01\/IMG_9845.cleaned.jpeg-1000x555-1.webp\",\"width\":1000,\"height\":555},{\"@type\":\"BreadcrumbList\",\"@id\":\"https:\/\/dmcsrb.com\/politika\/ibrahimovic-vladavina-prava-u-centru-evropskog-puta-crne-gore\/#breadcrumb\",\"itemListElement\":[{\"@type\":\"ListItem\",\"position\":1,\"name\":\"Home\",\"item\":\"https:\/\/dmcsrb.com\/\"},{\"@type\":\"ListItem\",\"position\":2,\"name\":\"Ibrahimovi\u0107: Vladavina prava u centru evropskog puta Crne Gore\"}]},{\"@type\":\"WebSite\",\"@id\":\"https:\/\/dmcsrb.com\/#website\",\"url\":\"https:\/\/dmcsrb.com\/\",\"name\":\"dmcsrb.com\",\"description\":\"\",\"potentialAction\":[{\"@type\":\"SearchAction\",\"target\":{\"@type\":\"EntryPoint\",\"urlTemplate\":\"https:\/\/dmcsrb.com\/?s={search_term_string}\"},\"query-input\":{\"@type\":\"PropertyValueSpecification\",\"valueRequired\":true,\"valueName\":\"search_term_string\"}}],\"inLanguage\":\"en-GB\"},{\"@type\":\"Person\",\"@id\":\"https:\/\/dmcsrb.com\/#\/schema\/person\/5c39170f12db1b8b457732d0b5c854e2\",\"name\":\"dmcsrbija.com@gmail.com\",\"image\":{\"@type\":\"ImageObject\",\"inLanguage\":\"en-GB\",\"@id\":\"https:\/\/dmcsrb.com\/#\/schema\/person\/image\/\",\"url\":\"https:\/\/secure.gravatar.com\/avatar\/68592660ad6347fad0fb587f8d5d8f1a7b44961362f56e4f2cd524feb87e9069?s=96&d=mm&r=g\",\"contentUrl\":\"https:\/\/secure.gravatar.com\/avatar\/68592660ad6347fad0fb587f8d5d8f1a7b44961362f56e4f2cd524feb87e9069?s=96&d=mm&r=g\",\"caption\":\"dmcsrbija.com@gmail.com\"},\"sameAs\":[\"https:\/\/dmcsrb.com\"],\"url\":\"https:\/\/dmcsrb.com\/en\/author\/dmcsrbija-comgmail-com\/\"}]}<\/script>\n<!-- \/ Yoast SEO plugin. -->","yoast_head_json":{"title":"Ibrahimovi\u0107: Vladavina prava u centru evropskog puta Crne Gore - dmcsrb.com","robots":{"index":"index","follow":"follow","max-snippet":"max-snippet:-1","max-image-preview":"max-image-preview:large","max-video-preview":"max-video-preview:-1"},"canonical":"https:\/\/dmcsrb.com\/en\/politika\/ibrahimovic-vladavina-prava-u-centru-evropskog-puta-crne-gore\/","og_locale":"en_GB","og_type":"article","og_title":"Ibrahimovi\u0107: Vladavina prava u centru evropskog puta Crne Gore - dmcsrb.com","og_description":"Potpredsjednik Vlade Crne Gore i ministar vanjskih poslova\u00a0Ervin Ibrahimovi\u0107\u00a0boravio je u Briselu na zasijedanju Savjeta za vanjske poslove (FAC) u pro\u0161irenom formatu. U\u010de\u0161\u0107e Crne Gore na ovom skupu jo\u0161 jednom je potvrdilo zna\u010daj mehanizma \u201erane integracije\u201c, koji dr\u017eavama kandidatima omogu\u0107ava postepeno uklju\u010divanje u politi\u010dke procese i strate\u0161ke rasprave Evropske unije.","og_url":"https:\/\/dmcsrb.com\/en\/politika\/ibrahimovic-vladavina-prava-u-centru-evropskog-puta-crne-gore\/","og_site_name":"dmcsrb.com","article_published_time":"2025-11-20T08:03:00+00:00","og_image":[{"width":1000,"height":555,"url":"https:\/\/dmcsrb.com\/wp-content\/uploads\/2026\/01\/IMG_9845.cleaned.jpeg-1000x555-1.webp","type":"image\/jpeg"}],"author":"dmcsrbija.com@gmail.com","twitter_card":"summary_large_image","twitter_misc":{"Written by":"dmcsrbija.com@gmail.com","Estimated reading time":"1 minute"},"schema":{"@context":"https:\/\/schema.org","@graph":[{"@type":"Article","@id":"https:\/\/dmcsrb.com\/politika\/ibrahimovic-vladavina-prava-u-centru-evropskog-puta-crne-gore\/#article","isPartOf":{"@id":"https:\/\/dmcsrb.com\/politika\/ibrahimovic-vladavina-prava-u-centru-evropskog-puta-crne-gore\/"},"author":{"name":"dmcsrbija.com@gmail.com","@id":"https:\/\/dmcsrb.com\/#\/schema\/person\/5c39170f12db1b8b457732d0b5c854e2"},"headline":"Ibrahimovi\u0107: Vladavina prava u centru evropskog puta Crne Gore","datePublished":"2025-11-20T08:03:00+00:00","mainEntityOfPage":{"@id":"https:\/\/dmcsrb.com\/politika\/ibrahimovic-vladavina-prava-u-centru-evropskog-puta-crne-gore\/"},"wordCount":268,"commentCount":0,"image":{"@id":"https:\/\/dmcsrb.com\/politika\/ibrahimovic-vladavina-prava-u-centru-evropskog-puta-crne-gore\/#primaryimage"},"thumbnailUrl":"https:\/\/dmcsrb.com\/wp-content\/uploads\/2026\/01\/IMG_9845.cleaned.jpeg-1000x555-1.webp","keywords":["Crna Gora","Ervin Ibrahimovi\u0107","EU","MVP"],"articleSection":["Politika"],"inLanguage":"en-GB","potentialAction":[{"@type":"CommentAction","name":"Comment","target":["https:\/\/dmcsrb.com\/politika\/ibrahimovic-vladavina-prava-u-centru-evropskog-puta-crne-gore\/#respond"]}]},{"@type":"WebPage","@id":"https:\/\/dmcsrb.com\/politika\/ibrahimovic-vladavina-prava-u-centru-evropskog-puta-crne-gore\/","url":"https:\/\/dmcsrb.com\/politika\/ibrahimovic-vladavina-prava-u-centru-evropskog-puta-crne-gore\/","name":"Ibrahimovi\u0107: Vladavina prava u centru evropskog puta Crne Gore - dmcsrb.com","isPartOf":{"@id":"https:\/\/dmcsrb.com\/#website"},"primaryImageOfPage":{"@id":"https:\/\/dmcsrb.com\/politika\/ibrahimovic-vladavina-prava-u-centru-evropskog-puta-crne-gore\/#primaryimage"},"image":{"@id":"https:\/\/dmcsrb.com\/politika\/ibrahimovic-vladavina-prava-u-centru-evropskog-puta-crne-gore\/#primaryimage"},"thumbnailUrl":"https:\/\/dmcsrb.com\/wp-content\/uploads\/2026\/01\/IMG_9845.cleaned.jpeg-1000x555-1.webp","datePublished":"2025-11-20T08:03:00+00:00","author":{"@id":"https:\/\/dmcsrb.com\/#\/schema\/person\/5c39170f12db1b8b457732d0b5c854e2"},"breadcrumb":{"@id":"https:\/\/dmcsrb.com\/politika\/ibrahimovic-vladavina-prava-u-centru-evropskog-puta-crne-gore\/#breadcrumb"},"inLanguage":"en-GB","potentialAction":[{"@type":"ReadAction","target":["https:\/\/dmcsrb.com\/politika\/ibrahimovic-vladavina-prava-u-centru-evropskog-puta-crne-gore\/"]}]},{"@type":"ImageObject","inLanguage":"en-GB","@id":"https:\/\/dmcsrb.com\/politika\/ibrahimovic-vladavina-prava-u-centru-evropskog-puta-crne-gore\/#primaryimage","url":"https:\/\/dmcsrb.com\/wp-content\/uploads\/2026\/01\/IMG_9845.cleaned.jpeg-1000x555-1.webp","contentUrl":"https:\/\/dmcsrb.com\/wp-content\/uploads\/2026\/01\/IMG_9845.cleaned.jpeg-1000x555-1.webp","width":1000,"height":555},{"@type":"BreadcrumbList","@id":"https:\/\/dmcsrb.com\/politika\/ibrahimovic-vladavina-prava-u-centru-evropskog-puta-crne-gore\/#breadcrumb","itemListElement":[{"@type":"ListItem","position":1,"name":"Home","item":"https:\/\/dmcsrb.com\/"},{"@type":"ListItem","position":2,"name":"Ibrahimovi\u0107: Vladavina prava u centru evropskog puta Crne Gore"}]},{"@type":"WebSite","@id":"https:\/\/dmcsrb.com\/#website","url":"https:\/\/dmcsrb.com\/","name":"dmcsrb.com","description":"","potentialAction":[{"@type":"SearchAction","target":{"@type":"EntryPoint","urlTemplate":"https:\/\/dmcsrb.com\/?s={search_term_string}"},"query-input":{"@type":"PropertyValueSpecification","valueRequired":true,"valueName":"search_term_string"}}],"inLanguage":"en-GB"},{"@type":"Person","@id":"https:\/\/dmcsrb.com\/#\/schema\/person\/5c39170f12db1b8b457732d0b5c854e2","name":"dmcsrbija.com@gmail.com","image":{"@type":"ImageObject","inLanguage":"en-GB","@id":"https:\/\/dmcsrb.com\/#\/schema\/person\/image\/","url":"https:\/\/secure.gravatar.com\/avatar\/68592660ad6347fad0fb587f8d5d8f1a7b44961362f56e4f2cd524feb87e9069?s=96&d=mm&r=g","contentUrl":"https:\/\/secure.gravatar.com\/avatar\/68592660ad6347fad0fb587f8d5d8f1a7b44961362f56e4f2cd524feb87e9069?s=96&d=mm&r=g","caption":"dmcsrbija.com@gmail.com"},"sameAs":["https:\/\/dmcsrb.com"],"url":"https:\/\/dmcsrb.com\/en\/author\/dmcsrbija-comgmail-com\/"}]}},"_links":{"self":[{"href":"https:\/\/dmcsrb.com\/en\/wp-json\/wp\/v2\/posts\/964584","targetHints":{"allow":["GET"]}}],"collection":[{"href":"https:\/\/dmcsrb.com\/en\/wp-json\/wp\/v2\/posts"}],"about":[{"href":"https:\/\/dmcsrb.com\/en\/wp-json\/wp\/v2\/types\/post"}],"author":[{"embeddable":true,"href":"https:\/\/dmcsrb.com\/en\/wp-json\/wp\/v2\/users\/1"}],"replies":[{"embeddable":true,"href":"https:\/\/dmcsrb.com\/en\/wp-json\/wp\/v2\/comments?post=964584"}],"version-history":[{"count":0,"href":"https:\/\/dmcsrb.com\/en\/wp-json\/wp\/v2\/posts\/964584\/revisions"}],"wp:featuredmedia":[{"embeddable":true,"href":"https:\/\/dmcsrb.com\/en\/wp-json\/wp\/v2\/media\/964585"}],"wp:attachment":[{"href":"https:\/\/dmcsrb.com\/en\/wp-json\/wp\/v2\/media?parent=964584"}],"wp:term":[{"taxonomy":"category","embeddable":true,"href":"https:\/\/dmcsrb.com\/en\/wp-json\/wp\/v2\/categories?post=964584"},{"taxonomy":"post_tag","embeddable":true,"href":"https:\/\/dmcsrb.com\/en\/wp-json\/wp\/v2\/tags?post=964584"},{"taxonomy":"naslovna","embeddable":true,"href":"https:\/\/dmcsrb.com\/en\/wp-json\/wp\/v2\/naslovna?post=964584"}],"curies":[{"name":"wp","href":"https:\/\/api.w.org\/{rel}","templated":true}]}}