{"id":964556,"date":"2025-11-20T09:55:00","date_gmt":"2025-11-20T08:55:00","guid":{"rendered":"https:\/\/dmcsrb.com\/uncategorized\/zastitnik-ljudskih-prava-podrzao-inicijativu-za-zakon-o-zastiti-podstanara\/"},"modified":"2025-11-20T09:55:00","modified_gmt":"2025-11-20T08:55:00","slug":"zastitnik-ljudskih-prava-podrzao-inicijativu-za-zakon-o-zastiti-podstanara","status":"publish","type":"post","link":"https:\/\/dmcsrb.com\/en\/drustvo\/zastitnik-ljudskih-prava-podrzao-inicijativu-za-zakon-o-zastiti-podstanara\/","title":{"rendered":"Za\u0161titnik ljudskih prava podr\u017eao inicijativu za Zakon o za\u0161titi podstanara"},"content":{"rendered":"<p><\/p>\n\n\n\n<p>Iz Udru\u017eenja isti\u010du da posebno cijene \u0161to je u odgovoru prepoznata ozbiljnost problema sa kojima se podstanari svakodnevno suo\u010davaju na tr\u017ei\u0161tu zakupa, uklju\u010duju\u0107i nestabilnost uslova najma i izostanak sistemske za\u0161tite.<\/p>\n\n\n\n<p>Za\u0161titnik je najavio da \u0107e inicijativu udru\u017eenja proslijediti Skup\u0161tini Crne Gore i Ministarstvu prostornog planiranja, urbanizma i dr\u017eavne imovine, \u010dime se, kako navodi Moj dom, obezbje\u0111uje ve\u0107a institucionalna vidljivost i mogu\u0107nost sveobuhvatnog razmatranja predloga u organima nadle\u017enim za oblikovanje zakonskih rje\u0161enja.<\/p>\n\n\n\n<p>Udru\u017eenje pozdravlja i mogu\u0107nost da se ponovo obrati Za\u0161titniku ukoliko nadle\u017eni organi ne postupe u razumnom roku ili ukoliko bude naznaka da je do\u0161lo do povrede ljudskih prava. Takva mogu\u0107nost, poru\u010duju, predstavlja va\u017ean mehanizam za\u0161tite i dodatni pritisak na institucije da djeluju odgovorno.<\/p>\n\n\n\n<p>U saop\u0161tenju se navodi i da je Za\u0161titnik ukazao kako njegova uloga ne treba biti posebno regulisana budu\u0107im zakonom, budu\u0107i da su njegove nadle\u017enosti ve\u0107 jasno definisane va\u017ee\u0107im propisima, te da \u0107e udru\u017eenje tu preporuku uva\u017eiti.<\/p>\n\n\n\n<p>Moj dom zaklju\u010duje da \u0107e nastaviti da insistira na dono\u0161enju Zakona o za\u0161titi prava podstanara, kao i na unapre\u0111enju pravne sigurnosti, transparentnosti i dostojanstvenog stanovanja za sve gra\u0111ane Crne Gore.<\/p>","protected":false},"excerpt":{"rendered":"<p>Udru\u017eenje podstanara Crne Gore Moj dom saop\u0161tilo je da je od Za\u0161titnika ljudskih prava i sloboda Crne Gore dobilo zvani\u010dan odgovor na inicijativu za dono\u0161enje Zakona o za\u0161titi prava podstanara. Kako navode, u mi\u0161ljenju Za\u0161titnika potvr\u0111eno je da pitanja koja su pokrenuta nose zna\u010dajnu socijalnu, pravnu i institucionalnu te\u017einu, te da se neposredno odnose na osnovna ljudska prava \u2013 pravo na dom, pravnu sigurnost i za\u0161titu od diskriminacije.<\/p>","protected":false},"author":1,"featured_media":912744,"comment_status":"open","ping_status":"open","sticky":false,"template":"","format":"standard","meta":{"_acf_changed":false,"footnotes":""},"categories":[2],"tags":[676,3004,14837],"naslovna":[],"class_list":["post-964556","post","type-post","status-publish","format-standard","has-post-thumbnail","hentry","category-drustvo","tag-udruzenje-podstanara","tag-zakon-o-zastiti-podstanara","tag-zastitnik-ljudskih-prava"],"acf":[],"yoast_head":"<!-- This site is optimized with the Yoast SEO plugin v27.4 - https:\/\/yoast.com\/product\/yoast-seo-wordpress\/ -->\n<title>Za\u0161titnik ljudskih prava podr\u017eao inicijativu za Zakon o za\u0161titi podstanara - dmcsrb.com<\/title>\n<meta name=\"robots\" content=\"index, follow, max-snippet:-1, max-image-preview:large, max-video-preview:-1\" \/>\n<link rel=\"canonical\" href=\"https:\/\/dmcsrb.com\/en\/drustvo\/zastitnik-ljudskih-prava-podrzao-inicijativu-za-zakon-o-zastiti-podstanara\/\" \/>\n<meta property=\"og:locale\" content=\"en_GB\" \/>\n<meta property=\"og:type\" content=\"article\" \/>\n<meta property=\"og:title\" content=\"Za\u0161titnik ljudskih prava podr\u017eao inicijativu za Zakon o za\u0161titi podstanara - dmcsrb.com\" \/>\n<meta property=\"og:description\" content=\"Udru\u017eenje podstanara Crne Gore Moj dom saop\u0161tilo je da je od Za\u0161titnika ljudskih prava i sloboda Crne Gore dobilo zvani\u010dan odgovor na inicijativu za dono\u0161enje Zakona o za\u0161titi prava podstanara. Kako navode, u mi\u0161ljenju Za\u0161titnika potvr\u0111eno je da pitanja koja su pokrenuta nose zna\u010dajnu socijalnu, pravnu i institucionalnu te\u017einu, te da se neposredno odnose na osnovna ljudska prava \u2013 pravo na dom, pravnu sigurnost i za\u0161titu od diskriminacije.\" \/>\n<meta property=\"og:url\" content=\"https:\/\/dmcsrb.com\/en\/drustvo\/zastitnik-ljudskih-prava-podrzao-inicijativu-za-zakon-o-zastiti-podstanara\/\" \/>\n<meta property=\"og:site_name\" content=\"dmcsrb.com\" \/>\n<meta property=\"article:published_time\" content=\"2025-11-20T08:55:00+00:00\" \/>\n<meta property=\"og:image\" content=\"https:\/\/dmcsrb.com\/wp-content\/uploads\/2026\/01\/udruzenje-podstanara.jpg\" \/>\n\t<meta property=\"og:image:width\" content=\"1000\" \/>\n\t<meta property=\"og:image:height\" content=\"1000\" \/>\n\t<meta property=\"og:image:type\" content=\"image\/jpeg\" \/>\n<meta name=\"author\" content=\"dmcsrbija.com@gmail.com\" \/>\n<meta name=\"twitter:card\" content=\"summary_large_image\" \/>\n<meta name=\"twitter:label1\" content=\"Written by\" \/>\n\t<meta name=\"twitter:data1\" content=\"dmcsrbija.com@gmail.com\" \/>\n\t<meta name=\"twitter:label2\" content=\"Estimated reading time\" \/>\n\t<meta name=\"twitter:data2\" content=\"1 minute\" \/>\n<script type=\"application\/ld+json\" class=\"yoast-schema-graph\">{\"@context\":\"https:\\\/\\\/schema.org\",\"@graph\":[{\"@type\":\"Article\",\"@id\":\"https:\\\/\\\/dmcsrb.com\\\/drustvo\\\/zastitnik-ljudskih-prava-podrzao-inicijativu-za-zakon-o-zastiti-podstanara\\\/#article\",\"isPartOf\":{\"@id\":\"https:\\\/\\\/dmcsrb.com\\\/drustvo\\\/zastitnik-ljudskih-prava-podrzao-inicijativu-za-zakon-o-zastiti-podstanara\\\/\"},\"author\":{\"name\":\"dmcsrbija.com@gmail.com\",\"@id\":\"https:\\\/\\\/dmcsrb.com\\\/#\\\/schema\\\/person\\\/5c39170f12db1b8b457732d0b5c854e2\"},\"headline\":\"Za\u0161titnik ljudskih prava podr\u017eao inicijativu za Zakon o za\u0161titi podstanara\",\"datePublished\":\"2025-11-20T08:55:00+00:00\",\"mainEntityOfPage\":{\"@id\":\"https:\\\/\\\/dmcsrb.com\\\/drustvo\\\/zastitnik-ljudskih-prava-podrzao-inicijativu-za-zakon-o-zastiti-podstanara\\\/\"},\"wordCount\":233,\"commentCount\":0,\"image\":{\"@id\":\"https:\\\/\\\/dmcsrb.com\\\/drustvo\\\/zastitnik-ljudskih-prava-podrzao-inicijativu-za-zakon-o-zastiti-podstanara\\\/#primaryimage\"},\"thumbnailUrl\":\"https:\\\/\\\/dmcsrb.com\\\/wp-content\\\/uploads\\\/2026\\\/01\\\/udruzenje-podstanara.jpg\",\"keywords\":[\"Udru\u017eenje podstanara\",\"Zakon o za\u0161titi podstanara\",\"Za\u0161titnik ljudskih prava\"],\"articleSection\":[\"Dru\u0161tvo\"],\"inLanguage\":\"en-GB\",\"potentialAction\":[{\"@type\":\"CommentAction\",\"name\":\"Comment\",\"target\":[\"https:\\\/\\\/dmcsrb.com\\\/drustvo\\\/zastitnik-ljudskih-prava-podrzao-inicijativu-za-zakon-o-zastiti-podstanara\\\/#respond\"]}]},{\"@type\":\"WebPage\",\"@id\":\"https:\\\/\\\/dmcsrb.com\\\/drustvo\\\/zastitnik-ljudskih-prava-podrzao-inicijativu-za-zakon-o-zastiti-podstanara\\\/\",\"url\":\"https:\\\/\\\/dmcsrb.com\\\/drustvo\\\/zastitnik-ljudskih-prava-podrzao-inicijativu-za-zakon-o-zastiti-podstanara\\\/\",\"name\":\"Za\u0161titnik ljudskih prava podr\u017eao inicijativu za Zakon o za\u0161titi podstanara - dmcsrb.com\",\"isPartOf\":{\"@id\":\"https:\\\/\\\/dmcsrb.com\\\/#website\"},\"primaryImageOfPage\":{\"@id\":\"https:\\\/\\\/dmcsrb.com\\\/drustvo\\\/zastitnik-ljudskih-prava-podrzao-inicijativu-za-zakon-o-zastiti-podstanara\\\/#primaryimage\"},\"image\":{\"@id\":\"https:\\\/\\\/dmcsrb.com\\\/drustvo\\\/zastitnik-ljudskih-prava-podrzao-inicijativu-za-zakon-o-zastiti-podstanara\\\/#primaryimage\"},\"thumbnailUrl\":\"https:\\\/\\\/dmcsrb.com\\\/wp-content\\\/uploads\\\/2026\\\/01\\\/udruzenje-podstanara.jpg\",\"datePublished\":\"2025-11-20T08:55:00+00:00\",\"author\":{\"@id\":\"https:\\\/\\\/dmcsrb.com\\\/#\\\/schema\\\/person\\\/5c39170f12db1b8b457732d0b5c854e2\"},\"breadcrumb\":{\"@id\":\"https:\\\/\\\/dmcsrb.com\\\/drustvo\\\/zastitnik-ljudskih-prava-podrzao-inicijativu-za-zakon-o-zastiti-podstanara\\\/#breadcrumb\"},\"inLanguage\":\"en-GB\",\"potentialAction\":[{\"@type\":\"ReadAction\",\"target\":[\"https:\\\/\\\/dmcsrb.com\\\/drustvo\\\/zastitnik-ljudskih-prava-podrzao-inicijativu-za-zakon-o-zastiti-podstanara\\\/\"]}]},{\"@type\":\"ImageObject\",\"inLanguage\":\"en-GB\",\"@id\":\"https:\\\/\\\/dmcsrb.com\\\/drustvo\\\/zastitnik-ljudskih-prava-podrzao-inicijativu-za-zakon-o-zastiti-podstanara\\\/#primaryimage\",\"url\":\"https:\\\/\\\/dmcsrb.com\\\/wp-content\\\/uploads\\\/2026\\\/01\\\/udruzenje-podstanara.jpg\",\"contentUrl\":\"https:\\\/\\\/dmcsrb.com\\\/wp-content\\\/uploads\\\/2026\\\/01\\\/udruzenje-podstanara.jpg\",\"width\":1000,\"height\":1000},{\"@type\":\"BreadcrumbList\",\"@id\":\"https:\\\/\\\/dmcsrb.com\\\/drustvo\\\/zastitnik-ljudskih-prava-podrzao-inicijativu-za-zakon-o-zastiti-podstanara\\\/#breadcrumb\",\"itemListElement\":[{\"@type\":\"ListItem\",\"position\":1,\"name\":\"Home\",\"item\":\"https:\\\/\\\/dmcsrb.com\\\/\"},{\"@type\":\"ListItem\",\"position\":2,\"name\":\"Za\u0161titnik ljudskih prava podr\u017eao inicijativu za Zakon o za\u0161titi podstanara\"}]},{\"@type\":\"WebSite\",\"@id\":\"https:\\\/\\\/dmcsrb.com\\\/#website\",\"url\":\"https:\\\/\\\/dmcsrb.com\\\/\",\"name\":\"dmcsrb.com\",\"description\":\"\",\"potentialAction\":[{\"@type\":\"SearchAction\",\"target\":{\"@type\":\"EntryPoint\",\"urlTemplate\":\"https:\\\/\\\/dmcsrb.com\\\/?s={search_term_string}\"},\"query-input\":{\"@type\":\"PropertyValueSpecification\",\"valueRequired\":true,\"valueName\":\"search_term_string\"}}],\"inLanguage\":\"en-GB\"},{\"@type\":\"Person\",\"@id\":\"https:\\\/\\\/dmcsrb.com\\\/#\\\/schema\\\/person\\\/5c39170f12db1b8b457732d0b5c854e2\",\"name\":\"dmcsrbija.com@gmail.com\",\"image\":{\"@type\":\"ImageObject\",\"inLanguage\":\"en-GB\",\"@id\":\"https:\\\/\\\/secure.gravatar.com\\\/avatar\\\/68592660ad6347fad0fb587f8d5d8f1a7b44961362f56e4f2cd524feb87e9069?s=96&d=mm&r=g\",\"url\":\"https:\\\/\\\/secure.gravatar.com\\\/avatar\\\/68592660ad6347fad0fb587f8d5d8f1a7b44961362f56e4f2cd524feb87e9069?s=96&d=mm&r=g\",\"contentUrl\":\"https:\\\/\\\/secure.gravatar.com\\\/avatar\\\/68592660ad6347fad0fb587f8d5d8f1a7b44961362f56e4f2cd524feb87e9069?s=96&d=mm&r=g\",\"caption\":\"dmcsrbija.com@gmail.com\"},\"sameAs\":[\"https:\\\/\\\/dmcsrb.com\"],\"url\":\"https:\\\/\\\/dmcsrb.com\\\/en\\\/author\\\/dmcsrbija-comgmail-com\\\/\"}]}<\/script>\n<!-- \/ Yoast SEO plugin. -->","yoast_head_json":{"title":"Za\u0161titnik ljudskih prava podr\u017eao inicijativu za Zakon o za\u0161titi podstanara - dmcsrb.com","robots":{"index":"index","follow":"follow","max-snippet":"max-snippet:-1","max-image-preview":"max-image-preview:large","max-video-preview":"max-video-preview:-1"},"canonical":"https:\/\/dmcsrb.com\/en\/drustvo\/zastitnik-ljudskih-prava-podrzao-inicijativu-za-zakon-o-zastiti-podstanara\/","og_locale":"en_GB","og_type":"article","og_title":"Za\u0161titnik ljudskih prava podr\u017eao inicijativu za Zakon o za\u0161titi podstanara - dmcsrb.com","og_description":"Udru\u017eenje podstanara Crne Gore Moj dom saop\u0161tilo je da je od Za\u0161titnika ljudskih prava i sloboda Crne Gore dobilo zvani\u010dan odgovor na inicijativu za dono\u0161enje Zakona o za\u0161titi prava podstanara. Kako navode, u mi\u0161ljenju Za\u0161titnika potvr\u0111eno je da pitanja koja su pokrenuta nose zna\u010dajnu socijalnu, pravnu i institucionalnu te\u017einu, te da se neposredno odnose na osnovna ljudska prava \u2013 pravo na dom, pravnu sigurnost i za\u0161titu od diskriminacije.","og_url":"https:\/\/dmcsrb.com\/en\/drustvo\/zastitnik-ljudskih-prava-podrzao-inicijativu-za-zakon-o-zastiti-podstanara\/","og_site_name":"dmcsrb.com","article_published_time":"2025-11-20T08:55:00+00:00","og_image":[{"width":1000,"height":1000,"url":"https:\/\/dmcsrb.com\/wp-content\/uploads\/2026\/01\/udruzenje-podstanara.jpg","type":"image\/jpeg"}],"author":"dmcsrbija.com@gmail.com","twitter_card":"summary_large_image","twitter_misc":{"Written by":"dmcsrbija.com@gmail.com","Estimated reading time":"1 minute"},"schema":{"@context":"https:\/\/schema.org","@graph":[{"@type":"Article","@id":"https:\/\/dmcsrb.com\/drustvo\/zastitnik-ljudskih-prava-podrzao-inicijativu-za-zakon-o-zastiti-podstanara\/#article","isPartOf":{"@id":"https:\/\/dmcsrb.com\/drustvo\/zastitnik-ljudskih-prava-podrzao-inicijativu-za-zakon-o-zastiti-podstanara\/"},"author":{"name":"dmcsrbija.com@gmail.com","@id":"https:\/\/dmcsrb.com\/#\/schema\/person\/5c39170f12db1b8b457732d0b5c854e2"},"headline":"Za\u0161titnik ljudskih prava podr\u017eao inicijativu za Zakon o za\u0161titi podstanara","datePublished":"2025-11-20T08:55:00+00:00","mainEntityOfPage":{"@id":"https:\/\/dmcsrb.com\/drustvo\/zastitnik-ljudskih-prava-podrzao-inicijativu-za-zakon-o-zastiti-podstanara\/"},"wordCount":233,"commentCount":0,"image":{"@id":"https:\/\/dmcsrb.com\/drustvo\/zastitnik-ljudskih-prava-podrzao-inicijativu-za-zakon-o-zastiti-podstanara\/#primaryimage"},"thumbnailUrl":"https:\/\/dmcsrb.com\/wp-content\/uploads\/2026\/01\/udruzenje-podstanara.jpg","keywords":["Udru\u017eenje podstanara","Zakon o za\u0161titi podstanara","Za\u0161titnik ljudskih prava"],"articleSection":["Dru\u0161tvo"],"inLanguage":"en-GB","potentialAction":[{"@type":"CommentAction","name":"Comment","target":["https:\/\/dmcsrb.com\/drustvo\/zastitnik-ljudskih-prava-podrzao-inicijativu-za-zakon-o-zastiti-podstanara\/#respond"]}]},{"@type":"WebPage","@id":"https:\/\/dmcsrb.com\/drustvo\/zastitnik-ljudskih-prava-podrzao-inicijativu-za-zakon-o-zastiti-podstanara\/","url":"https:\/\/dmcsrb.com\/drustvo\/zastitnik-ljudskih-prava-podrzao-inicijativu-za-zakon-o-zastiti-podstanara\/","name":"Za\u0161titnik ljudskih prava podr\u017eao inicijativu za Zakon o za\u0161titi podstanara - dmcsrb.com","isPartOf":{"@id":"https:\/\/dmcsrb.com\/#website"},"primaryImageOfPage":{"@id":"https:\/\/dmcsrb.com\/drustvo\/zastitnik-ljudskih-prava-podrzao-inicijativu-za-zakon-o-zastiti-podstanara\/#primaryimage"},"image":{"@id":"https:\/\/dmcsrb.com\/drustvo\/zastitnik-ljudskih-prava-podrzao-inicijativu-za-zakon-o-zastiti-podstanara\/#primaryimage"},"thumbnailUrl":"https:\/\/dmcsrb.com\/wp-content\/uploads\/2026\/01\/udruzenje-podstanara.jpg","datePublished":"2025-11-20T08:55:00+00:00","author":{"@id":"https:\/\/dmcsrb.com\/#\/schema\/person\/5c39170f12db1b8b457732d0b5c854e2"},"breadcrumb":{"@id":"https:\/\/dmcsrb.com\/drustvo\/zastitnik-ljudskih-prava-podrzao-inicijativu-za-zakon-o-zastiti-podstanara\/#breadcrumb"},"inLanguage":"en-GB","potentialAction":[{"@type":"ReadAction","target":["https:\/\/dmcsrb.com\/drustvo\/zastitnik-ljudskih-prava-podrzao-inicijativu-za-zakon-o-zastiti-podstanara\/"]}]},{"@type":"ImageObject","inLanguage":"en-GB","@id":"https:\/\/dmcsrb.com\/drustvo\/zastitnik-ljudskih-prava-podrzao-inicijativu-za-zakon-o-zastiti-podstanara\/#primaryimage","url":"https:\/\/dmcsrb.com\/wp-content\/uploads\/2026\/01\/udruzenje-podstanara.jpg","contentUrl":"https:\/\/dmcsrb.com\/wp-content\/uploads\/2026\/01\/udruzenje-podstanara.jpg","width":1000,"height":1000},{"@type":"BreadcrumbList","@id":"https:\/\/dmcsrb.com\/drustvo\/zastitnik-ljudskih-prava-podrzao-inicijativu-za-zakon-o-zastiti-podstanara\/#breadcrumb","itemListElement":[{"@type":"ListItem","position":1,"name":"Home","item":"https:\/\/dmcsrb.com\/"},{"@type":"ListItem","position":2,"name":"Za\u0161titnik ljudskih prava podr\u017eao inicijativu za Zakon o za\u0161titi podstanara"}]},{"@type":"WebSite","@id":"https:\/\/dmcsrb.com\/#website","url":"https:\/\/dmcsrb.com\/","name":"dmcsrb.com","description":"","potentialAction":[{"@type":"SearchAction","target":{"@type":"EntryPoint","urlTemplate":"https:\/\/dmcsrb.com\/?s={search_term_string}"},"query-input":{"@type":"PropertyValueSpecification","valueRequired":true,"valueName":"search_term_string"}}],"inLanguage":"en-GB"},{"@type":"Person","@id":"https:\/\/dmcsrb.com\/#\/schema\/person\/5c39170f12db1b8b457732d0b5c854e2","name":"dmcsrbija.com@gmail.com","image":{"@type":"ImageObject","inLanguage":"en-GB","@id":"https:\/\/secure.gravatar.com\/avatar\/68592660ad6347fad0fb587f8d5d8f1a7b44961362f56e4f2cd524feb87e9069?s=96&d=mm&r=g","url":"https:\/\/secure.gravatar.com\/avatar\/68592660ad6347fad0fb587f8d5d8f1a7b44961362f56e4f2cd524feb87e9069?s=96&d=mm&r=g","contentUrl":"https:\/\/secure.gravatar.com\/avatar\/68592660ad6347fad0fb587f8d5d8f1a7b44961362f56e4f2cd524feb87e9069?s=96&d=mm&r=g","caption":"dmcsrbija.com@gmail.com"},"sameAs":["https:\/\/dmcsrb.com"],"url":"https:\/\/dmcsrb.com\/en\/author\/dmcsrbija-comgmail-com\/"}]}},"_links":{"self":[{"href":"https:\/\/dmcsrb.com\/en\/wp-json\/wp\/v2\/posts\/964556","targetHints":{"allow":["GET"]}}],"collection":[{"href":"https:\/\/dmcsrb.com\/en\/wp-json\/wp\/v2\/posts"}],"about":[{"href":"https:\/\/dmcsrb.com\/en\/wp-json\/wp\/v2\/types\/post"}],"author":[{"embeddable":true,"href":"https:\/\/dmcsrb.com\/en\/wp-json\/wp\/v2\/users\/1"}],"replies":[{"embeddable":true,"href":"https:\/\/dmcsrb.com\/en\/wp-json\/wp\/v2\/comments?post=964556"}],"version-history":[{"count":0,"href":"https:\/\/dmcsrb.com\/en\/wp-json\/wp\/v2\/posts\/964556\/revisions"}],"wp:featuredmedia":[{"embeddable":true,"href":"https:\/\/dmcsrb.com\/en\/wp-json\/wp\/v2\/media\/912744"}],"wp:attachment":[{"href":"https:\/\/dmcsrb.com\/en\/wp-json\/wp\/v2\/media?parent=964556"}],"wp:term":[{"taxonomy":"category","embeddable":true,"href":"https:\/\/dmcsrb.com\/en\/wp-json\/wp\/v2\/categories?post=964556"},{"taxonomy":"post_tag","embeddable":true,"href":"https:\/\/dmcsrb.com\/en\/wp-json\/wp\/v2\/tags?post=964556"},{"taxonomy":"naslovna","embeddable":true,"href":"https:\/\/dmcsrb.com\/en\/wp-json\/wp\/v2\/naslovna?post=964556"}],"curies":[{"name":"wp","href":"https:\/\/api.w.org\/{rel}","templated":true}]}}