{"id":964498,"date":"2025-11-19T16:04:11","date_gmt":"2025-11-19T15:04:11","guid":{"rendered":"https:\/\/dmcsrb.com\/uncategorized\/foto-obijen-i-oskrnavljen-hram-svetog-nikolaja-u-ulcinju\/"},"modified":"2025-11-19T16:04:11","modified_gmt":"2025-11-19T15:04:11","slug":"foto-obijen-i-oskrnavljen-hram-svetog-nikolaja-u-ulcinju","status":"publish","type":"post","link":"https:\/\/dmcsrb.com\/en\/nekategorisano\/foto-obijen-i-oskrnavljen-hram-svetog-nikolaja-u-ulcinju\/","title":{"rendered":"(FOTO) Obijen i oskrnavljen hram Svetog Nikolaja u Ulcinju"},"content":{"rendered":"<p>Kako navode, na\u010dinjena je materijalna \u0161teta na vratima i u unutra\u0161njosti hrama.<\/p>\n\n\n\n<p>U hramu su, dodaje se, razbacani bogoslu\u017ebeni predmeti i inventar.<\/p>\n\n\n\n<p><br>&#8220;Obavje\u0161tena je policija, koja je iza\u0161la na lice mjesta i napravila uvi\u0111aj. Nadamo se da \u0107e po\u010dinioci ovog gnusnog djela biti prona\u0111eni i pravno procesuirani , da se ovako ne\u0161to ne bi vi\u0161e ponovilo&#8221;, kazali su.<\/p>\n\n\n\n<figure class=\"wp-block-image size-large\"><img decoding=\"async\" src=\"https:\/\/gradski.me\/wp-content\/uploads\/2025\/11\/Hram-Svetog-Nikolaja-2-768x1024.jpg\" alt=\"\" class=\"wp-image-873947\"\/><figcaption class=\"wp-element-caption\">Foto: Pravoslavni Ulcinj\/ Facebook<\/figcaption><\/figure>\n\n\n\n<figure class=\"wp-block-image size-large\"><img decoding=\"async\" src=\"https:\/\/gradski.me\/wp-content\/uploads\/2025\/11\/Hram-Svetog-Nikolaja-3-1024x768.jpg\" alt=\"\" class=\"wp-image-873948\"\/><figcaption class=\"wp-element-caption\">Foto: Pravoslavni Ulcinj\/ Facebook<\/figcaption><\/figure>\n\n\n\n<figure class=\"wp-block-image size-large\"><img decoding=\"async\" src=\"https:\/\/gradski.me\/wp-content\/uploads\/2025\/11\/Hram-Svetog-Nikolaja-4-1024x768.jpg\" alt=\"\" class=\"wp-image-873949\"\/><figcaption class=\"wp-element-caption\">Foto: Pravoslavni Ulcinj\/ Facebook<\/figcaption><\/figure>","protected":false},"excerpt":{"rendered":"<p>No\u0107as je obijen i oskrnavljen Pravoslavni hram Svetog Nikolaja pod Bijelom Gorom, saop\u0161tili su na dru\u0161tvenoj mre\u017ei &#8220;Facebook&#8221; iz Crkvene op\u0161tine Ulcinj.<\/p>","protected":false},"author":1,"featured_media":964499,"comment_status":"open","ping_status":"open","sticky":false,"template":"","format":"standard","meta":{"_acf_changed":false,"footnotes":""},"categories":[16320],"tags":[14824,1838],"naslovna":[],"class_list":["post-964498","post","type-post","status-publish","format-standard","has-post-thumbnail","hentry","category-nekategorisano","tag-hram-svetog-nikolaja","tag-ulcinj"],"acf":[],"yoast_head":"<!-- This site is optimized with the Yoast SEO plugin v27.0 - https:\/\/yoast.com\/product\/yoast-seo-wordpress\/ -->\n<title>(FOTO) Obijen i oskrnavljen hram Svetog Nikolaja u Ulcinju - dmcsrb.com<\/title>\n<meta name=\"robots\" content=\"index, follow, max-snippet:-1, max-image-preview:large, max-video-preview:-1\" \/>\n<link rel=\"canonical\" href=\"https:\/\/dmcsrb.com\/en\/nekategorisano\/foto-obijen-i-oskrnavljen-hram-svetog-nikolaja-u-ulcinju\/\" \/>\n<meta property=\"og:locale\" content=\"en_GB\" \/>\n<meta property=\"og:type\" content=\"article\" \/>\n<meta property=\"og:title\" content=\"(FOTO) Obijen i oskrnavljen hram Svetog Nikolaja u Ulcinju - dmcsrb.com\" \/>\n<meta property=\"og:description\" content=\"No\u0107as je obijen i oskrnavljen Pravoslavni hram Svetog Nikolaja pod Bijelom Gorom, saop\u0161tili su na dru\u0161tvenoj mre\u017ei &quot;Facebook&quot; iz Crkvene op\u0161tine Ulcinj.\" \/>\n<meta property=\"og:url\" content=\"https:\/\/dmcsrb.com\/en\/nekategorisano\/foto-obijen-i-oskrnavljen-hram-svetog-nikolaja-u-ulcinju\/\" \/>\n<meta property=\"og:site_name\" content=\"dmcsrb.com\" \/>\n<meta property=\"article:published_time\" content=\"2025-11-19T15:04:11+00:00\" \/>\n<meta property=\"og:image\" content=\"https:\/\/dmcsrb.com\/wp-content\/uploads\/2026\/01\/Hram-Svetog-Nikolaja-1.webp\" \/>\n\t<meta property=\"og:image:width\" content=\"1200\" \/>\n\t<meta property=\"og:image:height\" content=\"1600\" \/>\n\t<meta property=\"og:image:type\" content=\"image\/jpeg\" \/>\n<meta name=\"author\" content=\"dmcsrbija.com@gmail.com\" \/>\n<meta name=\"twitter:card\" content=\"summary_large_image\" \/>\n<meta name=\"twitter:label1\" content=\"Written by\" \/>\n\t<meta name=\"twitter:data1\" content=\"dmcsrbija.com@gmail.com\" \/>\n<script type=\"application\/ld+json\" class=\"yoast-schema-graph\">{\"@context\":\"https:\/\/schema.org\",\"@graph\":[{\"@type\":\"Article\",\"@id\":\"https:\/\/dmcsrb.com\/nekategorisano\/foto-obijen-i-oskrnavljen-hram-svetog-nikolaja-u-ulcinju\/#article\",\"isPartOf\":{\"@id\":\"https:\/\/dmcsrb.com\/nekategorisano\/foto-obijen-i-oskrnavljen-hram-svetog-nikolaja-u-ulcinju\/\"},\"author\":{\"name\":\"dmcsrbija.com@gmail.com\",\"@id\":\"https:\/\/dmcsrb.com\/#\/schema\/person\/5c39170f12db1b8b457732d0b5c854e2\"},\"headline\":\"(FOTO) Obijen i oskrnavljen hram Svetog Nikolaja u Ulcinju\",\"datePublished\":\"2025-11-19T15:04:11+00:00\",\"mainEntityOfPage\":{\"@id\":\"https:\/\/dmcsrb.com\/nekategorisano\/foto-obijen-i-oskrnavljen-hram-svetog-nikolaja-u-ulcinju\/\"},\"wordCount\":88,\"commentCount\":0,\"image\":{\"@id\":\"https:\/\/dmcsrb.com\/nekategorisano\/foto-obijen-i-oskrnavljen-hram-svetog-nikolaja-u-ulcinju\/#primaryimage\"},\"thumbnailUrl\":\"https:\/\/dmcsrb.com\/wp-content\/uploads\/2026\/01\/Hram-Svetog-Nikolaja-1.webp\",\"keywords\":[\"Hram Svetog Nikolaja\",\"Ulcinj\"],\"articleSection\":[\"Nekategorisano\"],\"inLanguage\":\"en-GB\",\"potentialAction\":[{\"@type\":\"CommentAction\",\"name\":\"Comment\",\"target\":[\"https:\/\/dmcsrb.com\/nekategorisano\/foto-obijen-i-oskrnavljen-hram-svetog-nikolaja-u-ulcinju\/#respond\"]}]},{\"@type\":\"WebPage\",\"@id\":\"https:\/\/dmcsrb.com\/nekategorisano\/foto-obijen-i-oskrnavljen-hram-svetog-nikolaja-u-ulcinju\/\",\"url\":\"https:\/\/dmcsrb.com\/nekategorisano\/foto-obijen-i-oskrnavljen-hram-svetog-nikolaja-u-ulcinju\/\",\"name\":\"(FOTO) Obijen i oskrnavljen hram Svetog Nikolaja u Ulcinju - dmcsrb.com\",\"isPartOf\":{\"@id\":\"https:\/\/dmcsrb.com\/#website\"},\"primaryImageOfPage\":{\"@id\":\"https:\/\/dmcsrb.com\/nekategorisano\/foto-obijen-i-oskrnavljen-hram-svetog-nikolaja-u-ulcinju\/#primaryimage\"},\"image\":{\"@id\":\"https:\/\/dmcsrb.com\/nekategorisano\/foto-obijen-i-oskrnavljen-hram-svetog-nikolaja-u-ulcinju\/#primaryimage\"},\"thumbnailUrl\":\"https:\/\/dmcsrb.com\/wp-content\/uploads\/2026\/01\/Hram-Svetog-Nikolaja-1.webp\",\"datePublished\":\"2025-11-19T15:04:11+00:00\",\"author\":{\"@id\":\"https:\/\/dmcsrb.com\/#\/schema\/person\/5c39170f12db1b8b457732d0b5c854e2\"},\"breadcrumb\":{\"@id\":\"https:\/\/dmcsrb.com\/nekategorisano\/foto-obijen-i-oskrnavljen-hram-svetog-nikolaja-u-ulcinju\/#breadcrumb\"},\"inLanguage\":\"en-GB\",\"potentialAction\":[{\"@type\":\"ReadAction\",\"target\":[\"https:\/\/dmcsrb.com\/nekategorisano\/foto-obijen-i-oskrnavljen-hram-svetog-nikolaja-u-ulcinju\/\"]}]},{\"@type\":\"ImageObject\",\"inLanguage\":\"en-GB\",\"@id\":\"https:\/\/dmcsrb.com\/nekategorisano\/foto-obijen-i-oskrnavljen-hram-svetog-nikolaja-u-ulcinju\/#primaryimage\",\"url\":\"https:\/\/dmcsrb.com\/wp-content\/uploads\/2026\/01\/Hram-Svetog-Nikolaja-1.webp\",\"contentUrl\":\"https:\/\/dmcsrb.com\/wp-content\/uploads\/2026\/01\/Hram-Svetog-Nikolaja-1.webp\",\"width\":1200,\"height\":1600},{\"@type\":\"BreadcrumbList\",\"@id\":\"https:\/\/dmcsrb.com\/nekategorisano\/foto-obijen-i-oskrnavljen-hram-svetog-nikolaja-u-ulcinju\/#breadcrumb\",\"itemListElement\":[{\"@type\":\"ListItem\",\"position\":1,\"name\":\"Home\",\"item\":\"https:\/\/dmcsrb.com\/\"},{\"@type\":\"ListItem\",\"position\":2,\"name\":\"(FOTO) Obijen i oskrnavljen hram Svetog Nikolaja u Ulcinju\"}]},{\"@type\":\"WebSite\",\"@id\":\"https:\/\/dmcsrb.com\/#website\",\"url\":\"https:\/\/dmcsrb.com\/\",\"name\":\"dmcsrb.com\",\"description\":\"\",\"potentialAction\":[{\"@type\":\"SearchAction\",\"target\":{\"@type\":\"EntryPoint\",\"urlTemplate\":\"https:\/\/dmcsrb.com\/?s={search_term_string}\"},\"query-input\":{\"@type\":\"PropertyValueSpecification\",\"valueRequired\":true,\"valueName\":\"search_term_string\"}}],\"inLanguage\":\"en-GB\"},{\"@type\":\"Person\",\"@id\":\"https:\/\/dmcsrb.com\/#\/schema\/person\/5c39170f12db1b8b457732d0b5c854e2\",\"name\":\"dmcsrbija.com@gmail.com\",\"image\":{\"@type\":\"ImageObject\",\"inLanguage\":\"en-GB\",\"@id\":\"https:\/\/dmcsrb.com\/#\/schema\/person\/image\/\",\"url\":\"https:\/\/secure.gravatar.com\/avatar\/68592660ad6347fad0fb587f8d5d8f1a7b44961362f56e4f2cd524feb87e9069?s=96&d=mm&r=g\",\"contentUrl\":\"https:\/\/secure.gravatar.com\/avatar\/68592660ad6347fad0fb587f8d5d8f1a7b44961362f56e4f2cd524feb87e9069?s=96&d=mm&r=g\",\"caption\":\"dmcsrbija.com@gmail.com\"},\"sameAs\":[\"https:\/\/dmcsrb.com\"],\"url\":\"https:\/\/dmcsrb.com\/en\/author\/dmcsrbija-comgmail-com\/\"}]}<\/script>\n<!-- \/ Yoast SEO plugin. -->","yoast_head_json":{"title":"(FOTO) Obijen i oskrnavljen hram Svetog Nikolaja u Ulcinju - dmcsrb.com","robots":{"index":"index","follow":"follow","max-snippet":"max-snippet:-1","max-image-preview":"max-image-preview:large","max-video-preview":"max-video-preview:-1"},"canonical":"https:\/\/dmcsrb.com\/en\/nekategorisano\/foto-obijen-i-oskrnavljen-hram-svetog-nikolaja-u-ulcinju\/","og_locale":"en_GB","og_type":"article","og_title":"(FOTO) Obijen i oskrnavljen hram Svetog Nikolaja u Ulcinju - dmcsrb.com","og_description":"No\u0107as je obijen i oskrnavljen Pravoslavni hram Svetog Nikolaja pod Bijelom Gorom, saop\u0161tili su na dru\u0161tvenoj mre\u017ei \"Facebook\" iz Crkvene op\u0161tine Ulcinj.","og_url":"https:\/\/dmcsrb.com\/en\/nekategorisano\/foto-obijen-i-oskrnavljen-hram-svetog-nikolaja-u-ulcinju\/","og_site_name":"dmcsrb.com","article_published_time":"2025-11-19T15:04:11+00:00","og_image":[{"width":1200,"height":1600,"url":"https:\/\/dmcsrb.com\/wp-content\/uploads\/2026\/01\/Hram-Svetog-Nikolaja-1.webp","type":"image\/jpeg"}],"author":"dmcsrbija.com@gmail.com","twitter_card":"summary_large_image","twitter_misc":{"Written by":"dmcsrbija.com@gmail.com"},"schema":{"@context":"https:\/\/schema.org","@graph":[{"@type":"Article","@id":"https:\/\/dmcsrb.com\/nekategorisano\/foto-obijen-i-oskrnavljen-hram-svetog-nikolaja-u-ulcinju\/#article","isPartOf":{"@id":"https:\/\/dmcsrb.com\/nekategorisano\/foto-obijen-i-oskrnavljen-hram-svetog-nikolaja-u-ulcinju\/"},"author":{"name":"dmcsrbija.com@gmail.com","@id":"https:\/\/dmcsrb.com\/#\/schema\/person\/5c39170f12db1b8b457732d0b5c854e2"},"headline":"(FOTO) Obijen i oskrnavljen hram Svetog Nikolaja u Ulcinju","datePublished":"2025-11-19T15:04:11+00:00","mainEntityOfPage":{"@id":"https:\/\/dmcsrb.com\/nekategorisano\/foto-obijen-i-oskrnavljen-hram-svetog-nikolaja-u-ulcinju\/"},"wordCount":88,"commentCount":0,"image":{"@id":"https:\/\/dmcsrb.com\/nekategorisano\/foto-obijen-i-oskrnavljen-hram-svetog-nikolaja-u-ulcinju\/#primaryimage"},"thumbnailUrl":"https:\/\/dmcsrb.com\/wp-content\/uploads\/2026\/01\/Hram-Svetog-Nikolaja-1.webp","keywords":["Hram Svetog Nikolaja","Ulcinj"],"articleSection":["Nekategorisano"],"inLanguage":"en-GB","potentialAction":[{"@type":"CommentAction","name":"Comment","target":["https:\/\/dmcsrb.com\/nekategorisano\/foto-obijen-i-oskrnavljen-hram-svetog-nikolaja-u-ulcinju\/#respond"]}]},{"@type":"WebPage","@id":"https:\/\/dmcsrb.com\/nekategorisano\/foto-obijen-i-oskrnavljen-hram-svetog-nikolaja-u-ulcinju\/","url":"https:\/\/dmcsrb.com\/nekategorisano\/foto-obijen-i-oskrnavljen-hram-svetog-nikolaja-u-ulcinju\/","name":"(FOTO) Obijen i oskrnavljen hram Svetog Nikolaja u Ulcinju - dmcsrb.com","isPartOf":{"@id":"https:\/\/dmcsrb.com\/#website"},"primaryImageOfPage":{"@id":"https:\/\/dmcsrb.com\/nekategorisano\/foto-obijen-i-oskrnavljen-hram-svetog-nikolaja-u-ulcinju\/#primaryimage"},"image":{"@id":"https:\/\/dmcsrb.com\/nekategorisano\/foto-obijen-i-oskrnavljen-hram-svetog-nikolaja-u-ulcinju\/#primaryimage"},"thumbnailUrl":"https:\/\/dmcsrb.com\/wp-content\/uploads\/2026\/01\/Hram-Svetog-Nikolaja-1.webp","datePublished":"2025-11-19T15:04:11+00:00","author":{"@id":"https:\/\/dmcsrb.com\/#\/schema\/person\/5c39170f12db1b8b457732d0b5c854e2"},"breadcrumb":{"@id":"https:\/\/dmcsrb.com\/nekategorisano\/foto-obijen-i-oskrnavljen-hram-svetog-nikolaja-u-ulcinju\/#breadcrumb"},"inLanguage":"en-GB","potentialAction":[{"@type":"ReadAction","target":["https:\/\/dmcsrb.com\/nekategorisano\/foto-obijen-i-oskrnavljen-hram-svetog-nikolaja-u-ulcinju\/"]}]},{"@type":"ImageObject","inLanguage":"en-GB","@id":"https:\/\/dmcsrb.com\/nekategorisano\/foto-obijen-i-oskrnavljen-hram-svetog-nikolaja-u-ulcinju\/#primaryimage","url":"https:\/\/dmcsrb.com\/wp-content\/uploads\/2026\/01\/Hram-Svetog-Nikolaja-1.webp","contentUrl":"https:\/\/dmcsrb.com\/wp-content\/uploads\/2026\/01\/Hram-Svetog-Nikolaja-1.webp","width":1200,"height":1600},{"@type":"BreadcrumbList","@id":"https:\/\/dmcsrb.com\/nekategorisano\/foto-obijen-i-oskrnavljen-hram-svetog-nikolaja-u-ulcinju\/#breadcrumb","itemListElement":[{"@type":"ListItem","position":1,"name":"Home","item":"https:\/\/dmcsrb.com\/"},{"@type":"ListItem","position":2,"name":"(FOTO) Obijen i oskrnavljen hram Svetog Nikolaja u Ulcinju"}]},{"@type":"WebSite","@id":"https:\/\/dmcsrb.com\/#website","url":"https:\/\/dmcsrb.com\/","name":"dmcsrb.com","description":"","potentialAction":[{"@type":"SearchAction","target":{"@type":"EntryPoint","urlTemplate":"https:\/\/dmcsrb.com\/?s={search_term_string}"},"query-input":{"@type":"PropertyValueSpecification","valueRequired":true,"valueName":"search_term_string"}}],"inLanguage":"en-GB"},{"@type":"Person","@id":"https:\/\/dmcsrb.com\/#\/schema\/person\/5c39170f12db1b8b457732d0b5c854e2","name":"dmcsrbija.com@gmail.com","image":{"@type":"ImageObject","inLanguage":"en-GB","@id":"https:\/\/dmcsrb.com\/#\/schema\/person\/image\/","url":"https:\/\/secure.gravatar.com\/avatar\/68592660ad6347fad0fb587f8d5d8f1a7b44961362f56e4f2cd524feb87e9069?s=96&d=mm&r=g","contentUrl":"https:\/\/secure.gravatar.com\/avatar\/68592660ad6347fad0fb587f8d5d8f1a7b44961362f56e4f2cd524feb87e9069?s=96&d=mm&r=g","caption":"dmcsrbija.com@gmail.com"},"sameAs":["https:\/\/dmcsrb.com"],"url":"https:\/\/dmcsrb.com\/en\/author\/dmcsrbija-comgmail-com\/"}]}},"_links":{"self":[{"href":"https:\/\/dmcsrb.com\/en\/wp-json\/wp\/v2\/posts\/964498","targetHints":{"allow":["GET"]}}],"collection":[{"href":"https:\/\/dmcsrb.com\/en\/wp-json\/wp\/v2\/posts"}],"about":[{"href":"https:\/\/dmcsrb.com\/en\/wp-json\/wp\/v2\/types\/post"}],"author":[{"embeddable":true,"href":"https:\/\/dmcsrb.com\/en\/wp-json\/wp\/v2\/users\/1"}],"replies":[{"embeddable":true,"href":"https:\/\/dmcsrb.com\/en\/wp-json\/wp\/v2\/comments?post=964498"}],"version-history":[{"count":0,"href":"https:\/\/dmcsrb.com\/en\/wp-json\/wp\/v2\/posts\/964498\/revisions"}],"wp:featuredmedia":[{"embeddable":true,"href":"https:\/\/dmcsrb.com\/en\/wp-json\/wp\/v2\/media\/964499"}],"wp:attachment":[{"href":"https:\/\/dmcsrb.com\/en\/wp-json\/wp\/v2\/media?parent=964498"}],"wp:term":[{"taxonomy":"category","embeddable":true,"href":"https:\/\/dmcsrb.com\/en\/wp-json\/wp\/v2\/categories?post=964498"},{"taxonomy":"post_tag","embeddable":true,"href":"https:\/\/dmcsrb.com\/en\/wp-json\/wp\/v2\/tags?post=964498"},{"taxonomy":"naslovna","embeddable":true,"href":"https:\/\/dmcsrb.com\/en\/wp-json\/wp\/v2\/naslovna?post=964498"}],"curies":[{"name":"wp","href":"https:\/\/api.w.org\/{rel}","templated":true}]}}