{"id":964496,"date":"2025-11-19T15:49:25","date_gmt":"2025-11-19T14:49:25","guid":{"rendered":"https:\/\/dmcsrb.com\/uncategorized\/fs-ceske-oduzeo-premije-reprezentativcima\/"},"modified":"2025-11-19T15:49:25","modified_gmt":"2025-11-19T14:49:25","slug":"fs-ceske-oduzeo-premije-reprezentativcima","status":"publish","type":"post","link":"https:\/\/dmcsrb.com\/en\/sport\/fs-ceske-oduzeo-premije-reprezentativcima\/","title":{"rendered":"FS \u010ce\u0161ke oduzeo premije reprezentativcima"},"content":{"rendered":"<p>Kako se navodi oni po zavr\u0161etku utakmice nisu htjeli da odr\u017ee tradicionalni govor zahvalnosti doma\u0107im navija\u010dima.<\/p>\n\n\n\n<p>\u010cesi su u Olomucu deklasirali Gibraltar 6:0 u utakmici posljednjeg kola grupe L kvalifikacija za plasman na Mundija. Sada ih \u010deka bara\u017e za plasman na SP 2026.<\/p>\n\n\n\n<p>&#8220;Na\u017ealosti, stav igra\u010da je potpuno zasijenio nastup na terenu i \u010dinjenicu da se reprezentacija plasirala u bara\u017e za SP 2026. Niko od igra\u010da nije iznad dr\u017eave, koju ima \u010dast da predstavlja i niko od igra\u010da nije iznad navija\u010da, koji izdvajaju svoja sredstva, vrijeme i energiju kako bi podr\u017eali reprezentaciju \u010ce\u0161ke&#8221;, navodi se u saop\u0161tenju FA\u010cR.<\/p>\n\n\n\n<p>Kako su istakli iz FS \u010ce\u0161ke, Toma\u0161 Sou\u010dek ne\u0107e biti kapiten na narednom me\u010du.<\/p>\n\n\n\n<p>&#8220;Reakcija igra\u010da je trebalo da bude suprotna. Trebalo je da se zahvale navija\u010dima. Ne samo na podr\u0161ci na me\u010du sa Gibraltarom, ve\u0107 i na podr\u0161ci tokom cijelog ciklusa kvalifikacija za SP 2026. FA\u010cR je odlu\u010dio da Toma\u0161 Sou\u010dek ne bude kapiten na narednoj utakmici, a igra\u010dima ne\u0107e biti ispla\u0107ene premije za pobjedu protiv Gibraltara. Ova nov\u010dana sredstva bi\u0107e donirana onima kojima su potrebna. Zahvaljujemo se svim navija\u010dima koji podr\u017eavaju reprezentaciju&#8221;, zaklju\u010duje u saop\u0161tenju FA\u010cR.<\/p>","protected":false},"excerpt":{"rendered":"<p>\u010celnici Fudbalskog saveza \u010ce\u0161ke (FA\u010cR) saop\u0161tili su reprezentativcima da ne\u0107e dobiti premiju za pobjedu protiv Gibraltara zbog pona\u0161anja prema svojim navija\u010dima.<\/p>","protected":false},"author":1,"featured_media":964497,"comment_status":"open","ping_status":"open","sticky":false,"template":"","format":"standard","meta":{"_acf_changed":false,"footnotes":""},"categories":[148],"tags":[7075,14822,535,14823],"naslovna":[],"class_list":["post-964496","post","type-post","status-publish","format-standard","has-post-thumbnail","hentry","category-sport","tag-ceska","tag-facr","tag-navijaci-2","tag-premije"],"acf":[],"yoast_head":"<!-- This site is optimized with the Yoast SEO plugin v27.4 - https:\/\/yoast.com\/product\/yoast-seo-wordpress\/ -->\n<title>FS \u010ce\u0161ke oduzeo premije reprezentativcima - dmcsrb.com<\/title>\n<meta name=\"robots\" content=\"index, follow, max-snippet:-1, max-image-preview:large, max-video-preview:-1\" \/>\n<link rel=\"canonical\" href=\"https:\/\/dmcsrb.com\/en\/sport\/fs-ceske-oduzeo-premije-reprezentativcima\/\" \/>\n<meta property=\"og:locale\" content=\"en_GB\" \/>\n<meta property=\"og:type\" content=\"article\" \/>\n<meta property=\"og:title\" content=\"FS \u010ce\u0161ke oduzeo premije reprezentativcima - dmcsrb.com\" \/>\n<meta property=\"og:description\" content=\"\u010celnici Fudbalskog saveza \u010ce\u0161ke (FA\u010cR) saop\u0161tili su reprezentativcima da ne\u0107e dobiti premiju za pobjedu protiv Gibraltara zbog pona\u0161anja prema svojim navija\u010dima.\" \/>\n<meta property=\"og:url\" content=\"https:\/\/dmcsrb.com\/en\/sport\/fs-ceske-oduzeo-premije-reprezentativcima\/\" \/>\n<meta property=\"og:site_name\" content=\"dmcsrb.com\" \/>\n<meta property=\"article:published_time\" content=\"2025-11-19T14:49:25+00:00\" \/>\n<meta property=\"og:image\" content=\"https:\/\/dmcsrb.com\/wp-content\/uploads\/2026\/01\/Soucek-Fotbal.cz_-1.webp\" \/>\n\t<meta property=\"og:image:width\" content=\"1000\" \/>\n\t<meta property=\"og:image:height\" content=\"666\" \/>\n\t<meta property=\"og:image:type\" content=\"image\/jpeg\" \/>\n<meta name=\"author\" content=\"dmcsrbija.com@gmail.com\" \/>\n<meta name=\"twitter:card\" content=\"summary_large_image\" \/>\n<meta name=\"twitter:label1\" content=\"Written by\" \/>\n\t<meta name=\"twitter:data1\" content=\"dmcsrbija.com@gmail.com\" \/>\n\t<meta name=\"twitter:label2\" content=\"Estimated reading time\" \/>\n\t<meta name=\"twitter:data2\" content=\"1 minute\" \/>\n<script type=\"application\/ld+json\" class=\"yoast-schema-graph\">{\"@context\":\"https:\\\/\\\/schema.org\",\"@graph\":[{\"@type\":\"Article\",\"@id\":\"https:\\\/\\\/dmcsrb.com\\\/sport\\\/fs-ceske-oduzeo-premije-reprezentativcima\\\/#article\",\"isPartOf\":{\"@id\":\"https:\\\/\\\/dmcsrb.com\\\/sport\\\/fs-ceske-oduzeo-premije-reprezentativcima\\\/\"},\"author\":{\"name\":\"dmcsrbija.com@gmail.com\",\"@id\":\"https:\\\/\\\/dmcsrb.com\\\/#\\\/schema\\\/person\\\/5c39170f12db1b8b457732d0b5c854e2\"},\"headline\":\"FS \u010ce\u0161ke oduzeo premije reprezentativcima\",\"datePublished\":\"2025-11-19T14:49:25+00:00\",\"mainEntityOfPage\":{\"@id\":\"https:\\\/\\\/dmcsrb.com\\\/sport\\\/fs-ceske-oduzeo-premije-reprezentativcima\\\/\"},\"wordCount\":224,\"commentCount\":0,\"image\":{\"@id\":\"https:\\\/\\\/dmcsrb.com\\\/sport\\\/fs-ceske-oduzeo-premije-reprezentativcima\\\/#primaryimage\"},\"thumbnailUrl\":\"https:\\\/\\\/dmcsrb.com\\\/wp-content\\\/uploads\\\/2026\\\/01\\\/Soucek-Fotbal.cz_-1.webp\",\"keywords\":[\"\u010ce\u0161ka\",\"FA\u010cR\",\"Navija\u010di\",\"premije\"],\"articleSection\":[\"Sport\"],\"inLanguage\":\"en-GB\",\"potentialAction\":[{\"@type\":\"CommentAction\",\"name\":\"Comment\",\"target\":[\"https:\\\/\\\/dmcsrb.com\\\/sport\\\/fs-ceske-oduzeo-premije-reprezentativcima\\\/#respond\"]}]},{\"@type\":\"WebPage\",\"@id\":\"https:\\\/\\\/dmcsrb.com\\\/sport\\\/fs-ceske-oduzeo-premije-reprezentativcima\\\/\",\"url\":\"https:\\\/\\\/dmcsrb.com\\\/sport\\\/fs-ceske-oduzeo-premije-reprezentativcima\\\/\",\"name\":\"FS \u010ce\u0161ke oduzeo premije reprezentativcima - dmcsrb.com\",\"isPartOf\":{\"@id\":\"https:\\\/\\\/dmcsrb.com\\\/#website\"},\"primaryImageOfPage\":{\"@id\":\"https:\\\/\\\/dmcsrb.com\\\/sport\\\/fs-ceske-oduzeo-premije-reprezentativcima\\\/#primaryimage\"},\"image\":{\"@id\":\"https:\\\/\\\/dmcsrb.com\\\/sport\\\/fs-ceske-oduzeo-premije-reprezentativcima\\\/#primaryimage\"},\"thumbnailUrl\":\"https:\\\/\\\/dmcsrb.com\\\/wp-content\\\/uploads\\\/2026\\\/01\\\/Soucek-Fotbal.cz_-1.webp\",\"datePublished\":\"2025-11-19T14:49:25+00:00\",\"author\":{\"@id\":\"https:\\\/\\\/dmcsrb.com\\\/#\\\/schema\\\/person\\\/5c39170f12db1b8b457732d0b5c854e2\"},\"breadcrumb\":{\"@id\":\"https:\\\/\\\/dmcsrb.com\\\/sport\\\/fs-ceske-oduzeo-premije-reprezentativcima\\\/#breadcrumb\"},\"inLanguage\":\"en-GB\",\"potentialAction\":[{\"@type\":\"ReadAction\",\"target\":[\"https:\\\/\\\/dmcsrb.com\\\/sport\\\/fs-ceske-oduzeo-premije-reprezentativcima\\\/\"]}]},{\"@type\":\"ImageObject\",\"inLanguage\":\"en-GB\",\"@id\":\"https:\\\/\\\/dmcsrb.com\\\/sport\\\/fs-ceske-oduzeo-premije-reprezentativcima\\\/#primaryimage\",\"url\":\"https:\\\/\\\/dmcsrb.com\\\/wp-content\\\/uploads\\\/2026\\\/01\\\/Soucek-Fotbal.cz_-1.webp\",\"contentUrl\":\"https:\\\/\\\/dmcsrb.com\\\/wp-content\\\/uploads\\\/2026\\\/01\\\/Soucek-Fotbal.cz_-1.webp\",\"width\":1000,\"height\":666},{\"@type\":\"BreadcrumbList\",\"@id\":\"https:\\\/\\\/dmcsrb.com\\\/sport\\\/fs-ceske-oduzeo-premije-reprezentativcima\\\/#breadcrumb\",\"itemListElement\":[{\"@type\":\"ListItem\",\"position\":1,\"name\":\"Home\",\"item\":\"https:\\\/\\\/dmcsrb.com\\\/\"},{\"@type\":\"ListItem\",\"position\":2,\"name\":\"FS \u010ce\u0161ke oduzeo premije reprezentativcima\"}]},{\"@type\":\"WebSite\",\"@id\":\"https:\\\/\\\/dmcsrb.com\\\/#website\",\"url\":\"https:\\\/\\\/dmcsrb.com\\\/\",\"name\":\"dmcsrb.com\",\"description\":\"\",\"potentialAction\":[{\"@type\":\"SearchAction\",\"target\":{\"@type\":\"EntryPoint\",\"urlTemplate\":\"https:\\\/\\\/dmcsrb.com\\\/?s={search_term_string}\"},\"query-input\":{\"@type\":\"PropertyValueSpecification\",\"valueRequired\":true,\"valueName\":\"search_term_string\"}}],\"inLanguage\":\"en-GB\"},{\"@type\":\"Person\",\"@id\":\"https:\\\/\\\/dmcsrb.com\\\/#\\\/schema\\\/person\\\/5c39170f12db1b8b457732d0b5c854e2\",\"name\":\"dmcsrbija.com@gmail.com\",\"image\":{\"@type\":\"ImageObject\",\"inLanguage\":\"en-GB\",\"@id\":\"https:\\\/\\\/secure.gravatar.com\\\/avatar\\\/68592660ad6347fad0fb587f8d5d8f1a7b44961362f56e4f2cd524feb87e9069?s=96&d=mm&r=g\",\"url\":\"https:\\\/\\\/secure.gravatar.com\\\/avatar\\\/68592660ad6347fad0fb587f8d5d8f1a7b44961362f56e4f2cd524feb87e9069?s=96&d=mm&r=g\",\"contentUrl\":\"https:\\\/\\\/secure.gravatar.com\\\/avatar\\\/68592660ad6347fad0fb587f8d5d8f1a7b44961362f56e4f2cd524feb87e9069?s=96&d=mm&r=g\",\"caption\":\"dmcsrbija.com@gmail.com\"},\"sameAs\":[\"https:\\\/\\\/dmcsrb.com\"],\"url\":\"https:\\\/\\\/dmcsrb.com\\\/en\\\/author\\\/dmcsrbija-comgmail-com\\\/\"}]}<\/script>\n<!-- \/ Yoast SEO plugin. -->","yoast_head_json":{"title":"FS \u010ce\u0161ke oduzeo premije reprezentativcima - dmcsrb.com","robots":{"index":"index","follow":"follow","max-snippet":"max-snippet:-1","max-image-preview":"max-image-preview:large","max-video-preview":"max-video-preview:-1"},"canonical":"https:\/\/dmcsrb.com\/en\/sport\/fs-ceske-oduzeo-premije-reprezentativcima\/","og_locale":"en_GB","og_type":"article","og_title":"FS \u010ce\u0161ke oduzeo premije reprezentativcima - dmcsrb.com","og_description":"\u010celnici Fudbalskog saveza \u010ce\u0161ke (FA\u010cR) saop\u0161tili su reprezentativcima da ne\u0107e dobiti premiju za pobjedu protiv Gibraltara zbog pona\u0161anja prema svojim navija\u010dima.","og_url":"https:\/\/dmcsrb.com\/en\/sport\/fs-ceske-oduzeo-premije-reprezentativcima\/","og_site_name":"dmcsrb.com","article_published_time":"2025-11-19T14:49:25+00:00","og_image":[{"width":1000,"height":666,"url":"https:\/\/dmcsrb.com\/wp-content\/uploads\/2026\/01\/Soucek-Fotbal.cz_-1.webp","type":"image\/jpeg"}],"author":"dmcsrbija.com@gmail.com","twitter_card":"summary_large_image","twitter_misc":{"Written by":"dmcsrbija.com@gmail.com","Estimated reading time":"1 minute"},"schema":{"@context":"https:\/\/schema.org","@graph":[{"@type":"Article","@id":"https:\/\/dmcsrb.com\/sport\/fs-ceske-oduzeo-premije-reprezentativcima\/#article","isPartOf":{"@id":"https:\/\/dmcsrb.com\/sport\/fs-ceske-oduzeo-premije-reprezentativcima\/"},"author":{"name":"dmcsrbija.com@gmail.com","@id":"https:\/\/dmcsrb.com\/#\/schema\/person\/5c39170f12db1b8b457732d0b5c854e2"},"headline":"FS \u010ce\u0161ke oduzeo premije reprezentativcima","datePublished":"2025-11-19T14:49:25+00:00","mainEntityOfPage":{"@id":"https:\/\/dmcsrb.com\/sport\/fs-ceske-oduzeo-premije-reprezentativcima\/"},"wordCount":224,"commentCount":0,"image":{"@id":"https:\/\/dmcsrb.com\/sport\/fs-ceske-oduzeo-premije-reprezentativcima\/#primaryimage"},"thumbnailUrl":"https:\/\/dmcsrb.com\/wp-content\/uploads\/2026\/01\/Soucek-Fotbal.cz_-1.webp","keywords":["\u010ce\u0161ka","FA\u010cR","Navija\u010di","premije"],"articleSection":["Sport"],"inLanguage":"en-GB","potentialAction":[{"@type":"CommentAction","name":"Comment","target":["https:\/\/dmcsrb.com\/sport\/fs-ceske-oduzeo-premije-reprezentativcima\/#respond"]}]},{"@type":"WebPage","@id":"https:\/\/dmcsrb.com\/sport\/fs-ceske-oduzeo-premije-reprezentativcima\/","url":"https:\/\/dmcsrb.com\/sport\/fs-ceske-oduzeo-premije-reprezentativcima\/","name":"FS \u010ce\u0161ke oduzeo premije reprezentativcima - dmcsrb.com","isPartOf":{"@id":"https:\/\/dmcsrb.com\/#website"},"primaryImageOfPage":{"@id":"https:\/\/dmcsrb.com\/sport\/fs-ceske-oduzeo-premije-reprezentativcima\/#primaryimage"},"image":{"@id":"https:\/\/dmcsrb.com\/sport\/fs-ceske-oduzeo-premije-reprezentativcima\/#primaryimage"},"thumbnailUrl":"https:\/\/dmcsrb.com\/wp-content\/uploads\/2026\/01\/Soucek-Fotbal.cz_-1.webp","datePublished":"2025-11-19T14:49:25+00:00","author":{"@id":"https:\/\/dmcsrb.com\/#\/schema\/person\/5c39170f12db1b8b457732d0b5c854e2"},"breadcrumb":{"@id":"https:\/\/dmcsrb.com\/sport\/fs-ceske-oduzeo-premije-reprezentativcima\/#breadcrumb"},"inLanguage":"en-GB","potentialAction":[{"@type":"ReadAction","target":["https:\/\/dmcsrb.com\/sport\/fs-ceske-oduzeo-premije-reprezentativcima\/"]}]},{"@type":"ImageObject","inLanguage":"en-GB","@id":"https:\/\/dmcsrb.com\/sport\/fs-ceske-oduzeo-premije-reprezentativcima\/#primaryimage","url":"https:\/\/dmcsrb.com\/wp-content\/uploads\/2026\/01\/Soucek-Fotbal.cz_-1.webp","contentUrl":"https:\/\/dmcsrb.com\/wp-content\/uploads\/2026\/01\/Soucek-Fotbal.cz_-1.webp","width":1000,"height":666},{"@type":"BreadcrumbList","@id":"https:\/\/dmcsrb.com\/sport\/fs-ceske-oduzeo-premije-reprezentativcima\/#breadcrumb","itemListElement":[{"@type":"ListItem","position":1,"name":"Home","item":"https:\/\/dmcsrb.com\/"},{"@type":"ListItem","position":2,"name":"FS \u010ce\u0161ke oduzeo premije reprezentativcima"}]},{"@type":"WebSite","@id":"https:\/\/dmcsrb.com\/#website","url":"https:\/\/dmcsrb.com\/","name":"dmcsrb.com","description":"","potentialAction":[{"@type":"SearchAction","target":{"@type":"EntryPoint","urlTemplate":"https:\/\/dmcsrb.com\/?s={search_term_string}"},"query-input":{"@type":"PropertyValueSpecification","valueRequired":true,"valueName":"search_term_string"}}],"inLanguage":"en-GB"},{"@type":"Person","@id":"https:\/\/dmcsrb.com\/#\/schema\/person\/5c39170f12db1b8b457732d0b5c854e2","name":"dmcsrbija.com@gmail.com","image":{"@type":"ImageObject","inLanguage":"en-GB","@id":"https:\/\/secure.gravatar.com\/avatar\/68592660ad6347fad0fb587f8d5d8f1a7b44961362f56e4f2cd524feb87e9069?s=96&d=mm&r=g","url":"https:\/\/secure.gravatar.com\/avatar\/68592660ad6347fad0fb587f8d5d8f1a7b44961362f56e4f2cd524feb87e9069?s=96&d=mm&r=g","contentUrl":"https:\/\/secure.gravatar.com\/avatar\/68592660ad6347fad0fb587f8d5d8f1a7b44961362f56e4f2cd524feb87e9069?s=96&d=mm&r=g","caption":"dmcsrbija.com@gmail.com"},"sameAs":["https:\/\/dmcsrb.com"],"url":"https:\/\/dmcsrb.com\/en\/author\/dmcsrbija-comgmail-com\/"}]}},"_links":{"self":[{"href":"https:\/\/dmcsrb.com\/en\/wp-json\/wp\/v2\/posts\/964496","targetHints":{"allow":["GET"]}}],"collection":[{"href":"https:\/\/dmcsrb.com\/en\/wp-json\/wp\/v2\/posts"}],"about":[{"href":"https:\/\/dmcsrb.com\/en\/wp-json\/wp\/v2\/types\/post"}],"author":[{"embeddable":true,"href":"https:\/\/dmcsrb.com\/en\/wp-json\/wp\/v2\/users\/1"}],"replies":[{"embeddable":true,"href":"https:\/\/dmcsrb.com\/en\/wp-json\/wp\/v2\/comments?post=964496"}],"version-history":[{"count":0,"href":"https:\/\/dmcsrb.com\/en\/wp-json\/wp\/v2\/posts\/964496\/revisions"}],"wp:featuredmedia":[{"embeddable":true,"href":"https:\/\/dmcsrb.com\/en\/wp-json\/wp\/v2\/media\/964497"}],"wp:attachment":[{"href":"https:\/\/dmcsrb.com\/en\/wp-json\/wp\/v2\/media?parent=964496"}],"wp:term":[{"taxonomy":"category","embeddable":true,"href":"https:\/\/dmcsrb.com\/en\/wp-json\/wp\/v2\/categories?post=964496"},{"taxonomy":"post_tag","embeddable":true,"href":"https:\/\/dmcsrb.com\/en\/wp-json\/wp\/v2\/tags?post=964496"},{"taxonomy":"naslovna","embeddable":true,"href":"https:\/\/dmcsrb.com\/en\/wp-json\/wp\/v2\/naslovna?post=964496"}],"curies":[{"name":"wp","href":"https:\/\/api.w.org\/{rel}","templated":true}]}}