{"id":964494,"date":"2025-11-19T15:48:00","date_gmt":"2025-11-19T14:48:00","guid":{"rendered":"https:\/\/dmcsrb.com\/uncategorized\/djeljosaj-crna-gora-mora-ukloniti-huawei-i-zte-opremu-iz-kljucnih-sistema\/"},"modified":"2025-11-19T15:48:00","modified_gmt":"2025-11-19T14:48:00","slug":"djeljosaj-crna-gora-mora-ukloniti-huawei-i-zte-opremu-iz-kljucnih-sistema","status":"publish","type":"post","link":"https:\/\/dmcsrb.com\/en\/politika\/djeljosaj-crna-gora-mora-ukloniti-huawei-i-zte-opremu-iz-kljucnih-sistema\/","title":{"rendered":"\u0110eljo\u0161aj: Crna Gora mora ukloniti Huawei i ZTE opremu iz klju\u010dnih sistema"},"content":{"rendered":"<p>Potpredsjednik Vlade je rekao da podr\u017eava stav Sjedinjenih Ameri\u010dkih Dr\u017eava o ozbiljnim bezbjednosnim rizicima koje predstavlja oprema kineskih proizvo\u0111a\u010da u klju\u010dnim komunikacionim sistemima. Kao NATO saveznik, Crna Gora mora slijediti najvi\u0161e evroatlantske bezbjednosne standarde poru\u010duje \u0110eljo\u0161aj.<\/p>\n\n\n\n<p>&#8220;Zato smo kroz izmjene zakona koje sam inicirao obezbijedili da Vlada ima jasnu pravnu osnovu da ograni\u010di ili zabrani kori\u0161\u0107enje opreme koja ugro\u017eava nacionalnu bezbjednost&#8221;, jasan je \u0110eljo\u0161aj.<\/p>\n\n\n\n<p>U tom duhu, on je rekao da \u0107e da predlo\u017ei Vladi da obave\u017ee kompaniju One da ukloni Huawei i ZTE opremu iz upotrebe, kao i da novi dr\u017eavni Data centar ne smije biti opremljen tehnologijom navedenih proizvo\u0111a\u010da ili drugih dobavlja\u010da visokog rizika.<\/p>\n\n\n\n<p>&#8220;Crna Gora mora graditi sigurne, moderne i pouzdane digitalne sisteme u potpunoj saradnji sa svojim klju\u010dnim partnerima: SAD i NATO savezom&#8221;, poru\u010duje \u0110eljo\u0161aj.<\/p>\n\n\n\n<p>Podsjetimo, jedna od tri telekomunikacione kompanije u Crnoj Gori koristi bazne stanice 5G kineske kompanije Huawei. Digitalni forenzi\u010dki centar (DFC), koji je osnovao Atlantski savez Crne Gore, upozorio je da dr\u017eava &#8211; kao \u010dlanica NATO i kandidat za \u010dlanstvo u Evropskoj uniji &#8211; mora biti oprezna u kori\u0161\u0107enju kineskih tehnologija.<\/p>","protected":false},"excerpt":{"rendered":"<p>Potpredsjednik Vlade i ministar ekonomskog razvoja Nik \u0110eljo\u0161aj najavio je da \u0107e Vladi predlo\u017eiti obavezu uklanjanja Huawei i ZTE opreme iz crnogorskih komunikacionih sistema, poru\u010duju\u0107i da kao NATO \u010dlanica Crna Gora mora slijediti najvi\u0161e bezbjednosne standarde.<\/p>","protected":false},"author":1,"featured_media":909971,"comment_status":"open","ping_status":"open","sticky":false,"template":"","format":"standard","meta":{"_acf_changed":false,"footnotes":""},"categories":[12],"tags":[95,14820,1275],"naslovna":[],"class_list":["post-964494","post","type-post","status-publish","format-standard","has-post-thumbnail","hentry","category-politika","tag-crna-gora","tag-huawei","tag-nik-djeljosaj"],"acf":[],"yoast_head":"<!-- This site is optimized with the Yoast SEO plugin v27.4 - https:\/\/yoast.com\/product\/yoast-seo-wordpress\/ -->\n<title>\u0110eljo\u0161aj: Crna Gora mora ukloniti Huawei i ZTE opremu iz klju\u010dnih sistema - dmcsrb.com<\/title>\n<meta name=\"robots\" content=\"index, follow, max-snippet:-1, max-image-preview:large, max-video-preview:-1\" \/>\n<link rel=\"canonical\" href=\"https:\/\/dmcsrb.com\/en\/politika\/djeljosaj-crna-gora-mora-ukloniti-huawei-i-zte-opremu-iz-kljucnih-sistema\/\" \/>\n<meta property=\"og:locale\" content=\"en_GB\" \/>\n<meta property=\"og:type\" content=\"article\" \/>\n<meta property=\"og:title\" content=\"\u0110eljo\u0161aj: Crna Gora mora ukloniti Huawei i ZTE opremu iz klju\u010dnih sistema - dmcsrb.com\" \/>\n<meta property=\"og:description\" content=\"Potpredsjednik Vlade i ministar ekonomskog razvoja Nik \u0110eljo\u0161aj najavio je da \u0107e Vladi predlo\u017eiti obavezu uklanjanja Huawei i ZTE opreme iz crnogorskih komunikacionih sistema, poru\u010duju\u0107i da kao NATO \u010dlanica Crna Gora mora slijediti najvi\u0161e bezbjednosne standarde.\" \/>\n<meta property=\"og:url\" content=\"https:\/\/dmcsrb.com\/en\/politika\/djeljosaj-crna-gora-mora-ukloniti-huawei-i-zte-opremu-iz-kljucnih-sistema\/\" \/>\n<meta property=\"og:site_name\" content=\"dmcsrb.com\" \/>\n<meta property=\"article:published_time\" content=\"2025-11-19T14:48:00+00:00\" \/>\n<meta property=\"og:image\" content=\"https:\/\/dmcsrb.com\/wp-content\/uploads\/2026\/01\/Nik-DJeljosaj-foto-Vlada-CG.jpg\" \/>\n\t<meta property=\"og:image:width\" content=\"935\" \/>\n\t<meta property=\"og:image:height\" content=\"579\" \/>\n\t<meta property=\"og:image:type\" content=\"image\/jpeg\" \/>\n<meta name=\"author\" content=\"dmcsrbija.com@gmail.com\" \/>\n<meta name=\"twitter:card\" content=\"summary_large_image\" \/>\n<meta name=\"twitter:label1\" content=\"Written by\" \/>\n\t<meta name=\"twitter:data1\" content=\"dmcsrbija.com@gmail.com\" \/>\n\t<meta name=\"twitter:label2\" content=\"Estimated reading time\" \/>\n\t<meta name=\"twitter:data2\" content=\"1 minute\" \/>\n<script type=\"application\/ld+json\" class=\"yoast-schema-graph\">{\"@context\":\"https:\\\/\\\/schema.org\",\"@graph\":[{\"@type\":\"Article\",\"@id\":\"https:\\\/\\\/dmcsrb.com\\\/en\\\/politika\\\/djeljosaj-crna-gora-mora-ukloniti-huawei-i-zte-opremu-iz-kljucnih-sistema\\\/#article\",\"isPartOf\":{\"@id\":\"https:\\\/\\\/dmcsrb.com\\\/en\\\/politika\\\/djeljosaj-crna-gora-mora-ukloniti-huawei-i-zte-opremu-iz-kljucnih-sistema\\\/\"},\"author\":{\"name\":\"dmcsrbija.com@gmail.com\",\"@id\":\"https:\\\/\\\/dmcsrb.com\\\/#\\\/schema\\\/person\\\/5c39170f12db1b8b457732d0b5c854e2\"},\"headline\":\"\u0110eljo\u0161aj: Crna Gora mora ukloniti Huawei i ZTE opremu iz klju\u010dnih sistema\",\"datePublished\":\"2025-11-19T14:48:00+00:00\",\"mainEntityOfPage\":{\"@id\":\"https:\\\/\\\/dmcsrb.com\\\/en\\\/politika\\\/djeljosaj-crna-gora-mora-ukloniti-huawei-i-zte-opremu-iz-kljucnih-sistema\\\/\"},\"wordCount\":218,\"commentCount\":0,\"image\":{\"@id\":\"https:\\\/\\\/dmcsrb.com\\\/en\\\/politika\\\/djeljosaj-crna-gora-mora-ukloniti-huawei-i-zte-opremu-iz-kljucnih-sistema\\\/#primaryimage\"},\"thumbnailUrl\":\"https:\\\/\\\/dmcsrb.com\\\/wp-content\\\/uploads\\\/2026\\\/01\\\/Nik-DJeljosaj-foto-Vlada-CG.jpg\",\"keywords\":[\"Crna Gora\",\"Huawei\",\"Nik \u0110eljo\u0161aj\"],\"articleSection\":[\"Politika\"],\"inLanguage\":\"en-GB\",\"potentialAction\":[{\"@type\":\"CommentAction\",\"name\":\"Comment\",\"target\":[\"https:\\\/\\\/dmcsrb.com\\\/en\\\/politika\\\/djeljosaj-crna-gora-mora-ukloniti-huawei-i-zte-opremu-iz-kljucnih-sistema\\\/#respond\"]}]},{\"@type\":\"WebPage\",\"@id\":\"https:\\\/\\\/dmcsrb.com\\\/en\\\/politika\\\/djeljosaj-crna-gora-mora-ukloniti-huawei-i-zte-opremu-iz-kljucnih-sistema\\\/\",\"url\":\"https:\\\/\\\/dmcsrb.com\\\/en\\\/politika\\\/djeljosaj-crna-gora-mora-ukloniti-huawei-i-zte-opremu-iz-kljucnih-sistema\\\/\",\"name\":\"\u0110eljo\u0161aj: Crna Gora mora ukloniti Huawei i ZTE opremu iz klju\u010dnih sistema - dmcsrb.com\",\"isPartOf\":{\"@id\":\"https:\\\/\\\/dmcsrb.com\\\/#website\"},\"primaryImageOfPage\":{\"@id\":\"https:\\\/\\\/dmcsrb.com\\\/en\\\/politika\\\/djeljosaj-crna-gora-mora-ukloniti-huawei-i-zte-opremu-iz-kljucnih-sistema\\\/#primaryimage\"},\"image\":{\"@id\":\"https:\\\/\\\/dmcsrb.com\\\/en\\\/politika\\\/djeljosaj-crna-gora-mora-ukloniti-huawei-i-zte-opremu-iz-kljucnih-sistema\\\/#primaryimage\"},\"thumbnailUrl\":\"https:\\\/\\\/dmcsrb.com\\\/wp-content\\\/uploads\\\/2026\\\/01\\\/Nik-DJeljosaj-foto-Vlada-CG.jpg\",\"datePublished\":\"2025-11-19T14:48:00+00:00\",\"author\":{\"@id\":\"https:\\\/\\\/dmcsrb.com\\\/#\\\/schema\\\/person\\\/5c39170f12db1b8b457732d0b5c854e2\"},\"breadcrumb\":{\"@id\":\"https:\\\/\\\/dmcsrb.com\\\/en\\\/politika\\\/djeljosaj-crna-gora-mora-ukloniti-huawei-i-zte-opremu-iz-kljucnih-sistema\\\/#breadcrumb\"},\"inLanguage\":\"en-GB\",\"potentialAction\":[{\"@type\":\"ReadAction\",\"target\":[\"https:\\\/\\\/dmcsrb.com\\\/en\\\/politika\\\/djeljosaj-crna-gora-mora-ukloniti-huawei-i-zte-opremu-iz-kljucnih-sistema\\\/\"]}]},{\"@type\":\"ImageObject\",\"inLanguage\":\"en-GB\",\"@id\":\"https:\\\/\\\/dmcsrb.com\\\/en\\\/politika\\\/djeljosaj-crna-gora-mora-ukloniti-huawei-i-zte-opremu-iz-kljucnih-sistema\\\/#primaryimage\",\"url\":\"https:\\\/\\\/dmcsrb.com\\\/wp-content\\\/uploads\\\/2026\\\/01\\\/Nik-DJeljosaj-foto-Vlada-CG.jpg\",\"contentUrl\":\"https:\\\/\\\/dmcsrb.com\\\/wp-content\\\/uploads\\\/2026\\\/01\\\/Nik-DJeljosaj-foto-Vlada-CG.jpg\",\"width\":935,\"height\":579},{\"@type\":\"BreadcrumbList\",\"@id\":\"https:\\\/\\\/dmcsrb.com\\\/en\\\/politika\\\/djeljosaj-crna-gora-mora-ukloniti-huawei-i-zte-opremu-iz-kljucnih-sistema\\\/#breadcrumb\",\"itemListElement\":[{\"@type\":\"ListItem\",\"position\":1,\"name\":\"Home\",\"item\":\"https:\\\/\\\/dmcsrb.com\\\/\"},{\"@type\":\"ListItem\",\"position\":2,\"name\":\"\u0110eljo\u0161aj: Crna Gora mora ukloniti Huawei i ZTE opremu iz klju\u010dnih sistema\"}]},{\"@type\":\"WebSite\",\"@id\":\"https:\\\/\\\/dmcsrb.com\\\/#website\",\"url\":\"https:\\\/\\\/dmcsrb.com\\\/\",\"name\":\"dmcsrb.com\",\"description\":\"\",\"potentialAction\":[{\"@type\":\"SearchAction\",\"target\":{\"@type\":\"EntryPoint\",\"urlTemplate\":\"https:\\\/\\\/dmcsrb.com\\\/?s={search_term_string}\"},\"query-input\":{\"@type\":\"PropertyValueSpecification\",\"valueRequired\":true,\"valueName\":\"search_term_string\"}}],\"inLanguage\":\"en-GB\"},{\"@type\":\"Person\",\"@id\":\"https:\\\/\\\/dmcsrb.com\\\/#\\\/schema\\\/person\\\/5c39170f12db1b8b457732d0b5c854e2\",\"name\":\"dmcsrbija.com@gmail.com\",\"image\":{\"@type\":\"ImageObject\",\"inLanguage\":\"en-GB\",\"@id\":\"https:\\\/\\\/secure.gravatar.com\\\/avatar\\\/68592660ad6347fad0fb587f8d5d8f1a7b44961362f56e4f2cd524feb87e9069?s=96&d=mm&r=g\",\"url\":\"https:\\\/\\\/secure.gravatar.com\\\/avatar\\\/68592660ad6347fad0fb587f8d5d8f1a7b44961362f56e4f2cd524feb87e9069?s=96&d=mm&r=g\",\"contentUrl\":\"https:\\\/\\\/secure.gravatar.com\\\/avatar\\\/68592660ad6347fad0fb587f8d5d8f1a7b44961362f56e4f2cd524feb87e9069?s=96&d=mm&r=g\",\"caption\":\"dmcsrbija.com@gmail.com\"},\"sameAs\":[\"https:\\\/\\\/dmcsrb.com\"],\"url\":\"https:\\\/\\\/dmcsrb.com\\\/en\\\/author\\\/dmcsrbija-comgmail-com\\\/\"}]}<\/script>\n<!-- \/ Yoast SEO plugin. -->","yoast_head_json":{"title":"\u0110eljo\u0161aj: Crna Gora mora ukloniti Huawei i ZTE opremu iz klju\u010dnih sistema - dmcsrb.com","robots":{"index":"index","follow":"follow","max-snippet":"max-snippet:-1","max-image-preview":"max-image-preview:large","max-video-preview":"max-video-preview:-1"},"canonical":"https:\/\/dmcsrb.com\/en\/politika\/djeljosaj-crna-gora-mora-ukloniti-huawei-i-zte-opremu-iz-kljucnih-sistema\/","og_locale":"en_GB","og_type":"article","og_title":"\u0110eljo\u0161aj: Crna Gora mora ukloniti Huawei i ZTE opremu iz klju\u010dnih sistema - dmcsrb.com","og_description":"Potpredsjednik Vlade i ministar ekonomskog razvoja Nik \u0110eljo\u0161aj najavio je da \u0107e Vladi predlo\u017eiti obavezu uklanjanja Huawei i ZTE opreme iz crnogorskih komunikacionih sistema, poru\u010duju\u0107i da kao NATO \u010dlanica Crna Gora mora slijediti najvi\u0161e bezbjednosne standarde.","og_url":"https:\/\/dmcsrb.com\/en\/politika\/djeljosaj-crna-gora-mora-ukloniti-huawei-i-zte-opremu-iz-kljucnih-sistema\/","og_site_name":"dmcsrb.com","article_published_time":"2025-11-19T14:48:00+00:00","og_image":[{"width":935,"height":579,"url":"https:\/\/dmcsrb.com\/wp-content\/uploads\/2026\/01\/Nik-DJeljosaj-foto-Vlada-CG.jpg","type":"image\/jpeg"}],"author":"dmcsrbija.com@gmail.com","twitter_card":"summary_large_image","twitter_misc":{"Written by":"dmcsrbija.com@gmail.com","Estimated reading time":"1 minute"},"schema":{"@context":"https:\/\/schema.org","@graph":[{"@type":"Article","@id":"https:\/\/dmcsrb.com\/en\/politika\/djeljosaj-crna-gora-mora-ukloniti-huawei-i-zte-opremu-iz-kljucnih-sistema\/#article","isPartOf":{"@id":"https:\/\/dmcsrb.com\/en\/politika\/djeljosaj-crna-gora-mora-ukloniti-huawei-i-zte-opremu-iz-kljucnih-sistema\/"},"author":{"name":"dmcsrbija.com@gmail.com","@id":"https:\/\/dmcsrb.com\/#\/schema\/person\/5c39170f12db1b8b457732d0b5c854e2"},"headline":"\u0110eljo\u0161aj: Crna Gora mora ukloniti Huawei i ZTE opremu iz klju\u010dnih sistema","datePublished":"2025-11-19T14:48:00+00:00","mainEntityOfPage":{"@id":"https:\/\/dmcsrb.com\/en\/politika\/djeljosaj-crna-gora-mora-ukloniti-huawei-i-zte-opremu-iz-kljucnih-sistema\/"},"wordCount":218,"commentCount":0,"image":{"@id":"https:\/\/dmcsrb.com\/en\/politika\/djeljosaj-crna-gora-mora-ukloniti-huawei-i-zte-opremu-iz-kljucnih-sistema\/#primaryimage"},"thumbnailUrl":"https:\/\/dmcsrb.com\/wp-content\/uploads\/2026\/01\/Nik-DJeljosaj-foto-Vlada-CG.jpg","keywords":["Crna Gora","Huawei","Nik \u0110eljo\u0161aj"],"articleSection":["Politika"],"inLanguage":"en-GB","potentialAction":[{"@type":"CommentAction","name":"Comment","target":["https:\/\/dmcsrb.com\/en\/politika\/djeljosaj-crna-gora-mora-ukloniti-huawei-i-zte-opremu-iz-kljucnih-sistema\/#respond"]}]},{"@type":"WebPage","@id":"https:\/\/dmcsrb.com\/en\/politika\/djeljosaj-crna-gora-mora-ukloniti-huawei-i-zte-opremu-iz-kljucnih-sistema\/","url":"https:\/\/dmcsrb.com\/en\/politika\/djeljosaj-crna-gora-mora-ukloniti-huawei-i-zte-opremu-iz-kljucnih-sistema\/","name":"\u0110eljo\u0161aj: Crna Gora mora ukloniti Huawei i ZTE opremu iz klju\u010dnih sistema - dmcsrb.com","isPartOf":{"@id":"https:\/\/dmcsrb.com\/#website"},"primaryImageOfPage":{"@id":"https:\/\/dmcsrb.com\/en\/politika\/djeljosaj-crna-gora-mora-ukloniti-huawei-i-zte-opremu-iz-kljucnih-sistema\/#primaryimage"},"image":{"@id":"https:\/\/dmcsrb.com\/en\/politika\/djeljosaj-crna-gora-mora-ukloniti-huawei-i-zte-opremu-iz-kljucnih-sistema\/#primaryimage"},"thumbnailUrl":"https:\/\/dmcsrb.com\/wp-content\/uploads\/2026\/01\/Nik-DJeljosaj-foto-Vlada-CG.jpg","datePublished":"2025-11-19T14:48:00+00:00","author":{"@id":"https:\/\/dmcsrb.com\/#\/schema\/person\/5c39170f12db1b8b457732d0b5c854e2"},"breadcrumb":{"@id":"https:\/\/dmcsrb.com\/en\/politika\/djeljosaj-crna-gora-mora-ukloniti-huawei-i-zte-opremu-iz-kljucnih-sistema\/#breadcrumb"},"inLanguage":"en-GB","potentialAction":[{"@type":"ReadAction","target":["https:\/\/dmcsrb.com\/en\/politika\/djeljosaj-crna-gora-mora-ukloniti-huawei-i-zte-opremu-iz-kljucnih-sistema\/"]}]},{"@type":"ImageObject","inLanguage":"en-GB","@id":"https:\/\/dmcsrb.com\/en\/politika\/djeljosaj-crna-gora-mora-ukloniti-huawei-i-zte-opremu-iz-kljucnih-sistema\/#primaryimage","url":"https:\/\/dmcsrb.com\/wp-content\/uploads\/2026\/01\/Nik-DJeljosaj-foto-Vlada-CG.jpg","contentUrl":"https:\/\/dmcsrb.com\/wp-content\/uploads\/2026\/01\/Nik-DJeljosaj-foto-Vlada-CG.jpg","width":935,"height":579},{"@type":"BreadcrumbList","@id":"https:\/\/dmcsrb.com\/en\/politika\/djeljosaj-crna-gora-mora-ukloniti-huawei-i-zte-opremu-iz-kljucnih-sistema\/#breadcrumb","itemListElement":[{"@type":"ListItem","position":1,"name":"Home","item":"https:\/\/dmcsrb.com\/"},{"@type":"ListItem","position":2,"name":"\u0110eljo\u0161aj: Crna Gora mora ukloniti Huawei i ZTE opremu iz klju\u010dnih sistema"}]},{"@type":"WebSite","@id":"https:\/\/dmcsrb.com\/#website","url":"https:\/\/dmcsrb.com\/","name":"dmcsrb.com","description":"","potentialAction":[{"@type":"SearchAction","target":{"@type":"EntryPoint","urlTemplate":"https:\/\/dmcsrb.com\/?s={search_term_string}"},"query-input":{"@type":"PropertyValueSpecification","valueRequired":true,"valueName":"search_term_string"}}],"inLanguage":"en-GB"},{"@type":"Person","@id":"https:\/\/dmcsrb.com\/#\/schema\/person\/5c39170f12db1b8b457732d0b5c854e2","name":"dmcsrbija.com@gmail.com","image":{"@type":"ImageObject","inLanguage":"en-GB","@id":"https:\/\/secure.gravatar.com\/avatar\/68592660ad6347fad0fb587f8d5d8f1a7b44961362f56e4f2cd524feb87e9069?s=96&d=mm&r=g","url":"https:\/\/secure.gravatar.com\/avatar\/68592660ad6347fad0fb587f8d5d8f1a7b44961362f56e4f2cd524feb87e9069?s=96&d=mm&r=g","contentUrl":"https:\/\/secure.gravatar.com\/avatar\/68592660ad6347fad0fb587f8d5d8f1a7b44961362f56e4f2cd524feb87e9069?s=96&d=mm&r=g","caption":"dmcsrbija.com@gmail.com"},"sameAs":["https:\/\/dmcsrb.com"],"url":"https:\/\/dmcsrb.com\/en\/author\/dmcsrbija-comgmail-com\/"}]}},"_links":{"self":[{"href":"https:\/\/dmcsrb.com\/en\/wp-json\/wp\/v2\/posts\/964494","targetHints":{"allow":["GET"]}}],"collection":[{"href":"https:\/\/dmcsrb.com\/en\/wp-json\/wp\/v2\/posts"}],"about":[{"href":"https:\/\/dmcsrb.com\/en\/wp-json\/wp\/v2\/types\/post"}],"author":[{"embeddable":true,"href":"https:\/\/dmcsrb.com\/en\/wp-json\/wp\/v2\/users\/1"}],"replies":[{"embeddable":true,"href":"https:\/\/dmcsrb.com\/en\/wp-json\/wp\/v2\/comments?post=964494"}],"version-history":[{"count":0,"href":"https:\/\/dmcsrb.com\/en\/wp-json\/wp\/v2\/posts\/964494\/revisions"}],"wp:featuredmedia":[{"embeddable":true,"href":"https:\/\/dmcsrb.com\/en\/wp-json\/wp\/v2\/media\/909971"}],"wp:attachment":[{"href":"https:\/\/dmcsrb.com\/en\/wp-json\/wp\/v2\/media?parent=964494"}],"wp:term":[{"taxonomy":"category","embeddable":true,"href":"https:\/\/dmcsrb.com\/en\/wp-json\/wp\/v2\/categories?post=964494"},{"taxonomy":"post_tag","embeddable":true,"href":"https:\/\/dmcsrb.com\/en\/wp-json\/wp\/v2\/tags?post=964494"},{"taxonomy":"naslovna","embeddable":true,"href":"https:\/\/dmcsrb.com\/en\/wp-json\/wp\/v2\/naslovna?post=964494"}],"curies":[{"name":"wp","href":"https:\/\/api.w.org\/{rel}","templated":true}]}}