{"id":964470,"date":"2025-11-19T14:45:00","date_gmt":"2025-11-19T13:45:00","guid":{"rendered":"https:\/\/dmcsrb.com\/uncategorized\/stanic-zasto-termoelektrana-nije-na-mrezi-i-pored-obecanja-rukovodstva-epcg\/"},"modified":"2025-11-19T14:45:00","modified_gmt":"2025-11-19T13:45:00","slug":"stanic-zasto-termoelektrana-nije-na-mrezi-i-pored-obecanja-rukovodstva-epcg","status":"publish","type":"post","link":"https:\/\/dmcsrb.com\/en\/ekonomija\/stanic-zasto-termoelektrana-nije-na-mrezi-i-pored-obecanja-rukovodstva-epcg\/","title":{"rendered":"Stani\u0107: Za\u0161to Termoelektrana nije na mre\u017ei i pored obe\u0107anja rukovodstva EPCG?"},"content":{"rendered":"<p><\/p>\n\n\n\n<p><\/p>\n\n\n\n<p>&#8220;Nije problem ni zakasniti dan-dva, problem je u neodgovornosti nosilaca odgovornih funckija u EPCG i TEPV koji su prije samo mjesec dana uvjeravali javnost i predstavnike medija da sve ide po planu i da \u0107e TE biti \u201csigurno\u201d na mre\u017ei prije 5 dana&#8221;, kazao je Stani\u0107<\/p>\n\n\n\n<p>To \u201csigurno\u201d je, kako ka\u017ee, jednako obe\u0107anjima jednog drugog Pljevljaka, premijera Spaji\u0107a, koji ima preko 100 krupnih neispunjenih obe\u0107anja u svega par godine.<\/p>\n\n\n\n<p>&#8220;Ono \u0161to je ogroman problem za dr\u017eavu je \u0161to je zbog remonta TEPV uvezena ogromna koli\u010dina elektri\u010dne energije, a EPCG je zbog toga i zbog hidrolo\u0161ki lo\u0161e godine (do ovih dana) u minusu od \u010dak 90 miliona eura.<\/p>\n\n\n\n<p>Zbog toga za one koji se igraju sa desetinama miliona eura dr\u017eavnog novca \u2013 nekoliko jasnih pitanja, na koja crnogorska javnost o\u010dekuje jasne odgovore:<\/p>\n\n\n\n<ol class=\"wp-block-list\">\n<li>Za\u0161to Termoelektrana Pljevlja nije pu\u0161tena u pogon 15. novembra, i zbog \u010dega jo\u0161 nije po\u010dela isporuka uglja iz Rudnika uglja? Da li to zna\u010di da TE ne\u0107e biti priklju\u010dena ni 1. decembra?<\/li>\n\n\n\n<li>Da li \u0107e postrojenje za odsumporavanje, kao najva\u017eniji segment ekolo\u0161ke rekonstrukcije, biti zavr\u0161eno do po\u010detka rada Termoelektrane?<\/li>\n\n\n\n<li>Da li je obezbije\u0111en priklju\u010dak na turbinu za potrebe toplifikacije grada?<\/li>\n\n\n\n<li>Koliko su porasli ukupni tro\u0161kovi rekonstrukcije Termoelektrane Pljevlja?<\/li>\n\n\n\n<li>Koliki je procenat izvedenih gra\u0111evinskih i ma\u0161inskih radova na dana\u0161nji dan?<\/li>\n<\/ol>\n\n\n\n<p>Na sva pitanja treba dati i odgovor da li \u0107e TE biti u pogonu i poslije po\u010detnog paljenja, jer nije isto o\u0107e li u\u0107i u sistem proizvodnje tokom mjeseci kad se tro\u0161i najvi\u0161e energije ili na prolje\u0107e kad \u0107e i hidrolo\u0161ke prilike biti puno bolje i kad se obi\u010dno struja iz Crne Gore izvozi&#8221;, navodi Stani\u0107.<\/p>","protected":false},"excerpt":{"rendered":"<p>Klju\u010dni proizvodni resurs elektroenergetskog sistema Crne Gore \u2013 Termoelektrana Pljevlja nije uklju\u010dena u pogon, i pored najava da \u0107e se to desiti 15. novembra, smatra predsjednik Glavnog odbora SDP-a i predstavnik Evropskog saveza, Mirko Stani\u0107.<\/p>","protected":false},"author":1,"featured_media":964471,"comment_status":"open","ping_status":"open","sticky":false,"template":"","format":"standard","meta":{"_acf_changed":false,"footnotes":""},"categories":[27],"tags":[5582,5463],"naslovna":[],"class_list":["post-964470","post","type-post","status-publish","format-standard","has-post-thumbnail","hentry","category-ekonomija","tag-mirko-stanic","tag-termoelektrana"],"acf":[],"yoast_head":"<!-- This site is optimized with the Yoast SEO plugin v27.4 - https:\/\/yoast.com\/product\/yoast-seo-wordpress\/ -->\n<title>Stani\u0107: Za\u0161to Termoelektrana nije na mre\u017ei i pored obe\u0107anja rukovodstva EPCG? - dmcsrb.com<\/title>\n<meta name=\"robots\" content=\"index, follow, max-snippet:-1, max-image-preview:large, max-video-preview:-1\" \/>\n<link rel=\"canonical\" href=\"https:\/\/dmcsrb.com\/en\/ekonomija\/stanic-zasto-termoelektrana-nije-na-mrezi-i-pored-obecanja-rukovodstva-epcg\/\" \/>\n<meta property=\"og:locale\" content=\"en_GB\" \/>\n<meta property=\"og:type\" content=\"article\" \/>\n<meta property=\"og:title\" content=\"Stani\u0107: Za\u0161to Termoelektrana nije na mre\u017ei i pored obe\u0107anja rukovodstva EPCG? - dmcsrb.com\" \/>\n<meta property=\"og:description\" content=\"Klju\u010dni proizvodni resurs elektroenergetskog sistema Crne Gore \u2013 Termoelektrana Pljevlja nije uklju\u010dena u pogon, i pored najava da \u0107e se to desiti 15. novembra, smatra predsjednik Glavnog odbora SDP-a i predstavnik Evropskog saveza, Mirko Stani\u0107.\" \/>\n<meta property=\"og:url\" content=\"https:\/\/dmcsrb.com\/en\/ekonomija\/stanic-zasto-termoelektrana-nije-na-mrezi-i-pored-obecanja-rukovodstva-epcg\/\" \/>\n<meta property=\"og:site_name\" content=\"dmcsrb.com\" \/>\n<meta property=\"article:published_time\" content=\"2025-11-19T13:45:00+00:00\" \/>\n<meta property=\"og:image\" content=\"https:\/\/dmcsrb.com\/wp-content\/uploads\/2026\/01\/Stanic-2.webp\" \/>\n\t<meta property=\"og:image:width\" content=\"1124\" \/>\n\t<meta property=\"og:image:height\" content=\"623\" \/>\n\t<meta property=\"og:image:type\" content=\"image\/jpeg\" \/>\n<meta name=\"author\" content=\"dmcsrbija.com@gmail.com\" \/>\n<meta name=\"twitter:card\" content=\"summary_large_image\" \/>\n<meta name=\"twitter:label1\" content=\"Written by\" \/>\n\t<meta name=\"twitter:data1\" content=\"dmcsrbija.com@gmail.com\" \/>\n\t<meta name=\"twitter:label2\" content=\"Estimated reading time\" \/>\n\t<meta name=\"twitter:data2\" content=\"1 minute\" \/>\n<script type=\"application\/ld+json\" class=\"yoast-schema-graph\">{\"@context\":\"https:\\\/\\\/schema.org\",\"@graph\":[{\"@type\":\"Article\",\"@id\":\"https:\\\/\\\/dmcsrb.com\\\/ekonomija\\\/stanic-zasto-termoelektrana-nije-na-mrezi-i-pored-obecanja-rukovodstva-epcg\\\/#article\",\"isPartOf\":{\"@id\":\"https:\\\/\\\/dmcsrb.com\\\/ekonomija\\\/stanic-zasto-termoelektrana-nije-na-mrezi-i-pored-obecanja-rukovodstva-epcg\\\/\"},\"author\":{\"name\":\"dmcsrbija.com@gmail.com\",\"@id\":\"https:\\\/\\\/dmcsrb.com\\\/#\\\/schema\\\/person\\\/5c39170f12db1b8b457732d0b5c854e2\"},\"headline\":\"Stani\u0107: Za\u0161to Termoelektrana nije na mre\u017ei i pored obe\u0107anja rukovodstva EPCG?\",\"datePublished\":\"2025-11-19T13:45:00+00:00\",\"mainEntityOfPage\":{\"@id\":\"https:\\\/\\\/dmcsrb.com\\\/ekonomija\\\/stanic-zasto-termoelektrana-nije-na-mrezi-i-pored-obecanja-rukovodstva-epcg\\\/\"},\"wordCount\":310,\"commentCount\":0,\"image\":{\"@id\":\"https:\\\/\\\/dmcsrb.com\\\/ekonomija\\\/stanic-zasto-termoelektrana-nije-na-mrezi-i-pored-obecanja-rukovodstva-epcg\\\/#primaryimage\"},\"thumbnailUrl\":\"https:\\\/\\\/dmcsrb.com\\\/wp-content\\\/uploads\\\/2026\\\/01\\\/Stanic-2.webp\",\"keywords\":[\"Mirko Stani\u0107\",\"termoelektrana\"],\"articleSection\":[\"Ekonomija\"],\"inLanguage\":\"en-GB\",\"potentialAction\":[{\"@type\":\"CommentAction\",\"name\":\"Comment\",\"target\":[\"https:\\\/\\\/dmcsrb.com\\\/ekonomija\\\/stanic-zasto-termoelektrana-nije-na-mrezi-i-pored-obecanja-rukovodstva-epcg\\\/#respond\"]}]},{\"@type\":\"WebPage\",\"@id\":\"https:\\\/\\\/dmcsrb.com\\\/ekonomija\\\/stanic-zasto-termoelektrana-nije-na-mrezi-i-pored-obecanja-rukovodstva-epcg\\\/\",\"url\":\"https:\\\/\\\/dmcsrb.com\\\/ekonomija\\\/stanic-zasto-termoelektrana-nije-na-mrezi-i-pored-obecanja-rukovodstva-epcg\\\/\",\"name\":\"Stani\u0107: Za\u0161to Termoelektrana nije na mre\u017ei i pored obe\u0107anja rukovodstva EPCG? - dmcsrb.com\",\"isPartOf\":{\"@id\":\"https:\\\/\\\/dmcsrb.com\\\/#website\"},\"primaryImageOfPage\":{\"@id\":\"https:\\\/\\\/dmcsrb.com\\\/ekonomija\\\/stanic-zasto-termoelektrana-nije-na-mrezi-i-pored-obecanja-rukovodstva-epcg\\\/#primaryimage\"},\"image\":{\"@id\":\"https:\\\/\\\/dmcsrb.com\\\/ekonomija\\\/stanic-zasto-termoelektrana-nije-na-mrezi-i-pored-obecanja-rukovodstva-epcg\\\/#primaryimage\"},\"thumbnailUrl\":\"https:\\\/\\\/dmcsrb.com\\\/wp-content\\\/uploads\\\/2026\\\/01\\\/Stanic-2.webp\",\"datePublished\":\"2025-11-19T13:45:00+00:00\",\"author\":{\"@id\":\"https:\\\/\\\/dmcsrb.com\\\/#\\\/schema\\\/person\\\/5c39170f12db1b8b457732d0b5c854e2\"},\"breadcrumb\":{\"@id\":\"https:\\\/\\\/dmcsrb.com\\\/ekonomija\\\/stanic-zasto-termoelektrana-nije-na-mrezi-i-pored-obecanja-rukovodstva-epcg\\\/#breadcrumb\"},\"inLanguage\":\"en-GB\",\"potentialAction\":[{\"@type\":\"ReadAction\",\"target\":[\"https:\\\/\\\/dmcsrb.com\\\/ekonomija\\\/stanic-zasto-termoelektrana-nije-na-mrezi-i-pored-obecanja-rukovodstva-epcg\\\/\"]}]},{\"@type\":\"ImageObject\",\"inLanguage\":\"en-GB\",\"@id\":\"https:\\\/\\\/dmcsrb.com\\\/ekonomija\\\/stanic-zasto-termoelektrana-nije-na-mrezi-i-pored-obecanja-rukovodstva-epcg\\\/#primaryimage\",\"url\":\"https:\\\/\\\/dmcsrb.com\\\/wp-content\\\/uploads\\\/2026\\\/01\\\/Stanic-2.webp\",\"contentUrl\":\"https:\\\/\\\/dmcsrb.com\\\/wp-content\\\/uploads\\\/2026\\\/01\\\/Stanic-2.webp\",\"width\":1124,\"height\":623},{\"@type\":\"BreadcrumbList\",\"@id\":\"https:\\\/\\\/dmcsrb.com\\\/ekonomija\\\/stanic-zasto-termoelektrana-nije-na-mrezi-i-pored-obecanja-rukovodstva-epcg\\\/#breadcrumb\",\"itemListElement\":[{\"@type\":\"ListItem\",\"position\":1,\"name\":\"Home\",\"item\":\"https:\\\/\\\/dmcsrb.com\\\/\"},{\"@type\":\"ListItem\",\"position\":2,\"name\":\"Stani\u0107: Za\u0161to Termoelektrana nije na mre\u017ei i pored obe\u0107anja rukovodstva EPCG?\"}]},{\"@type\":\"WebSite\",\"@id\":\"https:\\\/\\\/dmcsrb.com\\\/#website\",\"url\":\"https:\\\/\\\/dmcsrb.com\\\/\",\"name\":\"dmcsrb.com\",\"description\":\"\",\"potentialAction\":[{\"@type\":\"SearchAction\",\"target\":{\"@type\":\"EntryPoint\",\"urlTemplate\":\"https:\\\/\\\/dmcsrb.com\\\/?s={search_term_string}\"},\"query-input\":{\"@type\":\"PropertyValueSpecification\",\"valueRequired\":true,\"valueName\":\"search_term_string\"}}],\"inLanguage\":\"en-GB\"},{\"@type\":\"Person\",\"@id\":\"https:\\\/\\\/dmcsrb.com\\\/#\\\/schema\\\/person\\\/5c39170f12db1b8b457732d0b5c854e2\",\"name\":\"dmcsrbija.com@gmail.com\",\"image\":{\"@type\":\"ImageObject\",\"inLanguage\":\"en-GB\",\"@id\":\"https:\\\/\\\/secure.gravatar.com\\\/avatar\\\/68592660ad6347fad0fb587f8d5d8f1a7b44961362f56e4f2cd524feb87e9069?s=96&d=mm&r=g\",\"url\":\"https:\\\/\\\/secure.gravatar.com\\\/avatar\\\/68592660ad6347fad0fb587f8d5d8f1a7b44961362f56e4f2cd524feb87e9069?s=96&d=mm&r=g\",\"contentUrl\":\"https:\\\/\\\/secure.gravatar.com\\\/avatar\\\/68592660ad6347fad0fb587f8d5d8f1a7b44961362f56e4f2cd524feb87e9069?s=96&d=mm&r=g\",\"caption\":\"dmcsrbija.com@gmail.com\"},\"sameAs\":[\"https:\\\/\\\/dmcsrb.com\"],\"url\":\"https:\\\/\\\/dmcsrb.com\\\/en\\\/author\\\/dmcsrbija-comgmail-com\\\/\"}]}<\/script>\n<!-- \/ Yoast SEO plugin. -->","yoast_head_json":{"title":"Stani\u0107: Za\u0161to Termoelektrana nije na mre\u017ei i pored obe\u0107anja rukovodstva EPCG? - dmcsrb.com","robots":{"index":"index","follow":"follow","max-snippet":"max-snippet:-1","max-image-preview":"max-image-preview:large","max-video-preview":"max-video-preview:-1"},"canonical":"https:\/\/dmcsrb.com\/en\/ekonomija\/stanic-zasto-termoelektrana-nije-na-mrezi-i-pored-obecanja-rukovodstva-epcg\/","og_locale":"en_GB","og_type":"article","og_title":"Stani\u0107: Za\u0161to Termoelektrana nije na mre\u017ei i pored obe\u0107anja rukovodstva EPCG? - dmcsrb.com","og_description":"Klju\u010dni proizvodni resurs elektroenergetskog sistema Crne Gore \u2013 Termoelektrana Pljevlja nije uklju\u010dena u pogon, i pored najava da \u0107e se to desiti 15. novembra, smatra predsjednik Glavnog odbora SDP-a i predstavnik Evropskog saveza, Mirko Stani\u0107.","og_url":"https:\/\/dmcsrb.com\/en\/ekonomija\/stanic-zasto-termoelektrana-nije-na-mrezi-i-pored-obecanja-rukovodstva-epcg\/","og_site_name":"dmcsrb.com","article_published_time":"2025-11-19T13:45:00+00:00","og_image":[{"width":1124,"height":623,"url":"https:\/\/dmcsrb.com\/wp-content\/uploads\/2026\/01\/Stanic-2.webp","type":"image\/jpeg"}],"author":"dmcsrbija.com@gmail.com","twitter_card":"summary_large_image","twitter_misc":{"Written by":"dmcsrbija.com@gmail.com","Estimated reading time":"1 minute"},"schema":{"@context":"https:\/\/schema.org","@graph":[{"@type":"Article","@id":"https:\/\/dmcsrb.com\/ekonomija\/stanic-zasto-termoelektrana-nije-na-mrezi-i-pored-obecanja-rukovodstva-epcg\/#article","isPartOf":{"@id":"https:\/\/dmcsrb.com\/ekonomija\/stanic-zasto-termoelektrana-nije-na-mrezi-i-pored-obecanja-rukovodstva-epcg\/"},"author":{"name":"dmcsrbija.com@gmail.com","@id":"https:\/\/dmcsrb.com\/#\/schema\/person\/5c39170f12db1b8b457732d0b5c854e2"},"headline":"Stani\u0107: Za\u0161to Termoelektrana nije na mre\u017ei i pored obe\u0107anja rukovodstva EPCG?","datePublished":"2025-11-19T13:45:00+00:00","mainEntityOfPage":{"@id":"https:\/\/dmcsrb.com\/ekonomija\/stanic-zasto-termoelektrana-nije-na-mrezi-i-pored-obecanja-rukovodstva-epcg\/"},"wordCount":310,"commentCount":0,"image":{"@id":"https:\/\/dmcsrb.com\/ekonomija\/stanic-zasto-termoelektrana-nije-na-mrezi-i-pored-obecanja-rukovodstva-epcg\/#primaryimage"},"thumbnailUrl":"https:\/\/dmcsrb.com\/wp-content\/uploads\/2026\/01\/Stanic-2.webp","keywords":["Mirko Stani\u0107","termoelektrana"],"articleSection":["Ekonomija"],"inLanguage":"en-GB","potentialAction":[{"@type":"CommentAction","name":"Comment","target":["https:\/\/dmcsrb.com\/ekonomija\/stanic-zasto-termoelektrana-nije-na-mrezi-i-pored-obecanja-rukovodstva-epcg\/#respond"]}]},{"@type":"WebPage","@id":"https:\/\/dmcsrb.com\/ekonomija\/stanic-zasto-termoelektrana-nije-na-mrezi-i-pored-obecanja-rukovodstva-epcg\/","url":"https:\/\/dmcsrb.com\/ekonomija\/stanic-zasto-termoelektrana-nije-na-mrezi-i-pored-obecanja-rukovodstva-epcg\/","name":"Stani\u0107: Za\u0161to Termoelektrana nije na mre\u017ei i pored obe\u0107anja rukovodstva EPCG? - dmcsrb.com","isPartOf":{"@id":"https:\/\/dmcsrb.com\/#website"},"primaryImageOfPage":{"@id":"https:\/\/dmcsrb.com\/ekonomija\/stanic-zasto-termoelektrana-nije-na-mrezi-i-pored-obecanja-rukovodstva-epcg\/#primaryimage"},"image":{"@id":"https:\/\/dmcsrb.com\/ekonomija\/stanic-zasto-termoelektrana-nije-na-mrezi-i-pored-obecanja-rukovodstva-epcg\/#primaryimage"},"thumbnailUrl":"https:\/\/dmcsrb.com\/wp-content\/uploads\/2026\/01\/Stanic-2.webp","datePublished":"2025-11-19T13:45:00+00:00","author":{"@id":"https:\/\/dmcsrb.com\/#\/schema\/person\/5c39170f12db1b8b457732d0b5c854e2"},"breadcrumb":{"@id":"https:\/\/dmcsrb.com\/ekonomija\/stanic-zasto-termoelektrana-nije-na-mrezi-i-pored-obecanja-rukovodstva-epcg\/#breadcrumb"},"inLanguage":"en-GB","potentialAction":[{"@type":"ReadAction","target":["https:\/\/dmcsrb.com\/ekonomija\/stanic-zasto-termoelektrana-nije-na-mrezi-i-pored-obecanja-rukovodstva-epcg\/"]}]},{"@type":"ImageObject","inLanguage":"en-GB","@id":"https:\/\/dmcsrb.com\/ekonomija\/stanic-zasto-termoelektrana-nije-na-mrezi-i-pored-obecanja-rukovodstva-epcg\/#primaryimage","url":"https:\/\/dmcsrb.com\/wp-content\/uploads\/2026\/01\/Stanic-2.webp","contentUrl":"https:\/\/dmcsrb.com\/wp-content\/uploads\/2026\/01\/Stanic-2.webp","width":1124,"height":623},{"@type":"BreadcrumbList","@id":"https:\/\/dmcsrb.com\/ekonomija\/stanic-zasto-termoelektrana-nije-na-mrezi-i-pored-obecanja-rukovodstva-epcg\/#breadcrumb","itemListElement":[{"@type":"ListItem","position":1,"name":"Home","item":"https:\/\/dmcsrb.com\/"},{"@type":"ListItem","position":2,"name":"Stani\u0107: Za\u0161to Termoelektrana nije na mre\u017ei i pored obe\u0107anja rukovodstva EPCG?"}]},{"@type":"WebSite","@id":"https:\/\/dmcsrb.com\/#website","url":"https:\/\/dmcsrb.com\/","name":"dmcsrb.com","description":"","potentialAction":[{"@type":"SearchAction","target":{"@type":"EntryPoint","urlTemplate":"https:\/\/dmcsrb.com\/?s={search_term_string}"},"query-input":{"@type":"PropertyValueSpecification","valueRequired":true,"valueName":"search_term_string"}}],"inLanguage":"en-GB"},{"@type":"Person","@id":"https:\/\/dmcsrb.com\/#\/schema\/person\/5c39170f12db1b8b457732d0b5c854e2","name":"dmcsrbija.com@gmail.com","image":{"@type":"ImageObject","inLanguage":"en-GB","@id":"https:\/\/secure.gravatar.com\/avatar\/68592660ad6347fad0fb587f8d5d8f1a7b44961362f56e4f2cd524feb87e9069?s=96&d=mm&r=g","url":"https:\/\/secure.gravatar.com\/avatar\/68592660ad6347fad0fb587f8d5d8f1a7b44961362f56e4f2cd524feb87e9069?s=96&d=mm&r=g","contentUrl":"https:\/\/secure.gravatar.com\/avatar\/68592660ad6347fad0fb587f8d5d8f1a7b44961362f56e4f2cd524feb87e9069?s=96&d=mm&r=g","caption":"dmcsrbija.com@gmail.com"},"sameAs":["https:\/\/dmcsrb.com"],"url":"https:\/\/dmcsrb.com\/en\/author\/dmcsrbija-comgmail-com\/"}]}},"_links":{"self":[{"href":"https:\/\/dmcsrb.com\/en\/wp-json\/wp\/v2\/posts\/964470","targetHints":{"allow":["GET"]}}],"collection":[{"href":"https:\/\/dmcsrb.com\/en\/wp-json\/wp\/v2\/posts"}],"about":[{"href":"https:\/\/dmcsrb.com\/en\/wp-json\/wp\/v2\/types\/post"}],"author":[{"embeddable":true,"href":"https:\/\/dmcsrb.com\/en\/wp-json\/wp\/v2\/users\/1"}],"replies":[{"embeddable":true,"href":"https:\/\/dmcsrb.com\/en\/wp-json\/wp\/v2\/comments?post=964470"}],"version-history":[{"count":0,"href":"https:\/\/dmcsrb.com\/en\/wp-json\/wp\/v2\/posts\/964470\/revisions"}],"wp:featuredmedia":[{"embeddable":true,"href":"https:\/\/dmcsrb.com\/en\/wp-json\/wp\/v2\/media\/964471"}],"wp:attachment":[{"href":"https:\/\/dmcsrb.com\/en\/wp-json\/wp\/v2\/media?parent=964470"}],"wp:term":[{"taxonomy":"category","embeddable":true,"href":"https:\/\/dmcsrb.com\/en\/wp-json\/wp\/v2\/categories?post=964470"},{"taxonomy":"post_tag","embeddable":true,"href":"https:\/\/dmcsrb.com\/en\/wp-json\/wp\/v2\/tags?post=964470"},{"taxonomy":"naslovna","embeddable":true,"href":"https:\/\/dmcsrb.com\/en\/wp-json\/wp\/v2\/naslovna?post=964470"}],"curies":[{"name":"wp","href":"https:\/\/api.w.org\/{rel}","templated":true}]}}