{"id":964447,"date":"2025-11-19T14:12:00","date_gmt":"2025-11-19T13:12:00","guid":{"rendered":"https:\/\/dmcsrb.com\/uncategorized\/srednjoskolci-i-studenti-posjetili-izlozbu-cvetka-lainovica-u-rektoratu-univerziteta-crne-gore\/"},"modified":"2025-11-19T14:12:00","modified_gmt":"2025-11-19T13:12:00","slug":"srednjoskolci-i-studenti-posjetili-izlozbu-cvetka-lainovica-u-rektoratu-univerziteta-crne-gore","status":"publish","type":"post","link":"https:\/\/dmcsrb.com\/en\/drustvo\/srednjoskolci-i-studenti-posjetili-izlozbu-cvetka-lainovica-u-rektoratu-univerziteta-crne-gore\/","title":{"rendered":"Srednjo\u0161kolci i studenti posjetili izlo\u017ebu Cvetka Lainovi\u0107a u Rektoratu Univerziteta Crne Gore"},"content":{"rendered":"<p><\/p>\n\n\n\n<p> <\/p>\n\n\n\n<p>Posjeta je organizovana na inicijativu ljubitelja umjetnosti Petra \u0110uri\u0161i\u0107a, inicijatora ove izlo\u017ebe, uz podr\u0161ku predsjednika Upravnog odbora UCG prof. dr Milivoja Radovi\u0107a i rektora UCG prof. dr Vladimira Bo\u017eovi\u0107a, a uz koordinaciju profesorice Fakulteta likovnih umjetnosti prof. dr Ivane Radovanovi\u0107.<\/p>\n\n\n\n<p>Predsjednik UO UCG prof. dr Milivoje Radovi\u0107 po\u017eelio je dobrodo\u0161licu mladim u\u010denicima i studentima:<\/p>\n\n\n\n<p>\u201eIskreno mi je drago \u0161to smo danas zajedno i vjerujem da ovo ne\u0107e biti na\u0161 jedini susret. Nadam se da \u0107emo i ubudu\u0107e nastaviti zajedni\u010dku pri\u010du o njegovanju i promociji umjetnosti i kulture&#8221;, kazao je Radovi\u0107 poru\u010divi\u0161i srednjo\u0161kolcima da se nada da \u0107e svoj kreativni put nastaviti na Fakultetu likovnih umjetnosti.<\/p>\n\n\n\n<p>Stru\u010dno vo\u0111enje kroz izlo\u017ebu za u\u010denike i studente odr\u017eala je Petrica Duleti\u0107, istori\u010darka umjetnosti, kustoskinja izlo\u017ebe i autorka katalo\u0161kog teksta. Ona je prisutnima predstavila klju\u010dne faze Lainovi\u0107evog stvarala\u0161tva i izbor radova iz privatnih kolekcija koji su, kako je istakla, zna\u010dajni ne samo za crnogorsku ve\u0107 i za umjetnost prostora biv\u0161e Jugoslavije.<\/p>\n\n\n\n<p>Duleti\u0107 je podsjetila da se umjetnikov put razvijao kroz postepeno otkrivanje \u201eunutra\u0161njeg svijeta slike\u201c, u kojem se stvarno prepli\u0107e sa nadrealnim, a vidljivo sa naslu\u0107enim, te da je bijela slika postala njegov misaoni prostor. Ukazala je da je u portretima tragao za duhovnim, a ne psiholo\u0161kim izrazom lica, dok njegove slike svjedo\u010de o nemiru i traganju, ali i o ti\u0161ini i svjetlosti koja vodi ka spoznaji.<\/p>","protected":false},"excerpt":{"rendered":"<p>Izlo\u017ebu \u201eIzme\u0111u linija\u201c, posve\u0107enu stvarala\u0161tvu jednog od najzna\u010dajnijih crnogorskih slikara Cvetka Lainovi\u0107a, danas je posjetila grupa od oko 70 u\u010denika Srednje likovne \u0161kole \u201ePetar Lubarda\u201c i studenata Fakulteta likovnih umjetnosti UCG.<\/p>","protected":false},"author":1,"featured_media":964448,"comment_status":"open","ping_status":"open","sticky":false,"template":"","format":"standard","meta":{"_acf_changed":false,"footnotes":""},"categories":[2],"tags":[13081,49,9724,1764],"naslovna":[],"class_list":["post-964447","post","type-post","status-publish","format-standard","has-post-thumbnail","hentry","category-drustvo","tag-cvetko-lainovic","tag-izlozba","tag-rektorat","tag-srednjoskolci-2"],"acf":[],"yoast_head":"<!-- This site is optimized with the Yoast SEO plugin v27.0 - https:\/\/yoast.com\/product\/yoast-seo-wordpress\/ -->\n<title>Srednjo\u0161kolci i studenti posjetili izlo\u017ebu Cvetka Lainovi\u0107a u Rektoratu Univerziteta Crne Gore - dmcsrb.com<\/title>\n<meta name=\"robots\" content=\"index, follow, max-snippet:-1, max-image-preview:large, max-video-preview:-1\" \/>\n<link rel=\"canonical\" href=\"https:\/\/dmcsrb.com\/en\/drustvo\/srednjoskolci-i-studenti-posjetili-izlozbu-cvetka-lainovica-u-rektoratu-univerziteta-crne-gore\/\" \/>\n<meta property=\"og:locale\" content=\"en_GB\" \/>\n<meta property=\"og:type\" content=\"article\" \/>\n<meta property=\"og:title\" content=\"Srednjo\u0161kolci i studenti posjetili izlo\u017ebu Cvetka Lainovi\u0107a u Rektoratu Univerziteta Crne Gore - dmcsrb.com\" \/>\n<meta property=\"og:description\" content=\"Izlo\u017ebu \u201eIzme\u0111u linija\u201c, posve\u0107enu stvarala\u0161tvu jednog od najzna\u010dajnijih crnogorskih slikara Cvetka Lainovi\u0107a, danas je posjetila grupa od oko 70 u\u010denika Srednje likovne \u0161kole \u201ePetar Lubarda\u201c i studenata Fakulteta likovnih umjetnosti UCG.\" \/>\n<meta property=\"og:url\" content=\"https:\/\/dmcsrb.com\/en\/drustvo\/srednjoskolci-i-studenti-posjetili-izlozbu-cvetka-lainovica-u-rektoratu-univerziteta-crne-gore\/\" \/>\n<meta property=\"og:site_name\" content=\"dmcsrb.com\" \/>\n<meta property=\"article:published_time\" content=\"2025-11-19T13:12:00+00:00\" \/>\n<meta property=\"og:image\" content=\"https:\/\/dmcsrb.com\/wp-content\/uploads\/2026\/01\/cvetko-lainovic.webp\" \/>\n\t<meta property=\"og:image:width\" content=\"1124\" \/>\n\t<meta property=\"og:image:height\" content=\"659\" \/>\n\t<meta property=\"og:image:type\" content=\"image\/jpeg\" \/>\n<meta name=\"author\" content=\"dmcsrbija.com@gmail.com\" \/>\n<meta name=\"twitter:card\" content=\"summary_large_image\" \/>\n<meta name=\"twitter:label1\" content=\"Written by\" \/>\n\t<meta name=\"twitter:data1\" content=\"dmcsrbija.com@gmail.com\" \/>\n\t<meta name=\"twitter:label2\" content=\"Estimated reading time\" \/>\n\t<meta name=\"twitter:data2\" content=\"1 minute\" \/>\n<script type=\"application\/ld+json\" class=\"yoast-schema-graph\">{\"@context\":\"https:\/\/schema.org\",\"@graph\":[{\"@type\":\"Article\",\"@id\":\"https:\/\/dmcsrb.com\/en\/drustvo\/srednjoskolci-i-studenti-posjetili-izlozbu-cvetka-lainovica-u-rektoratu-univerziteta-crne-gore\/#article\",\"isPartOf\":{\"@id\":\"https:\/\/dmcsrb.com\/en\/drustvo\/srednjoskolci-i-studenti-posjetili-izlozbu-cvetka-lainovica-u-rektoratu-univerziteta-crne-gore\/\"},\"author\":{\"name\":\"dmcsrbija.com@gmail.com\",\"@id\":\"https:\/\/dmcsrb.com\/#\/schema\/person\/5c39170f12db1b8b457732d0b5c854e2\"},\"headline\":\"Srednjo\u0161kolci i studenti posjetili izlo\u017ebu Cvetka Lainovi\u0107a u Rektoratu Univerziteta Crne Gore\",\"datePublished\":\"2025-11-19T13:12:00+00:00\",\"mainEntityOfPage\":{\"@id\":\"https:\/\/dmcsrb.com\/en\/drustvo\/srednjoskolci-i-studenti-posjetili-izlozbu-cvetka-lainovica-u-rektoratu-univerziteta-crne-gore\/\"},\"wordCount\":273,\"commentCount\":0,\"image\":{\"@id\":\"https:\/\/dmcsrb.com\/en\/drustvo\/srednjoskolci-i-studenti-posjetili-izlozbu-cvetka-lainovica-u-rektoratu-univerziteta-crne-gore\/#primaryimage\"},\"thumbnailUrl\":\"https:\/\/dmcsrb.com\/wp-content\/uploads\/2026\/01\/cvetko-lainovic.webp\",\"keywords\":[\"Cvetko Lainovi\u0107\",\"izlo\u017eba\",\"rektorat\",\"srednjoskolci\"],\"articleSection\":[\"Dru\u0161tvo\"],\"inLanguage\":\"en-GB\",\"potentialAction\":[{\"@type\":\"CommentAction\",\"name\":\"Comment\",\"target\":[\"https:\/\/dmcsrb.com\/en\/drustvo\/srednjoskolci-i-studenti-posjetili-izlozbu-cvetka-lainovica-u-rektoratu-univerziteta-crne-gore\/#respond\"]}]},{\"@type\":\"WebPage\",\"@id\":\"https:\/\/dmcsrb.com\/en\/drustvo\/srednjoskolci-i-studenti-posjetili-izlozbu-cvetka-lainovica-u-rektoratu-univerziteta-crne-gore\/\",\"url\":\"https:\/\/dmcsrb.com\/en\/drustvo\/srednjoskolci-i-studenti-posjetili-izlozbu-cvetka-lainovica-u-rektoratu-univerziteta-crne-gore\/\",\"name\":\"Srednjo\u0161kolci i studenti posjetili izlo\u017ebu Cvetka Lainovi\u0107a u Rektoratu Univerziteta Crne Gore - dmcsrb.com\",\"isPartOf\":{\"@id\":\"https:\/\/dmcsrb.com\/#website\"},\"primaryImageOfPage\":{\"@id\":\"https:\/\/dmcsrb.com\/en\/drustvo\/srednjoskolci-i-studenti-posjetili-izlozbu-cvetka-lainovica-u-rektoratu-univerziteta-crne-gore\/#primaryimage\"},\"image\":{\"@id\":\"https:\/\/dmcsrb.com\/en\/drustvo\/srednjoskolci-i-studenti-posjetili-izlozbu-cvetka-lainovica-u-rektoratu-univerziteta-crne-gore\/#primaryimage\"},\"thumbnailUrl\":\"https:\/\/dmcsrb.com\/wp-content\/uploads\/2026\/01\/cvetko-lainovic.webp\",\"datePublished\":\"2025-11-19T13:12:00+00:00\",\"author\":{\"@id\":\"https:\/\/dmcsrb.com\/#\/schema\/person\/5c39170f12db1b8b457732d0b5c854e2\"},\"breadcrumb\":{\"@id\":\"https:\/\/dmcsrb.com\/en\/drustvo\/srednjoskolci-i-studenti-posjetili-izlozbu-cvetka-lainovica-u-rektoratu-univerziteta-crne-gore\/#breadcrumb\"},\"inLanguage\":\"en-GB\",\"potentialAction\":[{\"@type\":\"ReadAction\",\"target\":[\"https:\/\/dmcsrb.com\/en\/drustvo\/srednjoskolci-i-studenti-posjetili-izlozbu-cvetka-lainovica-u-rektoratu-univerziteta-crne-gore\/\"]}]},{\"@type\":\"ImageObject\",\"inLanguage\":\"en-GB\",\"@id\":\"https:\/\/dmcsrb.com\/en\/drustvo\/srednjoskolci-i-studenti-posjetili-izlozbu-cvetka-lainovica-u-rektoratu-univerziteta-crne-gore\/#primaryimage\",\"url\":\"https:\/\/dmcsrb.com\/wp-content\/uploads\/2026\/01\/cvetko-lainovic.webp\",\"contentUrl\":\"https:\/\/dmcsrb.com\/wp-content\/uploads\/2026\/01\/cvetko-lainovic.webp\",\"width\":1124,\"height\":659},{\"@type\":\"BreadcrumbList\",\"@id\":\"https:\/\/dmcsrb.com\/en\/drustvo\/srednjoskolci-i-studenti-posjetili-izlozbu-cvetka-lainovica-u-rektoratu-univerziteta-crne-gore\/#breadcrumb\",\"itemListElement\":[{\"@type\":\"ListItem\",\"position\":1,\"name\":\"Home\",\"item\":\"https:\/\/dmcsrb.com\/\"},{\"@type\":\"ListItem\",\"position\":2,\"name\":\"Srednjo\u0161kolci i studenti posjetili izlo\u017ebu Cvetka Lainovi\u0107a u Rektoratu Univerziteta Crne Gore\"}]},{\"@type\":\"WebSite\",\"@id\":\"https:\/\/dmcsrb.com\/#website\",\"url\":\"https:\/\/dmcsrb.com\/\",\"name\":\"dmcsrb.com\",\"description\":\"\",\"potentialAction\":[{\"@type\":\"SearchAction\",\"target\":{\"@type\":\"EntryPoint\",\"urlTemplate\":\"https:\/\/dmcsrb.com\/?s={search_term_string}\"},\"query-input\":{\"@type\":\"PropertyValueSpecification\",\"valueRequired\":true,\"valueName\":\"search_term_string\"}}],\"inLanguage\":\"en-GB\"},{\"@type\":\"Person\",\"@id\":\"https:\/\/dmcsrb.com\/#\/schema\/person\/5c39170f12db1b8b457732d0b5c854e2\",\"name\":\"dmcsrbija.com@gmail.com\",\"image\":{\"@type\":\"ImageObject\",\"inLanguage\":\"en-GB\",\"@id\":\"https:\/\/dmcsrb.com\/#\/schema\/person\/image\/\",\"url\":\"https:\/\/secure.gravatar.com\/avatar\/68592660ad6347fad0fb587f8d5d8f1a7b44961362f56e4f2cd524feb87e9069?s=96&d=mm&r=g\",\"contentUrl\":\"https:\/\/secure.gravatar.com\/avatar\/68592660ad6347fad0fb587f8d5d8f1a7b44961362f56e4f2cd524feb87e9069?s=96&d=mm&r=g\",\"caption\":\"dmcsrbija.com@gmail.com\"},\"sameAs\":[\"https:\/\/dmcsrb.com\"],\"url\":\"https:\/\/dmcsrb.com\/en\/author\/dmcsrbija-comgmail-com\/\"}]}<\/script>\n<!-- \/ Yoast SEO plugin. -->","yoast_head_json":{"title":"Srednjo\u0161kolci i studenti posjetili izlo\u017ebu Cvetka Lainovi\u0107a u Rektoratu Univerziteta Crne Gore - dmcsrb.com","robots":{"index":"index","follow":"follow","max-snippet":"max-snippet:-1","max-image-preview":"max-image-preview:large","max-video-preview":"max-video-preview:-1"},"canonical":"https:\/\/dmcsrb.com\/en\/drustvo\/srednjoskolci-i-studenti-posjetili-izlozbu-cvetka-lainovica-u-rektoratu-univerziteta-crne-gore\/","og_locale":"en_GB","og_type":"article","og_title":"Srednjo\u0161kolci i studenti posjetili izlo\u017ebu Cvetka Lainovi\u0107a u Rektoratu Univerziteta Crne Gore - dmcsrb.com","og_description":"Izlo\u017ebu \u201eIzme\u0111u linija\u201c, posve\u0107enu stvarala\u0161tvu jednog od najzna\u010dajnijih crnogorskih slikara Cvetka Lainovi\u0107a, danas je posjetila grupa od oko 70 u\u010denika Srednje likovne \u0161kole \u201ePetar Lubarda\u201c i studenata Fakulteta likovnih umjetnosti UCG.","og_url":"https:\/\/dmcsrb.com\/en\/drustvo\/srednjoskolci-i-studenti-posjetili-izlozbu-cvetka-lainovica-u-rektoratu-univerziteta-crne-gore\/","og_site_name":"dmcsrb.com","article_published_time":"2025-11-19T13:12:00+00:00","og_image":[{"width":1124,"height":659,"url":"https:\/\/dmcsrb.com\/wp-content\/uploads\/2026\/01\/cvetko-lainovic.webp","type":"image\/jpeg"}],"author":"dmcsrbija.com@gmail.com","twitter_card":"summary_large_image","twitter_misc":{"Written by":"dmcsrbija.com@gmail.com","Estimated reading time":"1 minute"},"schema":{"@context":"https:\/\/schema.org","@graph":[{"@type":"Article","@id":"https:\/\/dmcsrb.com\/en\/drustvo\/srednjoskolci-i-studenti-posjetili-izlozbu-cvetka-lainovica-u-rektoratu-univerziteta-crne-gore\/#article","isPartOf":{"@id":"https:\/\/dmcsrb.com\/en\/drustvo\/srednjoskolci-i-studenti-posjetili-izlozbu-cvetka-lainovica-u-rektoratu-univerziteta-crne-gore\/"},"author":{"name":"dmcsrbija.com@gmail.com","@id":"https:\/\/dmcsrb.com\/#\/schema\/person\/5c39170f12db1b8b457732d0b5c854e2"},"headline":"Srednjo\u0161kolci i studenti posjetili izlo\u017ebu Cvetka Lainovi\u0107a u Rektoratu Univerziteta Crne Gore","datePublished":"2025-11-19T13:12:00+00:00","mainEntityOfPage":{"@id":"https:\/\/dmcsrb.com\/en\/drustvo\/srednjoskolci-i-studenti-posjetili-izlozbu-cvetka-lainovica-u-rektoratu-univerziteta-crne-gore\/"},"wordCount":273,"commentCount":0,"image":{"@id":"https:\/\/dmcsrb.com\/en\/drustvo\/srednjoskolci-i-studenti-posjetili-izlozbu-cvetka-lainovica-u-rektoratu-univerziteta-crne-gore\/#primaryimage"},"thumbnailUrl":"https:\/\/dmcsrb.com\/wp-content\/uploads\/2026\/01\/cvetko-lainovic.webp","keywords":["Cvetko Lainovi\u0107","izlo\u017eba","rektorat","srednjoskolci"],"articleSection":["Dru\u0161tvo"],"inLanguage":"en-GB","potentialAction":[{"@type":"CommentAction","name":"Comment","target":["https:\/\/dmcsrb.com\/en\/drustvo\/srednjoskolci-i-studenti-posjetili-izlozbu-cvetka-lainovica-u-rektoratu-univerziteta-crne-gore\/#respond"]}]},{"@type":"WebPage","@id":"https:\/\/dmcsrb.com\/en\/drustvo\/srednjoskolci-i-studenti-posjetili-izlozbu-cvetka-lainovica-u-rektoratu-univerziteta-crne-gore\/","url":"https:\/\/dmcsrb.com\/en\/drustvo\/srednjoskolci-i-studenti-posjetili-izlozbu-cvetka-lainovica-u-rektoratu-univerziteta-crne-gore\/","name":"Srednjo\u0161kolci i studenti posjetili izlo\u017ebu Cvetka Lainovi\u0107a u Rektoratu Univerziteta Crne Gore - dmcsrb.com","isPartOf":{"@id":"https:\/\/dmcsrb.com\/#website"},"primaryImageOfPage":{"@id":"https:\/\/dmcsrb.com\/en\/drustvo\/srednjoskolci-i-studenti-posjetili-izlozbu-cvetka-lainovica-u-rektoratu-univerziteta-crne-gore\/#primaryimage"},"image":{"@id":"https:\/\/dmcsrb.com\/en\/drustvo\/srednjoskolci-i-studenti-posjetili-izlozbu-cvetka-lainovica-u-rektoratu-univerziteta-crne-gore\/#primaryimage"},"thumbnailUrl":"https:\/\/dmcsrb.com\/wp-content\/uploads\/2026\/01\/cvetko-lainovic.webp","datePublished":"2025-11-19T13:12:00+00:00","author":{"@id":"https:\/\/dmcsrb.com\/#\/schema\/person\/5c39170f12db1b8b457732d0b5c854e2"},"breadcrumb":{"@id":"https:\/\/dmcsrb.com\/en\/drustvo\/srednjoskolci-i-studenti-posjetili-izlozbu-cvetka-lainovica-u-rektoratu-univerziteta-crne-gore\/#breadcrumb"},"inLanguage":"en-GB","potentialAction":[{"@type":"ReadAction","target":["https:\/\/dmcsrb.com\/en\/drustvo\/srednjoskolci-i-studenti-posjetili-izlozbu-cvetka-lainovica-u-rektoratu-univerziteta-crne-gore\/"]}]},{"@type":"ImageObject","inLanguage":"en-GB","@id":"https:\/\/dmcsrb.com\/en\/drustvo\/srednjoskolci-i-studenti-posjetili-izlozbu-cvetka-lainovica-u-rektoratu-univerziteta-crne-gore\/#primaryimage","url":"https:\/\/dmcsrb.com\/wp-content\/uploads\/2026\/01\/cvetko-lainovic.webp","contentUrl":"https:\/\/dmcsrb.com\/wp-content\/uploads\/2026\/01\/cvetko-lainovic.webp","width":1124,"height":659},{"@type":"BreadcrumbList","@id":"https:\/\/dmcsrb.com\/en\/drustvo\/srednjoskolci-i-studenti-posjetili-izlozbu-cvetka-lainovica-u-rektoratu-univerziteta-crne-gore\/#breadcrumb","itemListElement":[{"@type":"ListItem","position":1,"name":"Home","item":"https:\/\/dmcsrb.com\/"},{"@type":"ListItem","position":2,"name":"Srednjo\u0161kolci i studenti posjetili izlo\u017ebu Cvetka Lainovi\u0107a u Rektoratu Univerziteta Crne Gore"}]},{"@type":"WebSite","@id":"https:\/\/dmcsrb.com\/#website","url":"https:\/\/dmcsrb.com\/","name":"dmcsrb.com","description":"","potentialAction":[{"@type":"SearchAction","target":{"@type":"EntryPoint","urlTemplate":"https:\/\/dmcsrb.com\/?s={search_term_string}"},"query-input":{"@type":"PropertyValueSpecification","valueRequired":true,"valueName":"search_term_string"}}],"inLanguage":"en-GB"},{"@type":"Person","@id":"https:\/\/dmcsrb.com\/#\/schema\/person\/5c39170f12db1b8b457732d0b5c854e2","name":"dmcsrbija.com@gmail.com","image":{"@type":"ImageObject","inLanguage":"en-GB","@id":"https:\/\/dmcsrb.com\/#\/schema\/person\/image\/","url":"https:\/\/secure.gravatar.com\/avatar\/68592660ad6347fad0fb587f8d5d8f1a7b44961362f56e4f2cd524feb87e9069?s=96&d=mm&r=g","contentUrl":"https:\/\/secure.gravatar.com\/avatar\/68592660ad6347fad0fb587f8d5d8f1a7b44961362f56e4f2cd524feb87e9069?s=96&d=mm&r=g","caption":"dmcsrbija.com@gmail.com"},"sameAs":["https:\/\/dmcsrb.com"],"url":"https:\/\/dmcsrb.com\/en\/author\/dmcsrbija-comgmail-com\/"}]}},"_links":{"self":[{"href":"https:\/\/dmcsrb.com\/en\/wp-json\/wp\/v2\/posts\/964447","targetHints":{"allow":["GET"]}}],"collection":[{"href":"https:\/\/dmcsrb.com\/en\/wp-json\/wp\/v2\/posts"}],"about":[{"href":"https:\/\/dmcsrb.com\/en\/wp-json\/wp\/v2\/types\/post"}],"author":[{"embeddable":true,"href":"https:\/\/dmcsrb.com\/en\/wp-json\/wp\/v2\/users\/1"}],"replies":[{"embeddable":true,"href":"https:\/\/dmcsrb.com\/en\/wp-json\/wp\/v2\/comments?post=964447"}],"version-history":[{"count":0,"href":"https:\/\/dmcsrb.com\/en\/wp-json\/wp\/v2\/posts\/964447\/revisions"}],"wp:featuredmedia":[{"embeddable":true,"href":"https:\/\/dmcsrb.com\/en\/wp-json\/wp\/v2\/media\/964448"}],"wp:attachment":[{"href":"https:\/\/dmcsrb.com\/en\/wp-json\/wp\/v2\/media?parent=964447"}],"wp:term":[{"taxonomy":"category","embeddable":true,"href":"https:\/\/dmcsrb.com\/en\/wp-json\/wp\/v2\/categories?post=964447"},{"taxonomy":"post_tag","embeddable":true,"href":"https:\/\/dmcsrb.com\/en\/wp-json\/wp\/v2\/tags?post=964447"},{"taxonomy":"naslovna","embeddable":true,"href":"https:\/\/dmcsrb.com\/en\/wp-json\/wp\/v2\/naslovna?post=964447"}],"curies":[{"name":"wp","href":"https:\/\/api.w.org\/{rel}","templated":true}]}}