{"id":964435,"date":"2025-11-19T12:42:09","date_gmt":"2025-11-19T11:42:09","guid":{"rendered":"https:\/\/dmcsrb.com\/uncategorized\/perisic-naisli-smo-na-jaceg-protivnika\/"},"modified":"2025-11-19T12:42:09","modified_gmt":"2025-11-19T11:42:09","slug":"perisic-naisli-smo-na-jaceg-protivnika","status":"publish","type":"post","link":"https:\/\/dmcsrb.com\/en\/sport\/perisic-naisli-smo-na-jaceg-protivnika\/","title":{"rendered":"Peri\u0161i\u0107: Nai\u0161li smo na ja\u010deg protivnika"},"content":{"rendered":"<p>Na\u0161 nacionalni tim je poveo u 37. minutu, prethodno je Dragan Miranovi\u0107 pogodio pre\u010dku, ali onda je sve krenulo nizbrdo, pa su &#8220;azuri&#8221; stigli do ubjedljive pobjede.<\/p>\n\n\n\n<p>&#8220;Odigrali smo dobro u prvom poluvremenu, na\u017ealost, nijesmo uspjeli da ga privedemo kraju sa vo\u0111stvom, ve\u0107 smo primili gol nakon kornera. U nastavku smo bili nemo\u0107ni, mogu\u0107e zbog lo\u0161eg terena, ali je i Italija pokazala veliki individualni kvalitet. To se i odrazilo na rezultat. Jednostavno, nai\u0161li smo na ja\u010deg protivnika, a na nama je sada da naporno radimo i sa\u010dekamo mart \u0161to spremniji. Tada \u0107emo imati dvije te\u0161ke utakmice, nadam se da \u0107emo u tim i ostalim me\u010devima do kraja kvalifikacija osvojiti \u0161to vi\u0161e bodova&#8221;, rekao je selektor &#8220;sokoli\u0107a&#8221; Goran Peri\u0161i\u0107 nakon me\u010da. <\/p>\n\n\n\n<figure class=\"wp-block-embed is-type-wp-embed is-provider-gradski-portal wp-block-embed-gradski-portal\"><div class=\"wp-block-embed__wrapper\">\nhttps:\/\/gradski.me\/mladi-poveli-pa-stali-poker-italije-kraj-bistrice\/\n<\/div><\/figure>\n\n\n\n<p>Mladi fudbaleri ostali su na tre\u0107em mjestu sa devet bodova, \u0161est manje od Italije, odnosno devet od vode\u0107e Poljske. <\/p>\n\n\n\n<p>Crna Gora kvalifikacije nastavlja u martu, me\u010devima sa Poljskom i \u0160vedskom.<\/p>","protected":false},"excerpt":{"rendered":"<p>Mlada fudbalska reprezentacija Crne Gore pora\u017eena je od Italije (4:1) na Gradskom stadionu u Nik\u0161i\u0107u u \u0161estom kolu grupe E kvalifikacija za Evropsko prvenstvo.<\/p>","protected":false},"author":1,"featured_media":964436,"comment_status":"open","ping_status":"open","sticky":false,"template":"","format":"standard","meta":{"_acf_changed":false,"footnotes":""},"categories":[148],"tags":[6937,4385,6807,6808],"naslovna":[],"class_list":["post-964435","post","type-post","status-publish","format-standard","has-post-thumbnail","hentry","category-sport","tag-goran-perisic","tag-kvalifikacije-za-ep","tag-mlada-fudbalska-reprezentacija-crne-gore","tag-mlada-fudbalska-reprezentacija-italije"],"acf":[],"yoast_head":"<!-- This site is optimized with the Yoast SEO plugin v27.4 - https:\/\/yoast.com\/product\/yoast-seo-wordpress\/ -->\n<title>Peri\u0161i\u0107: Nai\u0161li smo na ja\u010deg protivnika - dmcsrb.com<\/title>\n<meta name=\"robots\" content=\"index, follow, max-snippet:-1, max-image-preview:large, max-video-preview:-1\" \/>\n<link rel=\"canonical\" href=\"https:\/\/dmcsrb.com\/en\/sport\/perisic-naisli-smo-na-jaceg-protivnika\/\" \/>\n<meta property=\"og:locale\" content=\"en_GB\" \/>\n<meta property=\"og:type\" content=\"article\" \/>\n<meta property=\"og:title\" content=\"Peri\u0161i\u0107: Nai\u0161li smo na ja\u010deg protivnika - dmcsrb.com\" \/>\n<meta property=\"og:description\" content=\"Mlada fudbalska reprezentacija Crne Gore pora\u017eena je od Italije (4:1) na Gradskom stadionu u Nik\u0161i\u0107u u \u0161estom kolu grupe E kvalifikacija za Evropsko prvenstvo.\" \/>\n<meta property=\"og:url\" content=\"https:\/\/dmcsrb.com\/en\/sport\/perisic-naisli-smo-na-jaceg-protivnika\/\" \/>\n<meta property=\"og:site_name\" content=\"dmcsrb.com\" \/>\n<meta property=\"article:published_time\" content=\"2025-11-19T11:42:09+00:00\" \/>\n<meta property=\"og:image\" content=\"https:\/\/dmcsrb.com\/wp-content\/uploads\/2026\/01\/Perisic-FSCG.webp\" \/>\n\t<meta property=\"og:image:width\" content=\"1099\" \/>\n\t<meta property=\"og:image:height\" content=\"800\" \/>\n\t<meta property=\"og:image:type\" content=\"image\/jpeg\" \/>\n<meta name=\"author\" content=\"dmcsrbija.com@gmail.com\" \/>\n<meta name=\"twitter:card\" content=\"summary_large_image\" \/>\n<meta name=\"twitter:label1\" content=\"Written by\" \/>\n\t<meta name=\"twitter:data1\" content=\"dmcsrbija.com@gmail.com\" \/>\n\t<meta name=\"twitter:label2\" content=\"Estimated reading time\" \/>\n\t<meta name=\"twitter:data2\" content=\"1 minute\" \/>\n<script type=\"application\/ld+json\" class=\"yoast-schema-graph\">{\"@context\":\"https:\\\/\\\/schema.org\",\"@graph\":[{\"@type\":\"Article\",\"@id\":\"https:\\\/\\\/dmcsrb.com\\\/sport\\\/perisic-naisli-smo-na-jaceg-protivnika\\\/#article\",\"isPartOf\":{\"@id\":\"https:\\\/\\\/dmcsrb.com\\\/sport\\\/perisic-naisli-smo-na-jaceg-protivnika\\\/\"},\"author\":{\"name\":\"dmcsrbija.com@gmail.com\",\"@id\":\"https:\\\/\\\/dmcsrb.com\\\/#\\\/schema\\\/person\\\/5c39170f12db1b8b457732d0b5c854e2\"},\"headline\":\"Peri\u0161i\u0107: Nai\u0161li smo na ja\u010deg protivnika\",\"datePublished\":\"2025-11-19T11:42:09+00:00\",\"mainEntityOfPage\":{\"@id\":\"https:\\\/\\\/dmcsrb.com\\\/sport\\\/perisic-naisli-smo-na-jaceg-protivnika\\\/\"},\"wordCount\":180,\"commentCount\":0,\"image\":{\"@id\":\"https:\\\/\\\/dmcsrb.com\\\/sport\\\/perisic-naisli-smo-na-jaceg-protivnika\\\/#primaryimage\"},\"thumbnailUrl\":\"https:\\\/\\\/dmcsrb.com\\\/wp-content\\\/uploads\\\/2026\\\/01\\\/Perisic-FSCG.webp\",\"keywords\":[\"Goran Peri\u0161i\u0107\",\"kvalifikacije za EP\",\"Mlada fudbalska reprezentacija Crne Gore\",\"Mlada fudbalska reprezentacija Italije\"],\"articleSection\":[\"Sport\"],\"inLanguage\":\"en-GB\",\"potentialAction\":[{\"@type\":\"CommentAction\",\"name\":\"Comment\",\"target\":[\"https:\\\/\\\/dmcsrb.com\\\/sport\\\/perisic-naisli-smo-na-jaceg-protivnika\\\/#respond\"]}]},{\"@type\":\"WebPage\",\"@id\":\"https:\\\/\\\/dmcsrb.com\\\/sport\\\/perisic-naisli-smo-na-jaceg-protivnika\\\/\",\"url\":\"https:\\\/\\\/dmcsrb.com\\\/sport\\\/perisic-naisli-smo-na-jaceg-protivnika\\\/\",\"name\":\"Peri\u0161i\u0107: Nai\u0161li smo na ja\u010deg protivnika - dmcsrb.com\",\"isPartOf\":{\"@id\":\"https:\\\/\\\/dmcsrb.com\\\/#website\"},\"primaryImageOfPage\":{\"@id\":\"https:\\\/\\\/dmcsrb.com\\\/sport\\\/perisic-naisli-smo-na-jaceg-protivnika\\\/#primaryimage\"},\"image\":{\"@id\":\"https:\\\/\\\/dmcsrb.com\\\/sport\\\/perisic-naisli-smo-na-jaceg-protivnika\\\/#primaryimage\"},\"thumbnailUrl\":\"https:\\\/\\\/dmcsrb.com\\\/wp-content\\\/uploads\\\/2026\\\/01\\\/Perisic-FSCG.webp\",\"datePublished\":\"2025-11-19T11:42:09+00:00\",\"author\":{\"@id\":\"https:\\\/\\\/dmcsrb.com\\\/#\\\/schema\\\/person\\\/5c39170f12db1b8b457732d0b5c854e2\"},\"breadcrumb\":{\"@id\":\"https:\\\/\\\/dmcsrb.com\\\/sport\\\/perisic-naisli-smo-na-jaceg-protivnika\\\/#breadcrumb\"},\"inLanguage\":\"en-GB\",\"potentialAction\":[{\"@type\":\"ReadAction\",\"target\":[\"https:\\\/\\\/dmcsrb.com\\\/sport\\\/perisic-naisli-smo-na-jaceg-protivnika\\\/\"]}]},{\"@type\":\"ImageObject\",\"inLanguage\":\"en-GB\",\"@id\":\"https:\\\/\\\/dmcsrb.com\\\/sport\\\/perisic-naisli-smo-na-jaceg-protivnika\\\/#primaryimage\",\"url\":\"https:\\\/\\\/dmcsrb.com\\\/wp-content\\\/uploads\\\/2026\\\/01\\\/Perisic-FSCG.webp\",\"contentUrl\":\"https:\\\/\\\/dmcsrb.com\\\/wp-content\\\/uploads\\\/2026\\\/01\\\/Perisic-FSCG.webp\",\"width\":1099,\"height\":800},{\"@type\":\"BreadcrumbList\",\"@id\":\"https:\\\/\\\/dmcsrb.com\\\/sport\\\/perisic-naisli-smo-na-jaceg-protivnika\\\/#breadcrumb\",\"itemListElement\":[{\"@type\":\"ListItem\",\"position\":1,\"name\":\"Home\",\"item\":\"https:\\\/\\\/dmcsrb.com\\\/\"},{\"@type\":\"ListItem\",\"position\":2,\"name\":\"Peri\u0161i\u0107: Nai\u0161li smo na ja\u010deg protivnika\"}]},{\"@type\":\"WebSite\",\"@id\":\"https:\\\/\\\/dmcsrb.com\\\/#website\",\"url\":\"https:\\\/\\\/dmcsrb.com\\\/\",\"name\":\"dmcsrb.com\",\"description\":\"\",\"potentialAction\":[{\"@type\":\"SearchAction\",\"target\":{\"@type\":\"EntryPoint\",\"urlTemplate\":\"https:\\\/\\\/dmcsrb.com\\\/?s={search_term_string}\"},\"query-input\":{\"@type\":\"PropertyValueSpecification\",\"valueRequired\":true,\"valueName\":\"search_term_string\"}}],\"inLanguage\":\"en-GB\"},{\"@type\":\"Person\",\"@id\":\"https:\\\/\\\/dmcsrb.com\\\/#\\\/schema\\\/person\\\/5c39170f12db1b8b457732d0b5c854e2\",\"name\":\"dmcsrbija.com@gmail.com\",\"image\":{\"@type\":\"ImageObject\",\"inLanguage\":\"en-GB\",\"@id\":\"https:\\\/\\\/secure.gravatar.com\\\/avatar\\\/68592660ad6347fad0fb587f8d5d8f1a7b44961362f56e4f2cd524feb87e9069?s=96&d=mm&r=g\",\"url\":\"https:\\\/\\\/secure.gravatar.com\\\/avatar\\\/68592660ad6347fad0fb587f8d5d8f1a7b44961362f56e4f2cd524feb87e9069?s=96&d=mm&r=g\",\"contentUrl\":\"https:\\\/\\\/secure.gravatar.com\\\/avatar\\\/68592660ad6347fad0fb587f8d5d8f1a7b44961362f56e4f2cd524feb87e9069?s=96&d=mm&r=g\",\"caption\":\"dmcsrbija.com@gmail.com\"},\"sameAs\":[\"https:\\\/\\\/dmcsrb.com\"],\"url\":\"https:\\\/\\\/dmcsrb.com\\\/en\\\/author\\\/dmcsrbija-comgmail-com\\\/\"}]}<\/script>\n<!-- \/ Yoast SEO plugin. -->","yoast_head_json":{"title":"Peri\u0161i\u0107: Nai\u0161li smo na ja\u010deg protivnika - dmcsrb.com","robots":{"index":"index","follow":"follow","max-snippet":"max-snippet:-1","max-image-preview":"max-image-preview:large","max-video-preview":"max-video-preview:-1"},"canonical":"https:\/\/dmcsrb.com\/en\/sport\/perisic-naisli-smo-na-jaceg-protivnika\/","og_locale":"en_GB","og_type":"article","og_title":"Peri\u0161i\u0107: Nai\u0161li smo na ja\u010deg protivnika - dmcsrb.com","og_description":"Mlada fudbalska reprezentacija Crne Gore pora\u017eena je od Italije (4:1) na Gradskom stadionu u Nik\u0161i\u0107u u \u0161estom kolu grupe E kvalifikacija za Evropsko prvenstvo.","og_url":"https:\/\/dmcsrb.com\/en\/sport\/perisic-naisli-smo-na-jaceg-protivnika\/","og_site_name":"dmcsrb.com","article_published_time":"2025-11-19T11:42:09+00:00","og_image":[{"width":1099,"height":800,"url":"https:\/\/dmcsrb.com\/wp-content\/uploads\/2026\/01\/Perisic-FSCG.webp","type":"image\/jpeg"}],"author":"dmcsrbija.com@gmail.com","twitter_card":"summary_large_image","twitter_misc":{"Written by":"dmcsrbija.com@gmail.com","Estimated reading time":"1 minute"},"schema":{"@context":"https:\/\/schema.org","@graph":[{"@type":"Article","@id":"https:\/\/dmcsrb.com\/sport\/perisic-naisli-smo-na-jaceg-protivnika\/#article","isPartOf":{"@id":"https:\/\/dmcsrb.com\/sport\/perisic-naisli-smo-na-jaceg-protivnika\/"},"author":{"name":"dmcsrbija.com@gmail.com","@id":"https:\/\/dmcsrb.com\/#\/schema\/person\/5c39170f12db1b8b457732d0b5c854e2"},"headline":"Peri\u0161i\u0107: Nai\u0161li smo na ja\u010deg protivnika","datePublished":"2025-11-19T11:42:09+00:00","mainEntityOfPage":{"@id":"https:\/\/dmcsrb.com\/sport\/perisic-naisli-smo-na-jaceg-protivnika\/"},"wordCount":180,"commentCount":0,"image":{"@id":"https:\/\/dmcsrb.com\/sport\/perisic-naisli-smo-na-jaceg-protivnika\/#primaryimage"},"thumbnailUrl":"https:\/\/dmcsrb.com\/wp-content\/uploads\/2026\/01\/Perisic-FSCG.webp","keywords":["Goran Peri\u0161i\u0107","kvalifikacije za EP","Mlada fudbalska reprezentacija Crne Gore","Mlada fudbalska reprezentacija Italije"],"articleSection":["Sport"],"inLanguage":"en-GB","potentialAction":[{"@type":"CommentAction","name":"Comment","target":["https:\/\/dmcsrb.com\/sport\/perisic-naisli-smo-na-jaceg-protivnika\/#respond"]}]},{"@type":"WebPage","@id":"https:\/\/dmcsrb.com\/sport\/perisic-naisli-smo-na-jaceg-protivnika\/","url":"https:\/\/dmcsrb.com\/sport\/perisic-naisli-smo-na-jaceg-protivnika\/","name":"Peri\u0161i\u0107: Nai\u0161li smo na ja\u010deg protivnika - dmcsrb.com","isPartOf":{"@id":"https:\/\/dmcsrb.com\/#website"},"primaryImageOfPage":{"@id":"https:\/\/dmcsrb.com\/sport\/perisic-naisli-smo-na-jaceg-protivnika\/#primaryimage"},"image":{"@id":"https:\/\/dmcsrb.com\/sport\/perisic-naisli-smo-na-jaceg-protivnika\/#primaryimage"},"thumbnailUrl":"https:\/\/dmcsrb.com\/wp-content\/uploads\/2026\/01\/Perisic-FSCG.webp","datePublished":"2025-11-19T11:42:09+00:00","author":{"@id":"https:\/\/dmcsrb.com\/#\/schema\/person\/5c39170f12db1b8b457732d0b5c854e2"},"breadcrumb":{"@id":"https:\/\/dmcsrb.com\/sport\/perisic-naisli-smo-na-jaceg-protivnika\/#breadcrumb"},"inLanguage":"en-GB","potentialAction":[{"@type":"ReadAction","target":["https:\/\/dmcsrb.com\/sport\/perisic-naisli-smo-na-jaceg-protivnika\/"]}]},{"@type":"ImageObject","inLanguage":"en-GB","@id":"https:\/\/dmcsrb.com\/sport\/perisic-naisli-smo-na-jaceg-protivnika\/#primaryimage","url":"https:\/\/dmcsrb.com\/wp-content\/uploads\/2026\/01\/Perisic-FSCG.webp","contentUrl":"https:\/\/dmcsrb.com\/wp-content\/uploads\/2026\/01\/Perisic-FSCG.webp","width":1099,"height":800},{"@type":"BreadcrumbList","@id":"https:\/\/dmcsrb.com\/sport\/perisic-naisli-smo-na-jaceg-protivnika\/#breadcrumb","itemListElement":[{"@type":"ListItem","position":1,"name":"Home","item":"https:\/\/dmcsrb.com\/"},{"@type":"ListItem","position":2,"name":"Peri\u0161i\u0107: Nai\u0161li smo na ja\u010deg protivnika"}]},{"@type":"WebSite","@id":"https:\/\/dmcsrb.com\/#website","url":"https:\/\/dmcsrb.com\/","name":"dmcsrb.com","description":"","potentialAction":[{"@type":"SearchAction","target":{"@type":"EntryPoint","urlTemplate":"https:\/\/dmcsrb.com\/?s={search_term_string}"},"query-input":{"@type":"PropertyValueSpecification","valueRequired":true,"valueName":"search_term_string"}}],"inLanguage":"en-GB"},{"@type":"Person","@id":"https:\/\/dmcsrb.com\/#\/schema\/person\/5c39170f12db1b8b457732d0b5c854e2","name":"dmcsrbija.com@gmail.com","image":{"@type":"ImageObject","inLanguage":"en-GB","@id":"https:\/\/secure.gravatar.com\/avatar\/68592660ad6347fad0fb587f8d5d8f1a7b44961362f56e4f2cd524feb87e9069?s=96&d=mm&r=g","url":"https:\/\/secure.gravatar.com\/avatar\/68592660ad6347fad0fb587f8d5d8f1a7b44961362f56e4f2cd524feb87e9069?s=96&d=mm&r=g","contentUrl":"https:\/\/secure.gravatar.com\/avatar\/68592660ad6347fad0fb587f8d5d8f1a7b44961362f56e4f2cd524feb87e9069?s=96&d=mm&r=g","caption":"dmcsrbija.com@gmail.com"},"sameAs":["https:\/\/dmcsrb.com"],"url":"https:\/\/dmcsrb.com\/en\/author\/dmcsrbija-comgmail-com\/"}]}},"_links":{"self":[{"href":"https:\/\/dmcsrb.com\/en\/wp-json\/wp\/v2\/posts\/964435","targetHints":{"allow":["GET"]}}],"collection":[{"href":"https:\/\/dmcsrb.com\/en\/wp-json\/wp\/v2\/posts"}],"about":[{"href":"https:\/\/dmcsrb.com\/en\/wp-json\/wp\/v2\/types\/post"}],"author":[{"embeddable":true,"href":"https:\/\/dmcsrb.com\/en\/wp-json\/wp\/v2\/users\/1"}],"replies":[{"embeddable":true,"href":"https:\/\/dmcsrb.com\/en\/wp-json\/wp\/v2\/comments?post=964435"}],"version-history":[{"count":0,"href":"https:\/\/dmcsrb.com\/en\/wp-json\/wp\/v2\/posts\/964435\/revisions"}],"wp:featuredmedia":[{"embeddable":true,"href":"https:\/\/dmcsrb.com\/en\/wp-json\/wp\/v2\/media\/964436"}],"wp:attachment":[{"href":"https:\/\/dmcsrb.com\/en\/wp-json\/wp\/v2\/media?parent=964435"}],"wp:term":[{"taxonomy":"category","embeddable":true,"href":"https:\/\/dmcsrb.com\/en\/wp-json\/wp\/v2\/categories?post=964435"},{"taxonomy":"post_tag","embeddable":true,"href":"https:\/\/dmcsrb.com\/en\/wp-json\/wp\/v2\/tags?post=964435"},{"taxonomy":"naslovna","embeddable":true,"href":"https:\/\/dmcsrb.com\/en\/wp-json\/wp\/v2\/naslovna?post=964435"}],"curies":[{"name":"wp","href":"https:\/\/api.w.org\/{rel}","templated":true}]}}