{"id":964429,"date":"2025-11-19T12:57:00","date_gmt":"2025-11-19T11:57:00","guid":{"rendered":"https:\/\/dmcsrb.com\/uncategorized\/knjiga-tragom-crnogorskih-klesara-predstavljena-u-matici-crnogorskoj\/"},"modified":"2025-11-19T12:57:00","modified_gmt":"2025-11-19T11:57:00","slug":"knjiga-tragom-crnogorskih-klesara-predstavljena-u-matici-crnogorskoj","status":"publish","type":"post","link":"https:\/\/dmcsrb.com\/en\/nekategorisano\/knjiga-tragom-crnogorskih-klesara-predstavljena-u-matici-crnogorskoj\/","title":{"rendered":"Knjiga &#8220;Tragom crnogorskih klesara&#8221; predstavljena u Matici crnogorskoj"},"content":{"rendered":"<p><\/p>\n\n\n\n<p><\/p>\n\n\n\n<p>Objavljivanje serijala \u201eU potrazi za narodnim klesarima\u201c u \u010dasopisu Matica u \u010detiri nastavka prethodilo je ovoj knjizi, kao i dvodecenijsko istra\u017eivanje, posebno intenzivirano od 2021. godine.<\/p>\n\n\n\n<p>Tri godine \u010cuki\u0107 je, kako podsje\u0107aju iz Matice, obilazio groblja po Crnoj Gori, ali i Albaniji, Bosni i Hercegovini i Srbiji, pretra\u017euju\u0107i arhive i povezuju\u0107i imena s djelima, a jo\u0161 \u010de\u0161\u0107e djela s imenima.<\/p>\n\n\n\n<p>Na pitanje za\u0161to je jedno ovako veliko istra\u017eivanje \u010dekalo da tek danas bude sprovedeno, \u010cuki\u0107 je podsjetio da je sedamdesetih i osamdesetih godina bilo \u010dasopisa koji su se bavili objavljivanjem rezultata istra\u017eivanja sa terena.<\/p>\n\n\n\n<p>\u201cOd sredine osamdesetih nadalje nestaju \u010dasopisi i mediji preko kojih nau\u010dne novosti dolaze do stru\u010dne i lai\u010dke publike. Nestaje istra\u017eiva\u010dki duh. I u onom velikom zamahu od 1955. do 1990. mnogo je stvari propu\u0161teno, a poslije devedesete takore\u0107i vrlo malo se toga de\u0161avalo, obi\u010dno se prepisivalo\u201d, rekao je \u010cuki\u0107 i dodao da je svim svojim bi\u0107em zainteresovan da se kulturno-istorijska ba\u0161tina Crne Gore otkrije u svim svojim segmentima, da se sistematizuje i da se na taj na\u010din omogu\u0107i naredna istra\u017eiva\u010dka etapa.<\/p>\n\n\n\n<p>Na pitanje da li se zakasnilo s istra\u017eivanjem, budu\u0107i da su ste\u0107ci izlo\u017eeni i klimatskim promjenama i nemaru institucija i stanovnika naselja u kojima se nalaze, \u010cuki\u0107 tvrdi da nikad nije kasno.<\/p>\n\n\n\n<p>\u201cToliko je toga na crnogorskom tlu nevidljivo a ogromno je graditeljsko i spomeni\u010dko blago koje niko nije obuhvatio u adekvatne studije, pore\u0111ao, napravio jedan pregled graditeljske i spomeni\u010dke ba\u0161tine koja je frapantna\u201d, rekao je \u010cuki\u0107, nastavak je saop\u0161tenja.<\/p>\n\n\n\n<p>De\u0161avalo mu se da ode za jednu informaciju, a da se pojavi druga oko koje se otvori jo\u0161 bolja pri\u010da \u2013 objasnio je \u010cuki\u0107, i istra\u017eivanju se jo\u0161 uvijek ne nazire kraj.<\/p>\n\n\n\n<p>Masovnija izrada skupih grobnica se, prema \u010cuki\u0107u, de\u0161ava nakon Berlinskog kongresa kad su pojedini stanovnici po\u010deli da sti\u010du bogatstvo, uglavnom u inostranstvu.<\/p>\n\n\n\n<p>\u201cPotpisi majstora na tim grobnicama su veoma rijetki. Imamo jednoga koji je po sklonosti ka potpisivanju mimo ostalih \u2013 Blagoje Laki\u0107evi\u0107. Njegove rukotvorine mo\u017eete da vidite u Mo\u0161tanici, u Ri\u0111anima, u Trnjanima, u R\u017eanom dolu\u2026 Svi ostali se potpisuju po jedanput\u201d, rekao je \u010cuki\u0107.<\/p>\n\n\n\n<p>Nakon oficijelnog dijela promocije, u razgovoru s \u010cuki\u0107em je u\u010destvovala i publika<\/p>","protected":false},"excerpt":{"rendered":"<p>\u201cOvo izdanje koje je Matica crnogorska nedavno objavila, je poku\u0161aj da se rasvijetli jedno neobra\u0111eno polje crnogorske pro\u0161losti i da se otvori i ne izgubi pri\u010da o na\u0161im klesarima kojoj je prijetilo da bude presko\u010dena, a otkriva nam gdje su po\u010deci ozbiljne gradnje u Crnoj Gori\u201d, saop\u0161teno je iz Matice crnogorske.<\/p>","protected":false},"author":1,"featured_media":964430,"comment_status":"open","ping_status":"open","sticky":false,"template":"","format":"standard","meta":{"_acf_changed":false,"footnotes":""},"categories":[16320],"tags":[1226,14793],"naslovna":[],"class_list":["post-964429","post","type-post","status-publish","format-standard","has-post-thumbnail","hentry","category-nekategorisano","tag-matica-crnogorska","tag-tragom-crnogorskih-klesara"],"acf":[],"yoast_head":"<!-- This site is optimized with the Yoast SEO plugin v27.0 - https:\/\/yoast.com\/product\/yoast-seo-wordpress\/ -->\n<title>Knjiga &quot;Tragom crnogorskih klesara&quot; predstavljena u Matici crnogorskoj - dmcsrb.com<\/title>\n<meta name=\"robots\" content=\"index, follow, max-snippet:-1, max-image-preview:large, max-video-preview:-1\" \/>\n<link rel=\"canonical\" href=\"https:\/\/dmcsrb.com\/en\/nekategorisano\/knjiga-tragom-crnogorskih-klesara-predstavljena-u-matici-crnogorskoj\/\" \/>\n<meta property=\"og:locale\" content=\"en_GB\" \/>\n<meta property=\"og:type\" content=\"article\" \/>\n<meta property=\"og:title\" content=\"Knjiga &quot;Tragom crnogorskih klesara&quot; predstavljena u Matici crnogorskoj - dmcsrb.com\" \/>\n<meta property=\"og:description\" content=\"\u201cOvo izdanje koje je Matica crnogorska nedavno objavila, je poku\u0161aj da se rasvijetli jedno neobra\u0111eno polje crnogorske pro\u0161losti i da se otvori i ne izgubi pri\u010da o na\u0161im klesarima kojoj je prijetilo da bude presko\u010dena, a otkriva nam gdje su po\u010deci ozbiljne gradnje u Crnoj Gori\u201d, saop\u0161teno je iz Matice crnogorske.\" \/>\n<meta property=\"og:url\" content=\"https:\/\/dmcsrb.com\/en\/nekategorisano\/knjiga-tragom-crnogorskih-klesara-predstavljena-u-matici-crnogorskoj\/\" \/>\n<meta property=\"og:site_name\" content=\"dmcsrb.com\" \/>\n<meta property=\"article:published_time\" content=\"2025-11-19T11:57:00+00:00\" \/>\n<meta property=\"og:image\" content=\"https:\/\/dmcsrb.com\/wp-content\/uploads\/2026\/01\/MC1.webp\" \/>\n\t<meta property=\"og:image:width\" content=\"1280\" \/>\n\t<meta property=\"og:image:height\" content=\"624\" \/>\n\t<meta property=\"og:image:type\" content=\"image\/jpeg\" \/>\n<meta name=\"author\" content=\"dmcsrbija.com@gmail.com\" \/>\n<meta name=\"twitter:card\" content=\"summary_large_image\" \/>\n<meta name=\"twitter:label1\" content=\"Written by\" \/>\n\t<meta name=\"twitter:data1\" content=\"dmcsrbija.com@gmail.com\" \/>\n\t<meta name=\"twitter:label2\" content=\"Estimated reading time\" \/>\n\t<meta name=\"twitter:data2\" content=\"2 minutes\" \/>\n<script type=\"application\/ld+json\" class=\"yoast-schema-graph\">{\"@context\":\"https:\/\/schema.org\",\"@graph\":[{\"@type\":\"Article\",\"@id\":\"https:\/\/dmcsrb.com\/nekategorisano\/knjiga-tragom-crnogorskih-klesara-predstavljena-u-matici-crnogorskoj\/#article\",\"isPartOf\":{\"@id\":\"https:\/\/dmcsrb.com\/nekategorisano\/knjiga-tragom-crnogorskih-klesara-predstavljena-u-matici-crnogorskoj\/\"},\"author\":{\"name\":\"dmcsrbija.com@gmail.com\",\"@id\":\"https:\/\/dmcsrb.com\/#\/schema\/person\/5c39170f12db1b8b457732d0b5c854e2\"},\"headline\":\"Knjiga &#8220;Tragom crnogorskih klesara&#8221; predstavljena u Matici crnogorskoj\",\"datePublished\":\"2025-11-19T11:57:00+00:00\",\"mainEntityOfPage\":{\"@id\":\"https:\/\/dmcsrb.com\/nekategorisano\/knjiga-tragom-crnogorskih-klesara-predstavljena-u-matici-crnogorskoj\/\"},\"wordCount\":405,\"commentCount\":0,\"image\":{\"@id\":\"https:\/\/dmcsrb.com\/nekategorisano\/knjiga-tragom-crnogorskih-klesara-predstavljena-u-matici-crnogorskoj\/#primaryimage\"},\"thumbnailUrl\":\"https:\/\/dmcsrb.com\/wp-content\/uploads\/2026\/01\/MC1.webp\",\"keywords\":[\"Matica Crnogorska\",\"Tragom crnogorskih klesara\"],\"articleSection\":[\"Nekategorisano\"],\"inLanguage\":\"en-GB\",\"potentialAction\":[{\"@type\":\"CommentAction\",\"name\":\"Comment\",\"target\":[\"https:\/\/dmcsrb.com\/nekategorisano\/knjiga-tragom-crnogorskih-klesara-predstavljena-u-matici-crnogorskoj\/#respond\"]}]},{\"@type\":\"WebPage\",\"@id\":\"https:\/\/dmcsrb.com\/nekategorisano\/knjiga-tragom-crnogorskih-klesara-predstavljena-u-matici-crnogorskoj\/\",\"url\":\"https:\/\/dmcsrb.com\/nekategorisano\/knjiga-tragom-crnogorskih-klesara-predstavljena-u-matici-crnogorskoj\/\",\"name\":\"Knjiga \\\"Tragom crnogorskih klesara\\\" predstavljena u Matici crnogorskoj - dmcsrb.com\",\"isPartOf\":{\"@id\":\"https:\/\/dmcsrb.com\/#website\"},\"primaryImageOfPage\":{\"@id\":\"https:\/\/dmcsrb.com\/nekategorisano\/knjiga-tragom-crnogorskih-klesara-predstavljena-u-matici-crnogorskoj\/#primaryimage\"},\"image\":{\"@id\":\"https:\/\/dmcsrb.com\/nekategorisano\/knjiga-tragom-crnogorskih-klesara-predstavljena-u-matici-crnogorskoj\/#primaryimage\"},\"thumbnailUrl\":\"https:\/\/dmcsrb.com\/wp-content\/uploads\/2026\/01\/MC1.webp\",\"datePublished\":\"2025-11-19T11:57:00+00:00\",\"author\":{\"@id\":\"https:\/\/dmcsrb.com\/#\/schema\/person\/5c39170f12db1b8b457732d0b5c854e2\"},\"breadcrumb\":{\"@id\":\"https:\/\/dmcsrb.com\/nekategorisano\/knjiga-tragom-crnogorskih-klesara-predstavljena-u-matici-crnogorskoj\/#breadcrumb\"},\"inLanguage\":\"en-GB\",\"potentialAction\":[{\"@type\":\"ReadAction\",\"target\":[\"https:\/\/dmcsrb.com\/nekategorisano\/knjiga-tragom-crnogorskih-klesara-predstavljena-u-matici-crnogorskoj\/\"]}]},{\"@type\":\"ImageObject\",\"inLanguage\":\"en-GB\",\"@id\":\"https:\/\/dmcsrb.com\/nekategorisano\/knjiga-tragom-crnogorskih-klesara-predstavljena-u-matici-crnogorskoj\/#primaryimage\",\"url\":\"https:\/\/dmcsrb.com\/wp-content\/uploads\/2026\/01\/MC1.webp\",\"contentUrl\":\"https:\/\/dmcsrb.com\/wp-content\/uploads\/2026\/01\/MC1.webp\",\"width\":1280,\"height\":624},{\"@type\":\"BreadcrumbList\",\"@id\":\"https:\/\/dmcsrb.com\/nekategorisano\/knjiga-tragom-crnogorskih-klesara-predstavljena-u-matici-crnogorskoj\/#breadcrumb\",\"itemListElement\":[{\"@type\":\"ListItem\",\"position\":1,\"name\":\"Home\",\"item\":\"https:\/\/dmcsrb.com\/\"},{\"@type\":\"ListItem\",\"position\":2,\"name\":\"Knjiga &#8220;Tragom crnogorskih klesara&#8221; predstavljena u Matici crnogorskoj\"}]},{\"@type\":\"WebSite\",\"@id\":\"https:\/\/dmcsrb.com\/#website\",\"url\":\"https:\/\/dmcsrb.com\/\",\"name\":\"dmcsrb.com\",\"description\":\"\",\"potentialAction\":[{\"@type\":\"SearchAction\",\"target\":{\"@type\":\"EntryPoint\",\"urlTemplate\":\"https:\/\/dmcsrb.com\/?s={search_term_string}\"},\"query-input\":{\"@type\":\"PropertyValueSpecification\",\"valueRequired\":true,\"valueName\":\"search_term_string\"}}],\"inLanguage\":\"en-GB\"},{\"@type\":\"Person\",\"@id\":\"https:\/\/dmcsrb.com\/#\/schema\/person\/5c39170f12db1b8b457732d0b5c854e2\",\"name\":\"dmcsrbija.com@gmail.com\",\"image\":{\"@type\":\"ImageObject\",\"inLanguage\":\"en-GB\",\"@id\":\"https:\/\/dmcsrb.com\/#\/schema\/person\/image\/\",\"url\":\"https:\/\/secure.gravatar.com\/avatar\/68592660ad6347fad0fb587f8d5d8f1a7b44961362f56e4f2cd524feb87e9069?s=96&d=mm&r=g\",\"contentUrl\":\"https:\/\/secure.gravatar.com\/avatar\/68592660ad6347fad0fb587f8d5d8f1a7b44961362f56e4f2cd524feb87e9069?s=96&d=mm&r=g\",\"caption\":\"dmcsrbija.com@gmail.com\"},\"sameAs\":[\"https:\/\/dmcsrb.com\"],\"url\":\"https:\/\/dmcsrb.com\/en\/author\/dmcsrbija-comgmail-com\/\"}]}<\/script>\n<!-- \/ Yoast SEO plugin. -->","yoast_head_json":{"title":"Knjiga \"Tragom crnogorskih klesara\" predstavljena u Matici crnogorskoj - dmcsrb.com","robots":{"index":"index","follow":"follow","max-snippet":"max-snippet:-1","max-image-preview":"max-image-preview:large","max-video-preview":"max-video-preview:-1"},"canonical":"https:\/\/dmcsrb.com\/en\/nekategorisano\/knjiga-tragom-crnogorskih-klesara-predstavljena-u-matici-crnogorskoj\/","og_locale":"en_GB","og_type":"article","og_title":"Knjiga \"Tragom crnogorskih klesara\" predstavljena u Matici crnogorskoj - dmcsrb.com","og_description":"\u201cOvo izdanje koje je Matica crnogorska nedavno objavila, je poku\u0161aj da se rasvijetli jedno neobra\u0111eno polje crnogorske pro\u0161losti i da se otvori i ne izgubi pri\u010da o na\u0161im klesarima kojoj je prijetilo da bude presko\u010dena, a otkriva nam gdje su po\u010deci ozbiljne gradnje u Crnoj Gori\u201d, saop\u0161teno je iz Matice crnogorske.","og_url":"https:\/\/dmcsrb.com\/en\/nekategorisano\/knjiga-tragom-crnogorskih-klesara-predstavljena-u-matici-crnogorskoj\/","og_site_name":"dmcsrb.com","article_published_time":"2025-11-19T11:57:00+00:00","og_image":[{"width":1280,"height":624,"url":"https:\/\/dmcsrb.com\/wp-content\/uploads\/2026\/01\/MC1.webp","type":"image\/jpeg"}],"author":"dmcsrbija.com@gmail.com","twitter_card":"summary_large_image","twitter_misc":{"Written by":"dmcsrbija.com@gmail.com","Estimated reading time":"2 minutes"},"schema":{"@context":"https:\/\/schema.org","@graph":[{"@type":"Article","@id":"https:\/\/dmcsrb.com\/nekategorisano\/knjiga-tragom-crnogorskih-klesara-predstavljena-u-matici-crnogorskoj\/#article","isPartOf":{"@id":"https:\/\/dmcsrb.com\/nekategorisano\/knjiga-tragom-crnogorskih-klesara-predstavljena-u-matici-crnogorskoj\/"},"author":{"name":"dmcsrbija.com@gmail.com","@id":"https:\/\/dmcsrb.com\/#\/schema\/person\/5c39170f12db1b8b457732d0b5c854e2"},"headline":"Knjiga &#8220;Tragom crnogorskih klesara&#8221; predstavljena u Matici crnogorskoj","datePublished":"2025-11-19T11:57:00+00:00","mainEntityOfPage":{"@id":"https:\/\/dmcsrb.com\/nekategorisano\/knjiga-tragom-crnogorskih-klesara-predstavljena-u-matici-crnogorskoj\/"},"wordCount":405,"commentCount":0,"image":{"@id":"https:\/\/dmcsrb.com\/nekategorisano\/knjiga-tragom-crnogorskih-klesara-predstavljena-u-matici-crnogorskoj\/#primaryimage"},"thumbnailUrl":"https:\/\/dmcsrb.com\/wp-content\/uploads\/2026\/01\/MC1.webp","keywords":["Matica Crnogorska","Tragom crnogorskih klesara"],"articleSection":["Nekategorisano"],"inLanguage":"en-GB","potentialAction":[{"@type":"CommentAction","name":"Comment","target":["https:\/\/dmcsrb.com\/nekategorisano\/knjiga-tragom-crnogorskih-klesara-predstavljena-u-matici-crnogorskoj\/#respond"]}]},{"@type":"WebPage","@id":"https:\/\/dmcsrb.com\/nekategorisano\/knjiga-tragom-crnogorskih-klesara-predstavljena-u-matici-crnogorskoj\/","url":"https:\/\/dmcsrb.com\/nekategorisano\/knjiga-tragom-crnogorskih-klesara-predstavljena-u-matici-crnogorskoj\/","name":"Knjiga \"Tragom crnogorskih klesara\" predstavljena u Matici crnogorskoj - dmcsrb.com","isPartOf":{"@id":"https:\/\/dmcsrb.com\/#website"},"primaryImageOfPage":{"@id":"https:\/\/dmcsrb.com\/nekategorisano\/knjiga-tragom-crnogorskih-klesara-predstavljena-u-matici-crnogorskoj\/#primaryimage"},"image":{"@id":"https:\/\/dmcsrb.com\/nekategorisano\/knjiga-tragom-crnogorskih-klesara-predstavljena-u-matici-crnogorskoj\/#primaryimage"},"thumbnailUrl":"https:\/\/dmcsrb.com\/wp-content\/uploads\/2026\/01\/MC1.webp","datePublished":"2025-11-19T11:57:00+00:00","author":{"@id":"https:\/\/dmcsrb.com\/#\/schema\/person\/5c39170f12db1b8b457732d0b5c854e2"},"breadcrumb":{"@id":"https:\/\/dmcsrb.com\/nekategorisano\/knjiga-tragom-crnogorskih-klesara-predstavljena-u-matici-crnogorskoj\/#breadcrumb"},"inLanguage":"en-GB","potentialAction":[{"@type":"ReadAction","target":["https:\/\/dmcsrb.com\/nekategorisano\/knjiga-tragom-crnogorskih-klesara-predstavljena-u-matici-crnogorskoj\/"]}]},{"@type":"ImageObject","inLanguage":"en-GB","@id":"https:\/\/dmcsrb.com\/nekategorisano\/knjiga-tragom-crnogorskih-klesara-predstavljena-u-matici-crnogorskoj\/#primaryimage","url":"https:\/\/dmcsrb.com\/wp-content\/uploads\/2026\/01\/MC1.webp","contentUrl":"https:\/\/dmcsrb.com\/wp-content\/uploads\/2026\/01\/MC1.webp","width":1280,"height":624},{"@type":"BreadcrumbList","@id":"https:\/\/dmcsrb.com\/nekategorisano\/knjiga-tragom-crnogorskih-klesara-predstavljena-u-matici-crnogorskoj\/#breadcrumb","itemListElement":[{"@type":"ListItem","position":1,"name":"Home","item":"https:\/\/dmcsrb.com\/"},{"@type":"ListItem","position":2,"name":"Knjiga &#8220;Tragom crnogorskih klesara&#8221; predstavljena u Matici crnogorskoj"}]},{"@type":"WebSite","@id":"https:\/\/dmcsrb.com\/#website","url":"https:\/\/dmcsrb.com\/","name":"dmcsrb.com","description":"","potentialAction":[{"@type":"SearchAction","target":{"@type":"EntryPoint","urlTemplate":"https:\/\/dmcsrb.com\/?s={search_term_string}"},"query-input":{"@type":"PropertyValueSpecification","valueRequired":true,"valueName":"search_term_string"}}],"inLanguage":"en-GB"},{"@type":"Person","@id":"https:\/\/dmcsrb.com\/#\/schema\/person\/5c39170f12db1b8b457732d0b5c854e2","name":"dmcsrbija.com@gmail.com","image":{"@type":"ImageObject","inLanguage":"en-GB","@id":"https:\/\/dmcsrb.com\/#\/schema\/person\/image\/","url":"https:\/\/secure.gravatar.com\/avatar\/68592660ad6347fad0fb587f8d5d8f1a7b44961362f56e4f2cd524feb87e9069?s=96&d=mm&r=g","contentUrl":"https:\/\/secure.gravatar.com\/avatar\/68592660ad6347fad0fb587f8d5d8f1a7b44961362f56e4f2cd524feb87e9069?s=96&d=mm&r=g","caption":"dmcsrbija.com@gmail.com"},"sameAs":["https:\/\/dmcsrb.com"],"url":"https:\/\/dmcsrb.com\/en\/author\/dmcsrbija-comgmail-com\/"}]}},"_links":{"self":[{"href":"https:\/\/dmcsrb.com\/en\/wp-json\/wp\/v2\/posts\/964429","targetHints":{"allow":["GET"]}}],"collection":[{"href":"https:\/\/dmcsrb.com\/en\/wp-json\/wp\/v2\/posts"}],"about":[{"href":"https:\/\/dmcsrb.com\/en\/wp-json\/wp\/v2\/types\/post"}],"author":[{"embeddable":true,"href":"https:\/\/dmcsrb.com\/en\/wp-json\/wp\/v2\/users\/1"}],"replies":[{"embeddable":true,"href":"https:\/\/dmcsrb.com\/en\/wp-json\/wp\/v2\/comments?post=964429"}],"version-history":[{"count":0,"href":"https:\/\/dmcsrb.com\/en\/wp-json\/wp\/v2\/posts\/964429\/revisions"}],"wp:featuredmedia":[{"embeddable":true,"href":"https:\/\/dmcsrb.com\/en\/wp-json\/wp\/v2\/media\/964430"}],"wp:attachment":[{"href":"https:\/\/dmcsrb.com\/en\/wp-json\/wp\/v2\/media?parent=964429"}],"wp:term":[{"taxonomy":"category","embeddable":true,"href":"https:\/\/dmcsrb.com\/en\/wp-json\/wp\/v2\/categories?post=964429"},{"taxonomy":"post_tag","embeddable":true,"href":"https:\/\/dmcsrb.com\/en\/wp-json\/wp\/v2\/tags?post=964429"},{"taxonomy":"naslovna","embeddable":true,"href":"https:\/\/dmcsrb.com\/en\/wp-json\/wp\/v2\/naslovna?post=964429"}],"curies":[{"name":"wp","href":"https:\/\/api.w.org\/{rel}","templated":true}]}}