{"id":964425,"date":"2025-11-19T12:21:28","date_gmt":"2025-11-19T11:21:28","guid":{"rendered":"https:\/\/dmcsrb.com\/uncategorized\/konatar-vlada-predlaze-budzet-manji-za-250-miliona\/"},"modified":"2025-11-19T12:21:28","modified_gmt":"2025-11-19T11:21:28","slug":"konatar-vlada-predlaze-budzet-manji-za-250-miliona","status":"publish","type":"post","link":"https:\/\/dmcsrb.com\/en\/politika\/konatar-vlada-predlaze-budzet-manji-za-250-miliona\/","title":{"rendered":"Konatar: Vlada predla\u017ee Bud\u017eet manji za 250 miliona"},"content":{"rendered":"<p>\u0160ef poslani\u010dkog kluba Gra\u0111anskog pokreta URA Milo\u0161 Konatar. naveo je u saop\u0161tenju da 44. Vlada Crne Gore prilikom predlaganja bud\u017eeta nije ispo\u0161tovala odredbe ovog zakona\u00a0 za 2024. godinu, a ni za 2025. godinu. Naglasio je da to  ne radi ni skup\u0161tinska ve\u0107ina, jer je, kako tvrdi, Parlament bio obavezan da izglasa Fiskalni savjet &#8211; \u0161to do danas nije ura\u0111eno. saop\u0161tio je <\/p>\n\n\n\n<p>Konatar je naglasio da je Zakonom o bud\u017eetu i fiskalnoj odgovornosti propisano da Vlada predlog zakona dostavi Skup\u0161tini do 15.novembra, kao i da ga dostavi Fiskalnom savjetu na mi\u0161ljenje. On  je pitao, koju poruku ovim Vlada Crne Gore \u0161alje gra\u0111anima -&#8221; da zakon ne va\u017ei jednako za sve? Da svi gra\u0111ani moraju po\u0161tovati zakone, ali ne i oni koji su danas na vlasti?&#8221;, istakao je Konatar.<\/p>\n\n\n\n<p>,,Predlog bud\u017eeta za 2026. godinu, o kome informacije mo\u017eemo dobiti samo iz medija, manji je za 250 miliona eura od ovogodi\u0161njeg, \u0161to zna\u010di ni\u0161ta od razvojne pri\u010de &#8211; ima\u0107emo krpljenje rupa i tro\u0161kova. U prilog tome ide i podatak da \u0107e deficit, minus dr\u017eavnog penzionog fonda PIO biti 438 miliona eura. Tako\u0111e, Predlogom se daje mogu\u0107nost Vladi da se zadu\u017ei do 3,23 milijarde eura, \u0161to je zabrinjavaju\u0107e sa sve gra\u0111ane Crne Gore, jer smo ve\u0107 prezadu\u017eena dr\u017eava&#8221;, poru\u010dio je Konatar. i zaklju\u010dio da Crnu Goru u 2026. godini \u010deka krpljenje rupa.<\/p>","protected":false},"excerpt":{"rendered":"<p>Iz GP URA su kazali da poslanici Skup\u0161tine Crne Gore\u00a0do danas nijesu dobili Predlog zakona o bud\u017eetu za 2026. godinu, iako je Vlada na to obavezna po \u010dlanu 33. Zakona o bud\u017eetu i fiskalnoj odgovornosti.<\/p>","protected":false},"author":1,"featured_media":964426,"comment_status":"open","ping_status":"open","sticky":false,"template":"","format":"standard","meta":{"_acf_changed":false,"footnotes":""},"categories":[12],"tags":[1209,488,152,1319],"naslovna":[],"class_list":["post-964425","post","type-post","status-publish","format-standard","has-post-thumbnail","hentry","category-politika","tag-budzet","tag-milos-konatar","tag-ura","tag-vlada-crne-gore"],"acf":[],"yoast_head":"<!-- This site is optimized with the Yoast SEO plugin v27.0 - https:\/\/yoast.com\/product\/yoast-seo-wordpress\/ -->\n<title>Konatar: Vlada predla\u017ee Bud\u017eet manji za 250 miliona - dmcsrb.com<\/title>\n<meta name=\"robots\" content=\"index, follow, max-snippet:-1, max-image-preview:large, max-video-preview:-1\" \/>\n<link rel=\"canonical\" href=\"https:\/\/dmcsrb.com\/en\/politika\/konatar-vlada-predlaze-budzet-manji-za-250-miliona\/\" \/>\n<meta property=\"og:locale\" content=\"en_GB\" \/>\n<meta property=\"og:type\" content=\"article\" \/>\n<meta property=\"og:title\" content=\"Konatar: Vlada predla\u017ee Bud\u017eet manji za 250 miliona - dmcsrb.com\" \/>\n<meta property=\"og:description\" content=\"Iz GP URA su kazali da poslanici Skup\u0161tine Crne Gore\u00a0do danas nijesu dobili Predlog zakona o bud\u017eetu za 2026. godinu, iako je Vlada na to obavezna po \u010dlanu 33. Zakona o bud\u017eetu i fiskalnoj odgovornosti.\" \/>\n<meta property=\"og:url\" content=\"https:\/\/dmcsrb.com\/en\/politika\/konatar-vlada-predlaze-budzet-manji-za-250-miliona\/\" \/>\n<meta property=\"og:site_name\" content=\"dmcsrb.com\" \/>\n<meta property=\"article:published_time\" content=\"2025-11-19T11:21:28+00:00\" \/>\n<meta property=\"og:image\" content=\"https:\/\/dmcsrb.com\/wp-content\/uploads\/2026\/01\/Konatar-URA.webp\" \/>\n\t<meta property=\"og:image:width\" content=\"1920\" \/>\n\t<meta property=\"og:image:height\" content=\"1263\" \/>\n\t<meta property=\"og:image:type\" content=\"image\/jpeg\" \/>\n<meta name=\"author\" content=\"dmcsrbija.com@gmail.com\" \/>\n<meta name=\"twitter:card\" content=\"summary_large_image\" \/>\n<meta name=\"twitter:label1\" content=\"Written by\" \/>\n\t<meta name=\"twitter:data1\" content=\"dmcsrbija.com@gmail.com\" \/>\n\t<meta name=\"twitter:label2\" content=\"Estimated reading time\" \/>\n\t<meta name=\"twitter:data2\" content=\"1 minute\" \/>\n<script type=\"application\/ld+json\" class=\"yoast-schema-graph\">{\"@context\":\"https:\/\/schema.org\",\"@graph\":[{\"@type\":\"Article\",\"@id\":\"https:\/\/dmcsrb.com\/politika\/konatar-vlada-predlaze-budzet-manji-za-250-miliona\/#article\",\"isPartOf\":{\"@id\":\"https:\/\/dmcsrb.com\/politika\/konatar-vlada-predlaze-budzet-manji-za-250-miliona\/\"},\"author\":{\"name\":\"dmcsrbija.com@gmail.com\",\"@id\":\"https:\/\/dmcsrb.com\/#\/schema\/person\/5c39170f12db1b8b457732d0b5c854e2\"},\"headline\":\"Konatar: Vlada predla\u017ee Bud\u017eet manji za 250 miliona\",\"datePublished\":\"2025-11-19T11:21:28+00:00\",\"mainEntityOfPage\":{\"@id\":\"https:\/\/dmcsrb.com\/politika\/konatar-vlada-predlaze-budzet-manji-za-250-miliona\/\"},\"wordCount\":253,\"commentCount\":0,\"image\":{\"@id\":\"https:\/\/dmcsrb.com\/politika\/konatar-vlada-predlaze-budzet-manji-za-250-miliona\/#primaryimage\"},\"thumbnailUrl\":\"https:\/\/dmcsrb.com\/wp-content\/uploads\/2026\/01\/Konatar-URA.webp\",\"keywords\":[\"Bud\u017eet\",\"Milo\u0161 Konatar\",\"URA\",\"Vlada Crne Gore\"],\"articleSection\":[\"Politika\"],\"inLanguage\":\"en-GB\",\"potentialAction\":[{\"@type\":\"CommentAction\",\"name\":\"Comment\",\"target\":[\"https:\/\/dmcsrb.com\/politika\/konatar-vlada-predlaze-budzet-manji-za-250-miliona\/#respond\"]}]},{\"@type\":\"WebPage\",\"@id\":\"https:\/\/dmcsrb.com\/politika\/konatar-vlada-predlaze-budzet-manji-za-250-miliona\/\",\"url\":\"https:\/\/dmcsrb.com\/politika\/konatar-vlada-predlaze-budzet-manji-za-250-miliona\/\",\"name\":\"Konatar: Vlada predla\u017ee Bud\u017eet manji za 250 miliona - dmcsrb.com\",\"isPartOf\":{\"@id\":\"https:\/\/dmcsrb.com\/#website\"},\"primaryImageOfPage\":{\"@id\":\"https:\/\/dmcsrb.com\/politika\/konatar-vlada-predlaze-budzet-manji-za-250-miliona\/#primaryimage\"},\"image\":{\"@id\":\"https:\/\/dmcsrb.com\/politika\/konatar-vlada-predlaze-budzet-manji-za-250-miliona\/#primaryimage\"},\"thumbnailUrl\":\"https:\/\/dmcsrb.com\/wp-content\/uploads\/2026\/01\/Konatar-URA.webp\",\"datePublished\":\"2025-11-19T11:21:28+00:00\",\"author\":{\"@id\":\"https:\/\/dmcsrb.com\/#\/schema\/person\/5c39170f12db1b8b457732d0b5c854e2\"},\"breadcrumb\":{\"@id\":\"https:\/\/dmcsrb.com\/politika\/konatar-vlada-predlaze-budzet-manji-za-250-miliona\/#breadcrumb\"},\"inLanguage\":\"en-GB\",\"potentialAction\":[{\"@type\":\"ReadAction\",\"target\":[\"https:\/\/dmcsrb.com\/politika\/konatar-vlada-predlaze-budzet-manji-za-250-miliona\/\"]}]},{\"@type\":\"ImageObject\",\"inLanguage\":\"en-GB\",\"@id\":\"https:\/\/dmcsrb.com\/politika\/konatar-vlada-predlaze-budzet-manji-za-250-miliona\/#primaryimage\",\"url\":\"https:\/\/dmcsrb.com\/wp-content\/uploads\/2026\/01\/Konatar-URA.webp\",\"contentUrl\":\"https:\/\/dmcsrb.com\/wp-content\/uploads\/2026\/01\/Konatar-URA.webp\",\"width\":1920,\"height\":1263},{\"@type\":\"BreadcrumbList\",\"@id\":\"https:\/\/dmcsrb.com\/politika\/konatar-vlada-predlaze-budzet-manji-za-250-miliona\/#breadcrumb\",\"itemListElement\":[{\"@type\":\"ListItem\",\"position\":1,\"name\":\"Home\",\"item\":\"https:\/\/dmcsrb.com\/\"},{\"@type\":\"ListItem\",\"position\":2,\"name\":\"Konatar: Vlada predla\u017ee Bud\u017eet manji za 250 miliona\"}]},{\"@type\":\"WebSite\",\"@id\":\"https:\/\/dmcsrb.com\/#website\",\"url\":\"https:\/\/dmcsrb.com\/\",\"name\":\"dmcsrb.com\",\"description\":\"\",\"potentialAction\":[{\"@type\":\"SearchAction\",\"target\":{\"@type\":\"EntryPoint\",\"urlTemplate\":\"https:\/\/dmcsrb.com\/?s={search_term_string}\"},\"query-input\":{\"@type\":\"PropertyValueSpecification\",\"valueRequired\":true,\"valueName\":\"search_term_string\"}}],\"inLanguage\":\"en-GB\"},{\"@type\":\"Person\",\"@id\":\"https:\/\/dmcsrb.com\/#\/schema\/person\/5c39170f12db1b8b457732d0b5c854e2\",\"name\":\"dmcsrbija.com@gmail.com\",\"image\":{\"@type\":\"ImageObject\",\"inLanguage\":\"en-GB\",\"@id\":\"https:\/\/dmcsrb.com\/#\/schema\/person\/image\/\",\"url\":\"https:\/\/secure.gravatar.com\/avatar\/68592660ad6347fad0fb587f8d5d8f1a7b44961362f56e4f2cd524feb87e9069?s=96&d=mm&r=g\",\"contentUrl\":\"https:\/\/secure.gravatar.com\/avatar\/68592660ad6347fad0fb587f8d5d8f1a7b44961362f56e4f2cd524feb87e9069?s=96&d=mm&r=g\",\"caption\":\"dmcsrbija.com@gmail.com\"},\"sameAs\":[\"https:\/\/dmcsrb.com\"],\"url\":\"https:\/\/dmcsrb.com\/en\/author\/dmcsrbija-comgmail-com\/\"}]}<\/script>\n<!-- \/ Yoast SEO plugin. -->","yoast_head_json":{"title":"Konatar: Vlada predla\u017ee Bud\u017eet manji za 250 miliona - dmcsrb.com","robots":{"index":"index","follow":"follow","max-snippet":"max-snippet:-1","max-image-preview":"max-image-preview:large","max-video-preview":"max-video-preview:-1"},"canonical":"https:\/\/dmcsrb.com\/en\/politika\/konatar-vlada-predlaze-budzet-manji-za-250-miliona\/","og_locale":"en_GB","og_type":"article","og_title":"Konatar: Vlada predla\u017ee Bud\u017eet manji za 250 miliona - dmcsrb.com","og_description":"Iz GP URA su kazali da poslanici Skup\u0161tine Crne Gore\u00a0do danas nijesu dobili Predlog zakona o bud\u017eetu za 2026. godinu, iako je Vlada na to obavezna po \u010dlanu 33. Zakona o bud\u017eetu i fiskalnoj odgovornosti.","og_url":"https:\/\/dmcsrb.com\/en\/politika\/konatar-vlada-predlaze-budzet-manji-za-250-miliona\/","og_site_name":"dmcsrb.com","article_published_time":"2025-11-19T11:21:28+00:00","og_image":[{"width":1920,"height":1263,"url":"https:\/\/dmcsrb.com\/wp-content\/uploads\/2026\/01\/Konatar-URA.webp","type":"image\/jpeg"}],"author":"dmcsrbija.com@gmail.com","twitter_card":"summary_large_image","twitter_misc":{"Written by":"dmcsrbija.com@gmail.com","Estimated reading time":"1 minute"},"schema":{"@context":"https:\/\/schema.org","@graph":[{"@type":"Article","@id":"https:\/\/dmcsrb.com\/politika\/konatar-vlada-predlaze-budzet-manji-za-250-miliona\/#article","isPartOf":{"@id":"https:\/\/dmcsrb.com\/politika\/konatar-vlada-predlaze-budzet-manji-za-250-miliona\/"},"author":{"name":"dmcsrbija.com@gmail.com","@id":"https:\/\/dmcsrb.com\/#\/schema\/person\/5c39170f12db1b8b457732d0b5c854e2"},"headline":"Konatar: Vlada predla\u017ee Bud\u017eet manji za 250 miliona","datePublished":"2025-11-19T11:21:28+00:00","mainEntityOfPage":{"@id":"https:\/\/dmcsrb.com\/politika\/konatar-vlada-predlaze-budzet-manji-za-250-miliona\/"},"wordCount":253,"commentCount":0,"image":{"@id":"https:\/\/dmcsrb.com\/politika\/konatar-vlada-predlaze-budzet-manji-za-250-miliona\/#primaryimage"},"thumbnailUrl":"https:\/\/dmcsrb.com\/wp-content\/uploads\/2026\/01\/Konatar-URA.webp","keywords":["Bud\u017eet","Milo\u0161 Konatar","URA","Vlada Crne Gore"],"articleSection":["Politika"],"inLanguage":"en-GB","potentialAction":[{"@type":"CommentAction","name":"Comment","target":["https:\/\/dmcsrb.com\/politika\/konatar-vlada-predlaze-budzet-manji-za-250-miliona\/#respond"]}]},{"@type":"WebPage","@id":"https:\/\/dmcsrb.com\/politika\/konatar-vlada-predlaze-budzet-manji-za-250-miliona\/","url":"https:\/\/dmcsrb.com\/politika\/konatar-vlada-predlaze-budzet-manji-za-250-miliona\/","name":"Konatar: Vlada predla\u017ee Bud\u017eet manji za 250 miliona - dmcsrb.com","isPartOf":{"@id":"https:\/\/dmcsrb.com\/#website"},"primaryImageOfPage":{"@id":"https:\/\/dmcsrb.com\/politika\/konatar-vlada-predlaze-budzet-manji-za-250-miliona\/#primaryimage"},"image":{"@id":"https:\/\/dmcsrb.com\/politika\/konatar-vlada-predlaze-budzet-manji-za-250-miliona\/#primaryimage"},"thumbnailUrl":"https:\/\/dmcsrb.com\/wp-content\/uploads\/2026\/01\/Konatar-URA.webp","datePublished":"2025-11-19T11:21:28+00:00","author":{"@id":"https:\/\/dmcsrb.com\/#\/schema\/person\/5c39170f12db1b8b457732d0b5c854e2"},"breadcrumb":{"@id":"https:\/\/dmcsrb.com\/politika\/konatar-vlada-predlaze-budzet-manji-za-250-miliona\/#breadcrumb"},"inLanguage":"en-GB","potentialAction":[{"@type":"ReadAction","target":["https:\/\/dmcsrb.com\/politika\/konatar-vlada-predlaze-budzet-manji-za-250-miliona\/"]}]},{"@type":"ImageObject","inLanguage":"en-GB","@id":"https:\/\/dmcsrb.com\/politika\/konatar-vlada-predlaze-budzet-manji-za-250-miliona\/#primaryimage","url":"https:\/\/dmcsrb.com\/wp-content\/uploads\/2026\/01\/Konatar-URA.webp","contentUrl":"https:\/\/dmcsrb.com\/wp-content\/uploads\/2026\/01\/Konatar-URA.webp","width":1920,"height":1263},{"@type":"BreadcrumbList","@id":"https:\/\/dmcsrb.com\/politika\/konatar-vlada-predlaze-budzet-manji-za-250-miliona\/#breadcrumb","itemListElement":[{"@type":"ListItem","position":1,"name":"Home","item":"https:\/\/dmcsrb.com\/"},{"@type":"ListItem","position":2,"name":"Konatar: Vlada predla\u017ee Bud\u017eet manji za 250 miliona"}]},{"@type":"WebSite","@id":"https:\/\/dmcsrb.com\/#website","url":"https:\/\/dmcsrb.com\/","name":"dmcsrb.com","description":"","potentialAction":[{"@type":"SearchAction","target":{"@type":"EntryPoint","urlTemplate":"https:\/\/dmcsrb.com\/?s={search_term_string}"},"query-input":{"@type":"PropertyValueSpecification","valueRequired":true,"valueName":"search_term_string"}}],"inLanguage":"en-GB"},{"@type":"Person","@id":"https:\/\/dmcsrb.com\/#\/schema\/person\/5c39170f12db1b8b457732d0b5c854e2","name":"dmcsrbija.com@gmail.com","image":{"@type":"ImageObject","inLanguage":"en-GB","@id":"https:\/\/dmcsrb.com\/#\/schema\/person\/image\/","url":"https:\/\/secure.gravatar.com\/avatar\/68592660ad6347fad0fb587f8d5d8f1a7b44961362f56e4f2cd524feb87e9069?s=96&d=mm&r=g","contentUrl":"https:\/\/secure.gravatar.com\/avatar\/68592660ad6347fad0fb587f8d5d8f1a7b44961362f56e4f2cd524feb87e9069?s=96&d=mm&r=g","caption":"dmcsrbija.com@gmail.com"},"sameAs":["https:\/\/dmcsrb.com"],"url":"https:\/\/dmcsrb.com\/en\/author\/dmcsrbija-comgmail-com\/"}]}},"_links":{"self":[{"href":"https:\/\/dmcsrb.com\/en\/wp-json\/wp\/v2\/posts\/964425","targetHints":{"allow":["GET"]}}],"collection":[{"href":"https:\/\/dmcsrb.com\/en\/wp-json\/wp\/v2\/posts"}],"about":[{"href":"https:\/\/dmcsrb.com\/en\/wp-json\/wp\/v2\/types\/post"}],"author":[{"embeddable":true,"href":"https:\/\/dmcsrb.com\/en\/wp-json\/wp\/v2\/users\/1"}],"replies":[{"embeddable":true,"href":"https:\/\/dmcsrb.com\/en\/wp-json\/wp\/v2\/comments?post=964425"}],"version-history":[{"count":0,"href":"https:\/\/dmcsrb.com\/en\/wp-json\/wp\/v2\/posts\/964425\/revisions"}],"wp:featuredmedia":[{"embeddable":true,"href":"https:\/\/dmcsrb.com\/en\/wp-json\/wp\/v2\/media\/964426"}],"wp:attachment":[{"href":"https:\/\/dmcsrb.com\/en\/wp-json\/wp\/v2\/media?parent=964425"}],"wp:term":[{"taxonomy":"category","embeddable":true,"href":"https:\/\/dmcsrb.com\/en\/wp-json\/wp\/v2\/categories?post=964425"},{"taxonomy":"post_tag","embeddable":true,"href":"https:\/\/dmcsrb.com\/en\/wp-json\/wp\/v2\/tags?post=964425"},{"taxonomy":"naslovna","embeddable":true,"href":"https:\/\/dmcsrb.com\/en\/wp-json\/wp\/v2\/naslovna?post=964425"}],"curies":[{"name":"wp","href":"https:\/\/api.w.org\/{rel}","templated":true}]}}