{"id":964414,"date":"2025-11-19T11:31:20","date_gmt":"2025-11-19T10:31:20","guid":{"rendered":"https:\/\/dmcsrb.com\/uncategorized\/brej-podrska-anb-u-na-pokrenutim-reformama\/"},"modified":"2025-11-19T11:31:20","modified_gmt":"2025-11-19T10:31:20","slug":"brej-podrska-anb-u-na-pokrenutim-reformama","status":"publish","type":"post","link":"https:\/\/dmcsrb.com\/en\/politika\/brej-podrska-anb-u-na-pokrenutim-reformama\/","title":{"rendered":"Brej: Podr\u0161ka ANB-u na pokrenutim reformama"},"content":{"rendered":"<p><\/p>\n\n\n\n<p><\/p>\n\n\n\n<p>Direktor ANB-a Ivica Janovi\u0107 razgovarao je u Briselu sa Brejom o prioritetnim strate\u0161kim pravcima djelovanja i postavljanja savezni\u010dke obavje\u0161tajne zajednice u odnosu na savremene i anticipirane bezbjednosne izazove.<\/p>\n\n\n\n<p>&#8220;Sagovornici su posebno istakli zna\u010daj saradnje i zajedni\u010dkih napora u pravcu kontinuirane adaptacije i unapre\u0111enja kapaciteta obavje\u0161tajnog odgovora na aktuelne i nadolaze\u0107e prijetnje po Alijansu i saveznice, naro\u010dito imaju\u0107i u vidu promjenjivu prirodu geopoliti\u010dkih okolnosti na globalnom planu, kao i specifi\u010dnu kompleksnost pojedinih regionalnih izazova&#8221;, navode iz ANB-a.<\/p>\n\n\n\n<p>Razmotrene su i aktuelne reformske aktivnosti u ANB-u sa posebnim akcentom na, kako navode, inicirano unapre\u0111enje zakonodavnog okvira u Agenciji.<\/p>\n\n\n\n<p>&#8220;Brej je tom prilikom izrazio punu podr\u0161ku ANB-u i njenim pokrenutim reformskim procesima&#8221;, zaklju\u010dili su u saop\u0161tenju.<\/p>","protected":false},"excerpt":{"rendered":"<p>Pomo\u0107nik generalnog sekretara NATO-a za obavje\u0161tajne i bezbjednosne poslove Skot Brej dao je punu podr\u0161ku Agenciji za nacionalnu bezbjednost (ANB) i njenim pokrenutim reformskim procesima.<\/p>","protected":false},"author":1,"featured_media":964415,"comment_status":"open","ping_status":"open","sticky":false,"template":"","format":"standard","meta":{"_acf_changed":false,"footnotes":""},"categories":[12],"tags":[5014,14788],"naslovna":[],"class_list":["post-964414","post","type-post","status-publish","format-standard","has-post-thumbnail","hentry","category-politika","tag-anb","tag-skot-brej"],"acf":[],"yoast_head":"<!-- This site is optimized with the Yoast SEO plugin v27.0 - https:\/\/yoast.com\/product\/yoast-seo-wordpress\/ -->\n<title>Brej: Podr\u0161ka ANB-u na pokrenutim reformama - dmcsrb.com<\/title>\n<meta name=\"robots\" content=\"index, follow, max-snippet:-1, max-image-preview:large, max-video-preview:-1\" \/>\n<link rel=\"canonical\" href=\"https:\/\/dmcsrb.com\/en\/politika\/brej-podrska-anb-u-na-pokrenutim-reformama\/\" \/>\n<meta property=\"og:locale\" content=\"en_GB\" \/>\n<meta property=\"og:type\" content=\"article\" \/>\n<meta property=\"og:title\" content=\"Brej: Podr\u0161ka ANB-u na pokrenutim reformama - dmcsrb.com\" \/>\n<meta property=\"og:description\" content=\"Pomo\u0107nik generalnog sekretara NATO-a za obavje\u0161tajne i bezbjednosne poslove Skot Brej dao je punu podr\u0161ku Agenciji za nacionalnu bezbjednost (ANB) i njenim pokrenutim reformskim procesima.\" \/>\n<meta property=\"og:url\" content=\"https:\/\/dmcsrb.com\/en\/politika\/brej-podrska-anb-u-na-pokrenutim-reformama\/\" \/>\n<meta property=\"og:site_name\" content=\"dmcsrb.com\" \/>\n<meta property=\"article:published_time\" content=\"2025-11-19T10:31:20+00:00\" \/>\n<meta property=\"og:image\" content=\"https:\/\/dmcsrb.com\/wp-content\/uploads\/2026\/01\/nato.webp\" \/>\n\t<meta property=\"og:image:width\" content=\"573\" \/>\n\t<meta property=\"og:image:height\" content=\"480\" \/>\n\t<meta property=\"og:image:type\" content=\"image\/jpeg\" \/>\n<meta name=\"author\" content=\"dmcsrbija.com@gmail.com\" \/>\n<meta name=\"twitter:card\" content=\"summary_large_image\" \/>\n<meta name=\"twitter:label1\" content=\"Written by\" \/>\n\t<meta name=\"twitter:data1\" content=\"dmcsrbija.com@gmail.com\" \/>\n\t<meta name=\"twitter:label2\" content=\"Estimated reading time\" \/>\n\t<meta name=\"twitter:data2\" content=\"1 minute\" \/>\n<script type=\"application\/ld+json\" class=\"yoast-schema-graph\">{\"@context\":\"https:\/\/schema.org\",\"@graph\":[{\"@type\":\"Article\",\"@id\":\"https:\/\/dmcsrb.com\/politika\/brej-podrska-anb-u-na-pokrenutim-reformama\/#article\",\"isPartOf\":{\"@id\":\"https:\/\/dmcsrb.com\/politika\/brej-podrska-anb-u-na-pokrenutim-reformama\/\"},\"author\":{\"name\":\"dmcsrbija.com@gmail.com\",\"@id\":\"https:\/\/dmcsrb.com\/#\/schema\/person\/5c39170f12db1b8b457732d0b5c854e2\"},\"headline\":\"Brej: Podr\u0161ka ANB-u na pokrenutim reformama\",\"datePublished\":\"2025-11-19T10:31:20+00:00\",\"mainEntityOfPage\":{\"@id\":\"https:\/\/dmcsrb.com\/politika\/brej-podrska-anb-u-na-pokrenutim-reformama\/\"},\"wordCount\":136,\"commentCount\":0,\"image\":{\"@id\":\"https:\/\/dmcsrb.com\/politika\/brej-podrska-anb-u-na-pokrenutim-reformama\/#primaryimage\"},\"thumbnailUrl\":\"https:\/\/dmcsrb.com\/wp-content\/uploads\/2026\/01\/nato.webp\",\"keywords\":[\"ANB\",\"Skot Brej\"],\"articleSection\":[\"Politika\"],\"inLanguage\":\"en-GB\",\"potentialAction\":[{\"@type\":\"CommentAction\",\"name\":\"Comment\",\"target\":[\"https:\/\/dmcsrb.com\/politika\/brej-podrska-anb-u-na-pokrenutim-reformama\/#respond\"]}]},{\"@type\":\"WebPage\",\"@id\":\"https:\/\/dmcsrb.com\/politika\/brej-podrska-anb-u-na-pokrenutim-reformama\/\",\"url\":\"https:\/\/dmcsrb.com\/politika\/brej-podrska-anb-u-na-pokrenutim-reformama\/\",\"name\":\"Brej: Podr\u0161ka ANB-u na pokrenutim reformama - dmcsrb.com\",\"isPartOf\":{\"@id\":\"https:\/\/dmcsrb.com\/#website\"},\"primaryImageOfPage\":{\"@id\":\"https:\/\/dmcsrb.com\/politika\/brej-podrska-anb-u-na-pokrenutim-reformama\/#primaryimage\"},\"image\":{\"@id\":\"https:\/\/dmcsrb.com\/politika\/brej-podrska-anb-u-na-pokrenutim-reformama\/#primaryimage\"},\"thumbnailUrl\":\"https:\/\/dmcsrb.com\/wp-content\/uploads\/2026\/01\/nato.webp\",\"datePublished\":\"2025-11-19T10:31:20+00:00\",\"author\":{\"@id\":\"https:\/\/dmcsrb.com\/#\/schema\/person\/5c39170f12db1b8b457732d0b5c854e2\"},\"breadcrumb\":{\"@id\":\"https:\/\/dmcsrb.com\/politika\/brej-podrska-anb-u-na-pokrenutim-reformama\/#breadcrumb\"},\"inLanguage\":\"en-GB\",\"potentialAction\":[{\"@type\":\"ReadAction\",\"target\":[\"https:\/\/dmcsrb.com\/politika\/brej-podrska-anb-u-na-pokrenutim-reformama\/\"]}]},{\"@type\":\"ImageObject\",\"inLanguage\":\"en-GB\",\"@id\":\"https:\/\/dmcsrb.com\/politika\/brej-podrska-anb-u-na-pokrenutim-reformama\/#primaryimage\",\"url\":\"https:\/\/dmcsrb.com\/wp-content\/uploads\/2026\/01\/nato.webp\",\"contentUrl\":\"https:\/\/dmcsrb.com\/wp-content\/uploads\/2026\/01\/nato.webp\",\"width\":573,\"height\":480},{\"@type\":\"BreadcrumbList\",\"@id\":\"https:\/\/dmcsrb.com\/politika\/brej-podrska-anb-u-na-pokrenutim-reformama\/#breadcrumb\",\"itemListElement\":[{\"@type\":\"ListItem\",\"position\":1,\"name\":\"Home\",\"item\":\"https:\/\/dmcsrb.com\/\"},{\"@type\":\"ListItem\",\"position\":2,\"name\":\"Brej: Podr\u0161ka ANB-u na pokrenutim reformama\"}]},{\"@type\":\"WebSite\",\"@id\":\"https:\/\/dmcsrb.com\/#website\",\"url\":\"https:\/\/dmcsrb.com\/\",\"name\":\"dmcsrb.com\",\"description\":\"\",\"potentialAction\":[{\"@type\":\"SearchAction\",\"target\":{\"@type\":\"EntryPoint\",\"urlTemplate\":\"https:\/\/dmcsrb.com\/?s={search_term_string}\"},\"query-input\":{\"@type\":\"PropertyValueSpecification\",\"valueRequired\":true,\"valueName\":\"search_term_string\"}}],\"inLanguage\":\"en-GB\"},{\"@type\":\"Person\",\"@id\":\"https:\/\/dmcsrb.com\/#\/schema\/person\/5c39170f12db1b8b457732d0b5c854e2\",\"name\":\"dmcsrbija.com@gmail.com\",\"image\":{\"@type\":\"ImageObject\",\"inLanguage\":\"en-GB\",\"@id\":\"https:\/\/dmcsrb.com\/#\/schema\/person\/image\/\",\"url\":\"https:\/\/secure.gravatar.com\/avatar\/68592660ad6347fad0fb587f8d5d8f1a7b44961362f56e4f2cd524feb87e9069?s=96&d=mm&r=g\",\"contentUrl\":\"https:\/\/secure.gravatar.com\/avatar\/68592660ad6347fad0fb587f8d5d8f1a7b44961362f56e4f2cd524feb87e9069?s=96&d=mm&r=g\",\"caption\":\"dmcsrbija.com@gmail.com\"},\"sameAs\":[\"https:\/\/dmcsrb.com\"],\"url\":\"https:\/\/dmcsrb.com\/en\/author\/dmcsrbija-comgmail-com\/\"}]}<\/script>\n<!-- \/ Yoast SEO plugin. -->","yoast_head_json":{"title":"Brej: Podr\u0161ka ANB-u na pokrenutim reformama - dmcsrb.com","robots":{"index":"index","follow":"follow","max-snippet":"max-snippet:-1","max-image-preview":"max-image-preview:large","max-video-preview":"max-video-preview:-1"},"canonical":"https:\/\/dmcsrb.com\/en\/politika\/brej-podrska-anb-u-na-pokrenutim-reformama\/","og_locale":"en_GB","og_type":"article","og_title":"Brej: Podr\u0161ka ANB-u na pokrenutim reformama - dmcsrb.com","og_description":"Pomo\u0107nik generalnog sekretara NATO-a za obavje\u0161tajne i bezbjednosne poslove Skot Brej dao je punu podr\u0161ku Agenciji za nacionalnu bezbjednost (ANB) i njenim pokrenutim reformskim procesima.","og_url":"https:\/\/dmcsrb.com\/en\/politika\/brej-podrska-anb-u-na-pokrenutim-reformama\/","og_site_name":"dmcsrb.com","article_published_time":"2025-11-19T10:31:20+00:00","og_image":[{"width":573,"height":480,"url":"https:\/\/dmcsrb.com\/wp-content\/uploads\/2026\/01\/nato.webp","type":"image\/jpeg"}],"author":"dmcsrbija.com@gmail.com","twitter_card":"summary_large_image","twitter_misc":{"Written by":"dmcsrbija.com@gmail.com","Estimated reading time":"1 minute"},"schema":{"@context":"https:\/\/schema.org","@graph":[{"@type":"Article","@id":"https:\/\/dmcsrb.com\/politika\/brej-podrska-anb-u-na-pokrenutim-reformama\/#article","isPartOf":{"@id":"https:\/\/dmcsrb.com\/politika\/brej-podrska-anb-u-na-pokrenutim-reformama\/"},"author":{"name":"dmcsrbija.com@gmail.com","@id":"https:\/\/dmcsrb.com\/#\/schema\/person\/5c39170f12db1b8b457732d0b5c854e2"},"headline":"Brej: Podr\u0161ka ANB-u na pokrenutim reformama","datePublished":"2025-11-19T10:31:20+00:00","mainEntityOfPage":{"@id":"https:\/\/dmcsrb.com\/politika\/brej-podrska-anb-u-na-pokrenutim-reformama\/"},"wordCount":136,"commentCount":0,"image":{"@id":"https:\/\/dmcsrb.com\/politika\/brej-podrska-anb-u-na-pokrenutim-reformama\/#primaryimage"},"thumbnailUrl":"https:\/\/dmcsrb.com\/wp-content\/uploads\/2026\/01\/nato.webp","keywords":["ANB","Skot Brej"],"articleSection":["Politika"],"inLanguage":"en-GB","potentialAction":[{"@type":"CommentAction","name":"Comment","target":["https:\/\/dmcsrb.com\/politika\/brej-podrska-anb-u-na-pokrenutim-reformama\/#respond"]}]},{"@type":"WebPage","@id":"https:\/\/dmcsrb.com\/politika\/brej-podrska-anb-u-na-pokrenutim-reformama\/","url":"https:\/\/dmcsrb.com\/politika\/brej-podrska-anb-u-na-pokrenutim-reformama\/","name":"Brej: Podr\u0161ka ANB-u na pokrenutim reformama - dmcsrb.com","isPartOf":{"@id":"https:\/\/dmcsrb.com\/#website"},"primaryImageOfPage":{"@id":"https:\/\/dmcsrb.com\/politika\/brej-podrska-anb-u-na-pokrenutim-reformama\/#primaryimage"},"image":{"@id":"https:\/\/dmcsrb.com\/politika\/brej-podrska-anb-u-na-pokrenutim-reformama\/#primaryimage"},"thumbnailUrl":"https:\/\/dmcsrb.com\/wp-content\/uploads\/2026\/01\/nato.webp","datePublished":"2025-11-19T10:31:20+00:00","author":{"@id":"https:\/\/dmcsrb.com\/#\/schema\/person\/5c39170f12db1b8b457732d0b5c854e2"},"breadcrumb":{"@id":"https:\/\/dmcsrb.com\/politika\/brej-podrska-anb-u-na-pokrenutim-reformama\/#breadcrumb"},"inLanguage":"en-GB","potentialAction":[{"@type":"ReadAction","target":["https:\/\/dmcsrb.com\/politika\/brej-podrska-anb-u-na-pokrenutim-reformama\/"]}]},{"@type":"ImageObject","inLanguage":"en-GB","@id":"https:\/\/dmcsrb.com\/politika\/brej-podrska-anb-u-na-pokrenutim-reformama\/#primaryimage","url":"https:\/\/dmcsrb.com\/wp-content\/uploads\/2026\/01\/nato.webp","contentUrl":"https:\/\/dmcsrb.com\/wp-content\/uploads\/2026\/01\/nato.webp","width":573,"height":480},{"@type":"BreadcrumbList","@id":"https:\/\/dmcsrb.com\/politika\/brej-podrska-anb-u-na-pokrenutim-reformama\/#breadcrumb","itemListElement":[{"@type":"ListItem","position":1,"name":"Home","item":"https:\/\/dmcsrb.com\/"},{"@type":"ListItem","position":2,"name":"Brej: Podr\u0161ka ANB-u na pokrenutim reformama"}]},{"@type":"WebSite","@id":"https:\/\/dmcsrb.com\/#website","url":"https:\/\/dmcsrb.com\/","name":"dmcsrb.com","description":"","potentialAction":[{"@type":"SearchAction","target":{"@type":"EntryPoint","urlTemplate":"https:\/\/dmcsrb.com\/?s={search_term_string}"},"query-input":{"@type":"PropertyValueSpecification","valueRequired":true,"valueName":"search_term_string"}}],"inLanguage":"en-GB"},{"@type":"Person","@id":"https:\/\/dmcsrb.com\/#\/schema\/person\/5c39170f12db1b8b457732d0b5c854e2","name":"dmcsrbija.com@gmail.com","image":{"@type":"ImageObject","inLanguage":"en-GB","@id":"https:\/\/dmcsrb.com\/#\/schema\/person\/image\/","url":"https:\/\/secure.gravatar.com\/avatar\/68592660ad6347fad0fb587f8d5d8f1a7b44961362f56e4f2cd524feb87e9069?s=96&d=mm&r=g","contentUrl":"https:\/\/secure.gravatar.com\/avatar\/68592660ad6347fad0fb587f8d5d8f1a7b44961362f56e4f2cd524feb87e9069?s=96&d=mm&r=g","caption":"dmcsrbija.com@gmail.com"},"sameAs":["https:\/\/dmcsrb.com"],"url":"https:\/\/dmcsrb.com\/en\/author\/dmcsrbija-comgmail-com\/"}]}},"_links":{"self":[{"href":"https:\/\/dmcsrb.com\/en\/wp-json\/wp\/v2\/posts\/964414","targetHints":{"allow":["GET"]}}],"collection":[{"href":"https:\/\/dmcsrb.com\/en\/wp-json\/wp\/v2\/posts"}],"about":[{"href":"https:\/\/dmcsrb.com\/en\/wp-json\/wp\/v2\/types\/post"}],"author":[{"embeddable":true,"href":"https:\/\/dmcsrb.com\/en\/wp-json\/wp\/v2\/users\/1"}],"replies":[{"embeddable":true,"href":"https:\/\/dmcsrb.com\/en\/wp-json\/wp\/v2\/comments?post=964414"}],"version-history":[{"count":0,"href":"https:\/\/dmcsrb.com\/en\/wp-json\/wp\/v2\/posts\/964414\/revisions"}],"wp:featuredmedia":[{"embeddable":true,"href":"https:\/\/dmcsrb.com\/en\/wp-json\/wp\/v2\/media\/964415"}],"wp:attachment":[{"href":"https:\/\/dmcsrb.com\/en\/wp-json\/wp\/v2\/media?parent=964414"}],"wp:term":[{"taxonomy":"category","embeddable":true,"href":"https:\/\/dmcsrb.com\/en\/wp-json\/wp\/v2\/categories?post=964414"},{"taxonomy":"post_tag","embeddable":true,"href":"https:\/\/dmcsrb.com\/en\/wp-json\/wp\/v2\/tags?post=964414"},{"taxonomy":"naslovna","embeddable":true,"href":"https:\/\/dmcsrb.com\/en\/wp-json\/wp\/v2\/naslovna?post=964414"}],"curies":[{"name":"wp","href":"https:\/\/api.w.org\/{rel}","templated":true}]}}