{"id":964375,"date":"2025-11-19T09:41:00","date_gmt":"2025-11-19T08:41:00","guid":{"rendered":"https:\/\/dmcsrb.com\/uncategorized\/crnogorski-poslanici-na-23-jesenjem-zasijedanje-parlamentarne-skupstine-oebs-a-u-istanbulu\/"},"modified":"2025-11-19T09:41:00","modified_gmt":"2025-11-19T08:41:00","slug":"crnogorski-poslanici-na-23-jesenjem-zasijedanje-parlamentarne-skupstine-oebs-a-u-istanbulu","status":"publish","type":"post","link":"https:\/\/dmcsrb.com\/en\/politika\/crnogorski-poslanici-na-23-jesenjem-zasijedanje-parlamentarne-skupstine-oebs-a-u-istanbulu\/","title":{"rendered":"Crnogorski poslanici na 23. jesenjem zasijedanje Parlamentarne skup\u0161tine OEBS-a u Istanbulu"},"content":{"rendered":"<p><\/p>\n\n\n\n<p><\/p>\n\n\n\n<p><\/p>\n\n\n\n<p>\u201cOko 200 parlamentaraca iz 53 dr\u017eave u\u010desnice OEBS-a okupilo se na dvodnevnoj Palamentarnoj konferenciji u Istanbulu gde su raspravljali o na\u010dinima ja\u010danja dijaloga, unapre\u0111enju trgovine zasnovane na pravilima i za\u0161tite \u017eivota u eri neizvjesnosti\u201d, saop\u0161teno je iz Skup\u0161tine.<\/p>\n\n\n\n<p>Na otvaranju Parlamentarne konferencije na temu: \u201eOEBS 50 godina nakon Helsinkija: revitalizacija multilateralizma kroz dijalog i saradnju\u201c, prisutnima su se obratili&nbsp;<strong>Pere Hoan Pons<\/strong>, predsjednik PS OEBS-a,&nbsp;<strong>Selami Altinok,<\/strong>&nbsp;\u0161ef turske delegacije pri PS OEBS-u,<strong>&nbsp;Feridun H.Sinirlioglu<\/strong>, generalni sekretar OEBS-a, kao i&nbsp;<strong>Numan Kurtulmus<\/strong>, predsjednik Velike narodne skup\u0161tine Turske.<\/p>\n\n\n\n<p>Apelovano je na intenzivniji anga\u017eman u suo\u010davanju sa slo\u017eenim izazovima u regionu OEBS-a.<\/p>\n\n\n\n<p>\u201cNaglasili su da svi pregovori koji se ti\u010du mira u Ukrajini moraju uklju\u010diti Kijev, te apelovali na postizanje dugoro\u010dnog mira na Bliskom istoku. Tako\u0111e, naglasili su pozitivne iskorake u domenu bezbjednosti, pozdravljaju\u0107i normalizaciju odnosa Jermenije i Azerbejd\u017eana, uz podsje\u0107anje da politi\u010dki dijalog ostaje najmo\u0107nije sredstvo za rje\u0161avanje konflikata\u201d, dodaju u saopp\u0161tenju.<\/p>\n\n\n\n<p>Uvodno izlaganje tokom prve sesije na temu: \u201cUsagla\u0161avanje razli\u010ditih perspektiva: ja\u010danje dijaloga, medijacije i povjerenja u eri neizvjesnosti\u201d, imali su ambasadorka Helga<strong>&nbsp;Marija \u0160mid<\/strong>&nbsp;predsjednica Evropskog instituta za mir kao i&nbsp;<strong>David Harland<\/strong>, izvr\u0161ni direktor Centra za humanitarni dijalog. Prisutnima se obratila i \u010dlanica crnogorske delegacije Jevrosima Pejovi\u0107.<\/p>\n\n\n\n<p>\u201cTokom izlaganja, izme\u0111u ostalog, pozvala je prisutne da se vrate osnovnim temeljima OEBS-a, te podsjetila da je ova organizacija oduvijek sprije\u010davala sukobe kroz dijalog, te da predstavlja zajednicu koja \u0161titi ljudska prava i platformu koja ja\u010da mir kroz demokratiju\u201d, dodaje se u saop\u0161tenju.<\/p>\n\n\n\n<p>Drugu sesiju otvorila je potpredsjednica PS OEBS-a Gudrun Kugler, a uvodna izlaganja na temu ja\u010danja globalne trgovine zasnovane na pravilima, o\u010duvanja pravednosti, povezanosti i odr\u017eivog rasta imali su&nbsp;<strong>Mustafa Ege Jazgan,<\/strong>&nbsp;rektor Istanbulskog Bilgi univerziteta i direktor Centra za finansijske studije,&nbsp;<strong>Matijas Korman<\/strong>, generalni sekretar Organizacije za ekonomsku saradnju i razvoj,&nbsp;<strong>Azaj Gulijev,<\/strong>&nbsp;predsjednik Odbora za ekonomska pitanja, nauku, tehnologiju i \u017eivotnu sredinu kao i&nbsp;<strong>Bakit D\u017eusupov<\/strong>&nbsp;koordinator OEBS-a za ekonomske i aktivnosti \u017eivotne sredine.<\/p>\n\n\n\n<figure class=\"wp-block-image\" id=\"attachment_2496165\"><img decoding=\"async\" src=\"https:\/\/www.cdm.me\/wp-content\/uploads\/2025\/11\/viber_image_2025-11-19_09-05-47-258.jpg\" alt=\"Foto: Skup\u0161tina Crne Gore \" class=\"wp-image-2496165\"\/><figcaption class=\"wp-element-caption\">Foto: Skup\u0161tina Crne Gore<\/figcaption><\/figure>\n\n\n\n<p>\u201cPrisutnima se obratio i poslanik Amer Smailovi\u0107 koji je naglasio da trgovina treba da bude predvidiva i transparentna isti\u010du\u0107i da ulaganja u infrastrukturu, transport i digitalne platforme stvaraju mogu\u0107nosti za cijeli region, a naro\u010dito za Zapadni Balkan. Tako\u0111e, kazao je da u fokusu mora biti odr\u017eivi rast, te da zelenu tranziciju treba posmatrati kao \u0161ansu za saradnju\u201d, kazali su iz Skup\u0161tine.<\/p>\n\n\n\n<p>Tre\u0107u sesiju obilje\u017eila je diskusija na temu: \u201dLjudsko dostojanstvo na prvom mjestu: za\u0161tita \u017eivota, prava kao i podr\u0161ka porodicama i zajednicama\u201d sa fokusom na rastu\u0107e humanitarne i dru\u0161tvene izazove. Delegatima su se u okviru ove teme obratili&nbsp;<strong>Gema Koneli,<\/strong>&nbsp;\u0161efica Odsjeka za ocjenu, monitoring i planiranje u Kancelariji UN-a za koordinaciju humanitarnih pitanja,<strong>&nbsp;\u0160ebnen Ak\u0107ap<\/strong>ar, profesor na Univerzitetu dru\u0161tvenih nauka kao i&nbsp;<strong>Paolo Marki,<\/strong>&nbsp;predstavnik UNICEF-a u Turskoj.<\/p>\n\n\n\n<p>\u201cTokom jesenjeg zasijedanja odr\u017eana je sastanak Ad hok odbora za borbu protiv terorizma na temu: \u201cSpre\u010davanje radikalizacije mladih i ekstremizma u \u0161kolama\u201d. Tako\u0111e, bilo je rije\u010di i o naporima Turske u borbi protiv terorizma, sa kojim je u\u010desnike upoznala&nbsp;<strong>Ozlem Akpinar \u0106am<\/strong>&nbsp;iz Kabineta Predsjednika Turske. \u010clanica ovog Odbora, poslanica Jevrosima Pejovi\u0107, uz osvrt na temu, najavila je i odr\u017eavanje sastanka ovog tijela u Podgorici, naredne godine\u201d, navodi se u saop\u0161tenju.<\/p>\n\n\n\n<p>Na marginama zasijedanja odr\u017ean je panel na temu: \u201cIstina pod prijetnjom: uloga parlamentaraca u o\u010duvanju bezbjednosti novinara\u201d. U\u010desnica panela bila je poslanica Jevrosima Pejovi\u0107 koja je ocijenila da je sloboda medija jedan od najosjetljivijih pokazatelja demokratskog napretka dru\u0161tva. Uz osvrt na stanje u crnogorskom dru\u0161tvu, poslanica Pejovi\u0107 je istakla klju\u010dne preporuke u pravcu postizanja bezbjednosti novinara koje obuhvataju efikasne istrage prijetnji i napada na novinare, ja\u010danje socioekonomske za\u0161tite novinara, kao i promovisanje medijskog pluralizma.<\/p>\n\n\n\n<p>\u201cPosljednjeg dana odr\u017ean je Mediteranski forum gdje se diskutovalo o aktuelnim politi\u010dkim, bezbjednosnim i humanitarnim prilikama u regionu Bliskog istoka, uz analizu klju\u010dnih faktora koji oblikuju budu\u0107i razvoj doga\u0111aja\u201d, zaklju\u010duju u saop\u0161tenju.<\/p>","protected":false},"excerpt":{"rendered":"<p>Delegacija Skup\u0161tine Crne Gore u Parlamentarnoj skup\u0161tini Organizacije za evropsku bezbjednost i saradnju, koju \u010dine \u0161efica delegacije\u00a0Jelena Nedovi\u0107, \u010dlanovi\u00a0Amer Smailovi\u0107\u00a0i\u00a0Jevrosima Pejovi\u0107, potpredsjednica Odbora PS OEBS-a za politi\u010dka pitanja i bezbjednost, kao i zamjene \u010dlanova\u00a0Mom\u010dilo Lekovi\u0107\u00a0i\u00a0Jevto Erakovi\u0107,\u00a0u\u010destvovali su na 23. jesenjem zasijedanju, od 17. do 19. novembra 2025. godine u Istanbulu.<\/p>","protected":false},"author":1,"featured_media":964376,"comment_status":"open","ping_status":"open","sticky":false,"template":"","format":"standard","meta":{"_acf_changed":false,"footnotes":""},"categories":[12],"tags":[547,4546],"naslovna":[],"class_list":["post-964375","post","type-post","status-publish","format-standard","has-post-thumbnail","hentry","category-politika","tag-oebs","tag-poslanici"],"acf":[],"yoast_head":"<!-- This site is optimized with the Yoast SEO plugin v27.0 - https:\/\/yoast.com\/product\/yoast-seo-wordpress\/ -->\n<title>Crnogorski poslanici na 23. jesenjem zasijedanje Parlamentarne skup\u0161tine OEBS-a u Istanbulu - dmcsrb.com<\/title>\n<meta name=\"robots\" content=\"index, follow, max-snippet:-1, max-image-preview:large, max-video-preview:-1\" \/>\n<link rel=\"canonical\" href=\"https:\/\/dmcsrb.com\/en\/politika\/crnogorski-poslanici-na-23-jesenjem-zasijedanje-parlamentarne-skupstine-oebs-a-u-istanbulu\/\" \/>\n<meta property=\"og:locale\" content=\"en_GB\" \/>\n<meta property=\"og:type\" content=\"article\" \/>\n<meta property=\"og:title\" content=\"Crnogorski poslanici na 23. jesenjem zasijedanje Parlamentarne skup\u0161tine OEBS-a u Istanbulu - dmcsrb.com\" \/>\n<meta property=\"og:description\" content=\"Delegacija Skup\u0161tine Crne Gore u Parlamentarnoj skup\u0161tini Organizacije za evropsku bezbjednost i saradnju, koju \u010dine \u0161efica delegacije\u00a0Jelena Nedovi\u0107, \u010dlanovi\u00a0Amer Smailovi\u0107\u00a0i\u00a0Jevrosima Pejovi\u0107, potpredsjednica Odbora PS OEBS-a za politi\u010dka pitanja i bezbjednost, kao i zamjene \u010dlanova\u00a0Mom\u010dilo Lekovi\u0107\u00a0i\u00a0Jevto Erakovi\u0107,\u00a0u\u010destvovali su na 23. jesenjem zasijedanju, od 17. do 19. novembra 2025. godine u Istanbulu.\" \/>\n<meta property=\"og:url\" content=\"https:\/\/dmcsrb.com\/en\/politika\/crnogorski-poslanici-na-23-jesenjem-zasijedanje-parlamentarne-skupstine-oebs-a-u-istanbulu\/\" \/>\n<meta property=\"og:site_name\" content=\"dmcsrb.com\" \/>\n<meta property=\"article:published_time\" content=\"2025-11-19T08:41:00+00:00\" \/>\n<meta property=\"og:image\" content=\"https:\/\/dmcsrb.com\/wp-content\/uploads\/2026\/01\/viber_image_2025-11-18_20-27-06-679-1000x555-1.webp\" \/>\n\t<meta property=\"og:image:width\" content=\"1000\" \/>\n\t<meta property=\"og:image:height\" content=\"555\" \/>\n\t<meta property=\"og:image:type\" content=\"image\/jpeg\" \/>\n<meta name=\"author\" content=\"dmcsrbija.com@gmail.com\" \/>\n<meta name=\"twitter:card\" content=\"summary_large_image\" \/>\n<meta name=\"twitter:label1\" content=\"Written by\" \/>\n\t<meta name=\"twitter:data1\" content=\"dmcsrbija.com@gmail.com\" \/>\n\t<meta name=\"twitter:label2\" content=\"Estimated reading time\" \/>\n\t<meta name=\"twitter:data2\" content=\"4 minutes\" \/>\n<script type=\"application\/ld+json\" class=\"yoast-schema-graph\">{\"@context\":\"https:\/\/schema.org\",\"@graph\":[{\"@type\":\"Article\",\"@id\":\"https:\/\/dmcsrb.com\/en\/politika\/crnogorski-poslanici-na-23-jesenjem-zasijedanje-parlamentarne-skupstine-oebs-a-u-istanbulu\/#article\",\"isPartOf\":{\"@id\":\"https:\/\/dmcsrb.com\/en\/politika\/crnogorski-poslanici-na-23-jesenjem-zasijedanje-parlamentarne-skupstine-oebs-a-u-istanbulu\/\"},\"author\":{\"name\":\"dmcsrbija.com@gmail.com\",\"@id\":\"https:\/\/dmcsrb.com\/#\/schema\/person\/5c39170f12db1b8b457732d0b5c854e2\"},\"headline\":\"Crnogorski poslanici na 23. jesenjem zasijedanje Parlamentarne skup\u0161tine OEBS-a u Istanbulu\",\"datePublished\":\"2025-11-19T08:41:00+00:00\",\"mainEntityOfPage\":{\"@id\":\"https:\/\/dmcsrb.com\/en\/politika\/crnogorski-poslanici-na-23-jesenjem-zasijedanje-parlamentarne-skupstine-oebs-a-u-istanbulu\/\"},\"wordCount\":731,\"commentCount\":0,\"image\":{\"@id\":\"https:\/\/dmcsrb.com\/en\/politika\/crnogorski-poslanici-na-23-jesenjem-zasijedanje-parlamentarne-skupstine-oebs-a-u-istanbulu\/#primaryimage\"},\"thumbnailUrl\":\"https:\/\/dmcsrb.com\/wp-content\/uploads\/2026\/01\/viber_image_2025-11-18_20-27-06-679-1000x555-1.webp\",\"keywords\":[\"OEBS\",\"poslanici\"],\"articleSection\":[\"Politika\"],\"inLanguage\":\"en-GB\",\"potentialAction\":[{\"@type\":\"CommentAction\",\"name\":\"Comment\",\"target\":[\"https:\/\/dmcsrb.com\/en\/politika\/crnogorski-poslanici-na-23-jesenjem-zasijedanje-parlamentarne-skupstine-oebs-a-u-istanbulu\/#respond\"]}]},{\"@type\":\"WebPage\",\"@id\":\"https:\/\/dmcsrb.com\/en\/politika\/crnogorski-poslanici-na-23-jesenjem-zasijedanje-parlamentarne-skupstine-oebs-a-u-istanbulu\/\",\"url\":\"https:\/\/dmcsrb.com\/en\/politika\/crnogorski-poslanici-na-23-jesenjem-zasijedanje-parlamentarne-skupstine-oebs-a-u-istanbulu\/\",\"name\":\"Crnogorski poslanici na 23. jesenjem zasijedanje Parlamentarne skup\u0161tine OEBS-a u Istanbulu - dmcsrb.com\",\"isPartOf\":{\"@id\":\"https:\/\/dmcsrb.com\/#website\"},\"primaryImageOfPage\":{\"@id\":\"https:\/\/dmcsrb.com\/en\/politika\/crnogorski-poslanici-na-23-jesenjem-zasijedanje-parlamentarne-skupstine-oebs-a-u-istanbulu\/#primaryimage\"},\"image\":{\"@id\":\"https:\/\/dmcsrb.com\/en\/politika\/crnogorski-poslanici-na-23-jesenjem-zasijedanje-parlamentarne-skupstine-oebs-a-u-istanbulu\/#primaryimage\"},\"thumbnailUrl\":\"https:\/\/dmcsrb.com\/wp-content\/uploads\/2026\/01\/viber_image_2025-11-18_20-27-06-679-1000x555-1.webp\",\"datePublished\":\"2025-11-19T08:41:00+00:00\",\"author\":{\"@id\":\"https:\/\/dmcsrb.com\/#\/schema\/person\/5c39170f12db1b8b457732d0b5c854e2\"},\"breadcrumb\":{\"@id\":\"https:\/\/dmcsrb.com\/en\/politika\/crnogorski-poslanici-na-23-jesenjem-zasijedanje-parlamentarne-skupstine-oebs-a-u-istanbulu\/#breadcrumb\"},\"inLanguage\":\"en-GB\",\"potentialAction\":[{\"@type\":\"ReadAction\",\"target\":[\"https:\/\/dmcsrb.com\/en\/politika\/crnogorski-poslanici-na-23-jesenjem-zasijedanje-parlamentarne-skupstine-oebs-a-u-istanbulu\/\"]}]},{\"@type\":\"ImageObject\",\"inLanguage\":\"en-GB\",\"@id\":\"https:\/\/dmcsrb.com\/en\/politika\/crnogorski-poslanici-na-23-jesenjem-zasijedanje-parlamentarne-skupstine-oebs-a-u-istanbulu\/#primaryimage\",\"url\":\"https:\/\/dmcsrb.com\/wp-content\/uploads\/2026\/01\/viber_image_2025-11-18_20-27-06-679-1000x555-1.webp\",\"contentUrl\":\"https:\/\/dmcsrb.com\/wp-content\/uploads\/2026\/01\/viber_image_2025-11-18_20-27-06-679-1000x555-1.webp\",\"width\":1000,\"height\":555},{\"@type\":\"BreadcrumbList\",\"@id\":\"https:\/\/dmcsrb.com\/en\/politika\/crnogorski-poslanici-na-23-jesenjem-zasijedanje-parlamentarne-skupstine-oebs-a-u-istanbulu\/#breadcrumb\",\"itemListElement\":[{\"@type\":\"ListItem\",\"position\":1,\"name\":\"Home\",\"item\":\"https:\/\/dmcsrb.com\/\"},{\"@type\":\"ListItem\",\"position\":2,\"name\":\"Crnogorski poslanici na 23. jesenjem zasijedanje Parlamentarne skup\u0161tine OEBS-a u Istanbulu\"}]},{\"@type\":\"WebSite\",\"@id\":\"https:\/\/dmcsrb.com\/#website\",\"url\":\"https:\/\/dmcsrb.com\/\",\"name\":\"dmcsrb.com\",\"description\":\"\",\"potentialAction\":[{\"@type\":\"SearchAction\",\"target\":{\"@type\":\"EntryPoint\",\"urlTemplate\":\"https:\/\/dmcsrb.com\/?s={search_term_string}\"},\"query-input\":{\"@type\":\"PropertyValueSpecification\",\"valueRequired\":true,\"valueName\":\"search_term_string\"}}],\"inLanguage\":\"en-GB\"},{\"@type\":\"Person\",\"@id\":\"https:\/\/dmcsrb.com\/#\/schema\/person\/5c39170f12db1b8b457732d0b5c854e2\",\"name\":\"dmcsrbija.com@gmail.com\",\"image\":{\"@type\":\"ImageObject\",\"inLanguage\":\"en-GB\",\"@id\":\"https:\/\/dmcsrb.com\/#\/schema\/person\/image\/\",\"url\":\"https:\/\/secure.gravatar.com\/avatar\/68592660ad6347fad0fb587f8d5d8f1a7b44961362f56e4f2cd524feb87e9069?s=96&d=mm&r=g\",\"contentUrl\":\"https:\/\/secure.gravatar.com\/avatar\/68592660ad6347fad0fb587f8d5d8f1a7b44961362f56e4f2cd524feb87e9069?s=96&d=mm&r=g\",\"caption\":\"dmcsrbija.com@gmail.com\"},\"sameAs\":[\"https:\/\/dmcsrb.com\"],\"url\":\"https:\/\/dmcsrb.com\/en\/author\/dmcsrbija-comgmail-com\/\"}]}<\/script>\n<!-- \/ Yoast SEO plugin. -->","yoast_head_json":{"title":"Crnogorski poslanici na 23. jesenjem zasijedanje Parlamentarne skup\u0161tine OEBS-a u Istanbulu - dmcsrb.com","robots":{"index":"index","follow":"follow","max-snippet":"max-snippet:-1","max-image-preview":"max-image-preview:large","max-video-preview":"max-video-preview:-1"},"canonical":"https:\/\/dmcsrb.com\/en\/politika\/crnogorski-poslanici-na-23-jesenjem-zasijedanje-parlamentarne-skupstine-oebs-a-u-istanbulu\/","og_locale":"en_GB","og_type":"article","og_title":"Crnogorski poslanici na 23. jesenjem zasijedanje Parlamentarne skup\u0161tine OEBS-a u Istanbulu - dmcsrb.com","og_description":"Delegacija Skup\u0161tine Crne Gore u Parlamentarnoj skup\u0161tini Organizacije za evropsku bezbjednost i saradnju, koju \u010dine \u0161efica delegacije\u00a0Jelena Nedovi\u0107, \u010dlanovi\u00a0Amer Smailovi\u0107\u00a0i\u00a0Jevrosima Pejovi\u0107, potpredsjednica Odbora PS OEBS-a za politi\u010dka pitanja i bezbjednost, kao i zamjene \u010dlanova\u00a0Mom\u010dilo Lekovi\u0107\u00a0i\u00a0Jevto Erakovi\u0107,\u00a0u\u010destvovali su na 23. jesenjem zasijedanju, od 17. do 19. novembra 2025. godine u Istanbulu.","og_url":"https:\/\/dmcsrb.com\/en\/politika\/crnogorski-poslanici-na-23-jesenjem-zasijedanje-parlamentarne-skupstine-oebs-a-u-istanbulu\/","og_site_name":"dmcsrb.com","article_published_time":"2025-11-19T08:41:00+00:00","og_image":[{"width":1000,"height":555,"url":"https:\/\/dmcsrb.com\/wp-content\/uploads\/2026\/01\/viber_image_2025-11-18_20-27-06-679-1000x555-1.webp","type":"image\/jpeg"}],"author":"dmcsrbija.com@gmail.com","twitter_card":"summary_large_image","twitter_misc":{"Written by":"dmcsrbija.com@gmail.com","Estimated reading time":"4 minutes"},"schema":{"@context":"https:\/\/schema.org","@graph":[{"@type":"Article","@id":"https:\/\/dmcsrb.com\/en\/politika\/crnogorski-poslanici-na-23-jesenjem-zasijedanje-parlamentarne-skupstine-oebs-a-u-istanbulu\/#article","isPartOf":{"@id":"https:\/\/dmcsrb.com\/en\/politika\/crnogorski-poslanici-na-23-jesenjem-zasijedanje-parlamentarne-skupstine-oebs-a-u-istanbulu\/"},"author":{"name":"dmcsrbija.com@gmail.com","@id":"https:\/\/dmcsrb.com\/#\/schema\/person\/5c39170f12db1b8b457732d0b5c854e2"},"headline":"Crnogorski poslanici na 23. jesenjem zasijedanje Parlamentarne skup\u0161tine OEBS-a u Istanbulu","datePublished":"2025-11-19T08:41:00+00:00","mainEntityOfPage":{"@id":"https:\/\/dmcsrb.com\/en\/politika\/crnogorski-poslanici-na-23-jesenjem-zasijedanje-parlamentarne-skupstine-oebs-a-u-istanbulu\/"},"wordCount":731,"commentCount":0,"image":{"@id":"https:\/\/dmcsrb.com\/en\/politika\/crnogorski-poslanici-na-23-jesenjem-zasijedanje-parlamentarne-skupstine-oebs-a-u-istanbulu\/#primaryimage"},"thumbnailUrl":"https:\/\/dmcsrb.com\/wp-content\/uploads\/2026\/01\/viber_image_2025-11-18_20-27-06-679-1000x555-1.webp","keywords":["OEBS","poslanici"],"articleSection":["Politika"],"inLanguage":"en-GB","potentialAction":[{"@type":"CommentAction","name":"Comment","target":["https:\/\/dmcsrb.com\/en\/politika\/crnogorski-poslanici-na-23-jesenjem-zasijedanje-parlamentarne-skupstine-oebs-a-u-istanbulu\/#respond"]}]},{"@type":"WebPage","@id":"https:\/\/dmcsrb.com\/en\/politika\/crnogorski-poslanici-na-23-jesenjem-zasijedanje-parlamentarne-skupstine-oebs-a-u-istanbulu\/","url":"https:\/\/dmcsrb.com\/en\/politika\/crnogorski-poslanici-na-23-jesenjem-zasijedanje-parlamentarne-skupstine-oebs-a-u-istanbulu\/","name":"Crnogorski poslanici na 23. jesenjem zasijedanje Parlamentarne skup\u0161tine OEBS-a u Istanbulu - dmcsrb.com","isPartOf":{"@id":"https:\/\/dmcsrb.com\/#website"},"primaryImageOfPage":{"@id":"https:\/\/dmcsrb.com\/en\/politika\/crnogorski-poslanici-na-23-jesenjem-zasijedanje-parlamentarne-skupstine-oebs-a-u-istanbulu\/#primaryimage"},"image":{"@id":"https:\/\/dmcsrb.com\/en\/politika\/crnogorski-poslanici-na-23-jesenjem-zasijedanje-parlamentarne-skupstine-oebs-a-u-istanbulu\/#primaryimage"},"thumbnailUrl":"https:\/\/dmcsrb.com\/wp-content\/uploads\/2026\/01\/viber_image_2025-11-18_20-27-06-679-1000x555-1.webp","datePublished":"2025-11-19T08:41:00+00:00","author":{"@id":"https:\/\/dmcsrb.com\/#\/schema\/person\/5c39170f12db1b8b457732d0b5c854e2"},"breadcrumb":{"@id":"https:\/\/dmcsrb.com\/en\/politika\/crnogorski-poslanici-na-23-jesenjem-zasijedanje-parlamentarne-skupstine-oebs-a-u-istanbulu\/#breadcrumb"},"inLanguage":"en-GB","potentialAction":[{"@type":"ReadAction","target":["https:\/\/dmcsrb.com\/en\/politika\/crnogorski-poslanici-na-23-jesenjem-zasijedanje-parlamentarne-skupstine-oebs-a-u-istanbulu\/"]}]},{"@type":"ImageObject","inLanguage":"en-GB","@id":"https:\/\/dmcsrb.com\/en\/politika\/crnogorski-poslanici-na-23-jesenjem-zasijedanje-parlamentarne-skupstine-oebs-a-u-istanbulu\/#primaryimage","url":"https:\/\/dmcsrb.com\/wp-content\/uploads\/2026\/01\/viber_image_2025-11-18_20-27-06-679-1000x555-1.webp","contentUrl":"https:\/\/dmcsrb.com\/wp-content\/uploads\/2026\/01\/viber_image_2025-11-18_20-27-06-679-1000x555-1.webp","width":1000,"height":555},{"@type":"BreadcrumbList","@id":"https:\/\/dmcsrb.com\/en\/politika\/crnogorski-poslanici-na-23-jesenjem-zasijedanje-parlamentarne-skupstine-oebs-a-u-istanbulu\/#breadcrumb","itemListElement":[{"@type":"ListItem","position":1,"name":"Home","item":"https:\/\/dmcsrb.com\/"},{"@type":"ListItem","position":2,"name":"Crnogorski poslanici na 23. jesenjem zasijedanje Parlamentarne skup\u0161tine OEBS-a u Istanbulu"}]},{"@type":"WebSite","@id":"https:\/\/dmcsrb.com\/#website","url":"https:\/\/dmcsrb.com\/","name":"dmcsrb.com","description":"","potentialAction":[{"@type":"SearchAction","target":{"@type":"EntryPoint","urlTemplate":"https:\/\/dmcsrb.com\/?s={search_term_string}"},"query-input":{"@type":"PropertyValueSpecification","valueRequired":true,"valueName":"search_term_string"}}],"inLanguage":"en-GB"},{"@type":"Person","@id":"https:\/\/dmcsrb.com\/#\/schema\/person\/5c39170f12db1b8b457732d0b5c854e2","name":"dmcsrbija.com@gmail.com","image":{"@type":"ImageObject","inLanguage":"en-GB","@id":"https:\/\/dmcsrb.com\/#\/schema\/person\/image\/","url":"https:\/\/secure.gravatar.com\/avatar\/68592660ad6347fad0fb587f8d5d8f1a7b44961362f56e4f2cd524feb87e9069?s=96&d=mm&r=g","contentUrl":"https:\/\/secure.gravatar.com\/avatar\/68592660ad6347fad0fb587f8d5d8f1a7b44961362f56e4f2cd524feb87e9069?s=96&d=mm&r=g","caption":"dmcsrbija.com@gmail.com"},"sameAs":["https:\/\/dmcsrb.com"],"url":"https:\/\/dmcsrb.com\/en\/author\/dmcsrbija-comgmail-com\/"}]}},"_links":{"self":[{"href":"https:\/\/dmcsrb.com\/en\/wp-json\/wp\/v2\/posts\/964375","targetHints":{"allow":["GET"]}}],"collection":[{"href":"https:\/\/dmcsrb.com\/en\/wp-json\/wp\/v2\/posts"}],"about":[{"href":"https:\/\/dmcsrb.com\/en\/wp-json\/wp\/v2\/types\/post"}],"author":[{"embeddable":true,"href":"https:\/\/dmcsrb.com\/en\/wp-json\/wp\/v2\/users\/1"}],"replies":[{"embeddable":true,"href":"https:\/\/dmcsrb.com\/en\/wp-json\/wp\/v2\/comments?post=964375"}],"version-history":[{"count":0,"href":"https:\/\/dmcsrb.com\/en\/wp-json\/wp\/v2\/posts\/964375\/revisions"}],"wp:featuredmedia":[{"embeddable":true,"href":"https:\/\/dmcsrb.com\/en\/wp-json\/wp\/v2\/media\/964376"}],"wp:attachment":[{"href":"https:\/\/dmcsrb.com\/en\/wp-json\/wp\/v2\/media?parent=964375"}],"wp:term":[{"taxonomy":"category","embeddable":true,"href":"https:\/\/dmcsrb.com\/en\/wp-json\/wp\/v2\/categories?post=964375"},{"taxonomy":"post_tag","embeddable":true,"href":"https:\/\/dmcsrb.com\/en\/wp-json\/wp\/v2\/tags?post=964375"},{"taxonomy":"naslovna","embeddable":true,"href":"https:\/\/dmcsrb.com\/en\/wp-json\/wp\/v2\/naslovna?post=964375"}],"curies":[{"name":"wp","href":"https:\/\/api.w.org\/{rel}","templated":true}]}}