{"id":964265,"date":"2025-11-18T14:39:20","date_gmt":"2025-11-18T13:39:20","guid":{"rendered":"https:\/\/dmcsrb.com\/uncategorized\/kos-vrijeme-za-prosirenje-eu-crna-gora-postigla-znacajan-napredak\/"},"modified":"2025-11-18T14:39:20","modified_gmt":"2025-11-18T13:39:20","slug":"kos-vrijeme-za-prosirenje-eu-crna-gora-postigla-znacajan-napredak","status":"publish","type":"post","link":"https:\/\/dmcsrb.com\/en\/politika\/kos-vrijeme-za-prosirenje-eu-crna-gora-postigla-znacajan-napredak\/","title":{"rendered":"Kos: Vrijeme za pro\u0161irenje EU, Crna Gora postigla zna\u010dajan napredak"},"content":{"rendered":"<p>&#8220;Ovo pokazuje da se reforme isplate. EU je tako\u0111e ubrzala postepenu integraciju, uklju\u010duju\u0107i i kroz Instrument za Ukrajinu i Planove rasta za Zapadni Balkan i Moldaviju. Ovo ve\u0107 \u010dini Evropsku uniju \u017eivom stvarno\u0161\u0107u kod dana\u0161njih kandidata. I moramo da pratimo geopoliti\u010dku hitnost na\u0161eg vremena. Vidim tri pravca na\u0161eg rada dok idemo naprijed&#8221;, rekla je Kos&nbsp; Forumu o pro\u0161irenju EU u Briselu.&nbsp;<\/p>\n\n\n\n<p>Prvo, dodala je, svaki napredak koji postignemo sa na\u0161im budu\u0107im dr\u017eavama \u010dlanicama mora biti kredibilan.<\/p>\n\n\n\n<p>&#8220;Moramo da uskladimo pravnu tekovinu na kvalitativan na\u010din. I moramo je efikasno primijeniti. Ne mo\u017ee biti pre\u010dica. \u010cesto me pitaju &#8211; &#8220;da li \u0107e ti geopoliti\u010dki argumenti zna\u010diti da treba da za\u017emurimo i dobijemo nove \u010dlanice bez obzira na sve? Ne, upravo je suprotno. Kada su demokratske strukture slabe ili vladavina prava neispravna, to mo\u017ee otvoriti vrata zlonamjernom uticaju, korupciji i organizovanom kriminalu&#8221;, navela je Kos na&nbsp;<\/p>\n\n\n\n<p>Kako je istakla, na\u0161a Unija je izgra\u0111ena na povjerenju me\u0111u svojim \u010dlanicama.<\/p>\n\n\n\n<p>&#8220;Uspje\u0161no pro\u0161irenje mo\u017ee se dogoditi samo kada postoji pojverenje, zasnovano na zaslugama. Drugo, EU mora da se pripremi za nove \u010dlanice. Trenutno radimo na pretpristupnom &#8220;pregledu spremnosti\u201c. Moramo da znamo kakav \u0107e biti uticaj budu\u0107eg pro\u0161irenja na klju\u010dne oblasti politike, na\u0161 bud\u017eet i na\u0161e strukture upravljanja. I moramo da pru\u017eimo sna\u017ene odgovore na brige i zabrinutosti na\u0161ih gra\u0111ana. \u0160ta pro\u0161irenje zna\u010di za na\u0161 model socijalne za\u0161tite? Kako mo\u017ee oja\u010dati kontrolu na\u0161ih granica? Kako \u0107emo osigurati po\u0161tovanje vladavine prava nakon pristupanja? I kako \u0107emo osigurati glatko i efikasno funkcionisanje Unije&#8221;, rekla je Kos.&nbsp;<\/p>\n\n\n\n<p>Kako je navela, moramo imati otvorenu diskusiju o tome kakve \u0107emo za\u0161titne jmere upisati u budu\u0107e ugovore o pristupanju.<\/p>\n\n\n\n<p>&#8220;Da bismo uvjerili na\u0161e gra\u0111ane da je integritet na\u0161e Unije za\u0161ti\u0107en. Moraju postojati za\u0161titne mjere koje na\u0161e nove dr\u017eave \u010dlanice ne\u0107e primijetiti, kada svi po\u0161tuju svoje odgovornosti. Ali one moraju biti podjednako za\u0161titne mjere koje mogu da daju sna\u017ean rezultat kada nove dr\u017eave \u010dlanice ne po\u0161tuju ista ta pravila. Istovremeno, priprema za nove dr\u017eave \u010dlanice zna\u010di poja\u010davanje na\u0161ih komunikacionih napora &#8211; da diskusiju o prednostima i izazovima pro\u0161irenja dovedemo u nacionalne debate&#8221;, navela je Kos.&nbsp;<\/p>\n\n\n\n<p>Dvij tre\u0107ine Evropljana nam ka\u017ee da trenutno nisjeu dovoljno informisani, istakla je i &#8220;ovo&nbsp;je problem koji moramo da preokrenemo&#8221;.<\/p>\n\n\n\n<p>&#8220;Ovo je zajedni\u010dka odgovornost sa na\u0161im dr\u017eavama \u010dlanicama. Tre\u0107e, vrijeme je za pro\u0161irenje.&nbsp;Zemlje kandidati zahtijevaju vrijeme za reforme. A ponekad, na\u0161im dr\u017eavama \u010dlanicama je potrebno vrijeme da donesu odluku. Vrijeme koje nam dana\u0161nji svijet vi\u0161e ne daje. Ako ne djelujemo brzo i odlu\u010dno, rizikujemo da izgubimo kontrolu nad bezbjedno\u0161\u0107u i stabilno\u0161\u0107u na na\u0161em kontinentu. Kada se moja zemlja, Slovenija, pripremala za \u010dlanstvo u EU, to se uglavnom posmatralo kroz prizmu prosperiteta. Danas je to i pitanje bezbjednosti. Vidimo da ako na\u0161i susjedi izaberu evropsku budu\u0107nost, bi\u0107e napadnuti&#8221;, rekla je Kos.&nbsp;<\/p>\n\n\n\n<p>Danas, istakla je, na\u0161e zemlje kandidati gledaju ka EU da ih za\u0161titi od ovih napada.<\/p>\n\n\n\n<p>&#8220;Moramo to u\u010diniti tako \u0161to \u0107emo evropske integracije u\u010diniti stvarno\u0161\u0107u. Danas. Ne sjutra. Ovo doti\u010de neke od klju\u010dnih elemenata Evropske unije. Od jedinstvenog tr\u017ei\u0161ta do energetike i bezbjednosti. U oblasti odbrane, jedna od na\u0161ih budu\u0107ih zemalja \u010dlanica, Ukrajina, nas pokre\u0107e naprijed i tjera nas da integri\u0161emo na na\u010dine nezamislive u pro\u0161losti. Ve\u0107 uklju\u010dujemo Ukrajinu, Moldaviju i Zapadni Balkan u panevropske lance vrijednosti. Da bismo smanjili rizik i privukli investicije&#8230;Ne bi trebalo da se pla\u0161imo razmi\u0161ljanja o sljede\u0107im koracima i kako mo\u017eemo integrisati na\u0161e zemlje kandidate i u neke od na\u0161ih struktura. Zaista, pro\u0161irenje nas je vratilo na putovanje koje smo zapo\u010deli nakon Drugog svjetskog rata. Borba za otvorena dru\u0161tva, demokratije, po\u0161tovanje zakona, a ne mo\u0107nih. Autokratski re\u017eimi nisu vezani istim moralnim i pravnim pravilima na kojima su izgra\u0111ene na\u0161e demokratije&#8221;, kazala je Kos.&nbsp;<\/p>\n\n\n\n<p>Oni iskori\u0161\u0107avaju, rekla je, na\u0161u otvorenost vode\u0107i asimetri\u010dnu igru i tro\u0161e\u0107i velike sume novca na dr\u017eavnu propagandu i strano mije\u0161anje.<\/p>\n\n\n\n<p>&#8220;Nigde to ne vidimo jasnije nego kod na\u0161ih kandidata. Zato postavljamo demokratsku sigurnosnu mre\u017eu preko na\u0161eg kontinenta. Mo\u017eemo i moramo da uzvratimo. Vi\u0161e ne mo\u017eemo da razmi\u0161ljamo o odbrani na\u0161ih demokratija kod ku\u0107e, u na\u0161oj Uniji, a da je ne branimo u na\u0161im zemljama kandidatima. Strategije hibridnog ratovanja koje su prvi put kori\u0161\u0107ene protiv demokratije u Ukrajini i Moldaviji kasnije su vi\u0111ene i u drugim djelovima Evrope. Nema razloga da verujemo da \u0107e se ovaj trend uskoro zaustaviti. Zato je potreba za obnovljenom diskusijom o budu\u0107nosti pro\u0161irenja i pro\u0161irene Unije danas od velike va\u017enosti&#8221;, rekla je Kos.&nbsp;<\/p>","protected":false},"excerpt":{"rendered":"<p>Evropska komesarka za pro\u0161irenje Marta Kos rekla je da je generalno 2025. godina bila dobra godina za pro\u0161irenje Evropske unije, i da se mnogo toga pomjerilo naprijed. Kako je istakla, dosad su Crna Gora, Albanija, Moldavija i Ukrajina postigle zna\u010dajan napredak na putu ka EU.<\/p>","protected":false},"author":1,"featured_media":964266,"comment_status":"open","ping_status":"open","sticky":false,"template":"","format":"standard","meta":{"_acf_changed":false,"footnotes":""},"categories":[12],"tags":[95,10,2815],"naslovna":[],"class_list":["post-964265","post","type-post","status-publish","format-standard","has-post-thumbnail","hentry","category-politika","tag-crna-gora","tag-eu","tag-marta-kos"],"acf":[],"yoast_head":"<!-- This site is optimized with the Yoast SEO plugin v27.4 - https:\/\/yoast.com\/product\/yoast-seo-wordpress\/ -->\n<title>Kos: Vrijeme za pro\u0161irenje EU, Crna Gora postigla zna\u010dajan napredak - dmcsrb.com<\/title>\n<meta name=\"robots\" content=\"index, follow, max-snippet:-1, max-image-preview:large, max-video-preview:-1\" \/>\n<link rel=\"canonical\" href=\"https:\/\/dmcsrb.com\/en\/politika\/kos-vrijeme-za-prosirenje-eu-crna-gora-postigla-znacajan-napredak\/\" \/>\n<meta property=\"og:locale\" content=\"en_GB\" \/>\n<meta property=\"og:type\" content=\"article\" \/>\n<meta property=\"og:title\" content=\"Kos: Vrijeme za pro\u0161irenje EU, Crna Gora postigla zna\u010dajan napredak - dmcsrb.com\" \/>\n<meta property=\"og:description\" content=\"Evropska komesarka za pro\u0161irenje Marta Kos rekla je da je generalno 2025. godina bila dobra godina za pro\u0161irenje Evropske unije, i da se mnogo toga pomjerilo naprijed. Kako je istakla, dosad su Crna Gora, Albanija, Moldavija i Ukrajina postigle zna\u010dajan napredak na putu ka EU.\" \/>\n<meta property=\"og:url\" content=\"https:\/\/dmcsrb.com\/en\/politika\/kos-vrijeme-za-prosirenje-eu-crna-gora-postigla-znacajan-napredak\/\" \/>\n<meta property=\"og:site_name\" content=\"dmcsrb.com\" \/>\n<meta property=\"article:published_time\" content=\"2025-11-18T13:39:20+00:00\" \/>\n<meta property=\"og:image\" content=\"https:\/\/dmcsrb.com\/wp-content\/uploads\/2026\/01\/Screenshot_2025-06-03_113523_504x900.webp\" \/>\n\t<meta property=\"og:image:width\" content=\"900\" \/>\n\t<meta property=\"og:image:height\" content=\"504\" \/>\n\t<meta property=\"og:image:type\" content=\"image\/png\" \/>\n<meta name=\"author\" content=\"dmcsrbija.com@gmail.com\" \/>\n<meta name=\"twitter:card\" content=\"summary_large_image\" \/>\n<meta name=\"twitter:label1\" content=\"Written by\" \/>\n\t<meta name=\"twitter:data1\" content=\"dmcsrbija.com@gmail.com\" \/>\n\t<meta name=\"twitter:label2\" content=\"Estimated reading time\" \/>\n\t<meta name=\"twitter:data2\" content=\"4 minutes\" \/>\n<script type=\"application\/ld+json\" class=\"yoast-schema-graph\">{\"@context\":\"https:\\\/\\\/schema.org\",\"@graph\":[{\"@type\":\"Article\",\"@id\":\"https:\\\/\\\/dmcsrb.com\\\/politika\\\/kos-vrijeme-za-prosirenje-eu-crna-gora-postigla-znacajan-napredak\\\/#article\",\"isPartOf\":{\"@id\":\"https:\\\/\\\/dmcsrb.com\\\/politika\\\/kos-vrijeme-za-prosirenje-eu-crna-gora-postigla-znacajan-napredak\\\/\"},\"author\":{\"name\":\"dmcsrbija.com@gmail.com\",\"@id\":\"https:\\\/\\\/dmcsrb.com\\\/#\\\/schema\\\/person\\\/5c39170f12db1b8b457732d0b5c854e2\"},\"headline\":\"Kos: Vrijeme za pro\u0161irenje EU, Crna Gora postigla zna\u010dajan napredak\",\"datePublished\":\"2025-11-18T13:39:20+00:00\",\"mainEntityOfPage\":{\"@id\":\"https:\\\/\\\/dmcsrb.com\\\/politika\\\/kos-vrijeme-za-prosirenje-eu-crna-gora-postigla-znacajan-napredak\\\/\"},\"wordCount\":875,\"commentCount\":0,\"image\":{\"@id\":\"https:\\\/\\\/dmcsrb.com\\\/politika\\\/kos-vrijeme-za-prosirenje-eu-crna-gora-postigla-znacajan-napredak\\\/#primaryimage\"},\"thumbnailUrl\":\"https:\\\/\\\/dmcsrb.com\\\/wp-content\\\/uploads\\\/2026\\\/01\\\/Screenshot_2025-06-03_113523_504x900.webp\",\"keywords\":[\"Crna Gora\",\"EU\",\"Marta Kos\"],\"articleSection\":[\"Politika\"],\"inLanguage\":\"en-GB\",\"potentialAction\":[{\"@type\":\"CommentAction\",\"name\":\"Comment\",\"target\":[\"https:\\\/\\\/dmcsrb.com\\\/politika\\\/kos-vrijeme-za-prosirenje-eu-crna-gora-postigla-znacajan-napredak\\\/#respond\"]}]},{\"@type\":\"WebPage\",\"@id\":\"https:\\\/\\\/dmcsrb.com\\\/politika\\\/kos-vrijeme-za-prosirenje-eu-crna-gora-postigla-znacajan-napredak\\\/\",\"url\":\"https:\\\/\\\/dmcsrb.com\\\/politika\\\/kos-vrijeme-za-prosirenje-eu-crna-gora-postigla-znacajan-napredak\\\/\",\"name\":\"Kos: Vrijeme za pro\u0161irenje EU, Crna Gora postigla zna\u010dajan napredak - dmcsrb.com\",\"isPartOf\":{\"@id\":\"https:\\\/\\\/dmcsrb.com\\\/#website\"},\"primaryImageOfPage\":{\"@id\":\"https:\\\/\\\/dmcsrb.com\\\/politika\\\/kos-vrijeme-za-prosirenje-eu-crna-gora-postigla-znacajan-napredak\\\/#primaryimage\"},\"image\":{\"@id\":\"https:\\\/\\\/dmcsrb.com\\\/politika\\\/kos-vrijeme-za-prosirenje-eu-crna-gora-postigla-znacajan-napredak\\\/#primaryimage\"},\"thumbnailUrl\":\"https:\\\/\\\/dmcsrb.com\\\/wp-content\\\/uploads\\\/2026\\\/01\\\/Screenshot_2025-06-03_113523_504x900.webp\",\"datePublished\":\"2025-11-18T13:39:20+00:00\",\"author\":{\"@id\":\"https:\\\/\\\/dmcsrb.com\\\/#\\\/schema\\\/person\\\/5c39170f12db1b8b457732d0b5c854e2\"},\"breadcrumb\":{\"@id\":\"https:\\\/\\\/dmcsrb.com\\\/politika\\\/kos-vrijeme-za-prosirenje-eu-crna-gora-postigla-znacajan-napredak\\\/#breadcrumb\"},\"inLanguage\":\"en-GB\",\"potentialAction\":[{\"@type\":\"ReadAction\",\"target\":[\"https:\\\/\\\/dmcsrb.com\\\/politika\\\/kos-vrijeme-za-prosirenje-eu-crna-gora-postigla-znacajan-napredak\\\/\"]}]},{\"@type\":\"ImageObject\",\"inLanguage\":\"en-GB\",\"@id\":\"https:\\\/\\\/dmcsrb.com\\\/politika\\\/kos-vrijeme-za-prosirenje-eu-crna-gora-postigla-znacajan-napredak\\\/#primaryimage\",\"url\":\"https:\\\/\\\/dmcsrb.com\\\/wp-content\\\/uploads\\\/2026\\\/01\\\/Screenshot_2025-06-03_113523_504x900.webp\",\"contentUrl\":\"https:\\\/\\\/dmcsrb.com\\\/wp-content\\\/uploads\\\/2026\\\/01\\\/Screenshot_2025-06-03_113523_504x900.webp\",\"width\":900,\"height\":504},{\"@type\":\"BreadcrumbList\",\"@id\":\"https:\\\/\\\/dmcsrb.com\\\/politika\\\/kos-vrijeme-za-prosirenje-eu-crna-gora-postigla-znacajan-napredak\\\/#breadcrumb\",\"itemListElement\":[{\"@type\":\"ListItem\",\"position\":1,\"name\":\"Home\",\"item\":\"https:\\\/\\\/dmcsrb.com\\\/\"},{\"@type\":\"ListItem\",\"position\":2,\"name\":\"Kos: Vrijeme za pro\u0161irenje EU, Crna Gora postigla zna\u010dajan napredak\"}]},{\"@type\":\"WebSite\",\"@id\":\"https:\\\/\\\/dmcsrb.com\\\/#website\",\"url\":\"https:\\\/\\\/dmcsrb.com\\\/\",\"name\":\"dmcsrb.com\",\"description\":\"\",\"potentialAction\":[{\"@type\":\"SearchAction\",\"target\":{\"@type\":\"EntryPoint\",\"urlTemplate\":\"https:\\\/\\\/dmcsrb.com\\\/?s={search_term_string}\"},\"query-input\":{\"@type\":\"PropertyValueSpecification\",\"valueRequired\":true,\"valueName\":\"search_term_string\"}}],\"inLanguage\":\"en-GB\"},{\"@type\":\"Person\",\"@id\":\"https:\\\/\\\/dmcsrb.com\\\/#\\\/schema\\\/person\\\/5c39170f12db1b8b457732d0b5c854e2\",\"name\":\"dmcsrbija.com@gmail.com\",\"image\":{\"@type\":\"ImageObject\",\"inLanguage\":\"en-GB\",\"@id\":\"https:\\\/\\\/secure.gravatar.com\\\/avatar\\\/68592660ad6347fad0fb587f8d5d8f1a7b44961362f56e4f2cd524feb87e9069?s=96&d=mm&r=g\",\"url\":\"https:\\\/\\\/secure.gravatar.com\\\/avatar\\\/68592660ad6347fad0fb587f8d5d8f1a7b44961362f56e4f2cd524feb87e9069?s=96&d=mm&r=g\",\"contentUrl\":\"https:\\\/\\\/secure.gravatar.com\\\/avatar\\\/68592660ad6347fad0fb587f8d5d8f1a7b44961362f56e4f2cd524feb87e9069?s=96&d=mm&r=g\",\"caption\":\"dmcsrbija.com@gmail.com\"},\"sameAs\":[\"https:\\\/\\\/dmcsrb.com\"],\"url\":\"https:\\\/\\\/dmcsrb.com\\\/en\\\/author\\\/dmcsrbija-comgmail-com\\\/\"}]}<\/script>\n<!-- \/ Yoast SEO plugin. -->","yoast_head_json":{"title":"Kos: Vrijeme za pro\u0161irenje EU, Crna Gora postigla zna\u010dajan napredak - dmcsrb.com","robots":{"index":"index","follow":"follow","max-snippet":"max-snippet:-1","max-image-preview":"max-image-preview:large","max-video-preview":"max-video-preview:-1"},"canonical":"https:\/\/dmcsrb.com\/en\/politika\/kos-vrijeme-za-prosirenje-eu-crna-gora-postigla-znacajan-napredak\/","og_locale":"en_GB","og_type":"article","og_title":"Kos: Vrijeme za pro\u0161irenje EU, Crna Gora postigla zna\u010dajan napredak - dmcsrb.com","og_description":"Evropska komesarka za pro\u0161irenje Marta Kos rekla je da je generalno 2025. godina bila dobra godina za pro\u0161irenje Evropske unije, i da se mnogo toga pomjerilo naprijed. Kako je istakla, dosad su Crna Gora, Albanija, Moldavija i Ukrajina postigle zna\u010dajan napredak na putu ka EU.","og_url":"https:\/\/dmcsrb.com\/en\/politika\/kos-vrijeme-za-prosirenje-eu-crna-gora-postigla-znacajan-napredak\/","og_site_name":"dmcsrb.com","article_published_time":"2025-11-18T13:39:20+00:00","og_image":[{"width":900,"height":504,"url":"https:\/\/dmcsrb.com\/wp-content\/uploads\/2026\/01\/Screenshot_2025-06-03_113523_504x900.webp","type":"image\/png"}],"author":"dmcsrbija.com@gmail.com","twitter_card":"summary_large_image","twitter_misc":{"Written by":"dmcsrbija.com@gmail.com","Estimated reading time":"4 minutes"},"schema":{"@context":"https:\/\/schema.org","@graph":[{"@type":"Article","@id":"https:\/\/dmcsrb.com\/politika\/kos-vrijeme-za-prosirenje-eu-crna-gora-postigla-znacajan-napredak\/#article","isPartOf":{"@id":"https:\/\/dmcsrb.com\/politika\/kos-vrijeme-za-prosirenje-eu-crna-gora-postigla-znacajan-napredak\/"},"author":{"name":"dmcsrbija.com@gmail.com","@id":"https:\/\/dmcsrb.com\/#\/schema\/person\/5c39170f12db1b8b457732d0b5c854e2"},"headline":"Kos: Vrijeme za pro\u0161irenje EU, Crna Gora postigla zna\u010dajan napredak","datePublished":"2025-11-18T13:39:20+00:00","mainEntityOfPage":{"@id":"https:\/\/dmcsrb.com\/politika\/kos-vrijeme-za-prosirenje-eu-crna-gora-postigla-znacajan-napredak\/"},"wordCount":875,"commentCount":0,"image":{"@id":"https:\/\/dmcsrb.com\/politika\/kos-vrijeme-za-prosirenje-eu-crna-gora-postigla-znacajan-napredak\/#primaryimage"},"thumbnailUrl":"https:\/\/dmcsrb.com\/wp-content\/uploads\/2026\/01\/Screenshot_2025-06-03_113523_504x900.webp","keywords":["Crna Gora","EU","Marta Kos"],"articleSection":["Politika"],"inLanguage":"en-GB","potentialAction":[{"@type":"CommentAction","name":"Comment","target":["https:\/\/dmcsrb.com\/politika\/kos-vrijeme-za-prosirenje-eu-crna-gora-postigla-znacajan-napredak\/#respond"]}]},{"@type":"WebPage","@id":"https:\/\/dmcsrb.com\/politika\/kos-vrijeme-za-prosirenje-eu-crna-gora-postigla-znacajan-napredak\/","url":"https:\/\/dmcsrb.com\/politika\/kos-vrijeme-za-prosirenje-eu-crna-gora-postigla-znacajan-napredak\/","name":"Kos: Vrijeme za pro\u0161irenje EU, Crna Gora postigla zna\u010dajan napredak - dmcsrb.com","isPartOf":{"@id":"https:\/\/dmcsrb.com\/#website"},"primaryImageOfPage":{"@id":"https:\/\/dmcsrb.com\/politika\/kos-vrijeme-za-prosirenje-eu-crna-gora-postigla-znacajan-napredak\/#primaryimage"},"image":{"@id":"https:\/\/dmcsrb.com\/politika\/kos-vrijeme-za-prosirenje-eu-crna-gora-postigla-znacajan-napredak\/#primaryimage"},"thumbnailUrl":"https:\/\/dmcsrb.com\/wp-content\/uploads\/2026\/01\/Screenshot_2025-06-03_113523_504x900.webp","datePublished":"2025-11-18T13:39:20+00:00","author":{"@id":"https:\/\/dmcsrb.com\/#\/schema\/person\/5c39170f12db1b8b457732d0b5c854e2"},"breadcrumb":{"@id":"https:\/\/dmcsrb.com\/politika\/kos-vrijeme-za-prosirenje-eu-crna-gora-postigla-znacajan-napredak\/#breadcrumb"},"inLanguage":"en-GB","potentialAction":[{"@type":"ReadAction","target":["https:\/\/dmcsrb.com\/politika\/kos-vrijeme-za-prosirenje-eu-crna-gora-postigla-znacajan-napredak\/"]}]},{"@type":"ImageObject","inLanguage":"en-GB","@id":"https:\/\/dmcsrb.com\/politika\/kos-vrijeme-za-prosirenje-eu-crna-gora-postigla-znacajan-napredak\/#primaryimage","url":"https:\/\/dmcsrb.com\/wp-content\/uploads\/2026\/01\/Screenshot_2025-06-03_113523_504x900.webp","contentUrl":"https:\/\/dmcsrb.com\/wp-content\/uploads\/2026\/01\/Screenshot_2025-06-03_113523_504x900.webp","width":900,"height":504},{"@type":"BreadcrumbList","@id":"https:\/\/dmcsrb.com\/politika\/kos-vrijeme-za-prosirenje-eu-crna-gora-postigla-znacajan-napredak\/#breadcrumb","itemListElement":[{"@type":"ListItem","position":1,"name":"Home","item":"https:\/\/dmcsrb.com\/"},{"@type":"ListItem","position":2,"name":"Kos: Vrijeme za pro\u0161irenje EU, Crna Gora postigla zna\u010dajan napredak"}]},{"@type":"WebSite","@id":"https:\/\/dmcsrb.com\/#website","url":"https:\/\/dmcsrb.com\/","name":"dmcsrb.com","description":"","potentialAction":[{"@type":"SearchAction","target":{"@type":"EntryPoint","urlTemplate":"https:\/\/dmcsrb.com\/?s={search_term_string}"},"query-input":{"@type":"PropertyValueSpecification","valueRequired":true,"valueName":"search_term_string"}}],"inLanguage":"en-GB"},{"@type":"Person","@id":"https:\/\/dmcsrb.com\/#\/schema\/person\/5c39170f12db1b8b457732d0b5c854e2","name":"dmcsrbija.com@gmail.com","image":{"@type":"ImageObject","inLanguage":"en-GB","@id":"https:\/\/secure.gravatar.com\/avatar\/68592660ad6347fad0fb587f8d5d8f1a7b44961362f56e4f2cd524feb87e9069?s=96&d=mm&r=g","url":"https:\/\/secure.gravatar.com\/avatar\/68592660ad6347fad0fb587f8d5d8f1a7b44961362f56e4f2cd524feb87e9069?s=96&d=mm&r=g","contentUrl":"https:\/\/secure.gravatar.com\/avatar\/68592660ad6347fad0fb587f8d5d8f1a7b44961362f56e4f2cd524feb87e9069?s=96&d=mm&r=g","caption":"dmcsrbija.com@gmail.com"},"sameAs":["https:\/\/dmcsrb.com"],"url":"https:\/\/dmcsrb.com\/en\/author\/dmcsrbija-comgmail-com\/"}]}},"_links":{"self":[{"href":"https:\/\/dmcsrb.com\/en\/wp-json\/wp\/v2\/posts\/964265","targetHints":{"allow":["GET"]}}],"collection":[{"href":"https:\/\/dmcsrb.com\/en\/wp-json\/wp\/v2\/posts"}],"about":[{"href":"https:\/\/dmcsrb.com\/en\/wp-json\/wp\/v2\/types\/post"}],"author":[{"embeddable":true,"href":"https:\/\/dmcsrb.com\/en\/wp-json\/wp\/v2\/users\/1"}],"replies":[{"embeddable":true,"href":"https:\/\/dmcsrb.com\/en\/wp-json\/wp\/v2\/comments?post=964265"}],"version-history":[{"count":0,"href":"https:\/\/dmcsrb.com\/en\/wp-json\/wp\/v2\/posts\/964265\/revisions"}],"wp:featuredmedia":[{"embeddable":true,"href":"https:\/\/dmcsrb.com\/en\/wp-json\/wp\/v2\/media\/964266"}],"wp:attachment":[{"href":"https:\/\/dmcsrb.com\/en\/wp-json\/wp\/v2\/media?parent=964265"}],"wp:term":[{"taxonomy":"category","embeddable":true,"href":"https:\/\/dmcsrb.com\/en\/wp-json\/wp\/v2\/categories?post=964265"},{"taxonomy":"post_tag","embeddable":true,"href":"https:\/\/dmcsrb.com\/en\/wp-json\/wp\/v2\/tags?post=964265"},{"taxonomy":"naslovna","embeddable":true,"href":"https:\/\/dmcsrb.com\/en\/wp-json\/wp\/v2\/naslovna?post=964265"}],"curies":[{"name":"wp","href":"https:\/\/api.w.org\/{rel}","templated":true}]}}