{"id":964253,"date":"2025-11-18T14:29:00","date_gmt":"2025-11-18T13:29:00","guid":{"rendered":"https:\/\/dmcsrb.com\/uncategorized\/alkaraz-ne-igra-na-dejvis-kupu\/"},"modified":"2025-11-18T14:29:00","modified_gmt":"2025-11-18T13:29:00","slug":"alkaraz-ne-igra-na-dejvis-kupu","status":"publish","type":"post","link":"https:\/\/dmcsrb.com\/en\/sport\/alkaraz-ne-igra-na-dejvis-kupu\/","title":{"rendered":"Alkaraz ne igra na Dejvis kupu"},"content":{"rendered":"<p>Ovu vijest prvo su prenijeli \u0161panski mediji, a potom je i sam teniser potvrdio na dru\u0161tvenim mre\u017eama. Razlog je rizik od pogor\u0161anja povrede koju je zadobio tokom zavr\u0161nog mastersa u Torinu.<\/p>\n\n\n\n<p>&#8220;Veoma mi je \u017eao \u0161to moram da objavim da ne\u0107u mo\u0107i da igram za \u0160paniju na Dejvis kupu u Bolonji. Imam edem u desnoj tetivnoj mi\u0161i\u0107noj grupi. Medicinska preporuka je da se ne takmi\u010dim. Oduvijek sam govorio da je igranje za \u0160paniju najbolja stvar koja postoji i bio sam veoma uzbu\u0111en \u0161to sam mogao da pomognem u borbi za Dejvis kup. Idem ku\u0107i te\u0161ka srca&#8221;, napisao je Alkaraz. <\/p>\n\n\n\n<p>Podsjetimo nedavno je nastup na Dejvis kupu otkazao i Janik Siner, \u0161to je nai\u0161lo na veliku osudu italijanske javnosti. <\/p>\n\n\n\n<p>\u00a0Dejvis kup igra se u Bolonji od 18. do 23. novembra. <\/p>","protected":false},"excerpt":{"rendered":"<p>\u0160panski teniser Karlos Alkaraz odustao je od nastupa na Dejvis kupu.<\/p>","protected":false},"author":1,"featured_media":950798,"comment_status":"open","ping_status":"open","sticky":false,"template":"","format":"standard","meta":{"_acf_changed":false,"footnotes":""},"categories":[148],"tags":[14728,3456],"naslovna":[],"class_list":["post-964253","post","type-post","status-publish","format-standard","has-post-thumbnail","hentry","category-sport","tag-dejvis-kup","tag-karlos-alkaraz"],"acf":[],"yoast_head":"<!-- This site is optimized with the Yoast SEO plugin v27.4 - https:\/\/yoast.com\/product\/yoast-seo-wordpress\/ -->\n<title>Alkaraz ne igra na Dejvis kupu - dmcsrb.com<\/title>\n<meta name=\"robots\" content=\"index, follow, max-snippet:-1, max-image-preview:large, max-video-preview:-1\" \/>\n<link rel=\"canonical\" href=\"https:\/\/dmcsrb.com\/en\/sport\/alkaraz-ne-igra-na-dejvis-kupu\/\" \/>\n<meta property=\"og:locale\" content=\"en_GB\" \/>\n<meta property=\"og:type\" content=\"article\" \/>\n<meta property=\"og:title\" content=\"Alkaraz ne igra na Dejvis kupu - dmcsrb.com\" \/>\n<meta property=\"og:description\" content=\"\u0160panski teniser Karlos Alkaraz odustao je od nastupa na Dejvis kupu.\" \/>\n<meta property=\"og:url\" content=\"https:\/\/dmcsrb.com\/en\/sport\/alkaraz-ne-igra-na-dejvis-kupu\/\" \/>\n<meta property=\"og:site_name\" content=\"dmcsrb.com\" \/>\n<meta property=\"article:published_time\" content=\"2025-11-18T13:29:00+00:00\" \/>\n<meta property=\"og:image\" content=\"https:\/\/dmcsrb.com\/wp-content\/uploads\/2026\/01\/Alkaraz-finale-US-opena-AP-Photo-Kirsty-Wigglesworth.webp\" \/>\n\t<meta property=\"og:image:width\" content=\"1440\" \/>\n\t<meta property=\"og:image:height\" content=\"962\" \/>\n\t<meta property=\"og:image:type\" content=\"image\/webp\" \/>\n<meta name=\"author\" content=\"dmcsrbija.com@gmail.com\" \/>\n<meta name=\"twitter:card\" content=\"summary_large_image\" \/>\n<meta name=\"twitter:label1\" content=\"Written by\" \/>\n\t<meta name=\"twitter:data1\" content=\"dmcsrbija.com@gmail.com\" \/>\n\t<meta name=\"twitter:label2\" content=\"Estimated reading time\" \/>\n\t<meta name=\"twitter:data2\" content=\"1 minute\" \/>\n<script type=\"application\/ld+json\" class=\"yoast-schema-graph\">{\"@context\":\"https:\\\/\\\/schema.org\",\"@graph\":[{\"@type\":\"Article\",\"@id\":\"https:\\\/\\\/dmcsrb.com\\\/sport\\\/alkaraz-ne-igra-na-dejvis-kupu\\\/#article\",\"isPartOf\":{\"@id\":\"https:\\\/\\\/dmcsrb.com\\\/sport\\\/alkaraz-ne-igra-na-dejvis-kupu\\\/\"},\"author\":{\"name\":\"dmcsrbija.com@gmail.com\",\"@id\":\"https:\\\/\\\/dmcsrb.com\\\/#\\\/schema\\\/person\\\/5c39170f12db1b8b457732d0b5c854e2\"},\"headline\":\"Alkaraz ne igra na Dejvis kupu\",\"datePublished\":\"2025-11-18T13:29:00+00:00\",\"mainEntityOfPage\":{\"@id\":\"https:\\\/\\\/dmcsrb.com\\\/sport\\\/alkaraz-ne-igra-na-dejvis-kupu\\\/\"},\"wordCount\":146,\"commentCount\":0,\"image\":{\"@id\":\"https:\\\/\\\/dmcsrb.com\\\/sport\\\/alkaraz-ne-igra-na-dejvis-kupu\\\/#primaryimage\"},\"thumbnailUrl\":\"https:\\\/\\\/dmcsrb.com\\\/wp-content\\\/uploads\\\/2026\\\/01\\\/Alkaraz-finale-US-opena-AP-Photo-Kirsty-Wigglesworth.webp\",\"keywords\":[\"Dejvis kup\",\"Karlos Alkaraz\"],\"articleSection\":[\"Sport\"],\"inLanguage\":\"en-GB\",\"potentialAction\":[{\"@type\":\"CommentAction\",\"name\":\"Comment\",\"target\":[\"https:\\\/\\\/dmcsrb.com\\\/sport\\\/alkaraz-ne-igra-na-dejvis-kupu\\\/#respond\"]}]},{\"@type\":\"WebPage\",\"@id\":\"https:\\\/\\\/dmcsrb.com\\\/sport\\\/alkaraz-ne-igra-na-dejvis-kupu\\\/\",\"url\":\"https:\\\/\\\/dmcsrb.com\\\/sport\\\/alkaraz-ne-igra-na-dejvis-kupu\\\/\",\"name\":\"Alkaraz ne igra na Dejvis kupu - dmcsrb.com\",\"isPartOf\":{\"@id\":\"https:\\\/\\\/dmcsrb.com\\\/#website\"},\"primaryImageOfPage\":{\"@id\":\"https:\\\/\\\/dmcsrb.com\\\/sport\\\/alkaraz-ne-igra-na-dejvis-kupu\\\/#primaryimage\"},\"image\":{\"@id\":\"https:\\\/\\\/dmcsrb.com\\\/sport\\\/alkaraz-ne-igra-na-dejvis-kupu\\\/#primaryimage\"},\"thumbnailUrl\":\"https:\\\/\\\/dmcsrb.com\\\/wp-content\\\/uploads\\\/2026\\\/01\\\/Alkaraz-finale-US-opena-AP-Photo-Kirsty-Wigglesworth.webp\",\"datePublished\":\"2025-11-18T13:29:00+00:00\",\"author\":{\"@id\":\"https:\\\/\\\/dmcsrb.com\\\/#\\\/schema\\\/person\\\/5c39170f12db1b8b457732d0b5c854e2\"},\"breadcrumb\":{\"@id\":\"https:\\\/\\\/dmcsrb.com\\\/sport\\\/alkaraz-ne-igra-na-dejvis-kupu\\\/#breadcrumb\"},\"inLanguage\":\"en-GB\",\"potentialAction\":[{\"@type\":\"ReadAction\",\"target\":[\"https:\\\/\\\/dmcsrb.com\\\/sport\\\/alkaraz-ne-igra-na-dejvis-kupu\\\/\"]}]},{\"@type\":\"ImageObject\",\"inLanguage\":\"en-GB\",\"@id\":\"https:\\\/\\\/dmcsrb.com\\\/sport\\\/alkaraz-ne-igra-na-dejvis-kupu\\\/#primaryimage\",\"url\":\"https:\\\/\\\/dmcsrb.com\\\/wp-content\\\/uploads\\\/2026\\\/01\\\/Alkaraz-finale-US-opena-AP-Photo-Kirsty-Wigglesworth.webp\",\"contentUrl\":\"https:\\\/\\\/dmcsrb.com\\\/wp-content\\\/uploads\\\/2026\\\/01\\\/Alkaraz-finale-US-opena-AP-Photo-Kirsty-Wigglesworth.webp\",\"width\":1440,\"height\":962},{\"@type\":\"BreadcrumbList\",\"@id\":\"https:\\\/\\\/dmcsrb.com\\\/sport\\\/alkaraz-ne-igra-na-dejvis-kupu\\\/#breadcrumb\",\"itemListElement\":[{\"@type\":\"ListItem\",\"position\":1,\"name\":\"Home\",\"item\":\"https:\\\/\\\/dmcsrb.com\\\/\"},{\"@type\":\"ListItem\",\"position\":2,\"name\":\"Alkaraz ne igra na Dejvis kupu\"}]},{\"@type\":\"WebSite\",\"@id\":\"https:\\\/\\\/dmcsrb.com\\\/#website\",\"url\":\"https:\\\/\\\/dmcsrb.com\\\/\",\"name\":\"dmcsrb.com\",\"description\":\"\",\"potentialAction\":[{\"@type\":\"SearchAction\",\"target\":{\"@type\":\"EntryPoint\",\"urlTemplate\":\"https:\\\/\\\/dmcsrb.com\\\/?s={search_term_string}\"},\"query-input\":{\"@type\":\"PropertyValueSpecification\",\"valueRequired\":true,\"valueName\":\"search_term_string\"}}],\"inLanguage\":\"en-GB\"},{\"@type\":\"Person\",\"@id\":\"https:\\\/\\\/dmcsrb.com\\\/#\\\/schema\\\/person\\\/5c39170f12db1b8b457732d0b5c854e2\",\"name\":\"dmcsrbija.com@gmail.com\",\"image\":{\"@type\":\"ImageObject\",\"inLanguage\":\"en-GB\",\"@id\":\"https:\\\/\\\/secure.gravatar.com\\\/avatar\\\/68592660ad6347fad0fb587f8d5d8f1a7b44961362f56e4f2cd524feb87e9069?s=96&d=mm&r=g\",\"url\":\"https:\\\/\\\/secure.gravatar.com\\\/avatar\\\/68592660ad6347fad0fb587f8d5d8f1a7b44961362f56e4f2cd524feb87e9069?s=96&d=mm&r=g\",\"contentUrl\":\"https:\\\/\\\/secure.gravatar.com\\\/avatar\\\/68592660ad6347fad0fb587f8d5d8f1a7b44961362f56e4f2cd524feb87e9069?s=96&d=mm&r=g\",\"caption\":\"dmcsrbija.com@gmail.com\"},\"sameAs\":[\"https:\\\/\\\/dmcsrb.com\"],\"url\":\"https:\\\/\\\/dmcsrb.com\\\/en\\\/author\\\/dmcsrbija-comgmail-com\\\/\"}]}<\/script>\n<!-- \/ Yoast SEO plugin. -->","yoast_head_json":{"title":"Alkaraz ne igra na Dejvis kupu - dmcsrb.com","robots":{"index":"index","follow":"follow","max-snippet":"max-snippet:-1","max-image-preview":"max-image-preview:large","max-video-preview":"max-video-preview:-1"},"canonical":"https:\/\/dmcsrb.com\/en\/sport\/alkaraz-ne-igra-na-dejvis-kupu\/","og_locale":"en_GB","og_type":"article","og_title":"Alkaraz ne igra na Dejvis kupu - dmcsrb.com","og_description":"\u0160panski teniser Karlos Alkaraz odustao je od nastupa na Dejvis kupu.","og_url":"https:\/\/dmcsrb.com\/en\/sport\/alkaraz-ne-igra-na-dejvis-kupu\/","og_site_name":"dmcsrb.com","article_published_time":"2025-11-18T13:29:00+00:00","og_image":[{"width":1440,"height":962,"url":"https:\/\/dmcsrb.com\/wp-content\/uploads\/2026\/01\/Alkaraz-finale-US-opena-AP-Photo-Kirsty-Wigglesworth.webp","type":"image\/webp"}],"author":"dmcsrbija.com@gmail.com","twitter_card":"summary_large_image","twitter_misc":{"Written by":"dmcsrbija.com@gmail.com","Estimated reading time":"1 minute"},"schema":{"@context":"https:\/\/schema.org","@graph":[{"@type":"Article","@id":"https:\/\/dmcsrb.com\/sport\/alkaraz-ne-igra-na-dejvis-kupu\/#article","isPartOf":{"@id":"https:\/\/dmcsrb.com\/sport\/alkaraz-ne-igra-na-dejvis-kupu\/"},"author":{"name":"dmcsrbija.com@gmail.com","@id":"https:\/\/dmcsrb.com\/#\/schema\/person\/5c39170f12db1b8b457732d0b5c854e2"},"headline":"Alkaraz ne igra na Dejvis kupu","datePublished":"2025-11-18T13:29:00+00:00","mainEntityOfPage":{"@id":"https:\/\/dmcsrb.com\/sport\/alkaraz-ne-igra-na-dejvis-kupu\/"},"wordCount":146,"commentCount":0,"image":{"@id":"https:\/\/dmcsrb.com\/sport\/alkaraz-ne-igra-na-dejvis-kupu\/#primaryimage"},"thumbnailUrl":"https:\/\/dmcsrb.com\/wp-content\/uploads\/2026\/01\/Alkaraz-finale-US-opena-AP-Photo-Kirsty-Wigglesworth.webp","keywords":["Dejvis kup","Karlos Alkaraz"],"articleSection":["Sport"],"inLanguage":"en-GB","potentialAction":[{"@type":"CommentAction","name":"Comment","target":["https:\/\/dmcsrb.com\/sport\/alkaraz-ne-igra-na-dejvis-kupu\/#respond"]}]},{"@type":"WebPage","@id":"https:\/\/dmcsrb.com\/sport\/alkaraz-ne-igra-na-dejvis-kupu\/","url":"https:\/\/dmcsrb.com\/sport\/alkaraz-ne-igra-na-dejvis-kupu\/","name":"Alkaraz ne igra na Dejvis kupu - dmcsrb.com","isPartOf":{"@id":"https:\/\/dmcsrb.com\/#website"},"primaryImageOfPage":{"@id":"https:\/\/dmcsrb.com\/sport\/alkaraz-ne-igra-na-dejvis-kupu\/#primaryimage"},"image":{"@id":"https:\/\/dmcsrb.com\/sport\/alkaraz-ne-igra-na-dejvis-kupu\/#primaryimage"},"thumbnailUrl":"https:\/\/dmcsrb.com\/wp-content\/uploads\/2026\/01\/Alkaraz-finale-US-opena-AP-Photo-Kirsty-Wigglesworth.webp","datePublished":"2025-11-18T13:29:00+00:00","author":{"@id":"https:\/\/dmcsrb.com\/#\/schema\/person\/5c39170f12db1b8b457732d0b5c854e2"},"breadcrumb":{"@id":"https:\/\/dmcsrb.com\/sport\/alkaraz-ne-igra-na-dejvis-kupu\/#breadcrumb"},"inLanguage":"en-GB","potentialAction":[{"@type":"ReadAction","target":["https:\/\/dmcsrb.com\/sport\/alkaraz-ne-igra-na-dejvis-kupu\/"]}]},{"@type":"ImageObject","inLanguage":"en-GB","@id":"https:\/\/dmcsrb.com\/sport\/alkaraz-ne-igra-na-dejvis-kupu\/#primaryimage","url":"https:\/\/dmcsrb.com\/wp-content\/uploads\/2026\/01\/Alkaraz-finale-US-opena-AP-Photo-Kirsty-Wigglesworth.webp","contentUrl":"https:\/\/dmcsrb.com\/wp-content\/uploads\/2026\/01\/Alkaraz-finale-US-opena-AP-Photo-Kirsty-Wigglesworth.webp","width":1440,"height":962},{"@type":"BreadcrumbList","@id":"https:\/\/dmcsrb.com\/sport\/alkaraz-ne-igra-na-dejvis-kupu\/#breadcrumb","itemListElement":[{"@type":"ListItem","position":1,"name":"Home","item":"https:\/\/dmcsrb.com\/"},{"@type":"ListItem","position":2,"name":"Alkaraz ne igra na Dejvis kupu"}]},{"@type":"WebSite","@id":"https:\/\/dmcsrb.com\/#website","url":"https:\/\/dmcsrb.com\/","name":"dmcsrb.com","description":"","potentialAction":[{"@type":"SearchAction","target":{"@type":"EntryPoint","urlTemplate":"https:\/\/dmcsrb.com\/?s={search_term_string}"},"query-input":{"@type":"PropertyValueSpecification","valueRequired":true,"valueName":"search_term_string"}}],"inLanguage":"en-GB"},{"@type":"Person","@id":"https:\/\/dmcsrb.com\/#\/schema\/person\/5c39170f12db1b8b457732d0b5c854e2","name":"dmcsrbija.com@gmail.com","image":{"@type":"ImageObject","inLanguage":"en-GB","@id":"https:\/\/secure.gravatar.com\/avatar\/68592660ad6347fad0fb587f8d5d8f1a7b44961362f56e4f2cd524feb87e9069?s=96&d=mm&r=g","url":"https:\/\/secure.gravatar.com\/avatar\/68592660ad6347fad0fb587f8d5d8f1a7b44961362f56e4f2cd524feb87e9069?s=96&d=mm&r=g","contentUrl":"https:\/\/secure.gravatar.com\/avatar\/68592660ad6347fad0fb587f8d5d8f1a7b44961362f56e4f2cd524feb87e9069?s=96&d=mm&r=g","caption":"dmcsrbija.com@gmail.com"},"sameAs":["https:\/\/dmcsrb.com"],"url":"https:\/\/dmcsrb.com\/en\/author\/dmcsrbija-comgmail-com\/"}]}},"_links":{"self":[{"href":"https:\/\/dmcsrb.com\/en\/wp-json\/wp\/v2\/posts\/964253","targetHints":{"allow":["GET"]}}],"collection":[{"href":"https:\/\/dmcsrb.com\/en\/wp-json\/wp\/v2\/posts"}],"about":[{"href":"https:\/\/dmcsrb.com\/en\/wp-json\/wp\/v2\/types\/post"}],"author":[{"embeddable":true,"href":"https:\/\/dmcsrb.com\/en\/wp-json\/wp\/v2\/users\/1"}],"replies":[{"embeddable":true,"href":"https:\/\/dmcsrb.com\/en\/wp-json\/wp\/v2\/comments?post=964253"}],"version-history":[{"count":0,"href":"https:\/\/dmcsrb.com\/en\/wp-json\/wp\/v2\/posts\/964253\/revisions"}],"wp:featuredmedia":[{"embeddable":true,"href":"https:\/\/dmcsrb.com\/en\/wp-json\/wp\/v2\/media\/950798"}],"wp:attachment":[{"href":"https:\/\/dmcsrb.com\/en\/wp-json\/wp\/v2\/media?parent=964253"}],"wp:term":[{"taxonomy":"category","embeddable":true,"href":"https:\/\/dmcsrb.com\/en\/wp-json\/wp\/v2\/categories?post=964253"},{"taxonomy":"post_tag","embeddable":true,"href":"https:\/\/dmcsrb.com\/en\/wp-json\/wp\/v2\/tags?post=964253"},{"taxonomy":"naslovna","embeddable":true,"href":"https:\/\/dmcsrb.com\/en\/wp-json\/wp\/v2\/naslovna?post=964253"}],"curies":[{"name":"wp","href":"https:\/\/api.w.org\/{rel}","templated":true}]}}