{"id":964238,"date":"2025-11-18T13:14:00","date_gmt":"2025-11-18T12:14:00","guid":{"rendered":"https:\/\/dmcsrb.com\/uncategorized\/zlatku-dalicu-dodijeljena-plaketa-crnogorske-sportske-akademije\/"},"modified":"2025-11-18T13:14:00","modified_gmt":"2025-11-18T12:14:00","slug":"zlatku-dalicu-dodijeljena-plaketa-crnogorske-sportske-akademije","status":"publish","type":"post","link":"https:\/\/dmcsrb.com\/en\/sport\/zlatku-dalicu-dodijeljena-plaketa-crnogorske-sportske-akademije\/","title":{"rendered":"Zlatku Dali\u0107u dodijeljena Plaketa Crnogorske sportske akademije"},"content":{"rendered":"<p>Plaketu hrvatskom selektoru uru\u010dio je predsjednik Crnogorske sportske akademije, prof. dr Du\u0161ko Bjelica, koji je tom prilikom istakao da je Dali\u0107 svojim stru\u010dnim radom ostavio sna\u017ean pe\u010dat u svjetskom fudbalu.<\/p>\n\n\n\n<p>Dali\u0107 se zahvalio profesoru Bjelici i obe\u0107ao da \u0107e uvijek, kada mu to budu dozvoljavale profesionalne obaveze rado odazvati svojim prisustvom i u\u010de\u0161\u0107em u radu najpresti\u017enijeg nau\u010dnog foruma Jugoisto\u010dne Evrope koji prate tri nau\u010dna \u010dasopisa me\u0111u kojima i MJSSM kojeg distribuira svjetska citatna baza WOS i SportMont, kojeg citira tako\u0111e svjetska citatna baza Scopus.<\/p>\n\n\n\n<p>Crnogorska sportska akademija je bila doma\u0107in presti\u017enih me\u0111unarodnih nau\u010dnih konferencija od 2019. do 2025. godine u Cavtatu, pored Dubrovnika. Na prethodnoj konferenciji, koja je u aprilu odr\u017eana u hotelu Kroacija odlu\u010deno je da se Dali\u0107u uru\u010di ovo visoko priznanje, jer je kao selektor fudbalske reprezentacije Hrvatske sa svojim igra\u010dima osvojio srebrnu i bronzanu medalju na svjetskim prvenstvima, kao i srebrnu medalju u UEFA Ligi nacija.<\/p>","protected":false},"excerpt":{"rendered":"<p>Zlatku Dali\u0107u, trofejnom selektoru fudbalske selekcije Hrvatske u Podgorici je uru\u010dena Plaketa Crnogorske sportske akademije za kontinuiranu me\u0111unarodnu promociju sportskih nauka i ostvarene rezultate na me\u0111unarodnom planu.<\/p>","protected":false},"author":1,"featured_media":964239,"comment_status":"open","ping_status":"open","sticky":false,"template":"","format":"standard","meta":{"_acf_changed":false,"footnotes":""},"categories":[148],"tags":[14721,14722,7276],"naslovna":[],"class_list":["post-964238","post","type-post","status-publish","format-standard","has-post-thumbnail","hentry","category-sport","tag-csa","tag-dusko-bjelica","tag-zlatko-dalic"],"acf":[],"yoast_head":"<!-- This site is optimized with the Yoast SEO plugin v27.0 - https:\/\/yoast.com\/product\/yoast-seo-wordpress\/ -->\n<title>Zlatku Dali\u0107u dodijeljena Plaketa Crnogorske sportske akademije - dmcsrb.com<\/title>\n<meta name=\"robots\" content=\"index, follow, max-snippet:-1, max-image-preview:large, max-video-preview:-1\" \/>\n<link rel=\"canonical\" href=\"https:\/\/dmcsrb.com\/en\/sport\/zlatku-dalicu-dodijeljena-plaketa-crnogorske-sportske-akademije\/\" \/>\n<meta property=\"og:locale\" content=\"en_GB\" \/>\n<meta property=\"og:type\" content=\"article\" \/>\n<meta property=\"og:title\" content=\"Zlatku Dali\u0107u dodijeljena Plaketa Crnogorske sportske akademije - dmcsrb.com\" \/>\n<meta property=\"og:description\" content=\"Zlatku Dali\u0107u, trofejnom selektoru fudbalske selekcije Hrvatske u Podgorici je uru\u010dena Plaketa Crnogorske sportske akademije za kontinuiranu me\u0111unarodnu promociju sportskih nauka i ostvarene rezultate na me\u0111unarodnom planu.\" \/>\n<meta property=\"og:url\" content=\"https:\/\/dmcsrb.com\/en\/sport\/zlatku-dalicu-dodijeljena-plaketa-crnogorske-sportske-akademije\/\" \/>\n<meta property=\"og:site_name\" content=\"dmcsrb.com\" \/>\n<meta property=\"article:published_time\" content=\"2025-11-18T12:14:00+00:00\" \/>\n<meta property=\"og:image\" content=\"https:\/\/dmcsrb.com\/wp-content\/uploads\/2026\/01\/Dalic-CSA.webp\" \/>\n\t<meta property=\"og:image:width\" content=\"1280\" \/>\n\t<meta property=\"og:image:height\" content=\"1002\" \/>\n\t<meta property=\"og:image:type\" content=\"image\/jpeg\" \/>\n<meta name=\"author\" content=\"dmcsrbija.com@gmail.com\" \/>\n<meta name=\"twitter:card\" content=\"summary_large_image\" \/>\n<meta name=\"twitter:label1\" content=\"Written by\" \/>\n\t<meta name=\"twitter:data1\" content=\"dmcsrbija.com@gmail.com\" \/>\n\t<meta name=\"twitter:label2\" content=\"Estimated reading time\" \/>\n\t<meta name=\"twitter:data2\" content=\"1 minute\" \/>\n<script type=\"application\/ld+json\" class=\"yoast-schema-graph\">{\"@context\":\"https:\/\/schema.org\",\"@graph\":[{\"@type\":\"Article\",\"@id\":\"https:\/\/dmcsrb.com\/sport\/zlatku-dalicu-dodijeljena-plaketa-crnogorske-sportske-akademije\/#article\",\"isPartOf\":{\"@id\":\"https:\/\/dmcsrb.com\/sport\/zlatku-dalicu-dodijeljena-plaketa-crnogorske-sportske-akademije\/\"},\"author\":{\"name\":\"dmcsrbija.com@gmail.com\",\"@id\":\"https:\/\/dmcsrb.com\/#\/schema\/person\/5c39170f12db1b8b457732d0b5c854e2\"},\"headline\":\"Zlatku Dali\u0107u dodijeljena Plaketa Crnogorske sportske akademije\",\"datePublished\":\"2025-11-18T12:14:00+00:00\",\"mainEntityOfPage\":{\"@id\":\"https:\/\/dmcsrb.com\/sport\/zlatku-dalicu-dodijeljena-plaketa-crnogorske-sportske-akademije\/\"},\"wordCount\":178,\"commentCount\":0,\"image\":{\"@id\":\"https:\/\/dmcsrb.com\/sport\/zlatku-dalicu-dodijeljena-plaketa-crnogorske-sportske-akademije\/#primaryimage\"},\"thumbnailUrl\":\"https:\/\/dmcsrb.com\/wp-content\/uploads\/2026\/01\/Dalic-CSA.webp\",\"keywords\":[\"CSA\",\"Du\u0161ko Bjelica\",\"Zlatko Dali\u0107\"],\"articleSection\":[\"Sport\"],\"inLanguage\":\"en-GB\",\"potentialAction\":[{\"@type\":\"CommentAction\",\"name\":\"Comment\",\"target\":[\"https:\/\/dmcsrb.com\/sport\/zlatku-dalicu-dodijeljena-plaketa-crnogorske-sportske-akademije\/#respond\"]}]},{\"@type\":\"WebPage\",\"@id\":\"https:\/\/dmcsrb.com\/sport\/zlatku-dalicu-dodijeljena-plaketa-crnogorske-sportske-akademije\/\",\"url\":\"https:\/\/dmcsrb.com\/sport\/zlatku-dalicu-dodijeljena-plaketa-crnogorske-sportske-akademije\/\",\"name\":\"Zlatku Dali\u0107u dodijeljena Plaketa Crnogorske sportske akademije - dmcsrb.com\",\"isPartOf\":{\"@id\":\"https:\/\/dmcsrb.com\/#website\"},\"primaryImageOfPage\":{\"@id\":\"https:\/\/dmcsrb.com\/sport\/zlatku-dalicu-dodijeljena-plaketa-crnogorske-sportske-akademije\/#primaryimage\"},\"image\":{\"@id\":\"https:\/\/dmcsrb.com\/sport\/zlatku-dalicu-dodijeljena-plaketa-crnogorske-sportske-akademije\/#primaryimage\"},\"thumbnailUrl\":\"https:\/\/dmcsrb.com\/wp-content\/uploads\/2026\/01\/Dalic-CSA.webp\",\"datePublished\":\"2025-11-18T12:14:00+00:00\",\"author\":{\"@id\":\"https:\/\/dmcsrb.com\/#\/schema\/person\/5c39170f12db1b8b457732d0b5c854e2\"},\"breadcrumb\":{\"@id\":\"https:\/\/dmcsrb.com\/sport\/zlatku-dalicu-dodijeljena-plaketa-crnogorske-sportske-akademije\/#breadcrumb\"},\"inLanguage\":\"en-GB\",\"potentialAction\":[{\"@type\":\"ReadAction\",\"target\":[\"https:\/\/dmcsrb.com\/sport\/zlatku-dalicu-dodijeljena-plaketa-crnogorske-sportske-akademije\/\"]}]},{\"@type\":\"ImageObject\",\"inLanguage\":\"en-GB\",\"@id\":\"https:\/\/dmcsrb.com\/sport\/zlatku-dalicu-dodijeljena-plaketa-crnogorske-sportske-akademije\/#primaryimage\",\"url\":\"https:\/\/dmcsrb.com\/wp-content\/uploads\/2026\/01\/Dalic-CSA.webp\",\"contentUrl\":\"https:\/\/dmcsrb.com\/wp-content\/uploads\/2026\/01\/Dalic-CSA.webp\",\"width\":1280,\"height\":1002},{\"@type\":\"BreadcrumbList\",\"@id\":\"https:\/\/dmcsrb.com\/sport\/zlatku-dalicu-dodijeljena-plaketa-crnogorske-sportske-akademije\/#breadcrumb\",\"itemListElement\":[{\"@type\":\"ListItem\",\"position\":1,\"name\":\"Home\",\"item\":\"https:\/\/dmcsrb.com\/\"},{\"@type\":\"ListItem\",\"position\":2,\"name\":\"Zlatku Dali\u0107u dodijeljena Plaketa Crnogorske sportske akademije\"}]},{\"@type\":\"WebSite\",\"@id\":\"https:\/\/dmcsrb.com\/#website\",\"url\":\"https:\/\/dmcsrb.com\/\",\"name\":\"dmcsrb.com\",\"description\":\"\",\"potentialAction\":[{\"@type\":\"SearchAction\",\"target\":{\"@type\":\"EntryPoint\",\"urlTemplate\":\"https:\/\/dmcsrb.com\/?s={search_term_string}\"},\"query-input\":{\"@type\":\"PropertyValueSpecification\",\"valueRequired\":true,\"valueName\":\"search_term_string\"}}],\"inLanguage\":\"en-GB\"},{\"@type\":\"Person\",\"@id\":\"https:\/\/dmcsrb.com\/#\/schema\/person\/5c39170f12db1b8b457732d0b5c854e2\",\"name\":\"dmcsrbija.com@gmail.com\",\"image\":{\"@type\":\"ImageObject\",\"inLanguage\":\"en-GB\",\"@id\":\"https:\/\/dmcsrb.com\/#\/schema\/person\/image\/\",\"url\":\"https:\/\/secure.gravatar.com\/avatar\/68592660ad6347fad0fb587f8d5d8f1a7b44961362f56e4f2cd524feb87e9069?s=96&d=mm&r=g\",\"contentUrl\":\"https:\/\/secure.gravatar.com\/avatar\/68592660ad6347fad0fb587f8d5d8f1a7b44961362f56e4f2cd524feb87e9069?s=96&d=mm&r=g\",\"caption\":\"dmcsrbija.com@gmail.com\"},\"sameAs\":[\"https:\/\/dmcsrb.com\"],\"url\":\"https:\/\/dmcsrb.com\/en\/author\/dmcsrbija-comgmail-com\/\"}]}<\/script>\n<!-- \/ Yoast SEO plugin. -->","yoast_head_json":{"title":"Zlatku Dali\u0107u dodijeljena Plaketa Crnogorske sportske akademije - dmcsrb.com","robots":{"index":"index","follow":"follow","max-snippet":"max-snippet:-1","max-image-preview":"max-image-preview:large","max-video-preview":"max-video-preview:-1"},"canonical":"https:\/\/dmcsrb.com\/en\/sport\/zlatku-dalicu-dodijeljena-plaketa-crnogorske-sportske-akademije\/","og_locale":"en_GB","og_type":"article","og_title":"Zlatku Dali\u0107u dodijeljena Plaketa Crnogorske sportske akademije - dmcsrb.com","og_description":"Zlatku Dali\u0107u, trofejnom selektoru fudbalske selekcije Hrvatske u Podgorici je uru\u010dena Plaketa Crnogorske sportske akademije za kontinuiranu me\u0111unarodnu promociju sportskih nauka i ostvarene rezultate na me\u0111unarodnom planu.","og_url":"https:\/\/dmcsrb.com\/en\/sport\/zlatku-dalicu-dodijeljena-plaketa-crnogorske-sportske-akademije\/","og_site_name":"dmcsrb.com","article_published_time":"2025-11-18T12:14:00+00:00","og_image":[{"width":1280,"height":1002,"url":"https:\/\/dmcsrb.com\/wp-content\/uploads\/2026\/01\/Dalic-CSA.webp","type":"image\/jpeg"}],"author":"dmcsrbija.com@gmail.com","twitter_card":"summary_large_image","twitter_misc":{"Written by":"dmcsrbija.com@gmail.com","Estimated reading time":"1 minute"},"schema":{"@context":"https:\/\/schema.org","@graph":[{"@type":"Article","@id":"https:\/\/dmcsrb.com\/sport\/zlatku-dalicu-dodijeljena-plaketa-crnogorske-sportske-akademije\/#article","isPartOf":{"@id":"https:\/\/dmcsrb.com\/sport\/zlatku-dalicu-dodijeljena-plaketa-crnogorske-sportske-akademije\/"},"author":{"name":"dmcsrbija.com@gmail.com","@id":"https:\/\/dmcsrb.com\/#\/schema\/person\/5c39170f12db1b8b457732d0b5c854e2"},"headline":"Zlatku Dali\u0107u dodijeljena Plaketa Crnogorske sportske akademije","datePublished":"2025-11-18T12:14:00+00:00","mainEntityOfPage":{"@id":"https:\/\/dmcsrb.com\/sport\/zlatku-dalicu-dodijeljena-plaketa-crnogorske-sportske-akademije\/"},"wordCount":178,"commentCount":0,"image":{"@id":"https:\/\/dmcsrb.com\/sport\/zlatku-dalicu-dodijeljena-plaketa-crnogorske-sportske-akademije\/#primaryimage"},"thumbnailUrl":"https:\/\/dmcsrb.com\/wp-content\/uploads\/2026\/01\/Dalic-CSA.webp","keywords":["CSA","Du\u0161ko Bjelica","Zlatko Dali\u0107"],"articleSection":["Sport"],"inLanguage":"en-GB","potentialAction":[{"@type":"CommentAction","name":"Comment","target":["https:\/\/dmcsrb.com\/sport\/zlatku-dalicu-dodijeljena-plaketa-crnogorske-sportske-akademije\/#respond"]}]},{"@type":"WebPage","@id":"https:\/\/dmcsrb.com\/sport\/zlatku-dalicu-dodijeljena-plaketa-crnogorske-sportske-akademije\/","url":"https:\/\/dmcsrb.com\/sport\/zlatku-dalicu-dodijeljena-plaketa-crnogorske-sportske-akademije\/","name":"Zlatku Dali\u0107u dodijeljena Plaketa Crnogorske sportske akademije - dmcsrb.com","isPartOf":{"@id":"https:\/\/dmcsrb.com\/#website"},"primaryImageOfPage":{"@id":"https:\/\/dmcsrb.com\/sport\/zlatku-dalicu-dodijeljena-plaketa-crnogorske-sportske-akademije\/#primaryimage"},"image":{"@id":"https:\/\/dmcsrb.com\/sport\/zlatku-dalicu-dodijeljena-plaketa-crnogorske-sportske-akademije\/#primaryimage"},"thumbnailUrl":"https:\/\/dmcsrb.com\/wp-content\/uploads\/2026\/01\/Dalic-CSA.webp","datePublished":"2025-11-18T12:14:00+00:00","author":{"@id":"https:\/\/dmcsrb.com\/#\/schema\/person\/5c39170f12db1b8b457732d0b5c854e2"},"breadcrumb":{"@id":"https:\/\/dmcsrb.com\/sport\/zlatku-dalicu-dodijeljena-plaketa-crnogorske-sportske-akademije\/#breadcrumb"},"inLanguage":"en-GB","potentialAction":[{"@type":"ReadAction","target":["https:\/\/dmcsrb.com\/sport\/zlatku-dalicu-dodijeljena-plaketa-crnogorske-sportske-akademije\/"]}]},{"@type":"ImageObject","inLanguage":"en-GB","@id":"https:\/\/dmcsrb.com\/sport\/zlatku-dalicu-dodijeljena-plaketa-crnogorske-sportske-akademije\/#primaryimage","url":"https:\/\/dmcsrb.com\/wp-content\/uploads\/2026\/01\/Dalic-CSA.webp","contentUrl":"https:\/\/dmcsrb.com\/wp-content\/uploads\/2026\/01\/Dalic-CSA.webp","width":1280,"height":1002},{"@type":"BreadcrumbList","@id":"https:\/\/dmcsrb.com\/sport\/zlatku-dalicu-dodijeljena-plaketa-crnogorske-sportske-akademije\/#breadcrumb","itemListElement":[{"@type":"ListItem","position":1,"name":"Home","item":"https:\/\/dmcsrb.com\/"},{"@type":"ListItem","position":2,"name":"Zlatku Dali\u0107u dodijeljena Plaketa Crnogorske sportske akademije"}]},{"@type":"WebSite","@id":"https:\/\/dmcsrb.com\/#website","url":"https:\/\/dmcsrb.com\/","name":"dmcsrb.com","description":"","potentialAction":[{"@type":"SearchAction","target":{"@type":"EntryPoint","urlTemplate":"https:\/\/dmcsrb.com\/?s={search_term_string}"},"query-input":{"@type":"PropertyValueSpecification","valueRequired":true,"valueName":"search_term_string"}}],"inLanguage":"en-GB"},{"@type":"Person","@id":"https:\/\/dmcsrb.com\/#\/schema\/person\/5c39170f12db1b8b457732d0b5c854e2","name":"dmcsrbija.com@gmail.com","image":{"@type":"ImageObject","inLanguage":"en-GB","@id":"https:\/\/dmcsrb.com\/#\/schema\/person\/image\/","url":"https:\/\/secure.gravatar.com\/avatar\/68592660ad6347fad0fb587f8d5d8f1a7b44961362f56e4f2cd524feb87e9069?s=96&d=mm&r=g","contentUrl":"https:\/\/secure.gravatar.com\/avatar\/68592660ad6347fad0fb587f8d5d8f1a7b44961362f56e4f2cd524feb87e9069?s=96&d=mm&r=g","caption":"dmcsrbija.com@gmail.com"},"sameAs":["https:\/\/dmcsrb.com"],"url":"https:\/\/dmcsrb.com\/en\/author\/dmcsrbija-comgmail-com\/"}]}},"_links":{"self":[{"href":"https:\/\/dmcsrb.com\/en\/wp-json\/wp\/v2\/posts\/964238","targetHints":{"allow":["GET"]}}],"collection":[{"href":"https:\/\/dmcsrb.com\/en\/wp-json\/wp\/v2\/posts"}],"about":[{"href":"https:\/\/dmcsrb.com\/en\/wp-json\/wp\/v2\/types\/post"}],"author":[{"embeddable":true,"href":"https:\/\/dmcsrb.com\/en\/wp-json\/wp\/v2\/users\/1"}],"replies":[{"embeddable":true,"href":"https:\/\/dmcsrb.com\/en\/wp-json\/wp\/v2\/comments?post=964238"}],"version-history":[{"count":0,"href":"https:\/\/dmcsrb.com\/en\/wp-json\/wp\/v2\/posts\/964238\/revisions"}],"wp:featuredmedia":[{"embeddable":true,"href":"https:\/\/dmcsrb.com\/en\/wp-json\/wp\/v2\/media\/964239"}],"wp:attachment":[{"href":"https:\/\/dmcsrb.com\/en\/wp-json\/wp\/v2\/media?parent=964238"}],"wp:term":[{"taxonomy":"category","embeddable":true,"href":"https:\/\/dmcsrb.com\/en\/wp-json\/wp\/v2\/categories?post=964238"},{"taxonomy":"post_tag","embeddable":true,"href":"https:\/\/dmcsrb.com\/en\/wp-json\/wp\/v2\/tags?post=964238"},{"taxonomy":"naslovna","embeddable":true,"href":"https:\/\/dmcsrb.com\/en\/wp-json\/wp\/v2\/naslovna?post=964238"}],"curies":[{"name":"wp","href":"https:\/\/api.w.org\/{rel}","templated":true}]}}