{"id":964182,"date":"2025-11-18T10:45:00","date_gmt":"2025-11-18T09:45:00","guid":{"rendered":"https:\/\/dmcsrb.com\/uncategorized\/milovic-drzava-na-kreditu-zivot-na-dugu-standard-gradjana-pozajmljen-ne-i-zaradjen\/"},"modified":"2025-11-18T10:45:00","modified_gmt":"2025-11-18T09:45:00","slug":"milovic-drzava-na-kreditu-zivot-na-dugu-standard-gradjana-pozajmljen-ne-i-zaradjen","status":"publish","type":"post","link":"https:\/\/dmcsrb.com\/en\/politika\/milovic-drzava-na-kreditu-zivot-na-dugu-standard-gradjana-pozajmljen-ne-i-zaradjen\/","title":{"rendered":"Milovi\u0107: Dr\u017eava na kreditu, \u017eivot na dugu, standard gra\u0111ana pozajmljen, ne i zara\u0111en"},"content":{"rendered":"<p>\u201cZa plate i penzije 1,5 milijarda eura, Crna Gora ulazi u 2026. godinu sa istorijskom mogu\u0107no\u0161\u0107u zadu\u017eenja do 3,23 milijarde \u20ac. To je skoro jedan cijeli bud\u017eet \u2013 u jednoj godini\u201d, dodao je Milovi\u0107.<\/p>\n\n\n\n<p>Prema njegovim rije\u010dima, Fond PIO je fakti\u010dki uni\u0161ten, deficit od skoro 500 miliona, dodao je, zna\u010di da se vi\u0161e od pola penzija ispla\u0107uje iz zadu\u017eenja.<\/p>\n\n\n\n<p>Istovremeno, kako je naglasio, rastu plate u javnom sektoru, dok ekonomija tapka u mjestu.<\/p>\n\n\n\n<p>\u201cDr\u017eava nastavlja da \u017eivi na tu\u0111i ra\u010dun, guraju\u0107i populisti\u010dko potro\u0161a\u010dki model koji jede budu\u0107nost svih. Ovo vi\u0161e nije fiskalni rizik, ve\u0107 alarm. Svako novo zadu\u017eenje je obe\u0107anje budu\u0107im generacijama da \u0107e platiti cijenu dana\u0161nje neodgovornosti\u201d, kazao je Milovi\u0107.<\/p>\n\n\n\n<p>Kako je kazao, gra\u0111ane ne \u010deka stabilnost, ve\u0107 vi\u0161e poreza, manje sigurnosti i rastu\u0107a neizvjesnost.<\/p>\n\n\n\n<p>\u201cBez brutalno iskrenih i dubokih strukturnih reformi, Crna Gora ulazi u spiralu iz koje se ne izlazi bez ozbiljnog socijalnog udara\u201d, zaklju\u010dio je Milovi\u0107.<\/p>","protected":false},"excerpt":{"rendered":"<p>Dr\u017eava na kreditu, \u017eivot na dugu, standard gra\u0111ana pozajmljen, ne i zara\u0111en, napisao je na dru\u0161tvenoj mre\u017ei X Nikola Milovi\u0107, poslanik DPS-a u Skup\u0161tini Crne Gore.<\/p>","protected":false},"author":1,"featured_media":956971,"comment_status":"open","ping_status":"open","sticky":false,"template":"","format":"standard","meta":{"_acf_changed":false,"footnotes":""},"categories":[12],"tags":[95,63,4396],"naslovna":[],"class_list":["post-964182","post","type-post","status-publish","format-standard","has-post-thumbnail","hentry","category-politika","tag-crna-gora","tag-dps","tag-nikola-milovic"],"acf":[],"yoast_head":"<!-- This site is optimized with the Yoast SEO plugin v27.4 - https:\/\/yoast.com\/product\/yoast-seo-wordpress\/ -->\n<title>Milovi\u0107: Dr\u017eava na kreditu, \u017eivot na dugu, standard gra\u0111ana pozajmljen, ne i zara\u0111en - dmcsrb.com<\/title>\n<meta name=\"robots\" content=\"index, follow, max-snippet:-1, max-image-preview:large, max-video-preview:-1\" \/>\n<link rel=\"canonical\" href=\"https:\/\/dmcsrb.com\/en\/politika\/milovic-drzava-na-kreditu-zivot-na-dugu-standard-gradjana-pozajmljen-ne-i-zaradjen\/\" \/>\n<meta property=\"og:locale\" content=\"en_GB\" \/>\n<meta property=\"og:type\" content=\"article\" \/>\n<meta property=\"og:title\" content=\"Milovi\u0107: Dr\u017eava na kreditu, \u017eivot na dugu, standard gra\u0111ana pozajmljen, ne i zara\u0111en - dmcsrb.com\" \/>\n<meta property=\"og:description\" content=\"Dr\u017eava na kreditu, \u017eivot na dugu, standard gra\u0111ana pozajmljen, ne i zara\u0111en, napisao je na dru\u0161tvenoj mre\u017ei X Nikola Milovi\u0107, poslanik DPS-a u Skup\u0161tini Crne Gore.\" \/>\n<meta property=\"og:url\" content=\"https:\/\/dmcsrb.com\/en\/politika\/milovic-drzava-na-kreditu-zivot-na-dugu-standard-gradjana-pozajmljen-ne-i-zaradjen\/\" \/>\n<meta property=\"og:site_name\" content=\"dmcsrb.com\" \/>\n<meta property=\"article:published_time\" content=\"2025-11-18T09:45:00+00:00\" \/>\n<meta property=\"og:image\" content=\"https:\/\/dmcsrb.com\/wp-content\/uploads\/2026\/01\/Nikola-Milovic-dps-scaled-e1704373209859.webp\" \/>\n\t<meta property=\"og:image:width\" content=\"1199\" \/>\n\t<meta property=\"og:image:height\" content=\"1092\" \/>\n\t<meta property=\"og:image:type\" content=\"image\/jpeg\" \/>\n<meta name=\"author\" content=\"dmcsrbija.com@gmail.com\" \/>\n<meta name=\"twitter:card\" content=\"summary_large_image\" \/>\n<meta name=\"twitter:label1\" content=\"Written by\" \/>\n\t<meta name=\"twitter:data1\" content=\"dmcsrbija.com@gmail.com\" \/>\n\t<meta name=\"twitter:label2\" content=\"Estimated reading time\" \/>\n\t<meta name=\"twitter:data2\" content=\"1 minute\" \/>\n<script type=\"application\/ld+json\" class=\"yoast-schema-graph\">{\"@context\":\"https:\\\/\\\/schema.org\",\"@graph\":[{\"@type\":\"Article\",\"@id\":\"https:\\\/\\\/dmcsrb.com\\\/politika\\\/milovic-drzava-na-kreditu-zivot-na-dugu-standard-gradjana-pozajmljen-ne-i-zaradjen\\\/#article\",\"isPartOf\":{\"@id\":\"https:\\\/\\\/dmcsrb.com\\\/politika\\\/milovic-drzava-na-kreditu-zivot-na-dugu-standard-gradjana-pozajmljen-ne-i-zaradjen\\\/\"},\"author\":{\"name\":\"dmcsrbija.com@gmail.com\",\"@id\":\"https:\\\/\\\/dmcsrb.com\\\/#\\\/schema\\\/person\\\/5c39170f12db1b8b457732d0b5c854e2\"},\"headline\":\"Milovi\u0107: Dr\u017eava na kreditu, \u017eivot na dugu, standard gra\u0111ana pozajmljen, ne i zara\u0111en\",\"datePublished\":\"2025-11-18T09:45:00+00:00\",\"mainEntityOfPage\":{\"@id\":\"https:\\\/\\\/dmcsrb.com\\\/politika\\\/milovic-drzava-na-kreditu-zivot-na-dugu-standard-gradjana-pozajmljen-ne-i-zaradjen\\\/\"},\"wordCount\":188,\"commentCount\":0,\"image\":{\"@id\":\"https:\\\/\\\/dmcsrb.com\\\/politika\\\/milovic-drzava-na-kreditu-zivot-na-dugu-standard-gradjana-pozajmljen-ne-i-zaradjen\\\/#primaryimage\"},\"thumbnailUrl\":\"https:\\\/\\\/dmcsrb.com\\\/wp-content\\\/uploads\\\/2026\\\/01\\\/Nikola-Milovic-dps-scaled-e1704373209859.webp\",\"keywords\":[\"Crna Gora\",\"DPS\",\"Nikola Milovi\u0107\"],\"articleSection\":[\"Politika\"],\"inLanguage\":\"en-GB\",\"potentialAction\":[{\"@type\":\"CommentAction\",\"name\":\"Comment\",\"target\":[\"https:\\\/\\\/dmcsrb.com\\\/politika\\\/milovic-drzava-na-kreditu-zivot-na-dugu-standard-gradjana-pozajmljen-ne-i-zaradjen\\\/#respond\"]}]},{\"@type\":\"WebPage\",\"@id\":\"https:\\\/\\\/dmcsrb.com\\\/politika\\\/milovic-drzava-na-kreditu-zivot-na-dugu-standard-gradjana-pozajmljen-ne-i-zaradjen\\\/\",\"url\":\"https:\\\/\\\/dmcsrb.com\\\/politika\\\/milovic-drzava-na-kreditu-zivot-na-dugu-standard-gradjana-pozajmljen-ne-i-zaradjen\\\/\",\"name\":\"Milovi\u0107: Dr\u017eava na kreditu, \u017eivot na dugu, standard gra\u0111ana pozajmljen, ne i zara\u0111en - dmcsrb.com\",\"isPartOf\":{\"@id\":\"https:\\\/\\\/dmcsrb.com\\\/#website\"},\"primaryImageOfPage\":{\"@id\":\"https:\\\/\\\/dmcsrb.com\\\/politika\\\/milovic-drzava-na-kreditu-zivot-na-dugu-standard-gradjana-pozajmljen-ne-i-zaradjen\\\/#primaryimage\"},\"image\":{\"@id\":\"https:\\\/\\\/dmcsrb.com\\\/politika\\\/milovic-drzava-na-kreditu-zivot-na-dugu-standard-gradjana-pozajmljen-ne-i-zaradjen\\\/#primaryimage\"},\"thumbnailUrl\":\"https:\\\/\\\/dmcsrb.com\\\/wp-content\\\/uploads\\\/2026\\\/01\\\/Nikola-Milovic-dps-scaled-e1704373209859.webp\",\"datePublished\":\"2025-11-18T09:45:00+00:00\",\"author\":{\"@id\":\"https:\\\/\\\/dmcsrb.com\\\/#\\\/schema\\\/person\\\/5c39170f12db1b8b457732d0b5c854e2\"},\"breadcrumb\":{\"@id\":\"https:\\\/\\\/dmcsrb.com\\\/politika\\\/milovic-drzava-na-kreditu-zivot-na-dugu-standard-gradjana-pozajmljen-ne-i-zaradjen\\\/#breadcrumb\"},\"inLanguage\":\"en-GB\",\"potentialAction\":[{\"@type\":\"ReadAction\",\"target\":[\"https:\\\/\\\/dmcsrb.com\\\/politika\\\/milovic-drzava-na-kreditu-zivot-na-dugu-standard-gradjana-pozajmljen-ne-i-zaradjen\\\/\"]}]},{\"@type\":\"ImageObject\",\"inLanguage\":\"en-GB\",\"@id\":\"https:\\\/\\\/dmcsrb.com\\\/politika\\\/milovic-drzava-na-kreditu-zivot-na-dugu-standard-gradjana-pozajmljen-ne-i-zaradjen\\\/#primaryimage\",\"url\":\"https:\\\/\\\/dmcsrb.com\\\/wp-content\\\/uploads\\\/2026\\\/01\\\/Nikola-Milovic-dps-scaled-e1704373209859.webp\",\"contentUrl\":\"https:\\\/\\\/dmcsrb.com\\\/wp-content\\\/uploads\\\/2026\\\/01\\\/Nikola-Milovic-dps-scaled-e1704373209859.webp\",\"width\":1199,\"height\":1092},{\"@type\":\"BreadcrumbList\",\"@id\":\"https:\\\/\\\/dmcsrb.com\\\/politika\\\/milovic-drzava-na-kreditu-zivot-na-dugu-standard-gradjana-pozajmljen-ne-i-zaradjen\\\/#breadcrumb\",\"itemListElement\":[{\"@type\":\"ListItem\",\"position\":1,\"name\":\"Home\",\"item\":\"https:\\\/\\\/dmcsrb.com\\\/\"},{\"@type\":\"ListItem\",\"position\":2,\"name\":\"Milovi\u0107: Dr\u017eava na kreditu, \u017eivot na dugu, standard gra\u0111ana pozajmljen, ne i zara\u0111en\"}]},{\"@type\":\"WebSite\",\"@id\":\"https:\\\/\\\/dmcsrb.com\\\/#website\",\"url\":\"https:\\\/\\\/dmcsrb.com\\\/\",\"name\":\"dmcsrb.com\",\"description\":\"\",\"potentialAction\":[{\"@type\":\"SearchAction\",\"target\":{\"@type\":\"EntryPoint\",\"urlTemplate\":\"https:\\\/\\\/dmcsrb.com\\\/?s={search_term_string}\"},\"query-input\":{\"@type\":\"PropertyValueSpecification\",\"valueRequired\":true,\"valueName\":\"search_term_string\"}}],\"inLanguage\":\"en-GB\"},{\"@type\":\"Person\",\"@id\":\"https:\\\/\\\/dmcsrb.com\\\/#\\\/schema\\\/person\\\/5c39170f12db1b8b457732d0b5c854e2\",\"name\":\"dmcsrbija.com@gmail.com\",\"image\":{\"@type\":\"ImageObject\",\"inLanguage\":\"en-GB\",\"@id\":\"https:\\\/\\\/secure.gravatar.com\\\/avatar\\\/68592660ad6347fad0fb587f8d5d8f1a7b44961362f56e4f2cd524feb87e9069?s=96&d=mm&r=g\",\"url\":\"https:\\\/\\\/secure.gravatar.com\\\/avatar\\\/68592660ad6347fad0fb587f8d5d8f1a7b44961362f56e4f2cd524feb87e9069?s=96&d=mm&r=g\",\"contentUrl\":\"https:\\\/\\\/secure.gravatar.com\\\/avatar\\\/68592660ad6347fad0fb587f8d5d8f1a7b44961362f56e4f2cd524feb87e9069?s=96&d=mm&r=g\",\"caption\":\"dmcsrbija.com@gmail.com\"},\"sameAs\":[\"https:\\\/\\\/dmcsrb.com\"],\"url\":\"https:\\\/\\\/dmcsrb.com\\\/en\\\/author\\\/dmcsrbija-comgmail-com\\\/\"}]}<\/script>\n<!-- \/ Yoast SEO plugin. -->","yoast_head_json":{"title":"Milovi\u0107: Dr\u017eava na kreditu, \u017eivot na dugu, standard gra\u0111ana pozajmljen, ne i zara\u0111en - dmcsrb.com","robots":{"index":"index","follow":"follow","max-snippet":"max-snippet:-1","max-image-preview":"max-image-preview:large","max-video-preview":"max-video-preview:-1"},"canonical":"https:\/\/dmcsrb.com\/en\/politika\/milovic-drzava-na-kreditu-zivot-na-dugu-standard-gradjana-pozajmljen-ne-i-zaradjen\/","og_locale":"en_GB","og_type":"article","og_title":"Milovi\u0107: Dr\u017eava na kreditu, \u017eivot na dugu, standard gra\u0111ana pozajmljen, ne i zara\u0111en - dmcsrb.com","og_description":"Dr\u017eava na kreditu, \u017eivot na dugu, standard gra\u0111ana pozajmljen, ne i zara\u0111en, napisao je na dru\u0161tvenoj mre\u017ei X Nikola Milovi\u0107, poslanik DPS-a u Skup\u0161tini Crne Gore.","og_url":"https:\/\/dmcsrb.com\/en\/politika\/milovic-drzava-na-kreditu-zivot-na-dugu-standard-gradjana-pozajmljen-ne-i-zaradjen\/","og_site_name":"dmcsrb.com","article_published_time":"2025-11-18T09:45:00+00:00","og_image":[{"width":1199,"height":1092,"url":"https:\/\/dmcsrb.com\/wp-content\/uploads\/2026\/01\/Nikola-Milovic-dps-scaled-e1704373209859.webp","type":"image\/jpeg"}],"author":"dmcsrbija.com@gmail.com","twitter_card":"summary_large_image","twitter_misc":{"Written by":"dmcsrbija.com@gmail.com","Estimated reading time":"1 minute"},"schema":{"@context":"https:\/\/schema.org","@graph":[{"@type":"Article","@id":"https:\/\/dmcsrb.com\/politika\/milovic-drzava-na-kreditu-zivot-na-dugu-standard-gradjana-pozajmljen-ne-i-zaradjen\/#article","isPartOf":{"@id":"https:\/\/dmcsrb.com\/politika\/milovic-drzava-na-kreditu-zivot-na-dugu-standard-gradjana-pozajmljen-ne-i-zaradjen\/"},"author":{"name":"dmcsrbija.com@gmail.com","@id":"https:\/\/dmcsrb.com\/#\/schema\/person\/5c39170f12db1b8b457732d0b5c854e2"},"headline":"Milovi\u0107: Dr\u017eava na kreditu, \u017eivot na dugu, standard gra\u0111ana pozajmljen, ne i zara\u0111en","datePublished":"2025-11-18T09:45:00+00:00","mainEntityOfPage":{"@id":"https:\/\/dmcsrb.com\/politika\/milovic-drzava-na-kreditu-zivot-na-dugu-standard-gradjana-pozajmljen-ne-i-zaradjen\/"},"wordCount":188,"commentCount":0,"image":{"@id":"https:\/\/dmcsrb.com\/politika\/milovic-drzava-na-kreditu-zivot-na-dugu-standard-gradjana-pozajmljen-ne-i-zaradjen\/#primaryimage"},"thumbnailUrl":"https:\/\/dmcsrb.com\/wp-content\/uploads\/2026\/01\/Nikola-Milovic-dps-scaled-e1704373209859.webp","keywords":["Crna Gora","DPS","Nikola Milovi\u0107"],"articleSection":["Politika"],"inLanguage":"en-GB","potentialAction":[{"@type":"CommentAction","name":"Comment","target":["https:\/\/dmcsrb.com\/politika\/milovic-drzava-na-kreditu-zivot-na-dugu-standard-gradjana-pozajmljen-ne-i-zaradjen\/#respond"]}]},{"@type":"WebPage","@id":"https:\/\/dmcsrb.com\/politika\/milovic-drzava-na-kreditu-zivot-na-dugu-standard-gradjana-pozajmljen-ne-i-zaradjen\/","url":"https:\/\/dmcsrb.com\/politika\/milovic-drzava-na-kreditu-zivot-na-dugu-standard-gradjana-pozajmljen-ne-i-zaradjen\/","name":"Milovi\u0107: Dr\u017eava na kreditu, \u017eivot na dugu, standard gra\u0111ana pozajmljen, ne i zara\u0111en - dmcsrb.com","isPartOf":{"@id":"https:\/\/dmcsrb.com\/#website"},"primaryImageOfPage":{"@id":"https:\/\/dmcsrb.com\/politika\/milovic-drzava-na-kreditu-zivot-na-dugu-standard-gradjana-pozajmljen-ne-i-zaradjen\/#primaryimage"},"image":{"@id":"https:\/\/dmcsrb.com\/politika\/milovic-drzava-na-kreditu-zivot-na-dugu-standard-gradjana-pozajmljen-ne-i-zaradjen\/#primaryimage"},"thumbnailUrl":"https:\/\/dmcsrb.com\/wp-content\/uploads\/2026\/01\/Nikola-Milovic-dps-scaled-e1704373209859.webp","datePublished":"2025-11-18T09:45:00+00:00","author":{"@id":"https:\/\/dmcsrb.com\/#\/schema\/person\/5c39170f12db1b8b457732d0b5c854e2"},"breadcrumb":{"@id":"https:\/\/dmcsrb.com\/politika\/milovic-drzava-na-kreditu-zivot-na-dugu-standard-gradjana-pozajmljen-ne-i-zaradjen\/#breadcrumb"},"inLanguage":"en-GB","potentialAction":[{"@type":"ReadAction","target":["https:\/\/dmcsrb.com\/politika\/milovic-drzava-na-kreditu-zivot-na-dugu-standard-gradjana-pozajmljen-ne-i-zaradjen\/"]}]},{"@type":"ImageObject","inLanguage":"en-GB","@id":"https:\/\/dmcsrb.com\/politika\/milovic-drzava-na-kreditu-zivot-na-dugu-standard-gradjana-pozajmljen-ne-i-zaradjen\/#primaryimage","url":"https:\/\/dmcsrb.com\/wp-content\/uploads\/2026\/01\/Nikola-Milovic-dps-scaled-e1704373209859.webp","contentUrl":"https:\/\/dmcsrb.com\/wp-content\/uploads\/2026\/01\/Nikola-Milovic-dps-scaled-e1704373209859.webp","width":1199,"height":1092},{"@type":"BreadcrumbList","@id":"https:\/\/dmcsrb.com\/politika\/milovic-drzava-na-kreditu-zivot-na-dugu-standard-gradjana-pozajmljen-ne-i-zaradjen\/#breadcrumb","itemListElement":[{"@type":"ListItem","position":1,"name":"Home","item":"https:\/\/dmcsrb.com\/"},{"@type":"ListItem","position":2,"name":"Milovi\u0107: Dr\u017eava na kreditu, \u017eivot na dugu, standard gra\u0111ana pozajmljen, ne i zara\u0111en"}]},{"@type":"WebSite","@id":"https:\/\/dmcsrb.com\/#website","url":"https:\/\/dmcsrb.com\/","name":"dmcsrb.com","description":"","potentialAction":[{"@type":"SearchAction","target":{"@type":"EntryPoint","urlTemplate":"https:\/\/dmcsrb.com\/?s={search_term_string}"},"query-input":{"@type":"PropertyValueSpecification","valueRequired":true,"valueName":"search_term_string"}}],"inLanguage":"en-GB"},{"@type":"Person","@id":"https:\/\/dmcsrb.com\/#\/schema\/person\/5c39170f12db1b8b457732d0b5c854e2","name":"dmcsrbija.com@gmail.com","image":{"@type":"ImageObject","inLanguage":"en-GB","@id":"https:\/\/secure.gravatar.com\/avatar\/68592660ad6347fad0fb587f8d5d8f1a7b44961362f56e4f2cd524feb87e9069?s=96&d=mm&r=g","url":"https:\/\/secure.gravatar.com\/avatar\/68592660ad6347fad0fb587f8d5d8f1a7b44961362f56e4f2cd524feb87e9069?s=96&d=mm&r=g","contentUrl":"https:\/\/secure.gravatar.com\/avatar\/68592660ad6347fad0fb587f8d5d8f1a7b44961362f56e4f2cd524feb87e9069?s=96&d=mm&r=g","caption":"dmcsrbija.com@gmail.com"},"sameAs":["https:\/\/dmcsrb.com"],"url":"https:\/\/dmcsrb.com\/en\/author\/dmcsrbija-comgmail-com\/"}]}},"_links":{"self":[{"href":"https:\/\/dmcsrb.com\/en\/wp-json\/wp\/v2\/posts\/964182","targetHints":{"allow":["GET"]}}],"collection":[{"href":"https:\/\/dmcsrb.com\/en\/wp-json\/wp\/v2\/posts"}],"about":[{"href":"https:\/\/dmcsrb.com\/en\/wp-json\/wp\/v2\/types\/post"}],"author":[{"embeddable":true,"href":"https:\/\/dmcsrb.com\/en\/wp-json\/wp\/v2\/users\/1"}],"replies":[{"embeddable":true,"href":"https:\/\/dmcsrb.com\/en\/wp-json\/wp\/v2\/comments?post=964182"}],"version-history":[{"count":0,"href":"https:\/\/dmcsrb.com\/en\/wp-json\/wp\/v2\/posts\/964182\/revisions"}],"wp:featuredmedia":[{"embeddable":true,"href":"https:\/\/dmcsrb.com\/en\/wp-json\/wp\/v2\/media\/956971"}],"wp:attachment":[{"href":"https:\/\/dmcsrb.com\/en\/wp-json\/wp\/v2\/media?parent=964182"}],"wp:term":[{"taxonomy":"category","embeddable":true,"href":"https:\/\/dmcsrb.com\/en\/wp-json\/wp\/v2\/categories?post=964182"},{"taxonomy":"post_tag","embeddable":true,"href":"https:\/\/dmcsrb.com\/en\/wp-json\/wp\/v2\/tags?post=964182"},{"taxonomy":"naslovna","embeddable":true,"href":"https:\/\/dmcsrb.com\/en\/wp-json\/wp\/v2\/naslovna?post=964182"}],"curies":[{"name":"wp","href":"https:\/\/api.w.org\/{rel}","templated":true}]}}