{"id":964180,"date":"2025-11-18T08:59:29","date_gmt":"2025-11-18T07:59:29","guid":{"rendered":"https:\/\/dmcsrb.com\/uncategorized\/becic-demokrate-protiv-vracanja-radne-nedjelje-nastavicemo-sa-reformama\/"},"modified":"2025-11-18T08:59:29","modified_gmt":"2025-11-18T07:59:29","slug":"becic-demokrate-protiv-vracanja-radne-nedjelje-nastavicemo-sa-reformama","status":"publish","type":"post","link":"https:\/\/dmcsrb.com\/en\/politika\/becic-demokrate-protiv-vracanja-radne-nedjelje-nastavicemo-sa-reformama\/","title":{"rendered":"Be\u010di\u0107: Demokrate protiv vra\u0107anja radne nedjelje, nastavi\u0107emo sa reformama"},"content":{"rendered":"<p><\/p>\n\n\n\n<p>U razgovoru sa Bjelopoljkama i Bjelopoljcima, Be\u010di\u0107 je prokomentarisao i pitanje potencijalnog vra\u0107anja radne nedjelje i naglasio da ta ideja nema podr\u0161ku Demokrata: ,, I uvijek je klju\u010dna brana vra\u0107anju radne nedjelje bio Klub poslanika Demokrata. I za vrijeme prethodnog i ovog saziva parlamenta kada god su se poku\u0161avali o\u017eivjeti takve ideje. Jer uvijek je na\u0161 stav bio jasan &#8211; na\u0161i poslanici u Skup\u0161tini Crne Gore glasati za zakon kojim se uvodi ponovo radna nedelja ne\u0107e. Tu je ta\u010dka stavljena davno, a tu smo uvijek da ukoliko bude potrebno damo doprinos da radna nedelja ostane dio pravnog sistema\u201d.<\/p>\n\n\n\n<p>,,Porodica je osnova i temelj dru\u0161tva. Moramo da obezbijedimo nedjelju, kao i po\u0161tovanje svih drugih po zakonu neradnih dana, da porodice budu skupa, da prijatelji budu skupa, da vra\u0107amo sve vi\u0161e i vi\u0161e taj duh zajedni\u0161tva i onih istinskih vrijednosti koje su nekada karakterisale ovo dru\u0161tvo. Tako\u0111e, vidim da ovih dana dje\u010dije dodatke pominju oni koji su ih ukinuli. Pri tom se zaobilazi istina, a ona je samo jedna. Dje\u010dji dodaci i besplatni ud\u017ebenici su uvedeni na moju inicijativu kao predsjednika Skup\u0161tine, predlog zakona je napisao poslani\u010dki Klub Demokrata, ponudio na potpis i drugim poslani\u010dkim klubovima ve\u0107ine, a isti je izglasan glasovima poslanika tada\u0161nje parlamentarne ve\u0107ine i pojedinih drugih poslanika koji su za isto glasali\u201d, istakao je Be\u010di\u0107.<\/p>\n\n\n\n<p>Kazao je predsjednik Demokrata i da kriminalne strukture i pojedinci na raznim stranama poku\u0161avaju zloupotrijebiti sve \u0161to se desi u Crnoj Gori: <\/p>\n\n\n\n<p>,,Da bi zaustavili borbu protiv kriminala, da bi zaustavili reforme, da bi zaustavili veting koji ih veoma boli u sektoru bezbjednosti, da bi nas zaustavili da pri\u010damo o mra\u010dnim temama i onome \u0161to se de\u0161avalo krajem 90-ih i po\u010detkom 2000-ih godina. Ali kao \u0161to vidite, svi poku\u0161aji su bili jalovi. Svaki poku\u0161aj je rodio jo\u0161 ve\u0107u snagu, jo\u0161 ve\u0107u volju, jo\u0161 ve\u0107u energiju\u201d.<\/p>\n\n\n\n<p>,,Nastavi\u0107emo ovu borbu, ovu istorijsku utakmicu od koje zavisi opstanak i budu\u0107nost Crne Gore. A ona zna\u010di da sasje\u010demo sve pipke, sve dijelove organizovanog kriminala i da u toj utakmici i u kona\u010dnom pobjedimo\u201d, zaklju\u010dio je Be\u010di\u0107.<\/p>\n\n\n\n<p>Podsjetio je Be\u010di\u0107 i na period prije promjene vlasti 2020. godine te naglasio da je vrijeme usmjeravanja gra\u0111ana jednih protiv drugih i plja\u010dkanja dr\u017eave i gra\u0111ana pro\u0161lo, da jedina podjela koja u Crnoj Gori trenutno na one koji su spremni da brane dr\u017eavu od kriminala i one koji mu slu\u017ee, a da je ispred nas budu\u0107nost.<\/p>\n\n\n\n<p>,,\u0160ta zna\u010di budu\u0107nost? Da nastavimo sa reformskim procesima. Pogledajte ovih mjesec dana. Vidjeli ste najpozitivniji godi\u0161nji izve\u0161taj Evropske komisije u kojem je prepoznat veliki napredak i u klju\u010dnim poglavljima. Ovakva borba i brojne akcije protiv organizovanog kriminala. Crna Gora postala dio SEP-a sistema pla\u0107anja. Predsjednica Fon der Lajen u Crnoj Gori najavila da se od 2026. godine ukida roming izme\u0111u Crne Gore i Evropske unije. Wizz Air otvara svoju bazu u Podgorici. Nik\u0161i\u0107 postao Evropska prijestonica kulture za 2030. godinu. Zatvorena finansijska konstrukcija za izgradnju druge dionice autoputa na na\u010din \u0161to imamo bespovratno, \u010distu pomo\u0107 Evropske unije, zahvaljuju\u0107i rezultatima, u iznosu od 150 miliona. Raspisan tender za obilaznicu oko Budve, koja mnogo zna\u010di. To su teme od kojih zavisi budu\u0107nost svakog crnogorskog ra\u0111anina, bez obzira kako se on nacionalni, vjerski ili na bilo koji drugi na\u010din osje\u0107ao\u201d, zaklju\u010dio je lider Demokrata.<\/p>","protected":false},"excerpt":{"rendered":"<p>Nakon brojnih crnogorskih op\u0161tina koje su Aleksa Be\u010di\u0107 i Demokratska Crna Gora posjetili, ovoga puta su obi\u0161li Op\u0161tinski odbor Demokrata Bijelo Polje. U gradu pokraj Lima, Be\u010di\u0107 je okupljenom \u010dlanstvu u sklopu reevidencije \u010dlanstva, a povodom decenije postojanja Demokrata, podijelio nove \u010dlanske karte, saop\u0161teno je iz Demokratske Crne Gore.<\/p>","protected":false},"author":1,"featured_media":964181,"comment_status":"open","ping_status":"open","sticky":false,"template":"","format":"standard","meta":{"_acf_changed":false,"footnotes":""},"categories":[12],"tags":[1888,1355,2928],"naslovna":[],"class_list":["post-964180","post","type-post","status-publish","format-standard","has-post-thumbnail","hentry","category-politika","tag-becic","tag-demokrate","tag-reforme"],"acf":[],"yoast_head":"<!-- This site is optimized with the Yoast SEO plugin v27.0 - https:\/\/yoast.com\/product\/yoast-seo-wordpress\/ -->\n<title>Be\u010di\u0107: Demokrate protiv vra\u0107anja radne nedjelje, nastavi\u0107emo sa reformama - dmcsrb.com<\/title>\n<meta name=\"robots\" content=\"index, follow, max-snippet:-1, max-image-preview:large, max-video-preview:-1\" \/>\n<link rel=\"canonical\" href=\"https:\/\/dmcsrb.com\/en\/politika\/becic-demokrate-protiv-vracanja-radne-nedjelje-nastavicemo-sa-reformama\/\" \/>\n<meta property=\"og:locale\" content=\"en_GB\" \/>\n<meta property=\"og:type\" content=\"article\" \/>\n<meta property=\"og:title\" content=\"Be\u010di\u0107: Demokrate protiv vra\u0107anja radne nedjelje, nastavi\u0107emo sa reformama - dmcsrb.com\" \/>\n<meta property=\"og:description\" content=\"Nakon brojnih crnogorskih op\u0161tina koje su Aleksa Be\u010di\u0107 i Demokratska Crna Gora posjetili, ovoga puta su obi\u0161li Op\u0161tinski odbor Demokrata Bijelo Polje. U gradu pokraj Lima, Be\u010di\u0107 je okupljenom \u010dlanstvu u sklopu reevidencije \u010dlanstva, a povodom decenije postojanja Demokrata, podijelio nove \u010dlanske karte, saop\u0161teno je iz Demokratske Crne Gore.\" \/>\n<meta property=\"og:url\" content=\"https:\/\/dmcsrb.com\/en\/politika\/becic-demokrate-protiv-vracanja-radne-nedjelje-nastavicemo-sa-reformama\/\" \/>\n<meta property=\"og:site_name\" content=\"dmcsrb.com\" \/>\n<meta property=\"article:published_time\" content=\"2025-11-18T07:59:29+00:00\" \/>\n<meta property=\"og:image\" content=\"https:\/\/dmcsrb.com\/wp-content\/uploads\/2026\/01\/Fotografija-za-saopstenje.webp\" \/>\n\t<meta property=\"og:image:width\" content=\"1800\" \/>\n\t<meta property=\"og:image:height\" content=\"1350\" \/>\n\t<meta property=\"og:image:type\" content=\"image\/jpeg\" \/>\n<meta name=\"author\" content=\"dmcsrbija.com@gmail.com\" \/>\n<meta name=\"twitter:card\" content=\"summary_large_image\" \/>\n<meta name=\"twitter:label1\" content=\"Written by\" \/>\n\t<meta name=\"twitter:data1\" content=\"dmcsrbija.com@gmail.com\" \/>\n\t<meta name=\"twitter:label2\" content=\"Estimated reading time\" \/>\n\t<meta name=\"twitter:data2\" content=\"3 minutes\" \/>\n<script type=\"application\/ld+json\" class=\"yoast-schema-graph\">{\"@context\":\"https:\/\/schema.org\",\"@graph\":[{\"@type\":\"Article\",\"@id\":\"https:\/\/dmcsrb.com\/politika\/becic-demokrate-protiv-vracanja-radne-nedjelje-nastavicemo-sa-reformama\/#article\",\"isPartOf\":{\"@id\":\"https:\/\/dmcsrb.com\/politika\/becic-demokrate-protiv-vracanja-radne-nedjelje-nastavicemo-sa-reformama\/\"},\"author\":{\"name\":\"dmcsrbija.com@gmail.com\",\"@id\":\"https:\/\/dmcsrb.com\/#\/schema\/person\/5c39170f12db1b8b457732d0b5c854e2\"},\"headline\":\"Be\u010di\u0107: Demokrate protiv vra\u0107anja radne nedjelje, nastavi\u0107emo sa reformama\",\"datePublished\":\"2025-11-18T07:59:29+00:00\",\"mainEntityOfPage\":{\"@id\":\"https:\/\/dmcsrb.com\/politika\/becic-demokrate-protiv-vracanja-radne-nedjelje-nastavicemo-sa-reformama\/\"},\"wordCount\":613,\"commentCount\":0,\"image\":{\"@id\":\"https:\/\/dmcsrb.com\/politika\/becic-demokrate-protiv-vracanja-radne-nedjelje-nastavicemo-sa-reformama\/#primaryimage\"},\"thumbnailUrl\":\"https:\/\/dmcsrb.com\/wp-content\/uploads\/2026\/01\/Fotografija-za-saopstenje.webp\",\"keywords\":[\"Be\u010di\u0107\",\"Demokrate\",\"reforme\"],\"articleSection\":[\"Politika\"],\"inLanguage\":\"en-GB\",\"potentialAction\":[{\"@type\":\"CommentAction\",\"name\":\"Comment\",\"target\":[\"https:\/\/dmcsrb.com\/politika\/becic-demokrate-protiv-vracanja-radne-nedjelje-nastavicemo-sa-reformama\/#respond\"]}]},{\"@type\":\"WebPage\",\"@id\":\"https:\/\/dmcsrb.com\/politika\/becic-demokrate-protiv-vracanja-radne-nedjelje-nastavicemo-sa-reformama\/\",\"url\":\"https:\/\/dmcsrb.com\/politika\/becic-demokrate-protiv-vracanja-radne-nedjelje-nastavicemo-sa-reformama\/\",\"name\":\"Be\u010di\u0107: Demokrate protiv vra\u0107anja radne nedjelje, nastavi\u0107emo sa reformama - dmcsrb.com\",\"isPartOf\":{\"@id\":\"https:\/\/dmcsrb.com\/#website\"},\"primaryImageOfPage\":{\"@id\":\"https:\/\/dmcsrb.com\/politika\/becic-demokrate-protiv-vracanja-radne-nedjelje-nastavicemo-sa-reformama\/#primaryimage\"},\"image\":{\"@id\":\"https:\/\/dmcsrb.com\/politika\/becic-demokrate-protiv-vracanja-radne-nedjelje-nastavicemo-sa-reformama\/#primaryimage\"},\"thumbnailUrl\":\"https:\/\/dmcsrb.com\/wp-content\/uploads\/2026\/01\/Fotografija-za-saopstenje.webp\",\"datePublished\":\"2025-11-18T07:59:29+00:00\",\"author\":{\"@id\":\"https:\/\/dmcsrb.com\/#\/schema\/person\/5c39170f12db1b8b457732d0b5c854e2\"},\"breadcrumb\":{\"@id\":\"https:\/\/dmcsrb.com\/politika\/becic-demokrate-protiv-vracanja-radne-nedjelje-nastavicemo-sa-reformama\/#breadcrumb\"},\"inLanguage\":\"en-GB\",\"potentialAction\":[{\"@type\":\"ReadAction\",\"target\":[\"https:\/\/dmcsrb.com\/politika\/becic-demokrate-protiv-vracanja-radne-nedjelje-nastavicemo-sa-reformama\/\"]}]},{\"@type\":\"ImageObject\",\"inLanguage\":\"en-GB\",\"@id\":\"https:\/\/dmcsrb.com\/politika\/becic-demokrate-protiv-vracanja-radne-nedjelje-nastavicemo-sa-reformama\/#primaryimage\",\"url\":\"https:\/\/dmcsrb.com\/wp-content\/uploads\/2026\/01\/Fotografija-za-saopstenje.webp\",\"contentUrl\":\"https:\/\/dmcsrb.com\/wp-content\/uploads\/2026\/01\/Fotografija-za-saopstenje.webp\",\"width\":1800,\"height\":1350},{\"@type\":\"BreadcrumbList\",\"@id\":\"https:\/\/dmcsrb.com\/politika\/becic-demokrate-protiv-vracanja-radne-nedjelje-nastavicemo-sa-reformama\/#breadcrumb\",\"itemListElement\":[{\"@type\":\"ListItem\",\"position\":1,\"name\":\"Home\",\"item\":\"https:\/\/dmcsrb.com\/\"},{\"@type\":\"ListItem\",\"position\":2,\"name\":\"Be\u010di\u0107: Demokrate protiv vra\u0107anja radne nedjelje, nastavi\u0107emo sa reformama\"}]},{\"@type\":\"WebSite\",\"@id\":\"https:\/\/dmcsrb.com\/#website\",\"url\":\"https:\/\/dmcsrb.com\/\",\"name\":\"dmcsrb.com\",\"description\":\"\",\"potentialAction\":[{\"@type\":\"SearchAction\",\"target\":{\"@type\":\"EntryPoint\",\"urlTemplate\":\"https:\/\/dmcsrb.com\/?s={search_term_string}\"},\"query-input\":{\"@type\":\"PropertyValueSpecification\",\"valueRequired\":true,\"valueName\":\"search_term_string\"}}],\"inLanguage\":\"en-GB\"},{\"@type\":\"Person\",\"@id\":\"https:\/\/dmcsrb.com\/#\/schema\/person\/5c39170f12db1b8b457732d0b5c854e2\",\"name\":\"dmcsrbija.com@gmail.com\",\"image\":{\"@type\":\"ImageObject\",\"inLanguage\":\"en-GB\",\"@id\":\"https:\/\/dmcsrb.com\/#\/schema\/person\/image\/\",\"url\":\"https:\/\/secure.gravatar.com\/avatar\/68592660ad6347fad0fb587f8d5d8f1a7b44961362f56e4f2cd524feb87e9069?s=96&d=mm&r=g\",\"contentUrl\":\"https:\/\/secure.gravatar.com\/avatar\/68592660ad6347fad0fb587f8d5d8f1a7b44961362f56e4f2cd524feb87e9069?s=96&d=mm&r=g\",\"caption\":\"dmcsrbija.com@gmail.com\"},\"sameAs\":[\"https:\/\/dmcsrb.com\"],\"url\":\"https:\/\/dmcsrb.com\/en\/author\/dmcsrbija-comgmail-com\/\"}]}<\/script>\n<!-- \/ Yoast SEO plugin. -->","yoast_head_json":{"title":"Be\u010di\u0107: Demokrate protiv vra\u0107anja radne nedjelje, nastavi\u0107emo sa reformama - dmcsrb.com","robots":{"index":"index","follow":"follow","max-snippet":"max-snippet:-1","max-image-preview":"max-image-preview:large","max-video-preview":"max-video-preview:-1"},"canonical":"https:\/\/dmcsrb.com\/en\/politika\/becic-demokrate-protiv-vracanja-radne-nedjelje-nastavicemo-sa-reformama\/","og_locale":"en_GB","og_type":"article","og_title":"Be\u010di\u0107: Demokrate protiv vra\u0107anja radne nedjelje, nastavi\u0107emo sa reformama - dmcsrb.com","og_description":"Nakon brojnih crnogorskih op\u0161tina koje su Aleksa Be\u010di\u0107 i Demokratska Crna Gora posjetili, ovoga puta su obi\u0161li Op\u0161tinski odbor Demokrata Bijelo Polje. U gradu pokraj Lima, Be\u010di\u0107 je okupljenom \u010dlanstvu u sklopu reevidencije \u010dlanstva, a povodom decenije postojanja Demokrata, podijelio nove \u010dlanske karte, saop\u0161teno je iz Demokratske Crne Gore.","og_url":"https:\/\/dmcsrb.com\/en\/politika\/becic-demokrate-protiv-vracanja-radne-nedjelje-nastavicemo-sa-reformama\/","og_site_name":"dmcsrb.com","article_published_time":"2025-11-18T07:59:29+00:00","og_image":[{"width":1800,"height":1350,"url":"https:\/\/dmcsrb.com\/wp-content\/uploads\/2026\/01\/Fotografija-za-saopstenje.webp","type":"image\/jpeg"}],"author":"dmcsrbija.com@gmail.com","twitter_card":"summary_large_image","twitter_misc":{"Written by":"dmcsrbija.com@gmail.com","Estimated reading time":"3 minutes"},"schema":{"@context":"https:\/\/schema.org","@graph":[{"@type":"Article","@id":"https:\/\/dmcsrb.com\/politika\/becic-demokrate-protiv-vracanja-radne-nedjelje-nastavicemo-sa-reformama\/#article","isPartOf":{"@id":"https:\/\/dmcsrb.com\/politika\/becic-demokrate-protiv-vracanja-radne-nedjelje-nastavicemo-sa-reformama\/"},"author":{"name":"dmcsrbija.com@gmail.com","@id":"https:\/\/dmcsrb.com\/#\/schema\/person\/5c39170f12db1b8b457732d0b5c854e2"},"headline":"Be\u010di\u0107: Demokrate protiv vra\u0107anja radne nedjelje, nastavi\u0107emo sa reformama","datePublished":"2025-11-18T07:59:29+00:00","mainEntityOfPage":{"@id":"https:\/\/dmcsrb.com\/politika\/becic-demokrate-protiv-vracanja-radne-nedjelje-nastavicemo-sa-reformama\/"},"wordCount":613,"commentCount":0,"image":{"@id":"https:\/\/dmcsrb.com\/politika\/becic-demokrate-protiv-vracanja-radne-nedjelje-nastavicemo-sa-reformama\/#primaryimage"},"thumbnailUrl":"https:\/\/dmcsrb.com\/wp-content\/uploads\/2026\/01\/Fotografija-za-saopstenje.webp","keywords":["Be\u010di\u0107","Demokrate","reforme"],"articleSection":["Politika"],"inLanguage":"en-GB","potentialAction":[{"@type":"CommentAction","name":"Comment","target":["https:\/\/dmcsrb.com\/politika\/becic-demokrate-protiv-vracanja-radne-nedjelje-nastavicemo-sa-reformama\/#respond"]}]},{"@type":"WebPage","@id":"https:\/\/dmcsrb.com\/politika\/becic-demokrate-protiv-vracanja-radne-nedjelje-nastavicemo-sa-reformama\/","url":"https:\/\/dmcsrb.com\/politika\/becic-demokrate-protiv-vracanja-radne-nedjelje-nastavicemo-sa-reformama\/","name":"Be\u010di\u0107: Demokrate protiv vra\u0107anja radne nedjelje, nastavi\u0107emo sa reformama - dmcsrb.com","isPartOf":{"@id":"https:\/\/dmcsrb.com\/#website"},"primaryImageOfPage":{"@id":"https:\/\/dmcsrb.com\/politika\/becic-demokrate-protiv-vracanja-radne-nedjelje-nastavicemo-sa-reformama\/#primaryimage"},"image":{"@id":"https:\/\/dmcsrb.com\/politika\/becic-demokrate-protiv-vracanja-radne-nedjelje-nastavicemo-sa-reformama\/#primaryimage"},"thumbnailUrl":"https:\/\/dmcsrb.com\/wp-content\/uploads\/2026\/01\/Fotografija-za-saopstenje.webp","datePublished":"2025-11-18T07:59:29+00:00","author":{"@id":"https:\/\/dmcsrb.com\/#\/schema\/person\/5c39170f12db1b8b457732d0b5c854e2"},"breadcrumb":{"@id":"https:\/\/dmcsrb.com\/politika\/becic-demokrate-protiv-vracanja-radne-nedjelje-nastavicemo-sa-reformama\/#breadcrumb"},"inLanguage":"en-GB","potentialAction":[{"@type":"ReadAction","target":["https:\/\/dmcsrb.com\/politika\/becic-demokrate-protiv-vracanja-radne-nedjelje-nastavicemo-sa-reformama\/"]}]},{"@type":"ImageObject","inLanguage":"en-GB","@id":"https:\/\/dmcsrb.com\/politika\/becic-demokrate-protiv-vracanja-radne-nedjelje-nastavicemo-sa-reformama\/#primaryimage","url":"https:\/\/dmcsrb.com\/wp-content\/uploads\/2026\/01\/Fotografija-za-saopstenje.webp","contentUrl":"https:\/\/dmcsrb.com\/wp-content\/uploads\/2026\/01\/Fotografija-za-saopstenje.webp","width":1800,"height":1350},{"@type":"BreadcrumbList","@id":"https:\/\/dmcsrb.com\/politika\/becic-demokrate-protiv-vracanja-radne-nedjelje-nastavicemo-sa-reformama\/#breadcrumb","itemListElement":[{"@type":"ListItem","position":1,"name":"Home","item":"https:\/\/dmcsrb.com\/"},{"@type":"ListItem","position":2,"name":"Be\u010di\u0107: Demokrate protiv vra\u0107anja radne nedjelje, nastavi\u0107emo sa reformama"}]},{"@type":"WebSite","@id":"https:\/\/dmcsrb.com\/#website","url":"https:\/\/dmcsrb.com\/","name":"dmcsrb.com","description":"","potentialAction":[{"@type":"SearchAction","target":{"@type":"EntryPoint","urlTemplate":"https:\/\/dmcsrb.com\/?s={search_term_string}"},"query-input":{"@type":"PropertyValueSpecification","valueRequired":true,"valueName":"search_term_string"}}],"inLanguage":"en-GB"},{"@type":"Person","@id":"https:\/\/dmcsrb.com\/#\/schema\/person\/5c39170f12db1b8b457732d0b5c854e2","name":"dmcsrbija.com@gmail.com","image":{"@type":"ImageObject","inLanguage":"en-GB","@id":"https:\/\/dmcsrb.com\/#\/schema\/person\/image\/","url":"https:\/\/secure.gravatar.com\/avatar\/68592660ad6347fad0fb587f8d5d8f1a7b44961362f56e4f2cd524feb87e9069?s=96&d=mm&r=g","contentUrl":"https:\/\/secure.gravatar.com\/avatar\/68592660ad6347fad0fb587f8d5d8f1a7b44961362f56e4f2cd524feb87e9069?s=96&d=mm&r=g","caption":"dmcsrbija.com@gmail.com"},"sameAs":["https:\/\/dmcsrb.com"],"url":"https:\/\/dmcsrb.com\/en\/author\/dmcsrbija-comgmail-com\/"}]}},"_links":{"self":[{"href":"https:\/\/dmcsrb.com\/en\/wp-json\/wp\/v2\/posts\/964180","targetHints":{"allow":["GET"]}}],"collection":[{"href":"https:\/\/dmcsrb.com\/en\/wp-json\/wp\/v2\/posts"}],"about":[{"href":"https:\/\/dmcsrb.com\/en\/wp-json\/wp\/v2\/types\/post"}],"author":[{"embeddable":true,"href":"https:\/\/dmcsrb.com\/en\/wp-json\/wp\/v2\/users\/1"}],"replies":[{"embeddable":true,"href":"https:\/\/dmcsrb.com\/en\/wp-json\/wp\/v2\/comments?post=964180"}],"version-history":[{"count":0,"href":"https:\/\/dmcsrb.com\/en\/wp-json\/wp\/v2\/posts\/964180\/revisions"}],"wp:featuredmedia":[{"embeddable":true,"href":"https:\/\/dmcsrb.com\/en\/wp-json\/wp\/v2\/media\/964181"}],"wp:attachment":[{"href":"https:\/\/dmcsrb.com\/en\/wp-json\/wp\/v2\/media?parent=964180"}],"wp:term":[{"taxonomy":"category","embeddable":true,"href":"https:\/\/dmcsrb.com\/en\/wp-json\/wp\/v2\/categories?post=964180"},{"taxonomy":"post_tag","embeddable":true,"href":"https:\/\/dmcsrb.com\/en\/wp-json\/wp\/v2\/tags?post=964180"},{"taxonomy":"naslovna","embeddable":true,"href":"https:\/\/dmcsrb.com\/en\/wp-json\/wp\/v2\/naslovna?post=964180"}],"curies":[{"name":"wp","href":"https:\/\/api.w.org\/{rel}","templated":true}]}}