{"id":964167,"date":"2025-11-18T08:04:00","date_gmt":"2025-11-18T07:04:00","guid":{"rendered":"https:\/\/dmcsrb.com\/uncategorized\/stojovic-uputio-sam-poziv-da-ibrahim-cikic-bude-gost-anketnog-odbora\/"},"modified":"2025-11-18T08:04:00","modified_gmt":"2025-11-18T07:04:00","slug":"stojovic-uputio-sam-poziv-da-ibrahim-cikic-bude-gost-anketnog-odbora","status":"publish","type":"post","link":"https:\/\/dmcsrb.com\/en\/politika\/stojovic-uputio-sam-poziv-da-ibrahim-cikic-bude-gost-anketnog-odbora\/","title":{"rendered":"Stojovi\u0107: Uputio sam poziv da Ibrahim \u010ciki\u0107 bude gost Anketnog odbora"},"content":{"rendered":"<p>\u201cDr\u017eava Crna Gora je gurnula u ponor Ibrahima \u010ciki\u0107a i brojne Bo\u0161njake, a rasvjetljavanje tog zlo\u010dina do danas nije ni po\u010delo. Niko od onih koji su 1994. naredili i izvr\u0161ili montirano hap\u0161enje rukovodstva i \u010dlanova SDA, brutalna premla\u0107ivanja, mu\u010denja i poku\u0161aje da slome tijelo i dostojanstvo \u2013 nije odgovarao\u201d, kazao je Stojovi\u0107.<\/p>\n\n\n\n<p>Kako je kazao, policijska akcija \u201cLim\u201d ostaje jedna od najsramotnijih rana savremene Crne Gore, rana koju decenijama niko ne \u017eeli da pogleda, a kamoli da je zacijeli.<\/p>\n\n\n\n<p>\u201cOvim \u010dinom \u017eelimo ispraviti ogromnu nepravdu i kr\u0161enje ljudskih prava\u201d, zaklju\u010dio je Stojovi\u0107.<\/p>\n\n\n\n<figure class=\"wp-block-embed is-type-rich is-provider-twitter wp-block-embed-twitter\"><div class=\"wp-block-embed__wrapper\">\n<blockquote class=\"twitter-tweet\" data-width=\"500\" data-dnt=\"true\"><p lang=\"und\" dir=\"ltr\">Uputio sam poziv da gospodin Ibrahim \u010ciki\u0107 bude gost Anketnog odbora.<br><br>Dr\u017eava Crna Gora je gurnula u ponor Ibrahima \u010ciki\u0107a i brojne Bo\u0161njake, a rasvjetljavanje tog zlo\u010dina do danas nije ni po\u010delo. Niko od onih koji su 1994. naredili i izvr\u0161ili montirano hap\u0161enje rukovodstva i\u2026<\/p>&mdash; Gordan Stojovi\u0107 (@filatelijan) <a href=\"https:\/\/twitter.com\/filatelijan\/status\/1990674480578863139?ref_src=twsrc%5Etfw\">November 18, 2025<\/a><\/blockquote><script async src=\"https:\/\/platform.twitter.com\/widgets.js\" charset=\"utf-8\"><\/script>\n<\/div><\/figure>","protected":false},"excerpt":{"rendered":"<p>Poslanik Pokreta Evropa sad Gordan Stojovi\u0107, napisao je na mre\u017ei &#8220;X&#8221; da je uputio poziv Ibrahimu \u010ciki\u0107u da, kako ka\u017ee, bude gost Anketnog odbora.<\/p>","protected":false},"author":1,"featured_media":909731,"comment_status":"open","ping_status":"open","sticky":false,"template":"","format":"standard","meta":{"_acf_changed":false,"footnotes":""},"categories":[12],"tags":[1047,1049],"naslovna":[],"class_list":["post-964167","post","type-post","status-publish","format-standard","has-post-thumbnail","hentry","category-politika","tag-anketni-odbor","tag-gordan-stojovic"],"acf":[],"yoast_head":"<!-- This site is optimized with the Yoast SEO plugin v27.4 - https:\/\/yoast.com\/product\/yoast-seo-wordpress\/ -->\n<title>Stojovi\u0107: Uputio sam poziv da Ibrahim \u010ciki\u0107 bude gost Anketnog odbora - dmcsrb.com<\/title>\n<meta name=\"robots\" content=\"index, follow, max-snippet:-1, max-image-preview:large, max-video-preview:-1\" \/>\n<link rel=\"canonical\" href=\"https:\/\/dmcsrb.com\/en\/politika\/stojovic-uputio-sam-poziv-da-ibrahim-cikic-bude-gost-anketnog-odbora\/\" \/>\n<meta property=\"og:locale\" content=\"en_GB\" \/>\n<meta property=\"og:type\" content=\"article\" \/>\n<meta property=\"og:title\" content=\"Stojovi\u0107: Uputio sam poziv da Ibrahim \u010ciki\u0107 bude gost Anketnog odbora - dmcsrb.com\" \/>\n<meta property=\"og:description\" content=\"Poslanik Pokreta Evropa sad Gordan Stojovi\u0107, napisao je na mre\u017ei &quot;X&quot; da je uputio poziv Ibrahimu \u010ciki\u0107u da, kako ka\u017ee, bude gost Anketnog odbora.\" \/>\n<meta property=\"og:url\" content=\"https:\/\/dmcsrb.com\/en\/politika\/stojovic-uputio-sam-poziv-da-ibrahim-cikic-bude-gost-anketnog-odbora\/\" \/>\n<meta property=\"og:site_name\" content=\"dmcsrb.com\" \/>\n<meta property=\"article:published_time\" content=\"2025-11-18T07:04:00+00:00\" \/>\n<meta property=\"og:image\" content=\"https:\/\/dmcsrb.com\/wp-content\/uploads\/2026\/01\/Stojovic-pes-foto-skupstina-cg.jpg\" \/>\n\t<meta property=\"og:image:width\" content=\"878\" \/>\n\t<meta property=\"og:image:height\" content=\"595\" \/>\n\t<meta property=\"og:image:type\" content=\"image\/jpeg\" \/>\n<meta name=\"author\" content=\"dmcsrbija.com@gmail.com\" \/>\n<meta name=\"twitter:card\" content=\"summary_large_image\" \/>\n<meta name=\"twitter:label1\" content=\"Written by\" \/>\n\t<meta name=\"twitter:data1\" content=\"dmcsrbija.com@gmail.com\" \/>\n\t<meta name=\"twitter:label2\" content=\"Estimated reading time\" \/>\n\t<meta name=\"twitter:data2\" content=\"1 minute\" \/>\n<script type=\"application\/ld+json\" class=\"yoast-schema-graph\">{\"@context\":\"https:\\\/\\\/schema.org\",\"@graph\":[{\"@type\":\"Article\",\"@id\":\"https:\\\/\\\/dmcsrb.com\\\/en\\\/politika\\\/stojovic-uputio-sam-poziv-da-ibrahim-cikic-bude-gost-anketnog-odbora\\\/#article\",\"isPartOf\":{\"@id\":\"https:\\\/\\\/dmcsrb.com\\\/en\\\/politika\\\/stojovic-uputio-sam-poziv-da-ibrahim-cikic-bude-gost-anketnog-odbora\\\/\"},\"author\":{\"name\":\"dmcsrbija.com@gmail.com\",\"@id\":\"https:\\\/\\\/dmcsrb.com\\\/#\\\/schema\\\/person\\\/5c39170f12db1b8b457732d0b5c854e2\"},\"headline\":\"Stojovi\u0107: Uputio sam poziv da Ibrahim \u010ciki\u0107 bude gost Anketnog odbora\",\"datePublished\":\"2025-11-18T07:04:00+00:00\",\"mainEntityOfPage\":{\"@id\":\"https:\\\/\\\/dmcsrb.com\\\/en\\\/politika\\\/stojovic-uputio-sam-poziv-da-ibrahim-cikic-bude-gost-anketnog-odbora\\\/\"},\"wordCount\":153,\"commentCount\":0,\"image\":{\"@id\":\"https:\\\/\\\/dmcsrb.com\\\/en\\\/politika\\\/stojovic-uputio-sam-poziv-da-ibrahim-cikic-bude-gost-anketnog-odbora\\\/#primaryimage\"},\"thumbnailUrl\":\"https:\\\/\\\/dmcsrb.com\\\/wp-content\\\/uploads\\\/2026\\\/01\\\/Stojovic-pes-foto-skupstina-cg.jpg\",\"keywords\":[\"Anketni odbor\",\"Gordan Stojovi\u0107\"],\"articleSection\":[\"Politika\"],\"inLanguage\":\"en-GB\",\"potentialAction\":[{\"@type\":\"CommentAction\",\"name\":\"Comment\",\"target\":[\"https:\\\/\\\/dmcsrb.com\\\/en\\\/politika\\\/stojovic-uputio-sam-poziv-da-ibrahim-cikic-bude-gost-anketnog-odbora\\\/#respond\"]}]},{\"@type\":\"WebPage\",\"@id\":\"https:\\\/\\\/dmcsrb.com\\\/en\\\/politika\\\/stojovic-uputio-sam-poziv-da-ibrahim-cikic-bude-gost-anketnog-odbora\\\/\",\"url\":\"https:\\\/\\\/dmcsrb.com\\\/en\\\/politika\\\/stojovic-uputio-sam-poziv-da-ibrahim-cikic-bude-gost-anketnog-odbora\\\/\",\"name\":\"Stojovi\u0107: Uputio sam poziv da Ibrahim \u010ciki\u0107 bude gost Anketnog odbora - dmcsrb.com\",\"isPartOf\":{\"@id\":\"https:\\\/\\\/dmcsrb.com\\\/#website\"},\"primaryImageOfPage\":{\"@id\":\"https:\\\/\\\/dmcsrb.com\\\/en\\\/politika\\\/stojovic-uputio-sam-poziv-da-ibrahim-cikic-bude-gost-anketnog-odbora\\\/#primaryimage\"},\"image\":{\"@id\":\"https:\\\/\\\/dmcsrb.com\\\/en\\\/politika\\\/stojovic-uputio-sam-poziv-da-ibrahim-cikic-bude-gost-anketnog-odbora\\\/#primaryimage\"},\"thumbnailUrl\":\"https:\\\/\\\/dmcsrb.com\\\/wp-content\\\/uploads\\\/2026\\\/01\\\/Stojovic-pes-foto-skupstina-cg.jpg\",\"datePublished\":\"2025-11-18T07:04:00+00:00\",\"author\":{\"@id\":\"https:\\\/\\\/dmcsrb.com\\\/#\\\/schema\\\/person\\\/5c39170f12db1b8b457732d0b5c854e2\"},\"breadcrumb\":{\"@id\":\"https:\\\/\\\/dmcsrb.com\\\/en\\\/politika\\\/stojovic-uputio-sam-poziv-da-ibrahim-cikic-bude-gost-anketnog-odbora\\\/#breadcrumb\"},\"inLanguage\":\"en-GB\",\"potentialAction\":[{\"@type\":\"ReadAction\",\"target\":[\"https:\\\/\\\/dmcsrb.com\\\/en\\\/politika\\\/stojovic-uputio-sam-poziv-da-ibrahim-cikic-bude-gost-anketnog-odbora\\\/\"]}]},{\"@type\":\"ImageObject\",\"inLanguage\":\"en-GB\",\"@id\":\"https:\\\/\\\/dmcsrb.com\\\/en\\\/politika\\\/stojovic-uputio-sam-poziv-da-ibrahim-cikic-bude-gost-anketnog-odbora\\\/#primaryimage\",\"url\":\"https:\\\/\\\/dmcsrb.com\\\/wp-content\\\/uploads\\\/2026\\\/01\\\/Stojovic-pes-foto-skupstina-cg.jpg\",\"contentUrl\":\"https:\\\/\\\/dmcsrb.com\\\/wp-content\\\/uploads\\\/2026\\\/01\\\/Stojovic-pes-foto-skupstina-cg.jpg\",\"width\":878,\"height\":595},{\"@type\":\"BreadcrumbList\",\"@id\":\"https:\\\/\\\/dmcsrb.com\\\/en\\\/politika\\\/stojovic-uputio-sam-poziv-da-ibrahim-cikic-bude-gost-anketnog-odbora\\\/#breadcrumb\",\"itemListElement\":[{\"@type\":\"ListItem\",\"position\":1,\"name\":\"Home\",\"item\":\"https:\\\/\\\/dmcsrb.com\\\/\"},{\"@type\":\"ListItem\",\"position\":2,\"name\":\"Stojovi\u0107: Uputio sam poziv da Ibrahim \u010ciki\u0107 bude gost Anketnog odbora\"}]},{\"@type\":\"WebSite\",\"@id\":\"https:\\\/\\\/dmcsrb.com\\\/#website\",\"url\":\"https:\\\/\\\/dmcsrb.com\\\/\",\"name\":\"dmcsrb.com\",\"description\":\"\",\"potentialAction\":[{\"@type\":\"SearchAction\",\"target\":{\"@type\":\"EntryPoint\",\"urlTemplate\":\"https:\\\/\\\/dmcsrb.com\\\/?s={search_term_string}\"},\"query-input\":{\"@type\":\"PropertyValueSpecification\",\"valueRequired\":true,\"valueName\":\"search_term_string\"}}],\"inLanguage\":\"en-GB\"},{\"@type\":\"Person\",\"@id\":\"https:\\\/\\\/dmcsrb.com\\\/#\\\/schema\\\/person\\\/5c39170f12db1b8b457732d0b5c854e2\",\"name\":\"dmcsrbija.com@gmail.com\",\"image\":{\"@type\":\"ImageObject\",\"inLanguage\":\"en-GB\",\"@id\":\"https:\\\/\\\/secure.gravatar.com\\\/avatar\\\/68592660ad6347fad0fb587f8d5d8f1a7b44961362f56e4f2cd524feb87e9069?s=96&d=mm&r=g\",\"url\":\"https:\\\/\\\/secure.gravatar.com\\\/avatar\\\/68592660ad6347fad0fb587f8d5d8f1a7b44961362f56e4f2cd524feb87e9069?s=96&d=mm&r=g\",\"contentUrl\":\"https:\\\/\\\/secure.gravatar.com\\\/avatar\\\/68592660ad6347fad0fb587f8d5d8f1a7b44961362f56e4f2cd524feb87e9069?s=96&d=mm&r=g\",\"caption\":\"dmcsrbija.com@gmail.com\"},\"sameAs\":[\"https:\\\/\\\/dmcsrb.com\"],\"url\":\"https:\\\/\\\/dmcsrb.com\\\/en\\\/author\\\/dmcsrbija-comgmail-com\\\/\"}]}<\/script>\n<!-- \/ Yoast SEO plugin. -->","yoast_head_json":{"title":"Stojovi\u0107: Uputio sam poziv da Ibrahim \u010ciki\u0107 bude gost Anketnog odbora - dmcsrb.com","robots":{"index":"index","follow":"follow","max-snippet":"max-snippet:-1","max-image-preview":"max-image-preview:large","max-video-preview":"max-video-preview:-1"},"canonical":"https:\/\/dmcsrb.com\/en\/politika\/stojovic-uputio-sam-poziv-da-ibrahim-cikic-bude-gost-anketnog-odbora\/","og_locale":"en_GB","og_type":"article","og_title":"Stojovi\u0107: Uputio sam poziv da Ibrahim \u010ciki\u0107 bude gost Anketnog odbora - dmcsrb.com","og_description":"Poslanik Pokreta Evropa sad Gordan Stojovi\u0107, napisao je na mre\u017ei \"X\" da je uputio poziv Ibrahimu \u010ciki\u0107u da, kako ka\u017ee, bude gost Anketnog odbora.","og_url":"https:\/\/dmcsrb.com\/en\/politika\/stojovic-uputio-sam-poziv-da-ibrahim-cikic-bude-gost-anketnog-odbora\/","og_site_name":"dmcsrb.com","article_published_time":"2025-11-18T07:04:00+00:00","og_image":[{"width":878,"height":595,"url":"https:\/\/dmcsrb.com\/wp-content\/uploads\/2026\/01\/Stojovic-pes-foto-skupstina-cg.jpg","type":"image\/jpeg"}],"author":"dmcsrbija.com@gmail.com","twitter_card":"summary_large_image","twitter_misc":{"Written by":"dmcsrbija.com@gmail.com","Estimated reading time":"1 minute"},"schema":{"@context":"https:\/\/schema.org","@graph":[{"@type":"Article","@id":"https:\/\/dmcsrb.com\/en\/politika\/stojovic-uputio-sam-poziv-da-ibrahim-cikic-bude-gost-anketnog-odbora\/#article","isPartOf":{"@id":"https:\/\/dmcsrb.com\/en\/politika\/stojovic-uputio-sam-poziv-da-ibrahim-cikic-bude-gost-anketnog-odbora\/"},"author":{"name":"dmcsrbija.com@gmail.com","@id":"https:\/\/dmcsrb.com\/#\/schema\/person\/5c39170f12db1b8b457732d0b5c854e2"},"headline":"Stojovi\u0107: Uputio sam poziv da Ibrahim \u010ciki\u0107 bude gost Anketnog odbora","datePublished":"2025-11-18T07:04:00+00:00","mainEntityOfPage":{"@id":"https:\/\/dmcsrb.com\/en\/politika\/stojovic-uputio-sam-poziv-da-ibrahim-cikic-bude-gost-anketnog-odbora\/"},"wordCount":153,"commentCount":0,"image":{"@id":"https:\/\/dmcsrb.com\/en\/politika\/stojovic-uputio-sam-poziv-da-ibrahim-cikic-bude-gost-anketnog-odbora\/#primaryimage"},"thumbnailUrl":"https:\/\/dmcsrb.com\/wp-content\/uploads\/2026\/01\/Stojovic-pes-foto-skupstina-cg.jpg","keywords":["Anketni odbor","Gordan Stojovi\u0107"],"articleSection":["Politika"],"inLanguage":"en-GB","potentialAction":[{"@type":"CommentAction","name":"Comment","target":["https:\/\/dmcsrb.com\/en\/politika\/stojovic-uputio-sam-poziv-da-ibrahim-cikic-bude-gost-anketnog-odbora\/#respond"]}]},{"@type":"WebPage","@id":"https:\/\/dmcsrb.com\/en\/politika\/stojovic-uputio-sam-poziv-da-ibrahim-cikic-bude-gost-anketnog-odbora\/","url":"https:\/\/dmcsrb.com\/en\/politika\/stojovic-uputio-sam-poziv-da-ibrahim-cikic-bude-gost-anketnog-odbora\/","name":"Stojovi\u0107: Uputio sam poziv da Ibrahim \u010ciki\u0107 bude gost Anketnog odbora - dmcsrb.com","isPartOf":{"@id":"https:\/\/dmcsrb.com\/#website"},"primaryImageOfPage":{"@id":"https:\/\/dmcsrb.com\/en\/politika\/stojovic-uputio-sam-poziv-da-ibrahim-cikic-bude-gost-anketnog-odbora\/#primaryimage"},"image":{"@id":"https:\/\/dmcsrb.com\/en\/politika\/stojovic-uputio-sam-poziv-da-ibrahim-cikic-bude-gost-anketnog-odbora\/#primaryimage"},"thumbnailUrl":"https:\/\/dmcsrb.com\/wp-content\/uploads\/2026\/01\/Stojovic-pes-foto-skupstina-cg.jpg","datePublished":"2025-11-18T07:04:00+00:00","author":{"@id":"https:\/\/dmcsrb.com\/#\/schema\/person\/5c39170f12db1b8b457732d0b5c854e2"},"breadcrumb":{"@id":"https:\/\/dmcsrb.com\/en\/politika\/stojovic-uputio-sam-poziv-da-ibrahim-cikic-bude-gost-anketnog-odbora\/#breadcrumb"},"inLanguage":"en-GB","potentialAction":[{"@type":"ReadAction","target":["https:\/\/dmcsrb.com\/en\/politika\/stojovic-uputio-sam-poziv-da-ibrahim-cikic-bude-gost-anketnog-odbora\/"]}]},{"@type":"ImageObject","inLanguage":"en-GB","@id":"https:\/\/dmcsrb.com\/en\/politika\/stojovic-uputio-sam-poziv-da-ibrahim-cikic-bude-gost-anketnog-odbora\/#primaryimage","url":"https:\/\/dmcsrb.com\/wp-content\/uploads\/2026\/01\/Stojovic-pes-foto-skupstina-cg.jpg","contentUrl":"https:\/\/dmcsrb.com\/wp-content\/uploads\/2026\/01\/Stojovic-pes-foto-skupstina-cg.jpg","width":878,"height":595},{"@type":"BreadcrumbList","@id":"https:\/\/dmcsrb.com\/en\/politika\/stojovic-uputio-sam-poziv-da-ibrahim-cikic-bude-gost-anketnog-odbora\/#breadcrumb","itemListElement":[{"@type":"ListItem","position":1,"name":"Home","item":"https:\/\/dmcsrb.com\/"},{"@type":"ListItem","position":2,"name":"Stojovi\u0107: Uputio sam poziv da Ibrahim \u010ciki\u0107 bude gost Anketnog odbora"}]},{"@type":"WebSite","@id":"https:\/\/dmcsrb.com\/#website","url":"https:\/\/dmcsrb.com\/","name":"dmcsrb.com","description":"","potentialAction":[{"@type":"SearchAction","target":{"@type":"EntryPoint","urlTemplate":"https:\/\/dmcsrb.com\/?s={search_term_string}"},"query-input":{"@type":"PropertyValueSpecification","valueRequired":true,"valueName":"search_term_string"}}],"inLanguage":"en-GB"},{"@type":"Person","@id":"https:\/\/dmcsrb.com\/#\/schema\/person\/5c39170f12db1b8b457732d0b5c854e2","name":"dmcsrbija.com@gmail.com","image":{"@type":"ImageObject","inLanguage":"en-GB","@id":"https:\/\/secure.gravatar.com\/avatar\/68592660ad6347fad0fb587f8d5d8f1a7b44961362f56e4f2cd524feb87e9069?s=96&d=mm&r=g","url":"https:\/\/secure.gravatar.com\/avatar\/68592660ad6347fad0fb587f8d5d8f1a7b44961362f56e4f2cd524feb87e9069?s=96&d=mm&r=g","contentUrl":"https:\/\/secure.gravatar.com\/avatar\/68592660ad6347fad0fb587f8d5d8f1a7b44961362f56e4f2cd524feb87e9069?s=96&d=mm&r=g","caption":"dmcsrbija.com@gmail.com"},"sameAs":["https:\/\/dmcsrb.com"],"url":"https:\/\/dmcsrb.com\/en\/author\/dmcsrbija-comgmail-com\/"}]}},"_links":{"self":[{"href":"https:\/\/dmcsrb.com\/en\/wp-json\/wp\/v2\/posts\/964167","targetHints":{"allow":["GET"]}}],"collection":[{"href":"https:\/\/dmcsrb.com\/en\/wp-json\/wp\/v2\/posts"}],"about":[{"href":"https:\/\/dmcsrb.com\/en\/wp-json\/wp\/v2\/types\/post"}],"author":[{"embeddable":true,"href":"https:\/\/dmcsrb.com\/en\/wp-json\/wp\/v2\/users\/1"}],"replies":[{"embeddable":true,"href":"https:\/\/dmcsrb.com\/en\/wp-json\/wp\/v2\/comments?post=964167"}],"version-history":[{"count":0,"href":"https:\/\/dmcsrb.com\/en\/wp-json\/wp\/v2\/posts\/964167\/revisions"}],"wp:featuredmedia":[{"embeddable":true,"href":"https:\/\/dmcsrb.com\/en\/wp-json\/wp\/v2\/media\/909731"}],"wp:attachment":[{"href":"https:\/\/dmcsrb.com\/en\/wp-json\/wp\/v2\/media?parent=964167"}],"wp:term":[{"taxonomy":"category","embeddable":true,"href":"https:\/\/dmcsrb.com\/en\/wp-json\/wp\/v2\/categories?post=964167"},{"taxonomy":"post_tag","embeddable":true,"href":"https:\/\/dmcsrb.com\/en\/wp-json\/wp\/v2\/tags?post=964167"},{"taxonomy":"naslovna","embeddable":true,"href":"https:\/\/dmcsrb.com\/en\/wp-json\/wp\/v2\/naslovna?post=964167"}],"curies":[{"name":"wp","href":"https:\/\/api.w.org\/{rel}","templated":true}]}}