{"id":964151,"date":"2025-11-17T22:56:03","date_gmt":"2025-11-17T21:56:03","guid":{"rendered":"https:\/\/dmcsrb.com\/uncategorized\/dalic-cestitke-crnoj-gori-na-odlicnoj-predstavi-publika-je-mogla-da-uziva-u-fudbalu\/"},"modified":"2025-11-17T22:56:03","modified_gmt":"2025-11-17T21:56:03","slug":"dalic-cestitke-crnoj-gori-na-odlicnoj-predstavi-publika-je-mogla-da-uziva-u-fudbalu","status":"publish","type":"post","link":"https:\/\/dmcsrb.com\/en\/sport\/dalic-cestitke-crnoj-gori-na-odlicnoj-predstavi-publika-je-mogla-da-uziva-u-fudbalu\/","title":{"rendered":"Dali\u0107: \u010cestitke Crnoj Gori na odli\u010dnoj predstavi, publika je mogla da u\u017eiva u fudbalu"},"content":{"rendered":"<p>Me\u0111utim, nije to bilo dovoljno za trijumf nad selekcijom koja je na posljednja dva Svjetska prvenstva osvojila dvije medalje. Vatreni su slavili sa 3:2 i to nakon \u0161to je na\u0161a selekcija imala prednost od 2:0.<\/p>\n\n\n\n<p>Hrvati su tako do\u0161li do sedme pobjede u osam utakmica i potvrdili da su ovo bile najbolje kvalifikacije u njihovoj istoriji. Selektor bronzanih iz Katara,&nbsp;<strong>Zlatko Dali\u0107<\/strong>, \u010destitao je svojoj selekciji na tom dostignu\u0107u, ali je imao rije\u010di hvale i za Crnu Goru.<\/p>\n\n\n\n<p>\u201c<strong>\u010cestitam igra\u010dima na najboljim kvalifikacijama u istoriji hrvatske reprezentacije, ali i Crnoj Gori na odli\u010dnoj predstavi. Otvorili su me\u010d borbeno i takti\u010di ozbiljno, dali dva gola. Mi smo imali vi\u0161e snage i do\u0161li do bodova u posljednim sekundima. Publika je u\u017eivala u onom najljep\u0161em \u0161to nosi fudbal. Nama bilo bitno da se vratimo i poka\u017eemo na\u0161 karakter<\/strong>\u201c, zapo\u010deo je Dali\u0107 nakon me\u010da.<\/p>\n\n\n\n<p>Vratio se hrvatski stru\u010dnjak u Podgoricu gdje je nastupao za Budu\u0107nost tokom igra\u010dke karijere. Priznaje da osje\u0107aj nije bio lijep nakon prvog dijela me\u010da.<\/p>\n\n\n\n<figure class=\"wp-block-embed is-type-wp-embed is-provider-gradski-portal wp-block-embed-gradski-portal\"><div class=\"wp-block-embed__wrapper\">\nhttps:\/\/gradski.me\/vucinic-pristup-je-bio-fenomenalan-ali-cim-ne-dajemo-100-odsto-ne-valja-rabota\/\n<\/div><\/figure>\n\n\n\n<p>\u201c<strong>Osje\u0107aj je bio jako lo\u0161 u prvom poluvremenu, ali sada je lijepo<\/strong>\u201c, rekao je u \u0161ali Dali\u0107 i kratko se osvrnuo na vrijeme koje je proveo u plavo-bijelom dresu: \u201c<strong>Nosim lijepe uspomene iako je bilo davno. Hvala publici koja je napravila odli\u010dnu atmosferu i bila korektna<\/strong>\u201c.<\/p>\n\n\n\n<p>Sve dr\u017eave sa ovih prostora, pa tako i Crna Gora, mogle bi i morale da u\u010de od Hrvatske kada je fudbal u pitanju. Apostrofirao je Dali\u0107 neke najva\u017enije faktore na kojima sve mora da se temelji.<\/p>\n\n\n\n<p>\u201c<strong>Ovo podneblje je puno talenata. Va\u017eno je zajedni\u0161tvo, homogenost, da je ekipa zajedno i ovo \u0161to smo ve\u010deras pokazali nakon \u0161to smo gubili \u2013 karakter<\/strong>\u201c.<\/p>\n\n\n\n<p>Smatra da su medalje na prethodna dva Mundijala \u010dudo, a sada ve\u0107 polako mo\u017ee da se razmi\u0161lja o narednom prvenstvu svijeta i poku\u0161aju da se izvede jo\u0161 jedno.<\/p>\n\n\n\n<p>\u201c<strong>Uzeli smo medalju na posljednja dva. Nikad niko tako mali nije uzeo medalju i to je ne\u0161to \u0161to je \u010dudo i \u0161to nije normalno. Vidje\u0107emo \u0161ta mo\u017eemo na tre\u0107em Svjetskom prvenstvu<\/strong>\u201c, zaklju\u010dio je Dali\u0107.<\/p>\n\n\n\n<figure class=\"wp-block-embed is-type-wp-embed is-provider-gradski-portal wp-block-embed-gradski-portal\"><div class=\"wp-block-embed__wrapper\">\nhttps:\/\/gradski.me\/uzivo-crna-gora-hrvatska-poznati-sastavi-obje-selekcije\/\n<\/div><\/figure>","protected":false},"excerpt":{"rendered":"<p>Fudbalska reprezentacija Crne Gore je bokserskim re\u010dnikom bacila ve\u010deras Hrvatsku u nokdaun, ali nije uspjela da \u201cdokraj\u010di\u201d rivala. Hrabri sokoli su opravdali taj nadimak u ki\u0161noj podgori\u010dkoj ve\u010deri izginuli na terenu stadiona Pod Goricom.<\/p>","protected":false},"author":1,"featured_media":964152,"comment_status":"open","ping_status":"open","sticky":false,"template":"","format":"standard","meta":{"_acf_changed":false,"footnotes":""},"categories":[148],"tags":[95,806,14695,7276],"naslovna":[],"class_list":["post-964151","post","type-post","status-publish","format-standard","has-post-thumbnail","hentry","category-sport","tag-crna-gora","tag-hrvatska","tag-kvlaifikacije","tag-zlatko-dalic"],"acf":[],"yoast_head":"<!-- This site is optimized with the Yoast SEO plugin v27.0 - https:\/\/yoast.com\/product\/yoast-seo-wordpress\/ -->\n<title>Dali\u0107: \u010cestitke Crnoj Gori na odli\u010dnoj predstavi, publika je mogla da u\u017eiva u fudbalu - dmcsrb.com<\/title>\n<meta name=\"robots\" content=\"index, follow, max-snippet:-1, max-image-preview:large, max-video-preview:-1\" \/>\n<link rel=\"canonical\" href=\"https:\/\/dmcsrb.com\/en\/sport\/dalic-cestitke-crnoj-gori-na-odlicnoj-predstavi-publika-je-mogla-da-uziva-u-fudbalu\/\" \/>\n<meta property=\"og:locale\" content=\"en_GB\" \/>\n<meta property=\"og:type\" content=\"article\" \/>\n<meta property=\"og:title\" content=\"Dali\u0107: \u010cestitke Crnoj Gori na odli\u010dnoj predstavi, publika je mogla da u\u017eiva u fudbalu - dmcsrb.com\" \/>\n<meta property=\"og:description\" content=\"Fudbalska reprezentacija Crne Gore je bokserskim re\u010dnikom bacila ve\u010deras Hrvatsku u nokdaun, ali nije uspjela da \u201cdokraj\u010di\u201d rivala. Hrabri sokoli su opravdali taj nadimak u ki\u0161noj podgori\u010dkoj ve\u010deri izginuli na terenu stadiona Pod Goricom.\" \/>\n<meta property=\"og:url\" content=\"https:\/\/dmcsrb.com\/en\/sport\/dalic-cestitke-crnoj-gori-na-odlicnoj-predstavi-publika-je-mogla-da-uziva-u-fudbalu\/\" \/>\n<meta property=\"og:site_name\" content=\"dmcsrb.com\" \/>\n<meta property=\"article:published_time\" content=\"2025-11-17T21:56:03+00:00\" \/>\n<meta property=\"og:image\" content=\"https:\/\/dmcsrb.com\/wp-content\/uploads\/2026\/01\/Dalic-AP-Photo-Daniel-Kasap.webp\" \/>\n\t<meta property=\"og:image:width\" content=\"980\" \/>\n\t<meta property=\"og:image:height\" content=\"653\" \/>\n\t<meta property=\"og:image:type\" content=\"image\/webp\" \/>\n<meta name=\"author\" content=\"dmcsrbija.com@gmail.com\" \/>\n<meta name=\"twitter:card\" content=\"summary_large_image\" \/>\n<meta name=\"twitter:label1\" content=\"Written by\" \/>\n\t<meta name=\"twitter:data1\" content=\"dmcsrbija.com@gmail.com\" \/>\n\t<meta name=\"twitter:label2\" content=\"Estimated reading time\" \/>\n\t<meta name=\"twitter:data2\" content=\"2 minutes\" \/>\n<script type=\"application\/ld+json\" class=\"yoast-schema-graph\">{\"@context\":\"https:\/\/schema.org\",\"@graph\":[{\"@type\":\"Article\",\"@id\":\"https:\/\/dmcsrb.com\/sport\/dalic-cestitke-crnoj-gori-na-odlicnoj-predstavi-publika-je-mogla-da-uziva-u-fudbalu\/#article\",\"isPartOf\":{\"@id\":\"https:\/\/dmcsrb.com\/sport\/dalic-cestitke-crnoj-gori-na-odlicnoj-predstavi-publika-je-mogla-da-uziva-u-fudbalu\/\"},\"author\":{\"name\":\"dmcsrbija.com@gmail.com\",\"@id\":\"https:\/\/dmcsrb.com\/#\/schema\/person\/5c39170f12db1b8b457732d0b5c854e2\"},\"headline\":\"Dali\u0107: \u010cestitke Crnoj Gori na odli\u010dnoj predstavi, publika je mogla da u\u017eiva u fudbalu\",\"datePublished\":\"2025-11-17T21:56:03+00:00\",\"mainEntityOfPage\":{\"@id\":\"https:\/\/dmcsrb.com\/sport\/dalic-cestitke-crnoj-gori-na-odlicnoj-predstavi-publika-je-mogla-da-uziva-u-fudbalu\/\"},\"wordCount\":392,\"commentCount\":0,\"image\":{\"@id\":\"https:\/\/dmcsrb.com\/sport\/dalic-cestitke-crnoj-gori-na-odlicnoj-predstavi-publika-je-mogla-da-uziva-u-fudbalu\/#primaryimage\"},\"thumbnailUrl\":\"https:\/\/dmcsrb.com\/wp-content\/uploads\/2026\/01\/Dalic-AP-Photo-Daniel-Kasap.webp\",\"keywords\":[\"Crna Gora\",\"Hrvatska\",\"kvlaifikacije\",\"Zlatko Dali\u0107\"],\"articleSection\":[\"Sport\"],\"inLanguage\":\"en-GB\",\"potentialAction\":[{\"@type\":\"CommentAction\",\"name\":\"Comment\",\"target\":[\"https:\/\/dmcsrb.com\/sport\/dalic-cestitke-crnoj-gori-na-odlicnoj-predstavi-publika-je-mogla-da-uziva-u-fudbalu\/#respond\"]}]},{\"@type\":\"WebPage\",\"@id\":\"https:\/\/dmcsrb.com\/sport\/dalic-cestitke-crnoj-gori-na-odlicnoj-predstavi-publika-je-mogla-da-uziva-u-fudbalu\/\",\"url\":\"https:\/\/dmcsrb.com\/sport\/dalic-cestitke-crnoj-gori-na-odlicnoj-predstavi-publika-je-mogla-da-uziva-u-fudbalu\/\",\"name\":\"Dali\u0107: \u010cestitke Crnoj Gori na odli\u010dnoj predstavi, publika je mogla da u\u017eiva u fudbalu - dmcsrb.com\",\"isPartOf\":{\"@id\":\"https:\/\/dmcsrb.com\/#website\"},\"primaryImageOfPage\":{\"@id\":\"https:\/\/dmcsrb.com\/sport\/dalic-cestitke-crnoj-gori-na-odlicnoj-predstavi-publika-je-mogla-da-uziva-u-fudbalu\/#primaryimage\"},\"image\":{\"@id\":\"https:\/\/dmcsrb.com\/sport\/dalic-cestitke-crnoj-gori-na-odlicnoj-predstavi-publika-je-mogla-da-uziva-u-fudbalu\/#primaryimage\"},\"thumbnailUrl\":\"https:\/\/dmcsrb.com\/wp-content\/uploads\/2026\/01\/Dalic-AP-Photo-Daniel-Kasap.webp\",\"datePublished\":\"2025-11-17T21:56:03+00:00\",\"author\":{\"@id\":\"https:\/\/dmcsrb.com\/#\/schema\/person\/5c39170f12db1b8b457732d0b5c854e2\"},\"breadcrumb\":{\"@id\":\"https:\/\/dmcsrb.com\/sport\/dalic-cestitke-crnoj-gori-na-odlicnoj-predstavi-publika-je-mogla-da-uziva-u-fudbalu\/#breadcrumb\"},\"inLanguage\":\"en-GB\",\"potentialAction\":[{\"@type\":\"ReadAction\",\"target\":[\"https:\/\/dmcsrb.com\/sport\/dalic-cestitke-crnoj-gori-na-odlicnoj-predstavi-publika-je-mogla-da-uziva-u-fudbalu\/\"]}]},{\"@type\":\"ImageObject\",\"inLanguage\":\"en-GB\",\"@id\":\"https:\/\/dmcsrb.com\/sport\/dalic-cestitke-crnoj-gori-na-odlicnoj-predstavi-publika-je-mogla-da-uziva-u-fudbalu\/#primaryimage\",\"url\":\"https:\/\/dmcsrb.com\/wp-content\/uploads\/2026\/01\/Dalic-AP-Photo-Daniel-Kasap.webp\",\"contentUrl\":\"https:\/\/dmcsrb.com\/wp-content\/uploads\/2026\/01\/Dalic-AP-Photo-Daniel-Kasap.webp\",\"width\":980,\"height\":653},{\"@type\":\"BreadcrumbList\",\"@id\":\"https:\/\/dmcsrb.com\/sport\/dalic-cestitke-crnoj-gori-na-odlicnoj-predstavi-publika-je-mogla-da-uziva-u-fudbalu\/#breadcrumb\",\"itemListElement\":[{\"@type\":\"ListItem\",\"position\":1,\"name\":\"Home\",\"item\":\"https:\/\/dmcsrb.com\/\"},{\"@type\":\"ListItem\",\"position\":2,\"name\":\"Dali\u0107: \u010cestitke Crnoj Gori na odli\u010dnoj predstavi, publika je mogla da u\u017eiva u fudbalu\"}]},{\"@type\":\"WebSite\",\"@id\":\"https:\/\/dmcsrb.com\/#website\",\"url\":\"https:\/\/dmcsrb.com\/\",\"name\":\"dmcsrb.com\",\"description\":\"\",\"potentialAction\":[{\"@type\":\"SearchAction\",\"target\":{\"@type\":\"EntryPoint\",\"urlTemplate\":\"https:\/\/dmcsrb.com\/?s={search_term_string}\"},\"query-input\":{\"@type\":\"PropertyValueSpecification\",\"valueRequired\":true,\"valueName\":\"search_term_string\"}}],\"inLanguage\":\"en-GB\"},{\"@type\":\"Person\",\"@id\":\"https:\/\/dmcsrb.com\/#\/schema\/person\/5c39170f12db1b8b457732d0b5c854e2\",\"name\":\"dmcsrbija.com@gmail.com\",\"image\":{\"@type\":\"ImageObject\",\"inLanguage\":\"en-GB\",\"@id\":\"https:\/\/dmcsrb.com\/#\/schema\/person\/image\/\",\"url\":\"https:\/\/secure.gravatar.com\/avatar\/68592660ad6347fad0fb587f8d5d8f1a7b44961362f56e4f2cd524feb87e9069?s=96&d=mm&r=g\",\"contentUrl\":\"https:\/\/secure.gravatar.com\/avatar\/68592660ad6347fad0fb587f8d5d8f1a7b44961362f56e4f2cd524feb87e9069?s=96&d=mm&r=g\",\"caption\":\"dmcsrbija.com@gmail.com\"},\"sameAs\":[\"https:\/\/dmcsrb.com\"],\"url\":\"https:\/\/dmcsrb.com\/en\/author\/dmcsrbija-comgmail-com\/\"}]}<\/script>\n<!-- \/ Yoast SEO plugin. -->","yoast_head_json":{"title":"Dali\u0107: \u010cestitke Crnoj Gori na odli\u010dnoj predstavi, publika je mogla da u\u017eiva u fudbalu - dmcsrb.com","robots":{"index":"index","follow":"follow","max-snippet":"max-snippet:-1","max-image-preview":"max-image-preview:large","max-video-preview":"max-video-preview:-1"},"canonical":"https:\/\/dmcsrb.com\/en\/sport\/dalic-cestitke-crnoj-gori-na-odlicnoj-predstavi-publika-je-mogla-da-uziva-u-fudbalu\/","og_locale":"en_GB","og_type":"article","og_title":"Dali\u0107: \u010cestitke Crnoj Gori na odli\u010dnoj predstavi, publika je mogla da u\u017eiva u fudbalu - dmcsrb.com","og_description":"Fudbalska reprezentacija Crne Gore je bokserskim re\u010dnikom bacila ve\u010deras Hrvatsku u nokdaun, ali nije uspjela da \u201cdokraj\u010di\u201d rivala. Hrabri sokoli su opravdali taj nadimak u ki\u0161noj podgori\u010dkoj ve\u010deri izginuli na terenu stadiona Pod Goricom.","og_url":"https:\/\/dmcsrb.com\/en\/sport\/dalic-cestitke-crnoj-gori-na-odlicnoj-predstavi-publika-je-mogla-da-uziva-u-fudbalu\/","og_site_name":"dmcsrb.com","article_published_time":"2025-11-17T21:56:03+00:00","og_image":[{"width":980,"height":653,"url":"https:\/\/dmcsrb.com\/wp-content\/uploads\/2026\/01\/Dalic-AP-Photo-Daniel-Kasap.webp","type":"image\/webp"}],"author":"dmcsrbija.com@gmail.com","twitter_card":"summary_large_image","twitter_misc":{"Written by":"dmcsrbija.com@gmail.com","Estimated reading time":"2 minutes"},"schema":{"@context":"https:\/\/schema.org","@graph":[{"@type":"Article","@id":"https:\/\/dmcsrb.com\/sport\/dalic-cestitke-crnoj-gori-na-odlicnoj-predstavi-publika-je-mogla-da-uziva-u-fudbalu\/#article","isPartOf":{"@id":"https:\/\/dmcsrb.com\/sport\/dalic-cestitke-crnoj-gori-na-odlicnoj-predstavi-publika-je-mogla-da-uziva-u-fudbalu\/"},"author":{"name":"dmcsrbija.com@gmail.com","@id":"https:\/\/dmcsrb.com\/#\/schema\/person\/5c39170f12db1b8b457732d0b5c854e2"},"headline":"Dali\u0107: \u010cestitke Crnoj Gori na odli\u010dnoj predstavi, publika je mogla da u\u017eiva u fudbalu","datePublished":"2025-11-17T21:56:03+00:00","mainEntityOfPage":{"@id":"https:\/\/dmcsrb.com\/sport\/dalic-cestitke-crnoj-gori-na-odlicnoj-predstavi-publika-je-mogla-da-uziva-u-fudbalu\/"},"wordCount":392,"commentCount":0,"image":{"@id":"https:\/\/dmcsrb.com\/sport\/dalic-cestitke-crnoj-gori-na-odlicnoj-predstavi-publika-je-mogla-da-uziva-u-fudbalu\/#primaryimage"},"thumbnailUrl":"https:\/\/dmcsrb.com\/wp-content\/uploads\/2026\/01\/Dalic-AP-Photo-Daniel-Kasap.webp","keywords":["Crna Gora","Hrvatska","kvlaifikacije","Zlatko Dali\u0107"],"articleSection":["Sport"],"inLanguage":"en-GB","potentialAction":[{"@type":"CommentAction","name":"Comment","target":["https:\/\/dmcsrb.com\/sport\/dalic-cestitke-crnoj-gori-na-odlicnoj-predstavi-publika-je-mogla-da-uziva-u-fudbalu\/#respond"]}]},{"@type":"WebPage","@id":"https:\/\/dmcsrb.com\/sport\/dalic-cestitke-crnoj-gori-na-odlicnoj-predstavi-publika-je-mogla-da-uziva-u-fudbalu\/","url":"https:\/\/dmcsrb.com\/sport\/dalic-cestitke-crnoj-gori-na-odlicnoj-predstavi-publika-je-mogla-da-uziva-u-fudbalu\/","name":"Dali\u0107: \u010cestitke Crnoj Gori na odli\u010dnoj predstavi, publika je mogla da u\u017eiva u fudbalu - dmcsrb.com","isPartOf":{"@id":"https:\/\/dmcsrb.com\/#website"},"primaryImageOfPage":{"@id":"https:\/\/dmcsrb.com\/sport\/dalic-cestitke-crnoj-gori-na-odlicnoj-predstavi-publika-je-mogla-da-uziva-u-fudbalu\/#primaryimage"},"image":{"@id":"https:\/\/dmcsrb.com\/sport\/dalic-cestitke-crnoj-gori-na-odlicnoj-predstavi-publika-je-mogla-da-uziva-u-fudbalu\/#primaryimage"},"thumbnailUrl":"https:\/\/dmcsrb.com\/wp-content\/uploads\/2026\/01\/Dalic-AP-Photo-Daniel-Kasap.webp","datePublished":"2025-11-17T21:56:03+00:00","author":{"@id":"https:\/\/dmcsrb.com\/#\/schema\/person\/5c39170f12db1b8b457732d0b5c854e2"},"breadcrumb":{"@id":"https:\/\/dmcsrb.com\/sport\/dalic-cestitke-crnoj-gori-na-odlicnoj-predstavi-publika-je-mogla-da-uziva-u-fudbalu\/#breadcrumb"},"inLanguage":"en-GB","potentialAction":[{"@type":"ReadAction","target":["https:\/\/dmcsrb.com\/sport\/dalic-cestitke-crnoj-gori-na-odlicnoj-predstavi-publika-je-mogla-da-uziva-u-fudbalu\/"]}]},{"@type":"ImageObject","inLanguage":"en-GB","@id":"https:\/\/dmcsrb.com\/sport\/dalic-cestitke-crnoj-gori-na-odlicnoj-predstavi-publika-je-mogla-da-uziva-u-fudbalu\/#primaryimage","url":"https:\/\/dmcsrb.com\/wp-content\/uploads\/2026\/01\/Dalic-AP-Photo-Daniel-Kasap.webp","contentUrl":"https:\/\/dmcsrb.com\/wp-content\/uploads\/2026\/01\/Dalic-AP-Photo-Daniel-Kasap.webp","width":980,"height":653},{"@type":"BreadcrumbList","@id":"https:\/\/dmcsrb.com\/sport\/dalic-cestitke-crnoj-gori-na-odlicnoj-predstavi-publika-je-mogla-da-uziva-u-fudbalu\/#breadcrumb","itemListElement":[{"@type":"ListItem","position":1,"name":"Home","item":"https:\/\/dmcsrb.com\/"},{"@type":"ListItem","position":2,"name":"Dali\u0107: \u010cestitke Crnoj Gori na odli\u010dnoj predstavi, publika je mogla da u\u017eiva u fudbalu"}]},{"@type":"WebSite","@id":"https:\/\/dmcsrb.com\/#website","url":"https:\/\/dmcsrb.com\/","name":"dmcsrb.com","description":"","potentialAction":[{"@type":"SearchAction","target":{"@type":"EntryPoint","urlTemplate":"https:\/\/dmcsrb.com\/?s={search_term_string}"},"query-input":{"@type":"PropertyValueSpecification","valueRequired":true,"valueName":"search_term_string"}}],"inLanguage":"en-GB"},{"@type":"Person","@id":"https:\/\/dmcsrb.com\/#\/schema\/person\/5c39170f12db1b8b457732d0b5c854e2","name":"dmcsrbija.com@gmail.com","image":{"@type":"ImageObject","inLanguage":"en-GB","@id":"https:\/\/dmcsrb.com\/#\/schema\/person\/image\/","url":"https:\/\/secure.gravatar.com\/avatar\/68592660ad6347fad0fb587f8d5d8f1a7b44961362f56e4f2cd524feb87e9069?s=96&d=mm&r=g","contentUrl":"https:\/\/secure.gravatar.com\/avatar\/68592660ad6347fad0fb587f8d5d8f1a7b44961362f56e4f2cd524feb87e9069?s=96&d=mm&r=g","caption":"dmcsrbija.com@gmail.com"},"sameAs":["https:\/\/dmcsrb.com"],"url":"https:\/\/dmcsrb.com\/en\/author\/dmcsrbija-comgmail-com\/"}]}},"_links":{"self":[{"href":"https:\/\/dmcsrb.com\/en\/wp-json\/wp\/v2\/posts\/964151","targetHints":{"allow":["GET"]}}],"collection":[{"href":"https:\/\/dmcsrb.com\/en\/wp-json\/wp\/v2\/posts"}],"about":[{"href":"https:\/\/dmcsrb.com\/en\/wp-json\/wp\/v2\/types\/post"}],"author":[{"embeddable":true,"href":"https:\/\/dmcsrb.com\/en\/wp-json\/wp\/v2\/users\/1"}],"replies":[{"embeddable":true,"href":"https:\/\/dmcsrb.com\/en\/wp-json\/wp\/v2\/comments?post=964151"}],"version-history":[{"count":0,"href":"https:\/\/dmcsrb.com\/en\/wp-json\/wp\/v2\/posts\/964151\/revisions"}],"wp:featuredmedia":[{"embeddable":true,"href":"https:\/\/dmcsrb.com\/en\/wp-json\/wp\/v2\/media\/964152"}],"wp:attachment":[{"href":"https:\/\/dmcsrb.com\/en\/wp-json\/wp\/v2\/media?parent=964151"}],"wp:term":[{"taxonomy":"category","embeddable":true,"href":"https:\/\/dmcsrb.com\/en\/wp-json\/wp\/v2\/categories?post=964151"},{"taxonomy":"post_tag","embeddable":true,"href":"https:\/\/dmcsrb.com\/en\/wp-json\/wp\/v2\/tags?post=964151"},{"taxonomy":"naslovna","embeddable":true,"href":"https:\/\/dmcsrb.com\/en\/wp-json\/wp\/v2\/naslovna?post=964151"}],"curies":[{"name":"wp","href":"https:\/\/api.w.org\/{rel}","templated":true}]}}