{"id":964143,"date":"2025-11-18T08:15:00","date_gmt":"2025-11-18T07:15:00","guid":{"rendered":"https:\/\/dmcsrb.com\/uncategorized\/ruza-i-pepeo-roman-koji-se-cita-intelektom-a-pamti-srcem\/"},"modified":"2025-11-18T08:15:00","modified_gmt":"2025-11-18T07:15:00","slug":"ruza-i-pepeo-roman-koji-se-cita-intelektom-a-pamti-srcem","status":"publish","type":"post","link":"https:\/\/dmcsrb.com\/en\/kultura\/ruza-i-pepeo-roman-koji-se-cita-intelektom-a-pamti-srcem\/","title":{"rendered":"\u201eRu\u017ea i pepeo\u201c: Roman koji se \u010dita intelektom, a pamti srcem"},"content":{"rendered":"<p><\/p>\n\n\n\n<p>Simani\u0107, ro\u0111en 1966. godine u Sarajevu, zavr\u0161io je \u0160kolu primijenjenih umjetnosti u rodnom gradu, a potom diplomirao slikarstvo na Akademiji likovnih umjetnosti u Trebinju. Vi\u0161e od tri decenije posve\u0107en je likovnom stvarala\u0161tvu, sa stotinama radova izlaganih \u0161irom zemlje i regiona. Njegov slikarski rukopis prepoznaje se po spoju impresionisti\u010dke senzibilnosti i sna\u017enog figurativnog izraza.<\/p>\n\n\n\n<p>Pored slikarstva, ozbiljno se bavi i knji\u017eevno\u0161\u0107u: debitantski roman \u201eSuccubus\u201c nagra\u0111en je priznanjem \u010cu\u010dkova knjiga, a objavio je i zbirku poezije \u201eKa Zlatnom gusaru\u201c te zbirku pripovijedaka \u201eDelfini ne postoje\u201c. \u201eRu\u017ea i pepeo\u201c njegov je \u010detvrti knji\u017eevni naslov, objavljen krajem oktobra 2025. godine u izdanju \u201eOuroborosa\u201c.<\/p>\n\n\n\n<p>Na promociji je govorila urednica izdava\u010dke ku\u0107e ,,Ouroboros&#8221; i moderatorka ve\u010deri <strong>Natalija \u0110aleti\u0107<\/strong>, isti\u010du\u0107i da Simani\u0107ev roman predstavlja svojevrsni oma\u017e dvojici umjetnika \u010diji su \u017eivoti zavr\u0161ili pod nerazja\u0161njenim okolnostima \u2013 slikaru Josipu Ra\u010di\u0107u i pjesniku Branku Miljkovi\u0107u. Tekst se, kako je navela, razvija kao vi\u0161eslojna pripovijest koja spaja sudbine protagonista iz razli\u010ditih epoha, od po\u010detka 20. vijeka do savremenog trenutka.<\/p>\n\n\n\n<figure class=\"wp-block-image size-large\"><img decoding=\"async\" src=\"https:\/\/gradski.me\/wp-content\/uploads\/2025\/11\/07355539-3a03-4f76-b893-a1c080e93dac-461x1024.jpg\" alt=\"\" class=\"wp-image-872779\"\/><figcaption class=\"wp-element-caption\"><strong>\u0110aleti\u0107<\/strong>, foto: <strong>RTV Podgorica<\/strong><\/figcaption><\/figure>\n\n\n\n<p>Naslovnicu romana prati autorova slika ra\u0111ena prema Ra\u010di\u0107evom autoportretu, \u010dime se vizuelna i knji\u017eevna komponenta dodatno povezuju.<\/p>\n\n\n\n<p>\u201e\u2018Ru\u017ea i pepeo\u2019 je djelo koje se izdvaja estetskom zrelo\u0161\u0107u i specifi\u010dnim umjetni\u010dkim postupkom. Rijetko se sre\u0107e proza koja tako uvjerljivo prepli\u0107e likovni do\u017eivljaj i narativnu strukturu\u201c, naglasila je \u0110aleti\u0107.<\/p>\n\n\n\n<p>Prema njenim rije\u010dima, Simani\u0107ev stil odlikuje sna\u017ena vizuelnost: re\u010denice se razvijaju poput poteza \u010detke, grade\u0107i atmosferu sloj po sloj. \u201eRoman ima gusto\u0107u i puno\u0107u pa\u017eljivo komponovane slike \u2013 preciznu liniju, bogatu teksturu i finu modulaciju tona\u201c, dodala je.<\/p>\n\n\n\n<p>Strukturu \u201eRu\u017ee i pepela\u201c opisala je kao mozaik sastavljen od putopisnih fragmenata, umjetni\u010dkih refleksija, li\u010dnih uspomena i biografskih prizora posve\u0107enih Ra\u010di\u0107u i Miljkovi\u0107u. Uprkos slojevitosti, istakla je, roman ostaje ritmi\u010dan i koherentan, \u201eotvara se i zatvara poput disanja, smjenjuju\u0107i naraciju i meditaciju\u201c.<\/p>\n\n\n\n<p>U sredi\u0161tu knjige, navodi \u0110aleti\u0107, nalazi se ideja o trajnosti umjetni\u010dke iskre \u2013 one koja nastavlja da gori \u010dak i kada od svega ostane samo pepeo. Autor u Ra\u010di\u0107u i Miljkovi\u0107u prepoznaje ne samo inspiraciju ve\u0107 i sagovornike kroz koje promi\u0161lja smisao stvaranja, identitet umjetnika i granice li\u010dnog iskustva.<\/p>\n\n\n\n<p>\u201eTo je roman koji se \u010dita intelektom, a pamti srcem \u2013 jer podsje\u0107a da je umjetnost na\u0161 najprecizniji instrument spoznaje i najnje\u017eniji oblik otpora prolaznosti\u201c, zaklju\u010dila je \u0110aleti\u0107.<\/p>\n\n\n\n<figure class=\"wp-block-image size-large\"><img decoding=\"async\" src=\"https:\/\/gradski.me\/wp-content\/uploads\/2025\/11\/b5a27317-70f8-441a-9146-791c51766b6a-461x1024.jpg\" alt=\"\" class=\"wp-image-872777\"\/><figcaption class=\"wp-element-caption\"><strong>Simani\u0107<\/strong>, foto: <strong>RTV Podgorica<\/strong><\/figcaption><\/figure>\n\n\n\n<p>Govore\u0107i o nastanku romana, Simani\u0107 je kazao da je od po\u010detka imao jasnu viziju fragmentarne strukture i \u017eelju da eksperimenti\u0161e formom. \u201eMislim da sam uspio zaokru\u017eiti tu namjeru i poigrati se formom onako kako sam \u017eelio\u201c, rekao je autor.<\/p>\n\n\n\n<p>Posebnu inspiraciju prona\u0161ao je u Josipu Ra\u010di\u0107u, umjetniku koji ga prati \u201eod rane mladosti\u201c. Zanimljiva mu je, dodaje, bila \u010ditava generacija hrvatskih slikara \u0161kolovanih u Minhenu po\u010detkom 20. vijeka, \u010dije je slikarstvo detaljno analizirao i poku\u0161ao o\u017eivjeti na literaran na\u010din.<\/p>\n\n\n\n<p>\u201eRa\u010di\u0107evo slikarstvo me je zaokupilo, a njegov tragi\u010dan \u017eivot dodatno me je podstakao na istra\u017eivanje. Prona\u0111en je mrtav u francuskom hotelu u 23. godini, nakon \u0161to je naslikao niz akvarela. On je rodona\u010delnik hrvatske moderne\u201c, podsjetio je Simani\u0107.<\/p>\n\n\n\n<p>Kada je rije\u010d o Branku Miljkovi\u0107u, autor isti\u010de da ga je privukla muzikalnost njegovih soneta i povratak klasi\u010dnoj formi u vrijeme naglog proboja slobodnog stiha. \u201eHtio sam povezati ta dva pola \u2013 Ra\u010di\u0107a i Miljkovi\u0107a \u2013 jer \u010dine dva temelja mog umjetni\u010dkog iskustva: slikarstvo i poeziju\u201c, ka\u017ee Simani\u0107.<\/p>\n\n\n\n<p>Iako me\u0111u njima ne pronalazi o\u010diglednu vezu, postoji, kako zaklju\u010duje, jedna va\u017ena dodirna ta\u010dka: oba umjetnika izbjegavala su efemerne i banalne teme, te te\u017eila \u201e\u010distom\u201c izrazu. \u201eTa njihova te\u017enja ka \u010distoj formi bila je ono \u0161to me najvi\u0161e zanimalo\u201c, poru\u010dio je Simani\u0107.<\/p>\n\n\n\n<p><strong>D. Lekovi\u0107<\/strong><\/p>","protected":false},"excerpt":{"rendered":"<p>U organizaciji izdava\u010dke ku\u0107e \u201eOuroboros\u201c, sino\u0107 je u Narodnoj biblioteci \u201eRadosav Ljumovi\u0107\u201c predstavljena nova knjiga slikara, pjesnika i romanopisca Nedeljka Simani\u0107a \u2013 roman \u201eRu\u017ea i pepeo\u201c.<\/p>","protected":false},"author":1,"featured_media":964144,"comment_status":"open","ping_status":"open","sticky":false,"template":"","format":"standard","meta":{"_acf_changed":false,"footnotes":""},"categories":[50],"tags":[13697,13698,10626,3517,14694],"naslovna":[],"class_list":["post-964143","post","type-post","status-publish","format-standard","has-post-thumbnail","hentry","category-kultura","tag-ruza-i-pepeo","tag-nedeljko-simanic","tag-poezija","tag-roman","tag-slikarstvo"],"acf":[],"yoast_head":"<!-- This site is optimized with the Yoast SEO plugin v27.0 - https:\/\/yoast.com\/product\/yoast-seo-wordpress\/ -->\n<title>\u201eRu\u017ea i pepeo\u201c: Roman koji se \u010dita intelektom, a pamti srcem - dmcsrb.com<\/title>\n<meta name=\"robots\" content=\"index, follow, max-snippet:-1, max-image-preview:large, max-video-preview:-1\" \/>\n<link rel=\"canonical\" href=\"https:\/\/dmcsrb.com\/en\/kultura\/ruza-i-pepeo-roman-koji-se-cita-intelektom-a-pamti-srcem\/\" \/>\n<meta property=\"og:locale\" content=\"en_GB\" \/>\n<meta property=\"og:type\" content=\"article\" \/>\n<meta property=\"og:title\" content=\"\u201eRu\u017ea i pepeo\u201c: Roman koji se \u010dita intelektom, a pamti srcem - dmcsrb.com\" \/>\n<meta property=\"og:description\" content=\"U organizaciji izdava\u010dke ku\u0107e \u201eOuroboros\u201c, sino\u0107 je u Narodnoj biblioteci \u201eRadosav Ljumovi\u0107\u201c predstavljena nova knjiga slikara, pjesnika i romanopisca Nedeljka Simani\u0107a \u2013 roman \u201eRu\u017ea i pepeo\u201c.\" \/>\n<meta property=\"og:url\" content=\"https:\/\/dmcsrb.com\/en\/kultura\/ruza-i-pepeo-roman-koji-se-cita-intelektom-a-pamti-srcem\/\" \/>\n<meta property=\"og:site_name\" content=\"dmcsrb.com\" \/>\n<meta property=\"article:published_time\" content=\"2025-11-18T07:15:00+00:00\" \/>\n<meta property=\"og:image\" content=\"https:\/\/dmcsrb.com\/wp-content\/uploads\/2026\/01\/76765a9a-7043-44b2-844c-a7fdf5a8b185-scaled-1.webp\" \/>\n\t<meta property=\"og:image:width\" content=\"2560\" \/>\n\t<meta property=\"og:image:height\" content=\"1152\" \/>\n\t<meta property=\"og:image:type\" content=\"image\/jpeg\" \/>\n<meta name=\"author\" content=\"dmcsrbija.com@gmail.com\" \/>\n<meta name=\"twitter:card\" content=\"summary_large_image\" \/>\n<meta name=\"twitter:label1\" content=\"Written by\" \/>\n\t<meta name=\"twitter:data1\" content=\"dmcsrbija.com@gmail.com\" \/>\n\t<meta name=\"twitter:label2\" content=\"Estimated reading time\" \/>\n\t<meta name=\"twitter:data2\" content=\"3 minutes\" \/>\n<script type=\"application\/ld+json\" class=\"yoast-schema-graph\">{\"@context\":\"https:\/\/schema.org\",\"@graph\":[{\"@type\":\"Article\",\"@id\":\"https:\/\/dmcsrb.com\/kultura\/ruza-i-pepeo-roman-koji-se-cita-intelektom-a-pamti-srcem\/#article\",\"isPartOf\":{\"@id\":\"https:\/\/dmcsrb.com\/kultura\/ruza-i-pepeo-roman-koji-se-cita-intelektom-a-pamti-srcem\/\"},\"author\":{\"name\":\"dmcsrbija.com@gmail.com\",\"@id\":\"https:\/\/dmcsrb.com\/#\/schema\/person\/5c39170f12db1b8b457732d0b5c854e2\"},\"headline\":\"\u201eRu\u017ea i pepeo\u201c: Roman koji se \u010dita intelektom, a pamti srcem\",\"datePublished\":\"2025-11-18T07:15:00+00:00\",\"mainEntityOfPage\":{\"@id\":\"https:\/\/dmcsrb.com\/kultura\/ruza-i-pepeo-roman-koji-se-cita-intelektom-a-pamti-srcem\/\"},\"wordCount\":680,\"commentCount\":0,\"image\":{\"@id\":\"https:\/\/dmcsrb.com\/kultura\/ruza-i-pepeo-roman-koji-se-cita-intelektom-a-pamti-srcem\/#primaryimage\"},\"thumbnailUrl\":\"https:\/\/dmcsrb.com\/wp-content\/uploads\/2026\/01\/76765a9a-7043-44b2-844c-a7fdf5a8b185-scaled-1.webp\",\"keywords\":[\"''Ru\u017ea i pepeo''\",\"Nedeljko Simani\u0107\",\"poezija\",\"roman\",\"Slikarstvo\"],\"articleSection\":[\"Kultura\"],\"inLanguage\":\"en-GB\",\"potentialAction\":[{\"@type\":\"CommentAction\",\"name\":\"Comment\",\"target\":[\"https:\/\/dmcsrb.com\/kultura\/ruza-i-pepeo-roman-koji-se-cita-intelektom-a-pamti-srcem\/#respond\"]}]},{\"@type\":\"WebPage\",\"@id\":\"https:\/\/dmcsrb.com\/kultura\/ruza-i-pepeo-roman-koji-se-cita-intelektom-a-pamti-srcem\/\",\"url\":\"https:\/\/dmcsrb.com\/kultura\/ruza-i-pepeo-roman-koji-se-cita-intelektom-a-pamti-srcem\/\",\"name\":\"\u201eRu\u017ea i pepeo\u201c: Roman koji se \u010dita intelektom, a pamti srcem - dmcsrb.com\",\"isPartOf\":{\"@id\":\"https:\/\/dmcsrb.com\/#website\"},\"primaryImageOfPage\":{\"@id\":\"https:\/\/dmcsrb.com\/kultura\/ruza-i-pepeo-roman-koji-se-cita-intelektom-a-pamti-srcem\/#primaryimage\"},\"image\":{\"@id\":\"https:\/\/dmcsrb.com\/kultura\/ruza-i-pepeo-roman-koji-se-cita-intelektom-a-pamti-srcem\/#primaryimage\"},\"thumbnailUrl\":\"https:\/\/dmcsrb.com\/wp-content\/uploads\/2026\/01\/76765a9a-7043-44b2-844c-a7fdf5a8b185-scaled-1.webp\",\"datePublished\":\"2025-11-18T07:15:00+00:00\",\"author\":{\"@id\":\"https:\/\/dmcsrb.com\/#\/schema\/person\/5c39170f12db1b8b457732d0b5c854e2\"},\"breadcrumb\":{\"@id\":\"https:\/\/dmcsrb.com\/kultura\/ruza-i-pepeo-roman-koji-se-cita-intelektom-a-pamti-srcem\/#breadcrumb\"},\"inLanguage\":\"en-GB\",\"potentialAction\":[{\"@type\":\"ReadAction\",\"target\":[\"https:\/\/dmcsrb.com\/kultura\/ruza-i-pepeo-roman-koji-se-cita-intelektom-a-pamti-srcem\/\"]}]},{\"@type\":\"ImageObject\",\"inLanguage\":\"en-GB\",\"@id\":\"https:\/\/dmcsrb.com\/kultura\/ruza-i-pepeo-roman-koji-se-cita-intelektom-a-pamti-srcem\/#primaryimage\",\"url\":\"https:\/\/dmcsrb.com\/wp-content\/uploads\/2026\/01\/76765a9a-7043-44b2-844c-a7fdf5a8b185-scaled-1.webp\",\"contentUrl\":\"https:\/\/dmcsrb.com\/wp-content\/uploads\/2026\/01\/76765a9a-7043-44b2-844c-a7fdf5a8b185-scaled-1.webp\",\"width\":2560,\"height\":1152},{\"@type\":\"BreadcrumbList\",\"@id\":\"https:\/\/dmcsrb.com\/kultura\/ruza-i-pepeo-roman-koji-se-cita-intelektom-a-pamti-srcem\/#breadcrumb\",\"itemListElement\":[{\"@type\":\"ListItem\",\"position\":1,\"name\":\"Home\",\"item\":\"https:\/\/dmcsrb.com\/\"},{\"@type\":\"ListItem\",\"position\":2,\"name\":\"\u201eRu\u017ea i pepeo\u201c: Roman koji se \u010dita intelektom, a pamti srcem\"}]},{\"@type\":\"WebSite\",\"@id\":\"https:\/\/dmcsrb.com\/#website\",\"url\":\"https:\/\/dmcsrb.com\/\",\"name\":\"dmcsrb.com\",\"description\":\"\",\"potentialAction\":[{\"@type\":\"SearchAction\",\"target\":{\"@type\":\"EntryPoint\",\"urlTemplate\":\"https:\/\/dmcsrb.com\/?s={search_term_string}\"},\"query-input\":{\"@type\":\"PropertyValueSpecification\",\"valueRequired\":true,\"valueName\":\"search_term_string\"}}],\"inLanguage\":\"en-GB\"},{\"@type\":\"Person\",\"@id\":\"https:\/\/dmcsrb.com\/#\/schema\/person\/5c39170f12db1b8b457732d0b5c854e2\",\"name\":\"dmcsrbija.com@gmail.com\",\"image\":{\"@type\":\"ImageObject\",\"inLanguage\":\"en-GB\",\"@id\":\"https:\/\/dmcsrb.com\/#\/schema\/person\/image\/\",\"url\":\"https:\/\/secure.gravatar.com\/avatar\/68592660ad6347fad0fb587f8d5d8f1a7b44961362f56e4f2cd524feb87e9069?s=96&d=mm&r=g\",\"contentUrl\":\"https:\/\/secure.gravatar.com\/avatar\/68592660ad6347fad0fb587f8d5d8f1a7b44961362f56e4f2cd524feb87e9069?s=96&d=mm&r=g\",\"caption\":\"dmcsrbija.com@gmail.com\"},\"sameAs\":[\"https:\/\/dmcsrb.com\"],\"url\":\"https:\/\/dmcsrb.com\/en\/author\/dmcsrbija-comgmail-com\/\"}]}<\/script>\n<!-- \/ Yoast SEO plugin. -->","yoast_head_json":{"title":"\u201eRu\u017ea i pepeo\u201c: Roman koji se \u010dita intelektom, a pamti srcem - dmcsrb.com","robots":{"index":"index","follow":"follow","max-snippet":"max-snippet:-1","max-image-preview":"max-image-preview:large","max-video-preview":"max-video-preview:-1"},"canonical":"https:\/\/dmcsrb.com\/en\/kultura\/ruza-i-pepeo-roman-koji-se-cita-intelektom-a-pamti-srcem\/","og_locale":"en_GB","og_type":"article","og_title":"\u201eRu\u017ea i pepeo\u201c: Roman koji se \u010dita intelektom, a pamti srcem - dmcsrb.com","og_description":"U organizaciji izdava\u010dke ku\u0107e \u201eOuroboros\u201c, sino\u0107 je u Narodnoj biblioteci \u201eRadosav Ljumovi\u0107\u201c predstavljena nova knjiga slikara, pjesnika i romanopisca Nedeljka Simani\u0107a \u2013 roman \u201eRu\u017ea i pepeo\u201c.","og_url":"https:\/\/dmcsrb.com\/en\/kultura\/ruza-i-pepeo-roman-koji-se-cita-intelektom-a-pamti-srcem\/","og_site_name":"dmcsrb.com","article_published_time":"2025-11-18T07:15:00+00:00","og_image":[{"width":2560,"height":1152,"url":"https:\/\/dmcsrb.com\/wp-content\/uploads\/2026\/01\/76765a9a-7043-44b2-844c-a7fdf5a8b185-scaled-1.webp","type":"image\/jpeg"}],"author":"dmcsrbija.com@gmail.com","twitter_card":"summary_large_image","twitter_misc":{"Written by":"dmcsrbija.com@gmail.com","Estimated reading time":"3 minutes"},"schema":{"@context":"https:\/\/schema.org","@graph":[{"@type":"Article","@id":"https:\/\/dmcsrb.com\/kultura\/ruza-i-pepeo-roman-koji-se-cita-intelektom-a-pamti-srcem\/#article","isPartOf":{"@id":"https:\/\/dmcsrb.com\/kultura\/ruza-i-pepeo-roman-koji-se-cita-intelektom-a-pamti-srcem\/"},"author":{"name":"dmcsrbija.com@gmail.com","@id":"https:\/\/dmcsrb.com\/#\/schema\/person\/5c39170f12db1b8b457732d0b5c854e2"},"headline":"\u201eRu\u017ea i pepeo\u201c: Roman koji se \u010dita intelektom, a pamti srcem","datePublished":"2025-11-18T07:15:00+00:00","mainEntityOfPage":{"@id":"https:\/\/dmcsrb.com\/kultura\/ruza-i-pepeo-roman-koji-se-cita-intelektom-a-pamti-srcem\/"},"wordCount":680,"commentCount":0,"image":{"@id":"https:\/\/dmcsrb.com\/kultura\/ruza-i-pepeo-roman-koji-se-cita-intelektom-a-pamti-srcem\/#primaryimage"},"thumbnailUrl":"https:\/\/dmcsrb.com\/wp-content\/uploads\/2026\/01\/76765a9a-7043-44b2-844c-a7fdf5a8b185-scaled-1.webp","keywords":["''Ru\u017ea i pepeo''","Nedeljko Simani\u0107","poezija","roman","Slikarstvo"],"articleSection":["Kultura"],"inLanguage":"en-GB","potentialAction":[{"@type":"CommentAction","name":"Comment","target":["https:\/\/dmcsrb.com\/kultura\/ruza-i-pepeo-roman-koji-se-cita-intelektom-a-pamti-srcem\/#respond"]}]},{"@type":"WebPage","@id":"https:\/\/dmcsrb.com\/kultura\/ruza-i-pepeo-roman-koji-se-cita-intelektom-a-pamti-srcem\/","url":"https:\/\/dmcsrb.com\/kultura\/ruza-i-pepeo-roman-koji-se-cita-intelektom-a-pamti-srcem\/","name":"\u201eRu\u017ea i pepeo\u201c: Roman koji se \u010dita intelektom, a pamti srcem - dmcsrb.com","isPartOf":{"@id":"https:\/\/dmcsrb.com\/#website"},"primaryImageOfPage":{"@id":"https:\/\/dmcsrb.com\/kultura\/ruza-i-pepeo-roman-koji-se-cita-intelektom-a-pamti-srcem\/#primaryimage"},"image":{"@id":"https:\/\/dmcsrb.com\/kultura\/ruza-i-pepeo-roman-koji-se-cita-intelektom-a-pamti-srcem\/#primaryimage"},"thumbnailUrl":"https:\/\/dmcsrb.com\/wp-content\/uploads\/2026\/01\/76765a9a-7043-44b2-844c-a7fdf5a8b185-scaled-1.webp","datePublished":"2025-11-18T07:15:00+00:00","author":{"@id":"https:\/\/dmcsrb.com\/#\/schema\/person\/5c39170f12db1b8b457732d0b5c854e2"},"breadcrumb":{"@id":"https:\/\/dmcsrb.com\/kultura\/ruza-i-pepeo-roman-koji-se-cita-intelektom-a-pamti-srcem\/#breadcrumb"},"inLanguage":"en-GB","potentialAction":[{"@type":"ReadAction","target":["https:\/\/dmcsrb.com\/kultura\/ruza-i-pepeo-roman-koji-se-cita-intelektom-a-pamti-srcem\/"]}]},{"@type":"ImageObject","inLanguage":"en-GB","@id":"https:\/\/dmcsrb.com\/kultura\/ruza-i-pepeo-roman-koji-se-cita-intelektom-a-pamti-srcem\/#primaryimage","url":"https:\/\/dmcsrb.com\/wp-content\/uploads\/2026\/01\/76765a9a-7043-44b2-844c-a7fdf5a8b185-scaled-1.webp","contentUrl":"https:\/\/dmcsrb.com\/wp-content\/uploads\/2026\/01\/76765a9a-7043-44b2-844c-a7fdf5a8b185-scaled-1.webp","width":2560,"height":1152},{"@type":"BreadcrumbList","@id":"https:\/\/dmcsrb.com\/kultura\/ruza-i-pepeo-roman-koji-se-cita-intelektom-a-pamti-srcem\/#breadcrumb","itemListElement":[{"@type":"ListItem","position":1,"name":"Home","item":"https:\/\/dmcsrb.com\/"},{"@type":"ListItem","position":2,"name":"\u201eRu\u017ea i pepeo\u201c: Roman koji se \u010dita intelektom, a pamti srcem"}]},{"@type":"WebSite","@id":"https:\/\/dmcsrb.com\/#website","url":"https:\/\/dmcsrb.com\/","name":"dmcsrb.com","description":"","potentialAction":[{"@type":"SearchAction","target":{"@type":"EntryPoint","urlTemplate":"https:\/\/dmcsrb.com\/?s={search_term_string}"},"query-input":{"@type":"PropertyValueSpecification","valueRequired":true,"valueName":"search_term_string"}}],"inLanguage":"en-GB"},{"@type":"Person","@id":"https:\/\/dmcsrb.com\/#\/schema\/person\/5c39170f12db1b8b457732d0b5c854e2","name":"dmcsrbija.com@gmail.com","image":{"@type":"ImageObject","inLanguage":"en-GB","@id":"https:\/\/dmcsrb.com\/#\/schema\/person\/image\/","url":"https:\/\/secure.gravatar.com\/avatar\/68592660ad6347fad0fb587f8d5d8f1a7b44961362f56e4f2cd524feb87e9069?s=96&d=mm&r=g","contentUrl":"https:\/\/secure.gravatar.com\/avatar\/68592660ad6347fad0fb587f8d5d8f1a7b44961362f56e4f2cd524feb87e9069?s=96&d=mm&r=g","caption":"dmcsrbija.com@gmail.com"},"sameAs":["https:\/\/dmcsrb.com"],"url":"https:\/\/dmcsrb.com\/en\/author\/dmcsrbija-comgmail-com\/"}]}},"_links":{"self":[{"href":"https:\/\/dmcsrb.com\/en\/wp-json\/wp\/v2\/posts\/964143","targetHints":{"allow":["GET"]}}],"collection":[{"href":"https:\/\/dmcsrb.com\/en\/wp-json\/wp\/v2\/posts"}],"about":[{"href":"https:\/\/dmcsrb.com\/en\/wp-json\/wp\/v2\/types\/post"}],"author":[{"embeddable":true,"href":"https:\/\/dmcsrb.com\/en\/wp-json\/wp\/v2\/users\/1"}],"replies":[{"embeddable":true,"href":"https:\/\/dmcsrb.com\/en\/wp-json\/wp\/v2\/comments?post=964143"}],"version-history":[{"count":0,"href":"https:\/\/dmcsrb.com\/en\/wp-json\/wp\/v2\/posts\/964143\/revisions"}],"wp:featuredmedia":[{"embeddable":true,"href":"https:\/\/dmcsrb.com\/en\/wp-json\/wp\/v2\/media\/964144"}],"wp:attachment":[{"href":"https:\/\/dmcsrb.com\/en\/wp-json\/wp\/v2\/media?parent=964143"}],"wp:term":[{"taxonomy":"category","embeddable":true,"href":"https:\/\/dmcsrb.com\/en\/wp-json\/wp\/v2\/categories?post=964143"},{"taxonomy":"post_tag","embeddable":true,"href":"https:\/\/dmcsrb.com\/en\/wp-json\/wp\/v2\/tags?post=964143"},{"taxonomy":"naslovna","embeddable":true,"href":"https:\/\/dmcsrb.com\/en\/wp-json\/wp\/v2\/naslovna?post=964143"}],"curies":[{"name":"wp","href":"https:\/\/api.w.org\/{rel}","templated":true}]}}