{"id":964086,"date":"2025-11-18T07:08:00","date_gmt":"2025-11-18T06:08:00","guid":{"rendered":"https:\/\/dmcsrb.com\/uncategorized\/mlada-reprezentacija-docekuje-italiju\/"},"modified":"2025-11-18T07:08:00","modified_gmt":"2025-11-18T06:08:00","slug":"mlada-reprezentacija-docekuje-italiju","status":"publish","type":"post","link":"https:\/\/dmcsrb.com\/en\/sport\/mlada-reprezentacija-docekuje-italiju\/","title":{"rendered":"Mlada reprezentacija do\u010dekuje Italiju"},"content":{"rendered":"<p>&#8220;Sokoli&#8221; su trenutno tre\u0107i u grupi sa devet bodova, tri manje od dana\u0161njeg rivala, odnosno \u0161est zaostatka za vode\u0107om Poljskom. <\/p>\n\n\n\n<p>&#8220;O\u010dekuje nas te\u0161ka utakmica protiv Italije, koja je realno favorit u ovoj grupi, iako su sada izgubili od Poljske u posljednjih pet minuta Veliki respekt prema njima, ali teren je jedino mjerilo, tako da se nadam da \u0107emo igrati mnogo bolje nego u Jermeniji, da \u0107e momci dati maksimum i pokazati pravu vrijednost &#8220;sokola&#8221; da nismo slu\u010dajno tu gdje jesmo, na tre\u0107em mjestu&#8221;, kazao je selektor Goran Peri\u0161i\u0107 u najavi utakmice i najavio ofanzivnu igru i napad na pobjedu:<\/p>\n\n\n\n<p> &#8220;Igra\u0107emo napada\u010dki kao i na svakoj utakmici, dok god sam ja selektor, tako \u0107e biti i sjutra&#8221;, istakao je Peri\u0161i\u0107. <\/p>\n\n\n\n<p>Napada\u010d pra\u0161ke Slavije, Vladimir Peri\u0161i\u0107 ka\u017ee da je atmosfera nakon pobjede nad Jermenijom sjajna. <\/p>\n\n\n\n<p>&#8220;Atmosfera u ekipi je fenomenalna poslije pobjede nad Jermenijom, iako nismo igrali ba\u0161 onako kako smo o\u010dekivali, ali najbitnija je pobjeda. Analizirali smo narednog protivnika, o\u010dekuje nas te\u0161ka utakmica, ali \u0107emo dati svoj maksimum i poku\u0161a\u0107emo da ispravimo gre\u0161ke iz pro\u0161le utakmice. Kao i uvijek, idemo na pobjedu i tri boda&#8221;, poru\u010dio je Peri\u0161i\u0107. <\/p>\n\n\n\n<p>Golman crnogorske selekcije, Bal\u0161a Radanovi\u0107 pozvao je navija\u010de da do\u0111u u \u0161to ve\u0107em broju. <\/p>\n\n\n\n<p>&#8220;Sigurno da protiv Italije ulazimo sa maksimalnim samopouzdanjem, jer smo u protekle dvije utakmice uzeli maksimalan broj bodova. Iako Italija va\u017ei za favorita, to je motiv vi\u0161e za nas da iza\u0111emo u punoj snazi i poka\u017eemo da nismo za podcjenjivanje. Pozvao bih navija\u010de da do\u0111u i podr\u017ee nas u \u0161to ve\u0107em broju. Siguran sam da \u0107emo im, ako bude dobra atmosfera i navijanje, vratiti dobrim rezultatom&#8221;, kazao je Radanovi\u0107. <\/p>","protected":false},"excerpt":{"rendered":"<p>Mlada fudbalska reprezentacija Crne Gore do\u010dekuje ve\u010deras (18.30h) selekciju Italije u okviru \u0161estog kola grupe E kvalifikacija za EURO U21.<\/p>","protected":false},"author":1,"featured_media":962758,"comment_status":"open","ping_status":"open","sticky":false,"template":"","format":"standard","meta":{"_acf_changed":false,"footnotes":""},"categories":[148],"tags":[7480,6807,6808],"naslovna":[],"class_list":["post-964086","post","type-post","status-publish","format-standard","has-post-thumbnail","hentry","category-sport","tag-kvalifikacije-za-euro-u21","tag-mlada-fudbalska-reprezentacija-crne-gore","tag-mlada-fudbalska-reprezentacija-italije"],"acf":[],"yoast_head":"<!-- This site is optimized with the Yoast SEO plugin v27.4 - https:\/\/yoast.com\/product\/yoast-seo-wordpress\/ -->\n<title>Mlada reprezentacija do\u010dekuje Italiju - dmcsrb.com<\/title>\n<meta name=\"robots\" content=\"index, follow, max-snippet:-1, max-image-preview:large, max-video-preview:-1\" \/>\n<link rel=\"canonical\" href=\"https:\/\/dmcsrb.com\/en\/sport\/mlada-reprezentacija-docekuje-italiju\/\" \/>\n<meta property=\"og:locale\" content=\"en_GB\" \/>\n<meta property=\"og:type\" content=\"article\" \/>\n<meta property=\"og:title\" content=\"Mlada reprezentacija do\u010dekuje Italiju - dmcsrb.com\" \/>\n<meta property=\"og:description\" content=\"Mlada fudbalska reprezentacija Crne Gore do\u010dekuje ve\u010deras (18.30h) selekciju Italije u okviru \u0161estog kola grupe E kvalifikacija za EURO U21.\" \/>\n<meta property=\"og:url\" content=\"https:\/\/dmcsrb.com\/en\/sport\/mlada-reprezentacija-docekuje-italiju\/\" \/>\n<meta property=\"og:site_name\" content=\"dmcsrb.com\" \/>\n<meta property=\"article:published_time\" content=\"2025-11-18T06:08:00+00:00\" \/>\n<meta property=\"og:image\" content=\"https:\/\/dmcsrb.com\/wp-content\/uploads\/2026\/01\/Mlada-FSCG.webp\" \/>\n\t<meta property=\"og:image:width\" content=\"1050\" \/>\n\t<meta property=\"og:image:height\" content=\"624\" \/>\n\t<meta property=\"og:image:type\" content=\"image\/jpeg\" \/>\n<meta name=\"author\" content=\"dmcsrbija.com@gmail.com\" \/>\n<meta name=\"twitter:card\" content=\"summary_large_image\" \/>\n<meta name=\"twitter:label1\" content=\"Written by\" \/>\n\t<meta name=\"twitter:data1\" content=\"dmcsrbija.com@gmail.com\" \/>\n\t<meta name=\"twitter:label2\" content=\"Estimated reading time\" \/>\n\t<meta name=\"twitter:data2\" content=\"2 minutes\" \/>\n<script type=\"application\/ld+json\" class=\"yoast-schema-graph\">{\"@context\":\"https:\\\/\\\/schema.org\",\"@graph\":[{\"@type\":\"Article\",\"@id\":\"https:\\\/\\\/dmcsrb.com\\\/sport\\\/mlada-reprezentacija-docekuje-italiju\\\/#article\",\"isPartOf\":{\"@id\":\"https:\\\/\\\/dmcsrb.com\\\/sport\\\/mlada-reprezentacija-docekuje-italiju\\\/\"},\"author\":{\"name\":\"dmcsrbija.com@gmail.com\",\"@id\":\"https:\\\/\\\/dmcsrb.com\\\/#\\\/schema\\\/person\\\/5c39170f12db1b8b457732d0b5c854e2\"},\"headline\":\"Mlada reprezentacija do\u010dekuje Italiju\",\"datePublished\":\"2025-11-18T06:08:00+00:00\",\"mainEntityOfPage\":{\"@id\":\"https:\\\/\\\/dmcsrb.com\\\/sport\\\/mlada-reprezentacija-docekuje-italiju\\\/\"},\"wordCount\":310,\"commentCount\":0,\"image\":{\"@id\":\"https:\\\/\\\/dmcsrb.com\\\/sport\\\/mlada-reprezentacija-docekuje-italiju\\\/#primaryimage\"},\"thumbnailUrl\":\"https:\\\/\\\/dmcsrb.com\\\/wp-content\\\/uploads\\\/2026\\\/01\\\/Mlada-FSCG.webp\",\"keywords\":[\"kvalifikacije za EURO U21\",\"Mlada fudbalska reprezentacija Crne Gore\",\"Mlada fudbalska reprezentacija Italije\"],\"articleSection\":[\"Sport\"],\"inLanguage\":\"en-GB\",\"potentialAction\":[{\"@type\":\"CommentAction\",\"name\":\"Comment\",\"target\":[\"https:\\\/\\\/dmcsrb.com\\\/sport\\\/mlada-reprezentacija-docekuje-italiju\\\/#respond\"]}]},{\"@type\":\"WebPage\",\"@id\":\"https:\\\/\\\/dmcsrb.com\\\/sport\\\/mlada-reprezentacija-docekuje-italiju\\\/\",\"url\":\"https:\\\/\\\/dmcsrb.com\\\/sport\\\/mlada-reprezentacija-docekuje-italiju\\\/\",\"name\":\"Mlada reprezentacija do\u010dekuje Italiju - dmcsrb.com\",\"isPartOf\":{\"@id\":\"https:\\\/\\\/dmcsrb.com\\\/#website\"},\"primaryImageOfPage\":{\"@id\":\"https:\\\/\\\/dmcsrb.com\\\/sport\\\/mlada-reprezentacija-docekuje-italiju\\\/#primaryimage\"},\"image\":{\"@id\":\"https:\\\/\\\/dmcsrb.com\\\/sport\\\/mlada-reprezentacija-docekuje-italiju\\\/#primaryimage\"},\"thumbnailUrl\":\"https:\\\/\\\/dmcsrb.com\\\/wp-content\\\/uploads\\\/2026\\\/01\\\/Mlada-FSCG.webp\",\"datePublished\":\"2025-11-18T06:08:00+00:00\",\"author\":{\"@id\":\"https:\\\/\\\/dmcsrb.com\\\/#\\\/schema\\\/person\\\/5c39170f12db1b8b457732d0b5c854e2\"},\"breadcrumb\":{\"@id\":\"https:\\\/\\\/dmcsrb.com\\\/sport\\\/mlada-reprezentacija-docekuje-italiju\\\/#breadcrumb\"},\"inLanguage\":\"en-GB\",\"potentialAction\":[{\"@type\":\"ReadAction\",\"target\":[\"https:\\\/\\\/dmcsrb.com\\\/sport\\\/mlada-reprezentacija-docekuje-italiju\\\/\"]}]},{\"@type\":\"ImageObject\",\"inLanguage\":\"en-GB\",\"@id\":\"https:\\\/\\\/dmcsrb.com\\\/sport\\\/mlada-reprezentacija-docekuje-italiju\\\/#primaryimage\",\"url\":\"https:\\\/\\\/dmcsrb.com\\\/wp-content\\\/uploads\\\/2026\\\/01\\\/Mlada-FSCG.webp\",\"contentUrl\":\"https:\\\/\\\/dmcsrb.com\\\/wp-content\\\/uploads\\\/2026\\\/01\\\/Mlada-FSCG.webp\",\"width\":1050,\"height\":624},{\"@type\":\"BreadcrumbList\",\"@id\":\"https:\\\/\\\/dmcsrb.com\\\/sport\\\/mlada-reprezentacija-docekuje-italiju\\\/#breadcrumb\",\"itemListElement\":[{\"@type\":\"ListItem\",\"position\":1,\"name\":\"Home\",\"item\":\"https:\\\/\\\/dmcsrb.com\\\/\"},{\"@type\":\"ListItem\",\"position\":2,\"name\":\"Mlada reprezentacija do\u010dekuje Italiju\"}]},{\"@type\":\"WebSite\",\"@id\":\"https:\\\/\\\/dmcsrb.com\\\/#website\",\"url\":\"https:\\\/\\\/dmcsrb.com\\\/\",\"name\":\"dmcsrb.com\",\"description\":\"\",\"potentialAction\":[{\"@type\":\"SearchAction\",\"target\":{\"@type\":\"EntryPoint\",\"urlTemplate\":\"https:\\\/\\\/dmcsrb.com\\\/?s={search_term_string}\"},\"query-input\":{\"@type\":\"PropertyValueSpecification\",\"valueRequired\":true,\"valueName\":\"search_term_string\"}}],\"inLanguage\":\"en-GB\"},{\"@type\":\"Person\",\"@id\":\"https:\\\/\\\/dmcsrb.com\\\/#\\\/schema\\\/person\\\/5c39170f12db1b8b457732d0b5c854e2\",\"name\":\"dmcsrbija.com@gmail.com\",\"image\":{\"@type\":\"ImageObject\",\"inLanguage\":\"en-GB\",\"@id\":\"https:\\\/\\\/secure.gravatar.com\\\/avatar\\\/68592660ad6347fad0fb587f8d5d8f1a7b44961362f56e4f2cd524feb87e9069?s=96&d=mm&r=g\",\"url\":\"https:\\\/\\\/secure.gravatar.com\\\/avatar\\\/68592660ad6347fad0fb587f8d5d8f1a7b44961362f56e4f2cd524feb87e9069?s=96&d=mm&r=g\",\"contentUrl\":\"https:\\\/\\\/secure.gravatar.com\\\/avatar\\\/68592660ad6347fad0fb587f8d5d8f1a7b44961362f56e4f2cd524feb87e9069?s=96&d=mm&r=g\",\"caption\":\"dmcsrbija.com@gmail.com\"},\"sameAs\":[\"https:\\\/\\\/dmcsrb.com\"],\"url\":\"https:\\\/\\\/dmcsrb.com\\\/en\\\/author\\\/dmcsrbija-comgmail-com\\\/\"}]}<\/script>\n<!-- \/ Yoast SEO plugin. -->","yoast_head_json":{"title":"Mlada reprezentacija do\u010dekuje Italiju - dmcsrb.com","robots":{"index":"index","follow":"follow","max-snippet":"max-snippet:-1","max-image-preview":"max-image-preview:large","max-video-preview":"max-video-preview:-1"},"canonical":"https:\/\/dmcsrb.com\/en\/sport\/mlada-reprezentacija-docekuje-italiju\/","og_locale":"en_GB","og_type":"article","og_title":"Mlada reprezentacija do\u010dekuje Italiju - dmcsrb.com","og_description":"Mlada fudbalska reprezentacija Crne Gore do\u010dekuje ve\u010deras (18.30h) selekciju Italije u okviru \u0161estog kola grupe E kvalifikacija za EURO U21.","og_url":"https:\/\/dmcsrb.com\/en\/sport\/mlada-reprezentacija-docekuje-italiju\/","og_site_name":"dmcsrb.com","article_published_time":"2025-11-18T06:08:00+00:00","og_image":[{"width":1050,"height":624,"url":"https:\/\/dmcsrb.com\/wp-content\/uploads\/2026\/01\/Mlada-FSCG.webp","type":"image\/jpeg"}],"author":"dmcsrbija.com@gmail.com","twitter_card":"summary_large_image","twitter_misc":{"Written by":"dmcsrbija.com@gmail.com","Estimated reading time":"2 minutes"},"schema":{"@context":"https:\/\/schema.org","@graph":[{"@type":"Article","@id":"https:\/\/dmcsrb.com\/sport\/mlada-reprezentacija-docekuje-italiju\/#article","isPartOf":{"@id":"https:\/\/dmcsrb.com\/sport\/mlada-reprezentacija-docekuje-italiju\/"},"author":{"name":"dmcsrbija.com@gmail.com","@id":"https:\/\/dmcsrb.com\/#\/schema\/person\/5c39170f12db1b8b457732d0b5c854e2"},"headline":"Mlada reprezentacija do\u010dekuje Italiju","datePublished":"2025-11-18T06:08:00+00:00","mainEntityOfPage":{"@id":"https:\/\/dmcsrb.com\/sport\/mlada-reprezentacija-docekuje-italiju\/"},"wordCount":310,"commentCount":0,"image":{"@id":"https:\/\/dmcsrb.com\/sport\/mlada-reprezentacija-docekuje-italiju\/#primaryimage"},"thumbnailUrl":"https:\/\/dmcsrb.com\/wp-content\/uploads\/2026\/01\/Mlada-FSCG.webp","keywords":["kvalifikacije za EURO U21","Mlada fudbalska reprezentacija Crne Gore","Mlada fudbalska reprezentacija Italije"],"articleSection":["Sport"],"inLanguage":"en-GB","potentialAction":[{"@type":"CommentAction","name":"Comment","target":["https:\/\/dmcsrb.com\/sport\/mlada-reprezentacija-docekuje-italiju\/#respond"]}]},{"@type":"WebPage","@id":"https:\/\/dmcsrb.com\/sport\/mlada-reprezentacija-docekuje-italiju\/","url":"https:\/\/dmcsrb.com\/sport\/mlada-reprezentacija-docekuje-italiju\/","name":"Mlada reprezentacija do\u010dekuje Italiju - dmcsrb.com","isPartOf":{"@id":"https:\/\/dmcsrb.com\/#website"},"primaryImageOfPage":{"@id":"https:\/\/dmcsrb.com\/sport\/mlada-reprezentacija-docekuje-italiju\/#primaryimage"},"image":{"@id":"https:\/\/dmcsrb.com\/sport\/mlada-reprezentacija-docekuje-italiju\/#primaryimage"},"thumbnailUrl":"https:\/\/dmcsrb.com\/wp-content\/uploads\/2026\/01\/Mlada-FSCG.webp","datePublished":"2025-11-18T06:08:00+00:00","author":{"@id":"https:\/\/dmcsrb.com\/#\/schema\/person\/5c39170f12db1b8b457732d0b5c854e2"},"breadcrumb":{"@id":"https:\/\/dmcsrb.com\/sport\/mlada-reprezentacija-docekuje-italiju\/#breadcrumb"},"inLanguage":"en-GB","potentialAction":[{"@type":"ReadAction","target":["https:\/\/dmcsrb.com\/sport\/mlada-reprezentacija-docekuje-italiju\/"]}]},{"@type":"ImageObject","inLanguage":"en-GB","@id":"https:\/\/dmcsrb.com\/sport\/mlada-reprezentacija-docekuje-italiju\/#primaryimage","url":"https:\/\/dmcsrb.com\/wp-content\/uploads\/2026\/01\/Mlada-FSCG.webp","contentUrl":"https:\/\/dmcsrb.com\/wp-content\/uploads\/2026\/01\/Mlada-FSCG.webp","width":1050,"height":624},{"@type":"BreadcrumbList","@id":"https:\/\/dmcsrb.com\/sport\/mlada-reprezentacija-docekuje-italiju\/#breadcrumb","itemListElement":[{"@type":"ListItem","position":1,"name":"Home","item":"https:\/\/dmcsrb.com\/"},{"@type":"ListItem","position":2,"name":"Mlada reprezentacija do\u010dekuje Italiju"}]},{"@type":"WebSite","@id":"https:\/\/dmcsrb.com\/#website","url":"https:\/\/dmcsrb.com\/","name":"dmcsrb.com","description":"","potentialAction":[{"@type":"SearchAction","target":{"@type":"EntryPoint","urlTemplate":"https:\/\/dmcsrb.com\/?s={search_term_string}"},"query-input":{"@type":"PropertyValueSpecification","valueRequired":true,"valueName":"search_term_string"}}],"inLanguage":"en-GB"},{"@type":"Person","@id":"https:\/\/dmcsrb.com\/#\/schema\/person\/5c39170f12db1b8b457732d0b5c854e2","name":"dmcsrbija.com@gmail.com","image":{"@type":"ImageObject","inLanguage":"en-GB","@id":"https:\/\/secure.gravatar.com\/avatar\/68592660ad6347fad0fb587f8d5d8f1a7b44961362f56e4f2cd524feb87e9069?s=96&d=mm&r=g","url":"https:\/\/secure.gravatar.com\/avatar\/68592660ad6347fad0fb587f8d5d8f1a7b44961362f56e4f2cd524feb87e9069?s=96&d=mm&r=g","contentUrl":"https:\/\/secure.gravatar.com\/avatar\/68592660ad6347fad0fb587f8d5d8f1a7b44961362f56e4f2cd524feb87e9069?s=96&d=mm&r=g","caption":"dmcsrbija.com@gmail.com"},"sameAs":["https:\/\/dmcsrb.com"],"url":"https:\/\/dmcsrb.com\/en\/author\/dmcsrbija-comgmail-com\/"}]}},"_links":{"self":[{"href":"https:\/\/dmcsrb.com\/en\/wp-json\/wp\/v2\/posts\/964086","targetHints":{"allow":["GET"]}}],"collection":[{"href":"https:\/\/dmcsrb.com\/en\/wp-json\/wp\/v2\/posts"}],"about":[{"href":"https:\/\/dmcsrb.com\/en\/wp-json\/wp\/v2\/types\/post"}],"author":[{"embeddable":true,"href":"https:\/\/dmcsrb.com\/en\/wp-json\/wp\/v2\/users\/1"}],"replies":[{"embeddable":true,"href":"https:\/\/dmcsrb.com\/en\/wp-json\/wp\/v2\/comments?post=964086"}],"version-history":[{"count":0,"href":"https:\/\/dmcsrb.com\/en\/wp-json\/wp\/v2\/posts\/964086\/revisions"}],"wp:featuredmedia":[{"embeddable":true,"href":"https:\/\/dmcsrb.com\/en\/wp-json\/wp\/v2\/media\/962758"}],"wp:attachment":[{"href":"https:\/\/dmcsrb.com\/en\/wp-json\/wp\/v2\/media?parent=964086"}],"wp:term":[{"taxonomy":"category","embeddable":true,"href":"https:\/\/dmcsrb.com\/en\/wp-json\/wp\/v2\/categories?post=964086"},{"taxonomy":"post_tag","embeddable":true,"href":"https:\/\/dmcsrb.com\/en\/wp-json\/wp\/v2\/tags?post=964086"},{"taxonomy":"naslovna","embeddable":true,"href":"https:\/\/dmcsrb.com\/en\/wp-json\/wp\/v2\/naslovna?post=964086"}],"curies":[{"name":"wp","href":"https:\/\/api.w.org\/{rel}","templated":true}]}}