{"id":964084,"date":"2025-11-17T17:11:00","date_gmt":"2025-11-17T16:11:00","guid":{"rendered":"https:\/\/dmcsrb.com\/uncategorized\/ceski-predsjednik-zaprijetio-da-nece-imenovati-pobjednika-izbora-premijerom\/"},"modified":"2025-11-17T17:11:00","modified_gmt":"2025-11-17T16:11:00","slug":"ceski-predsjednik-zaprijetio-da-nece-imenovati-pobjednika-izbora-premijerom","status":"publish","type":"post","link":"https:\/\/dmcsrb.com\/en\/svijet\/ceski-predsjednik-zaprijetio-da-nece-imenovati-pobjednika-izbora-premijerom\/","title":{"rendered":"\u010ce\u0161ki predsjednik zaprijetio da ne\u0107e imenovati pobjednika izbora premijerom"},"content":{"rendered":"<p><\/p>\n\n\n\n<p>Pavel je danas rekao da Babi\u0161, \u010delnik populisti\u010dke stranke ANO te jedan od najbogatijih \u010ceha, mora izabrati izme\u0111u uloge preduzetnika i politi\u010dara. &#8220;Ako Andrej Babi\u0161 ne uspije nadi\u0107i svoj sukob interesa, imenovanjem bih pridonio stvaranju protivzakonite situacije&#8221;, rekao je prozapadni \u010de\u0161ki predsjednik, biv\u0161i general NATO-a.<\/p>\n\n\n\n<p>Pavel je rekao da bi za pobjedni\u010dku stranku bilo najbolje da za mjesto premijera imenuje drugog kandidata. U \u010ce\u0161koj je od 2007. na snazi zakon o sprje\u010davanju sukoba interesa, pi\u0161e njema\u010dka agencija dpa.<\/p>\n\n\n\n<h3 class=\"wp-block-heading\">Babi\u0161 je ve\u0107 bio premijer<\/h3>\n\n\n\n<p>Stranka Andreja Babi\u0161a, milijardera kriti\u010dnog prema Evropskoj uniji i NATO-u, u oktobru je pobijedila na parlamentarnim izborima s 34,5 posto glasova.<\/p>\n\n\n\n<p>Babi\u0161 je ve\u0107 bio premijer od 2017. do 2021. godine, a tada je prepustio kontrolu nad svojim kompanijama fondaciji koju je u me\u0111uvremenu raspustio te sada odbija pojasniti ho\u0107e li ponoviti taj manevar, prenosi <strong>Index.hr<\/strong>.<\/p>","protected":false},"excerpt":{"rendered":"<p>\u010ce\u0161ki predsjednik Petr Pavel zaprijetio je da zbog sukoba interesa ne\u0107e za premijera imenovati Andreja Babi\u0161a, pobjednika nedavnih parlamentarnih izbora.<\/p>","protected":false},"author":1,"featured_media":964085,"comment_status":"open","ping_status":"open","sticky":false,"template":"","format":"standard","meta":{"_acf_changed":false,"footnotes":""},"categories":[144],"tags":[14674,14675,540,5222],"naslovna":[],"class_list":["post-964084","post","type-post","status-publish","format-standard","has-post-thumbnail","hentry","category-svijet","tag-ceski-predsjednik","tag-imenovanje-pobjednika-izbora","tag-premijer","tag-prijetnja"],"acf":[],"yoast_head":"<!-- This site is optimized with the Yoast SEO plugin v27.4 - https:\/\/yoast.com\/product\/yoast-seo-wordpress\/ -->\n<title>\u010ce\u0161ki predsjednik zaprijetio da ne\u0107e imenovati pobjednika izbora premijerom - dmcsrb.com<\/title>\n<meta name=\"robots\" content=\"index, follow, max-snippet:-1, max-image-preview:large, max-video-preview:-1\" \/>\n<link rel=\"canonical\" href=\"https:\/\/dmcsrb.com\/en\/svijet\/ceski-predsjednik-zaprijetio-da-nece-imenovati-pobjednika-izbora-premijerom\/\" \/>\n<meta property=\"og:locale\" content=\"en_GB\" \/>\n<meta property=\"og:type\" content=\"article\" \/>\n<meta property=\"og:title\" content=\"\u010ce\u0161ki predsjednik zaprijetio da ne\u0107e imenovati pobjednika izbora premijerom - dmcsrb.com\" \/>\n<meta property=\"og:description\" content=\"\u010ce\u0161ki predsjednik Petr Pavel zaprijetio je da zbog sukoba interesa ne\u0107e za premijera imenovati Andreja Babi\u0161a, pobjednika nedavnih parlamentarnih izbora.\" \/>\n<meta property=\"og:url\" content=\"https:\/\/dmcsrb.com\/en\/svijet\/ceski-predsjednik-zaprijetio-da-nece-imenovati-pobjednika-izbora-premijerom\/\" \/>\n<meta property=\"og:site_name\" content=\"dmcsrb.com\" \/>\n<meta property=\"article:published_time\" content=\"2025-11-17T16:11:00+00:00\" \/>\n<meta property=\"og:image\" content=\"https:\/\/dmcsrb.com\/wp-content\/uploads\/2026\/01\/download-4-3.webp\" \/>\n\t<meta property=\"og:image:width\" content=\"599\" \/>\n\t<meta property=\"og:image:height\" content=\"400\" \/>\n\t<meta property=\"og:image:type\" content=\"image\/jpeg\" \/>\n<meta name=\"author\" content=\"dmcsrbija.com@gmail.com\" \/>\n<meta name=\"twitter:card\" content=\"summary_large_image\" \/>\n<meta name=\"twitter:label1\" content=\"Written by\" \/>\n\t<meta name=\"twitter:data1\" content=\"dmcsrbija.com@gmail.com\" \/>\n\t<meta name=\"twitter:label2\" content=\"Estimated reading time\" \/>\n\t<meta name=\"twitter:data2\" content=\"1 minute\" \/>\n<script type=\"application\/ld+json\" class=\"yoast-schema-graph\">{\"@context\":\"https:\\\/\\\/schema.org\",\"@graph\":[{\"@type\":\"Article\",\"@id\":\"https:\\\/\\\/dmcsrb.com\\\/svijet\\\/ceski-predsjednik-zaprijetio-da-nece-imenovati-pobjednika-izbora-premijerom\\\/#article\",\"isPartOf\":{\"@id\":\"https:\\\/\\\/dmcsrb.com\\\/svijet\\\/ceski-predsjednik-zaprijetio-da-nece-imenovati-pobjednika-izbora-premijerom\\\/\"},\"author\":{\"name\":\"dmcsrbija.com@gmail.com\",\"@id\":\"https:\\\/\\\/dmcsrb.com\\\/#\\\/schema\\\/person\\\/5c39170f12db1b8b457732d0b5c854e2\"},\"headline\":\"\u010ce\u0161ki predsjednik zaprijetio da ne\u0107e imenovati pobjednika izbora premijerom\",\"datePublished\":\"2025-11-17T16:11:00+00:00\",\"mainEntityOfPage\":{\"@id\":\"https:\\\/\\\/dmcsrb.com\\\/svijet\\\/ceski-predsjednik-zaprijetio-da-nece-imenovati-pobjednika-izbora-premijerom\\\/\"},\"wordCount\":162,\"commentCount\":0,\"image\":{\"@id\":\"https:\\\/\\\/dmcsrb.com\\\/svijet\\\/ceski-predsjednik-zaprijetio-da-nece-imenovati-pobjednika-izbora-premijerom\\\/#primaryimage\"},\"thumbnailUrl\":\"https:\\\/\\\/dmcsrb.com\\\/wp-content\\\/uploads\\\/2026\\\/01\\\/download-4-3.webp\",\"keywords\":[\"\u010dE\u0160KI PREDSJEDNIK\",\"Imenovanje pobjednika izbora\",\"Premijer\",\"Prijetnja\"],\"articleSection\":[\"Svijet\"],\"inLanguage\":\"en-GB\",\"potentialAction\":[{\"@type\":\"CommentAction\",\"name\":\"Comment\",\"target\":[\"https:\\\/\\\/dmcsrb.com\\\/svijet\\\/ceski-predsjednik-zaprijetio-da-nece-imenovati-pobjednika-izbora-premijerom\\\/#respond\"]}]},{\"@type\":\"WebPage\",\"@id\":\"https:\\\/\\\/dmcsrb.com\\\/svijet\\\/ceski-predsjednik-zaprijetio-da-nece-imenovati-pobjednika-izbora-premijerom\\\/\",\"url\":\"https:\\\/\\\/dmcsrb.com\\\/svijet\\\/ceski-predsjednik-zaprijetio-da-nece-imenovati-pobjednika-izbora-premijerom\\\/\",\"name\":\"\u010ce\u0161ki predsjednik zaprijetio da ne\u0107e imenovati pobjednika izbora premijerom - dmcsrb.com\",\"isPartOf\":{\"@id\":\"https:\\\/\\\/dmcsrb.com\\\/#website\"},\"primaryImageOfPage\":{\"@id\":\"https:\\\/\\\/dmcsrb.com\\\/svijet\\\/ceski-predsjednik-zaprijetio-da-nece-imenovati-pobjednika-izbora-premijerom\\\/#primaryimage\"},\"image\":{\"@id\":\"https:\\\/\\\/dmcsrb.com\\\/svijet\\\/ceski-predsjednik-zaprijetio-da-nece-imenovati-pobjednika-izbora-premijerom\\\/#primaryimage\"},\"thumbnailUrl\":\"https:\\\/\\\/dmcsrb.com\\\/wp-content\\\/uploads\\\/2026\\\/01\\\/download-4-3.webp\",\"datePublished\":\"2025-11-17T16:11:00+00:00\",\"author\":{\"@id\":\"https:\\\/\\\/dmcsrb.com\\\/#\\\/schema\\\/person\\\/5c39170f12db1b8b457732d0b5c854e2\"},\"breadcrumb\":{\"@id\":\"https:\\\/\\\/dmcsrb.com\\\/svijet\\\/ceski-predsjednik-zaprijetio-da-nece-imenovati-pobjednika-izbora-premijerom\\\/#breadcrumb\"},\"inLanguage\":\"en-GB\",\"potentialAction\":[{\"@type\":\"ReadAction\",\"target\":[\"https:\\\/\\\/dmcsrb.com\\\/svijet\\\/ceski-predsjednik-zaprijetio-da-nece-imenovati-pobjednika-izbora-premijerom\\\/\"]}]},{\"@type\":\"ImageObject\",\"inLanguage\":\"en-GB\",\"@id\":\"https:\\\/\\\/dmcsrb.com\\\/svijet\\\/ceski-predsjednik-zaprijetio-da-nece-imenovati-pobjednika-izbora-premijerom\\\/#primaryimage\",\"url\":\"https:\\\/\\\/dmcsrb.com\\\/wp-content\\\/uploads\\\/2026\\\/01\\\/download-4-3.webp\",\"contentUrl\":\"https:\\\/\\\/dmcsrb.com\\\/wp-content\\\/uploads\\\/2026\\\/01\\\/download-4-3.webp\",\"width\":599,\"height\":400},{\"@type\":\"BreadcrumbList\",\"@id\":\"https:\\\/\\\/dmcsrb.com\\\/svijet\\\/ceski-predsjednik-zaprijetio-da-nece-imenovati-pobjednika-izbora-premijerom\\\/#breadcrumb\",\"itemListElement\":[{\"@type\":\"ListItem\",\"position\":1,\"name\":\"Home\",\"item\":\"https:\\\/\\\/dmcsrb.com\\\/\"},{\"@type\":\"ListItem\",\"position\":2,\"name\":\"\u010ce\u0161ki predsjednik zaprijetio da ne\u0107e imenovati pobjednika izbora premijerom\"}]},{\"@type\":\"WebSite\",\"@id\":\"https:\\\/\\\/dmcsrb.com\\\/#website\",\"url\":\"https:\\\/\\\/dmcsrb.com\\\/\",\"name\":\"dmcsrb.com\",\"description\":\"\",\"potentialAction\":[{\"@type\":\"SearchAction\",\"target\":{\"@type\":\"EntryPoint\",\"urlTemplate\":\"https:\\\/\\\/dmcsrb.com\\\/?s={search_term_string}\"},\"query-input\":{\"@type\":\"PropertyValueSpecification\",\"valueRequired\":true,\"valueName\":\"search_term_string\"}}],\"inLanguage\":\"en-GB\"},{\"@type\":\"Person\",\"@id\":\"https:\\\/\\\/dmcsrb.com\\\/#\\\/schema\\\/person\\\/5c39170f12db1b8b457732d0b5c854e2\",\"name\":\"dmcsrbija.com@gmail.com\",\"image\":{\"@type\":\"ImageObject\",\"inLanguage\":\"en-GB\",\"@id\":\"https:\\\/\\\/secure.gravatar.com\\\/avatar\\\/68592660ad6347fad0fb587f8d5d8f1a7b44961362f56e4f2cd524feb87e9069?s=96&d=mm&r=g\",\"url\":\"https:\\\/\\\/secure.gravatar.com\\\/avatar\\\/68592660ad6347fad0fb587f8d5d8f1a7b44961362f56e4f2cd524feb87e9069?s=96&d=mm&r=g\",\"contentUrl\":\"https:\\\/\\\/secure.gravatar.com\\\/avatar\\\/68592660ad6347fad0fb587f8d5d8f1a7b44961362f56e4f2cd524feb87e9069?s=96&d=mm&r=g\",\"caption\":\"dmcsrbija.com@gmail.com\"},\"sameAs\":[\"https:\\\/\\\/dmcsrb.com\"],\"url\":\"https:\\\/\\\/dmcsrb.com\\\/en\\\/author\\\/dmcsrbija-comgmail-com\\\/\"}]}<\/script>\n<!-- \/ Yoast SEO plugin. -->","yoast_head_json":{"title":"\u010ce\u0161ki predsjednik zaprijetio da ne\u0107e imenovati pobjednika izbora premijerom - dmcsrb.com","robots":{"index":"index","follow":"follow","max-snippet":"max-snippet:-1","max-image-preview":"max-image-preview:large","max-video-preview":"max-video-preview:-1"},"canonical":"https:\/\/dmcsrb.com\/en\/svijet\/ceski-predsjednik-zaprijetio-da-nece-imenovati-pobjednika-izbora-premijerom\/","og_locale":"en_GB","og_type":"article","og_title":"\u010ce\u0161ki predsjednik zaprijetio da ne\u0107e imenovati pobjednika izbora premijerom - dmcsrb.com","og_description":"\u010ce\u0161ki predsjednik Petr Pavel zaprijetio je da zbog sukoba interesa ne\u0107e za premijera imenovati Andreja Babi\u0161a, pobjednika nedavnih parlamentarnih izbora.","og_url":"https:\/\/dmcsrb.com\/en\/svijet\/ceski-predsjednik-zaprijetio-da-nece-imenovati-pobjednika-izbora-premijerom\/","og_site_name":"dmcsrb.com","article_published_time":"2025-11-17T16:11:00+00:00","og_image":[{"width":599,"height":400,"url":"https:\/\/dmcsrb.com\/wp-content\/uploads\/2026\/01\/download-4-3.webp","type":"image\/jpeg"}],"author":"dmcsrbija.com@gmail.com","twitter_card":"summary_large_image","twitter_misc":{"Written by":"dmcsrbija.com@gmail.com","Estimated reading time":"1 minute"},"schema":{"@context":"https:\/\/schema.org","@graph":[{"@type":"Article","@id":"https:\/\/dmcsrb.com\/svijet\/ceski-predsjednik-zaprijetio-da-nece-imenovati-pobjednika-izbora-premijerom\/#article","isPartOf":{"@id":"https:\/\/dmcsrb.com\/svijet\/ceski-predsjednik-zaprijetio-da-nece-imenovati-pobjednika-izbora-premijerom\/"},"author":{"name":"dmcsrbija.com@gmail.com","@id":"https:\/\/dmcsrb.com\/#\/schema\/person\/5c39170f12db1b8b457732d0b5c854e2"},"headline":"\u010ce\u0161ki predsjednik zaprijetio da ne\u0107e imenovati pobjednika izbora premijerom","datePublished":"2025-11-17T16:11:00+00:00","mainEntityOfPage":{"@id":"https:\/\/dmcsrb.com\/svijet\/ceski-predsjednik-zaprijetio-da-nece-imenovati-pobjednika-izbora-premijerom\/"},"wordCount":162,"commentCount":0,"image":{"@id":"https:\/\/dmcsrb.com\/svijet\/ceski-predsjednik-zaprijetio-da-nece-imenovati-pobjednika-izbora-premijerom\/#primaryimage"},"thumbnailUrl":"https:\/\/dmcsrb.com\/wp-content\/uploads\/2026\/01\/download-4-3.webp","keywords":["\u010dE\u0160KI PREDSJEDNIK","Imenovanje pobjednika izbora","Premijer","Prijetnja"],"articleSection":["Svijet"],"inLanguage":"en-GB","potentialAction":[{"@type":"CommentAction","name":"Comment","target":["https:\/\/dmcsrb.com\/svijet\/ceski-predsjednik-zaprijetio-da-nece-imenovati-pobjednika-izbora-premijerom\/#respond"]}]},{"@type":"WebPage","@id":"https:\/\/dmcsrb.com\/svijet\/ceski-predsjednik-zaprijetio-da-nece-imenovati-pobjednika-izbora-premijerom\/","url":"https:\/\/dmcsrb.com\/svijet\/ceski-predsjednik-zaprijetio-da-nece-imenovati-pobjednika-izbora-premijerom\/","name":"\u010ce\u0161ki predsjednik zaprijetio da ne\u0107e imenovati pobjednika izbora premijerom - dmcsrb.com","isPartOf":{"@id":"https:\/\/dmcsrb.com\/#website"},"primaryImageOfPage":{"@id":"https:\/\/dmcsrb.com\/svijet\/ceski-predsjednik-zaprijetio-da-nece-imenovati-pobjednika-izbora-premijerom\/#primaryimage"},"image":{"@id":"https:\/\/dmcsrb.com\/svijet\/ceski-predsjednik-zaprijetio-da-nece-imenovati-pobjednika-izbora-premijerom\/#primaryimage"},"thumbnailUrl":"https:\/\/dmcsrb.com\/wp-content\/uploads\/2026\/01\/download-4-3.webp","datePublished":"2025-11-17T16:11:00+00:00","author":{"@id":"https:\/\/dmcsrb.com\/#\/schema\/person\/5c39170f12db1b8b457732d0b5c854e2"},"breadcrumb":{"@id":"https:\/\/dmcsrb.com\/svijet\/ceski-predsjednik-zaprijetio-da-nece-imenovati-pobjednika-izbora-premijerom\/#breadcrumb"},"inLanguage":"en-GB","potentialAction":[{"@type":"ReadAction","target":["https:\/\/dmcsrb.com\/svijet\/ceski-predsjednik-zaprijetio-da-nece-imenovati-pobjednika-izbora-premijerom\/"]}]},{"@type":"ImageObject","inLanguage":"en-GB","@id":"https:\/\/dmcsrb.com\/svijet\/ceski-predsjednik-zaprijetio-da-nece-imenovati-pobjednika-izbora-premijerom\/#primaryimage","url":"https:\/\/dmcsrb.com\/wp-content\/uploads\/2026\/01\/download-4-3.webp","contentUrl":"https:\/\/dmcsrb.com\/wp-content\/uploads\/2026\/01\/download-4-3.webp","width":599,"height":400},{"@type":"BreadcrumbList","@id":"https:\/\/dmcsrb.com\/svijet\/ceski-predsjednik-zaprijetio-da-nece-imenovati-pobjednika-izbora-premijerom\/#breadcrumb","itemListElement":[{"@type":"ListItem","position":1,"name":"Home","item":"https:\/\/dmcsrb.com\/"},{"@type":"ListItem","position":2,"name":"\u010ce\u0161ki predsjednik zaprijetio da ne\u0107e imenovati pobjednika izbora premijerom"}]},{"@type":"WebSite","@id":"https:\/\/dmcsrb.com\/#website","url":"https:\/\/dmcsrb.com\/","name":"dmcsrb.com","description":"","potentialAction":[{"@type":"SearchAction","target":{"@type":"EntryPoint","urlTemplate":"https:\/\/dmcsrb.com\/?s={search_term_string}"},"query-input":{"@type":"PropertyValueSpecification","valueRequired":true,"valueName":"search_term_string"}}],"inLanguage":"en-GB"},{"@type":"Person","@id":"https:\/\/dmcsrb.com\/#\/schema\/person\/5c39170f12db1b8b457732d0b5c854e2","name":"dmcsrbija.com@gmail.com","image":{"@type":"ImageObject","inLanguage":"en-GB","@id":"https:\/\/secure.gravatar.com\/avatar\/68592660ad6347fad0fb587f8d5d8f1a7b44961362f56e4f2cd524feb87e9069?s=96&d=mm&r=g","url":"https:\/\/secure.gravatar.com\/avatar\/68592660ad6347fad0fb587f8d5d8f1a7b44961362f56e4f2cd524feb87e9069?s=96&d=mm&r=g","contentUrl":"https:\/\/secure.gravatar.com\/avatar\/68592660ad6347fad0fb587f8d5d8f1a7b44961362f56e4f2cd524feb87e9069?s=96&d=mm&r=g","caption":"dmcsrbija.com@gmail.com"},"sameAs":["https:\/\/dmcsrb.com"],"url":"https:\/\/dmcsrb.com\/en\/author\/dmcsrbija-comgmail-com\/"}]}},"_links":{"self":[{"href":"https:\/\/dmcsrb.com\/en\/wp-json\/wp\/v2\/posts\/964084","targetHints":{"allow":["GET"]}}],"collection":[{"href":"https:\/\/dmcsrb.com\/en\/wp-json\/wp\/v2\/posts"}],"about":[{"href":"https:\/\/dmcsrb.com\/en\/wp-json\/wp\/v2\/types\/post"}],"author":[{"embeddable":true,"href":"https:\/\/dmcsrb.com\/en\/wp-json\/wp\/v2\/users\/1"}],"replies":[{"embeddable":true,"href":"https:\/\/dmcsrb.com\/en\/wp-json\/wp\/v2\/comments?post=964084"}],"version-history":[{"count":0,"href":"https:\/\/dmcsrb.com\/en\/wp-json\/wp\/v2\/posts\/964084\/revisions"}],"wp:featuredmedia":[{"embeddable":true,"href":"https:\/\/dmcsrb.com\/en\/wp-json\/wp\/v2\/media\/964085"}],"wp:attachment":[{"href":"https:\/\/dmcsrb.com\/en\/wp-json\/wp\/v2\/media?parent=964084"}],"wp:term":[{"taxonomy":"category","embeddable":true,"href":"https:\/\/dmcsrb.com\/en\/wp-json\/wp\/v2\/categories?post=964084"},{"taxonomy":"post_tag","embeddable":true,"href":"https:\/\/dmcsrb.com\/en\/wp-json\/wp\/v2\/tags?post=964084"},{"taxonomy":"naslovna","embeddable":true,"href":"https:\/\/dmcsrb.com\/en\/wp-json\/wp\/v2\/naslovna?post=964084"}],"curies":[{"name":"wp","href":"https:\/\/api.w.org\/{rel}","templated":true}]}}