{"id":964060,"date":"2025-11-17T13:49:43","date_gmt":"2025-11-17T12:49:43","guid":{"rendered":"https:\/\/dmcsrb.com\/uncategorized\/spajic-i-vadeful-zelimo-da-crna-gora-bude-uspjesna-evropska-prica\/"},"modified":"2025-11-17T13:49:43","modified_gmt":"2025-11-17T12:49:43","slug":"spajic-i-vadeful-zelimo-da-crna-gora-bude-uspjesna-evropska-prica","status":"publish","type":"post","link":"https:\/\/dmcsrb.com\/en\/politika\/spajic-i-vadeful-zelimo-da-crna-gora-bude-uspjesna-evropska-prica\/","title":{"rendered":"Spaji\u0107 i Vadeful: \u017delimo da Crna Gora bude uspje\u0161na evropska pri\u010da"},"content":{"rendered":"<p><\/p>\n\n\n\n<p>Premijer je upoznao sagovornika sa aktivnostima Vlade na zatvaranju svih pregovara\u010dkih poglavlja do kraja 2026. godine. Naglasio je da Crna Gora kontinuirano, kroz konkretne i mjerljive korake, potvr\u0111uje spremnost da postane dio evropskih struktura, \u010demu svjedo\u010di i nedavni izvje\u0161taj Evropske komisije. \u201cZadr\u017eavamo tempo promjena jer ne \u017eelimo da bilo koja dr\u017eava \u010dlanica prilikom dono\u0161enja odluke o Crnoj Gori ima i najmanju rezervu\u201d poru\u010dio je premijer.&nbsp;<\/p>\n\n\n\n<p>Ministar Vadeful je iskazao punu podr\u0161ku evropskoj integraciji Crne Gore isti\u010du\u0107i da ostaju posve\u0107eni pro\u0161irenju Evropske unije na Zapadni Balkan \u201c\u017delimo da Crna Gora bude uspje\u0161na pri\u010da politike pro\u0161irenja\u201d, poru\u010dio je njema\u010dki \u0161ef diplomatije.&nbsp;<\/p>\n\n\n\n<p>Na sastanku je istaknut zna\u010daj obezbje\u0111ivanja nezavisnosti institucija, nastavak borbe protiv organizovanog kriminala i o\u010duvanje tempa reformskih procesa. U tom dijelu posebno je istaknuta i ekspertska podr\u0161ka SR Njema\u010dke, koja po rije\u010dima ministra Vadefula, ostaje neupitna.<\/p>\n\n\n\n<p>Tokom razgovora, premijer se osvrnuo na ambicioznu agendu Vlade za naredni period, isti\u010du\u0107i da \u0107e u godini obilje\u017eavanja 20 godina od obnove nezavisnosti, Crna Gora predsjedavati Berlinskim procesom, Fondom za Zapadni Balkan i biti doma\u0107in Samita EU-ZB.<\/p>\n\n\n\n<p>Sagovornici su saglasni da su politi\u010dki odnosi dvije zemlje veoma dobri te kao takvi \u010dine \u010dvrste temelje za dalji razvoj privredne saradnje. Na toj liniji o\u010dekuje se da Lidl uskoro postane operativan, kao i da se u narednom periodu stvore uslovi za privla\u010denje novih njema\u010dkih investicija.<\/p>\n\n\n\n<p>Na sastanku je ocijenjeno da obje zemlje ostaju \u010dvrsto posve\u0107ene ja\u010danju strate\u0161kog partnerstva, u cilju postizanja stabilnosti i daljeg uspjeha na planu integracija u regionu.<\/p>","protected":false},"excerpt":{"rendered":"<p>O napretku koji Crna Gora ostvaruje na evropskom putu i prioritetima bilateralne saradnje, predsjednik Vlade Milojko Spaji\u0107 razgovarao je sa ministrom vanjskih poslova Savezne Republike Njema\u010dke Johanom Vadefulom koji danas boravi u Podgorici u okviru prve posjete regionu, saop\u0161teno je iz Kabineta predsjednika Vlade.<\/p>","protected":false},"author":1,"featured_media":964061,"comment_status":"open","ping_status":"open","sticky":false,"template":"","format":"standard","meta":{"_acf_changed":false,"footnotes":""},"categories":[12],"tags":[95,3887,14435,166],"naslovna":[],"class_list":["post-964060","post","type-post","status-publish","format-standard","has-post-thumbnail","hentry","category-politika","tag-crna-gora","tag-evropska-prica","tag-johan-vadeful","tag-milojko-spajic"],"acf":[],"yoast_head":"<!-- This site is optimized with the Yoast SEO plugin v27.4 - https:\/\/yoast.com\/product\/yoast-seo-wordpress\/ -->\n<title>Spaji\u0107 i Vadeful: \u017delimo da Crna Gora bude uspje\u0161na evropska pri\u010da - dmcsrb.com<\/title>\n<meta name=\"robots\" content=\"index, follow, max-snippet:-1, max-image-preview:large, max-video-preview:-1\" \/>\n<link rel=\"canonical\" href=\"https:\/\/dmcsrb.com\/en\/politika\/spajic-i-vadeful-zelimo-da-crna-gora-bude-uspjesna-evropska-prica\/\" \/>\n<meta property=\"og:locale\" content=\"en_GB\" \/>\n<meta property=\"og:type\" content=\"article\" \/>\n<meta property=\"og:title\" content=\"Spaji\u0107 i Vadeful: \u017delimo da Crna Gora bude uspje\u0161na evropska pri\u010da - dmcsrb.com\" \/>\n<meta property=\"og:description\" content=\"O napretku koji Crna Gora ostvaruje na evropskom putu i prioritetima bilateralne saradnje, predsjednik Vlade Milojko Spaji\u0107 razgovarao je sa ministrom vanjskih poslova Savezne Republike Njema\u010dke Johanom Vadefulom koji danas boravi u Podgorici u okviru prve posjete regionu, saop\u0161teno je iz Kabineta predsjednika Vlade.\" \/>\n<meta property=\"og:url\" content=\"https:\/\/dmcsrb.com\/en\/politika\/spajic-i-vadeful-zelimo-da-crna-gora-bude-uspjesna-evropska-prica\/\" \/>\n<meta property=\"og:site_name\" content=\"dmcsrb.com\" \/>\n<meta property=\"article:published_time\" content=\"2025-11-17T12:49:43+00:00\" \/>\n<meta property=\"og:image\" content=\"https:\/\/dmcsrb.com\/wp-content\/uploads\/2026\/01\/54929660229_966a6b4a71_c.webp\" \/>\n\t<meta property=\"og:image:width\" content=\"799\" \/>\n\t<meta property=\"og:image:height\" content=\"532\" \/>\n\t<meta property=\"og:image:type\" content=\"image\/jpeg\" \/>\n<meta name=\"author\" content=\"dmcsrbija.com@gmail.com\" \/>\n<meta name=\"twitter:card\" content=\"summary_large_image\" \/>\n<meta name=\"twitter:label1\" content=\"Written by\" \/>\n\t<meta name=\"twitter:data1\" content=\"dmcsrbija.com@gmail.com\" \/>\n\t<meta name=\"twitter:label2\" content=\"Estimated reading time\" \/>\n\t<meta name=\"twitter:data2\" content=\"1 minute\" \/>\n<script type=\"application\/ld+json\" class=\"yoast-schema-graph\">{\"@context\":\"https:\\\/\\\/schema.org\",\"@graph\":[{\"@type\":\"Article\",\"@id\":\"https:\\\/\\\/dmcsrb.com\\\/en\\\/politika\\\/spajic-i-vadeful-zelimo-da-crna-gora-bude-uspjesna-evropska-prica\\\/#article\",\"isPartOf\":{\"@id\":\"https:\\\/\\\/dmcsrb.com\\\/en\\\/politika\\\/spajic-i-vadeful-zelimo-da-crna-gora-bude-uspjesna-evropska-prica\\\/\"},\"author\":{\"name\":\"dmcsrbija.com@gmail.com\",\"@id\":\"https:\\\/\\\/dmcsrb.com\\\/#\\\/schema\\\/person\\\/5c39170f12db1b8b457732d0b5c854e2\"},\"headline\":\"Spaji\u0107 i Vadeful: \u017delimo da Crna Gora bude uspje\u0161na evropska pri\u010da\",\"datePublished\":\"2025-11-17T12:49:43+00:00\",\"mainEntityOfPage\":{\"@id\":\"https:\\\/\\\/dmcsrb.com\\\/en\\\/politika\\\/spajic-i-vadeful-zelimo-da-crna-gora-bude-uspjesna-evropska-prica\\\/\"},\"wordCount\":291,\"commentCount\":0,\"image\":{\"@id\":\"https:\\\/\\\/dmcsrb.com\\\/en\\\/politika\\\/spajic-i-vadeful-zelimo-da-crna-gora-bude-uspjesna-evropska-prica\\\/#primaryimage\"},\"thumbnailUrl\":\"https:\\\/\\\/dmcsrb.com\\\/wp-content\\\/uploads\\\/2026\\\/01\\\/54929660229_966a6b4a71_c.webp\",\"keywords\":[\"Crna Gora\",\"Evropska pri\u010da\",\"Johan Vadeful\",\"Milojko Spaji\u0107\"],\"articleSection\":[\"Politika\"],\"inLanguage\":\"en-GB\",\"potentialAction\":[{\"@type\":\"CommentAction\",\"name\":\"Comment\",\"target\":[\"https:\\\/\\\/dmcsrb.com\\\/en\\\/politika\\\/spajic-i-vadeful-zelimo-da-crna-gora-bude-uspjesna-evropska-prica\\\/#respond\"]}]},{\"@type\":\"WebPage\",\"@id\":\"https:\\\/\\\/dmcsrb.com\\\/en\\\/politika\\\/spajic-i-vadeful-zelimo-da-crna-gora-bude-uspjesna-evropska-prica\\\/\",\"url\":\"https:\\\/\\\/dmcsrb.com\\\/en\\\/politika\\\/spajic-i-vadeful-zelimo-da-crna-gora-bude-uspjesna-evropska-prica\\\/\",\"name\":\"Spaji\u0107 i Vadeful: \u017delimo da Crna Gora bude uspje\u0161na evropska pri\u010da - dmcsrb.com\",\"isPartOf\":{\"@id\":\"https:\\\/\\\/dmcsrb.com\\\/#website\"},\"primaryImageOfPage\":{\"@id\":\"https:\\\/\\\/dmcsrb.com\\\/en\\\/politika\\\/spajic-i-vadeful-zelimo-da-crna-gora-bude-uspjesna-evropska-prica\\\/#primaryimage\"},\"image\":{\"@id\":\"https:\\\/\\\/dmcsrb.com\\\/en\\\/politika\\\/spajic-i-vadeful-zelimo-da-crna-gora-bude-uspjesna-evropska-prica\\\/#primaryimage\"},\"thumbnailUrl\":\"https:\\\/\\\/dmcsrb.com\\\/wp-content\\\/uploads\\\/2026\\\/01\\\/54929660229_966a6b4a71_c.webp\",\"datePublished\":\"2025-11-17T12:49:43+00:00\",\"author\":{\"@id\":\"https:\\\/\\\/dmcsrb.com\\\/#\\\/schema\\\/person\\\/5c39170f12db1b8b457732d0b5c854e2\"},\"breadcrumb\":{\"@id\":\"https:\\\/\\\/dmcsrb.com\\\/en\\\/politika\\\/spajic-i-vadeful-zelimo-da-crna-gora-bude-uspjesna-evropska-prica\\\/#breadcrumb\"},\"inLanguage\":\"en-GB\",\"potentialAction\":[{\"@type\":\"ReadAction\",\"target\":[\"https:\\\/\\\/dmcsrb.com\\\/en\\\/politika\\\/spajic-i-vadeful-zelimo-da-crna-gora-bude-uspjesna-evropska-prica\\\/\"]}]},{\"@type\":\"ImageObject\",\"inLanguage\":\"en-GB\",\"@id\":\"https:\\\/\\\/dmcsrb.com\\\/en\\\/politika\\\/spajic-i-vadeful-zelimo-da-crna-gora-bude-uspjesna-evropska-prica\\\/#primaryimage\",\"url\":\"https:\\\/\\\/dmcsrb.com\\\/wp-content\\\/uploads\\\/2026\\\/01\\\/54929660229_966a6b4a71_c.webp\",\"contentUrl\":\"https:\\\/\\\/dmcsrb.com\\\/wp-content\\\/uploads\\\/2026\\\/01\\\/54929660229_966a6b4a71_c.webp\",\"width\":799,\"height\":532},{\"@type\":\"BreadcrumbList\",\"@id\":\"https:\\\/\\\/dmcsrb.com\\\/en\\\/politika\\\/spajic-i-vadeful-zelimo-da-crna-gora-bude-uspjesna-evropska-prica\\\/#breadcrumb\",\"itemListElement\":[{\"@type\":\"ListItem\",\"position\":1,\"name\":\"Home\",\"item\":\"https:\\\/\\\/dmcsrb.com\\\/\"},{\"@type\":\"ListItem\",\"position\":2,\"name\":\"Spaji\u0107 i Vadeful: \u017delimo da Crna Gora bude uspje\u0161na evropska pri\u010da\"}]},{\"@type\":\"WebSite\",\"@id\":\"https:\\\/\\\/dmcsrb.com\\\/#website\",\"url\":\"https:\\\/\\\/dmcsrb.com\\\/\",\"name\":\"dmcsrb.com\",\"description\":\"\",\"potentialAction\":[{\"@type\":\"SearchAction\",\"target\":{\"@type\":\"EntryPoint\",\"urlTemplate\":\"https:\\\/\\\/dmcsrb.com\\\/?s={search_term_string}\"},\"query-input\":{\"@type\":\"PropertyValueSpecification\",\"valueRequired\":true,\"valueName\":\"search_term_string\"}}],\"inLanguage\":\"en-GB\"},{\"@type\":\"Person\",\"@id\":\"https:\\\/\\\/dmcsrb.com\\\/#\\\/schema\\\/person\\\/5c39170f12db1b8b457732d0b5c854e2\",\"name\":\"dmcsrbija.com@gmail.com\",\"image\":{\"@type\":\"ImageObject\",\"inLanguage\":\"en-GB\",\"@id\":\"https:\\\/\\\/secure.gravatar.com\\\/avatar\\\/68592660ad6347fad0fb587f8d5d8f1a7b44961362f56e4f2cd524feb87e9069?s=96&d=mm&r=g\",\"url\":\"https:\\\/\\\/secure.gravatar.com\\\/avatar\\\/68592660ad6347fad0fb587f8d5d8f1a7b44961362f56e4f2cd524feb87e9069?s=96&d=mm&r=g\",\"contentUrl\":\"https:\\\/\\\/secure.gravatar.com\\\/avatar\\\/68592660ad6347fad0fb587f8d5d8f1a7b44961362f56e4f2cd524feb87e9069?s=96&d=mm&r=g\",\"caption\":\"dmcsrbija.com@gmail.com\"},\"sameAs\":[\"https:\\\/\\\/dmcsrb.com\"],\"url\":\"https:\\\/\\\/dmcsrb.com\\\/en\\\/author\\\/dmcsrbija-comgmail-com\\\/\"}]}<\/script>\n<!-- \/ Yoast SEO plugin. -->","yoast_head_json":{"title":"Spaji\u0107 i Vadeful: \u017delimo da Crna Gora bude uspje\u0161na evropska pri\u010da - dmcsrb.com","robots":{"index":"index","follow":"follow","max-snippet":"max-snippet:-1","max-image-preview":"max-image-preview:large","max-video-preview":"max-video-preview:-1"},"canonical":"https:\/\/dmcsrb.com\/en\/politika\/spajic-i-vadeful-zelimo-da-crna-gora-bude-uspjesna-evropska-prica\/","og_locale":"en_GB","og_type":"article","og_title":"Spaji\u0107 i Vadeful: \u017delimo da Crna Gora bude uspje\u0161na evropska pri\u010da - dmcsrb.com","og_description":"O napretku koji Crna Gora ostvaruje na evropskom putu i prioritetima bilateralne saradnje, predsjednik Vlade Milojko Spaji\u0107 razgovarao je sa ministrom vanjskih poslova Savezne Republike Njema\u010dke Johanom Vadefulom koji danas boravi u Podgorici u okviru prve posjete regionu, saop\u0161teno je iz Kabineta predsjednika Vlade.","og_url":"https:\/\/dmcsrb.com\/en\/politika\/spajic-i-vadeful-zelimo-da-crna-gora-bude-uspjesna-evropska-prica\/","og_site_name":"dmcsrb.com","article_published_time":"2025-11-17T12:49:43+00:00","og_image":[{"width":799,"height":532,"url":"https:\/\/dmcsrb.com\/wp-content\/uploads\/2026\/01\/54929660229_966a6b4a71_c.webp","type":"image\/jpeg"}],"author":"dmcsrbija.com@gmail.com","twitter_card":"summary_large_image","twitter_misc":{"Written by":"dmcsrbija.com@gmail.com","Estimated reading time":"1 minute"},"schema":{"@context":"https:\/\/schema.org","@graph":[{"@type":"Article","@id":"https:\/\/dmcsrb.com\/en\/politika\/spajic-i-vadeful-zelimo-da-crna-gora-bude-uspjesna-evropska-prica\/#article","isPartOf":{"@id":"https:\/\/dmcsrb.com\/en\/politika\/spajic-i-vadeful-zelimo-da-crna-gora-bude-uspjesna-evropska-prica\/"},"author":{"name":"dmcsrbija.com@gmail.com","@id":"https:\/\/dmcsrb.com\/#\/schema\/person\/5c39170f12db1b8b457732d0b5c854e2"},"headline":"Spaji\u0107 i Vadeful: \u017delimo da Crna Gora bude uspje\u0161na evropska pri\u010da","datePublished":"2025-11-17T12:49:43+00:00","mainEntityOfPage":{"@id":"https:\/\/dmcsrb.com\/en\/politika\/spajic-i-vadeful-zelimo-da-crna-gora-bude-uspjesna-evropska-prica\/"},"wordCount":291,"commentCount":0,"image":{"@id":"https:\/\/dmcsrb.com\/en\/politika\/spajic-i-vadeful-zelimo-da-crna-gora-bude-uspjesna-evropska-prica\/#primaryimage"},"thumbnailUrl":"https:\/\/dmcsrb.com\/wp-content\/uploads\/2026\/01\/54929660229_966a6b4a71_c.webp","keywords":["Crna Gora","Evropska pri\u010da","Johan Vadeful","Milojko Spaji\u0107"],"articleSection":["Politika"],"inLanguage":"en-GB","potentialAction":[{"@type":"CommentAction","name":"Comment","target":["https:\/\/dmcsrb.com\/en\/politika\/spajic-i-vadeful-zelimo-da-crna-gora-bude-uspjesna-evropska-prica\/#respond"]}]},{"@type":"WebPage","@id":"https:\/\/dmcsrb.com\/en\/politika\/spajic-i-vadeful-zelimo-da-crna-gora-bude-uspjesna-evropska-prica\/","url":"https:\/\/dmcsrb.com\/en\/politika\/spajic-i-vadeful-zelimo-da-crna-gora-bude-uspjesna-evropska-prica\/","name":"Spaji\u0107 i Vadeful: \u017delimo da Crna Gora bude uspje\u0161na evropska pri\u010da - dmcsrb.com","isPartOf":{"@id":"https:\/\/dmcsrb.com\/#website"},"primaryImageOfPage":{"@id":"https:\/\/dmcsrb.com\/en\/politika\/spajic-i-vadeful-zelimo-da-crna-gora-bude-uspjesna-evropska-prica\/#primaryimage"},"image":{"@id":"https:\/\/dmcsrb.com\/en\/politika\/spajic-i-vadeful-zelimo-da-crna-gora-bude-uspjesna-evropska-prica\/#primaryimage"},"thumbnailUrl":"https:\/\/dmcsrb.com\/wp-content\/uploads\/2026\/01\/54929660229_966a6b4a71_c.webp","datePublished":"2025-11-17T12:49:43+00:00","author":{"@id":"https:\/\/dmcsrb.com\/#\/schema\/person\/5c39170f12db1b8b457732d0b5c854e2"},"breadcrumb":{"@id":"https:\/\/dmcsrb.com\/en\/politika\/spajic-i-vadeful-zelimo-da-crna-gora-bude-uspjesna-evropska-prica\/#breadcrumb"},"inLanguage":"en-GB","potentialAction":[{"@type":"ReadAction","target":["https:\/\/dmcsrb.com\/en\/politika\/spajic-i-vadeful-zelimo-da-crna-gora-bude-uspjesna-evropska-prica\/"]}]},{"@type":"ImageObject","inLanguage":"en-GB","@id":"https:\/\/dmcsrb.com\/en\/politika\/spajic-i-vadeful-zelimo-da-crna-gora-bude-uspjesna-evropska-prica\/#primaryimage","url":"https:\/\/dmcsrb.com\/wp-content\/uploads\/2026\/01\/54929660229_966a6b4a71_c.webp","contentUrl":"https:\/\/dmcsrb.com\/wp-content\/uploads\/2026\/01\/54929660229_966a6b4a71_c.webp","width":799,"height":532},{"@type":"BreadcrumbList","@id":"https:\/\/dmcsrb.com\/en\/politika\/spajic-i-vadeful-zelimo-da-crna-gora-bude-uspjesna-evropska-prica\/#breadcrumb","itemListElement":[{"@type":"ListItem","position":1,"name":"Home","item":"https:\/\/dmcsrb.com\/"},{"@type":"ListItem","position":2,"name":"Spaji\u0107 i Vadeful: \u017delimo da Crna Gora bude uspje\u0161na evropska pri\u010da"}]},{"@type":"WebSite","@id":"https:\/\/dmcsrb.com\/#website","url":"https:\/\/dmcsrb.com\/","name":"dmcsrb.com","description":"","potentialAction":[{"@type":"SearchAction","target":{"@type":"EntryPoint","urlTemplate":"https:\/\/dmcsrb.com\/?s={search_term_string}"},"query-input":{"@type":"PropertyValueSpecification","valueRequired":true,"valueName":"search_term_string"}}],"inLanguage":"en-GB"},{"@type":"Person","@id":"https:\/\/dmcsrb.com\/#\/schema\/person\/5c39170f12db1b8b457732d0b5c854e2","name":"dmcsrbija.com@gmail.com","image":{"@type":"ImageObject","inLanguage":"en-GB","@id":"https:\/\/secure.gravatar.com\/avatar\/68592660ad6347fad0fb587f8d5d8f1a7b44961362f56e4f2cd524feb87e9069?s=96&d=mm&r=g","url":"https:\/\/secure.gravatar.com\/avatar\/68592660ad6347fad0fb587f8d5d8f1a7b44961362f56e4f2cd524feb87e9069?s=96&d=mm&r=g","contentUrl":"https:\/\/secure.gravatar.com\/avatar\/68592660ad6347fad0fb587f8d5d8f1a7b44961362f56e4f2cd524feb87e9069?s=96&d=mm&r=g","caption":"dmcsrbija.com@gmail.com"},"sameAs":["https:\/\/dmcsrb.com"],"url":"https:\/\/dmcsrb.com\/en\/author\/dmcsrbija-comgmail-com\/"}]}},"_links":{"self":[{"href":"https:\/\/dmcsrb.com\/en\/wp-json\/wp\/v2\/posts\/964060","targetHints":{"allow":["GET"]}}],"collection":[{"href":"https:\/\/dmcsrb.com\/en\/wp-json\/wp\/v2\/posts"}],"about":[{"href":"https:\/\/dmcsrb.com\/en\/wp-json\/wp\/v2\/types\/post"}],"author":[{"embeddable":true,"href":"https:\/\/dmcsrb.com\/en\/wp-json\/wp\/v2\/users\/1"}],"replies":[{"embeddable":true,"href":"https:\/\/dmcsrb.com\/en\/wp-json\/wp\/v2\/comments?post=964060"}],"version-history":[{"count":0,"href":"https:\/\/dmcsrb.com\/en\/wp-json\/wp\/v2\/posts\/964060\/revisions"}],"wp:featuredmedia":[{"embeddable":true,"href":"https:\/\/dmcsrb.com\/en\/wp-json\/wp\/v2\/media\/964061"}],"wp:attachment":[{"href":"https:\/\/dmcsrb.com\/en\/wp-json\/wp\/v2\/media?parent=964060"}],"wp:term":[{"taxonomy":"category","embeddable":true,"href":"https:\/\/dmcsrb.com\/en\/wp-json\/wp\/v2\/categories?post=964060"},{"taxonomy":"post_tag","embeddable":true,"href":"https:\/\/dmcsrb.com\/en\/wp-json\/wp\/v2\/tags?post=964060"},{"taxonomy":"naslovna","embeddable":true,"href":"https:\/\/dmcsrb.com\/en\/wp-json\/wp\/v2\/naslovna?post=964060"}],"curies":[{"name":"wp","href":"https:\/\/api.w.org\/{rel}","templated":true}]}}