{"id":963988,"date":"2025-11-17T09:19:14","date_gmt":"2025-11-17T08:19:14","guid":{"rendered":"https:\/\/dmcsrb.com\/uncategorized\/budva-uhapseni-maloljetnici-izudarali-covjeka-i-oteli-mu-torbicu\/"},"modified":"2025-11-17T09:19:14","modified_gmt":"2025-11-17T08:19:14","slug":"budva-uhapseni-maloljetnici-izudarali-covjeka-i-oteli-mu-torbicu","status":"publish","type":"post","link":"https:\/\/dmcsrb.com\/en\/hronika\/budva-uhapseni-maloljetnici-izudarali-covjeka-i-oteli-mu-torbicu\/","title":{"rendered":"Budva: Uhap\u0161eni maloljetnici, izudarali \u010dovjeka i oteli mu torbicu"},"content":{"rendered":"<p>&#8220;Naime, u Odjeljenje bezbjednosti Budva je 16. novembra pristupilo o\u0161te\u0107eno lice iz toga grada koje je prijavilo da je tokom prethodne no\u0107i, dok se nalazio u jednom parku u centru grada, fizi\u010dki napadnut od strane nekoliko nepoznatih lica koja su mu zadala udarce u predjelu glave i tijela, a potom su uz upotrebu sile od njega otu\u0111ili torbicu&#8221;, stoji u saop\u0161tenju.<\/p>\n\n\n\n<p>Kako ka\u017eu, policijski slu\u017ebenici preduzeli su niz mjera i radnji iz svoje nadle\u017enosti i intenzivnim radom na terenu identifikovali tri maloljetna izvr\u0161ioca starosti 15, 17 i 18 godina, svi iz Nik\u0161i\u0107a. <\/p>\n\n\n\n<p>&#8220;Oni su locirani i dovedeni u slu\u017ebene prostorije Odjeljenja bezbjednosti Budva te su od njih prikupljena obavje\u0161tenja na zapisnik u odnosu na date okolnosti&#8221;, navode iz Policije.<\/p>\n\n\n\n<p>Sa cjelokupnim doga\u0111ajem upoznat je tu\u017eilac u Osnovnom dr\u017eavnom tu\u017eila\u0161tvu u Kotoru koji je nalo\u017eio da se spisi predmeta upute u Vi\u0161e dr\u017eavno tu\u017eila\u0161tvo u Podgorici, te je nakon upoznavanja tu\u017eioca u tom tu\u017eila\u0161tvu isti nalo\u017eio da se ova tri lica li\u0161e slobode zbog sumnje da su izvr\u0161ili krivi\u010dno djelo razbojni\u0161tvo.<\/p>\n\n\n\n<p>&#8220;Oni su uz krivi\u010dnu prijavu privedeni tu\u017eiocu u Vi\u0161em dr\u017eavnom tu\u017eila\u0161tvu u Podgorici na dalju nadle\u017enost u zakonskom roku&#8221;, zaklju\u010dak je saop\u0161tenja.<\/p>","protected":false},"excerpt":{"rendered":"<p>Policijski slu\u017ebenici Regionalnog centra bezbjednosti \u201eJug\u201c, Odjeljenja bezbjednost Budva preduzeli su intenzivne aktivnosti u cilju rasvjetljavanja razbojni\u0161tva koje se dogodilo 16. novembra oko jedan \u010das poslije pono\u0107i, te identifikovali tri maloljetna lica kao izvr\u0161ioce i li\u0161ili ih slobode, saop\u0161teno je iz Uprave policije (UP).<\/p>","protected":false},"author":1,"featured_media":944432,"comment_status":"open","ping_status":"open","sticky":false,"template":"","format":"standard","meta":{"_acf_changed":false,"footnotes":""},"categories":[17],"tags":[186,82,7523,4983],"naslovna":[],"class_list":["post-963988","post","type-post","status-publish","format-standard","has-post-thumbnail","hentry","category-hronika","tag-budva","tag-hapsenje","tag-maloljetnici","tag-razbojnistvo"],"acf":[],"yoast_head":"<!-- This site is optimized with the Yoast SEO plugin v27.4 - https:\/\/yoast.com\/product\/yoast-seo-wordpress\/ -->\n<title>Budva: Uhap\u0161eni maloljetnici, izudarali \u010dovjeka i oteli mu torbicu - dmcsrb.com<\/title>\n<meta name=\"robots\" content=\"index, follow, max-snippet:-1, max-image-preview:large, max-video-preview:-1\" \/>\n<link rel=\"canonical\" href=\"https:\/\/dmcsrb.com\/en\/hronika\/budva-uhapseni-maloljetnici-izudarali-covjeka-i-oteli-mu-torbicu\/\" \/>\n<meta property=\"og:locale\" content=\"en_GB\" \/>\n<meta property=\"og:type\" content=\"article\" \/>\n<meta property=\"og:title\" content=\"Budva: Uhap\u0161eni maloljetnici, izudarali \u010dovjeka i oteli mu torbicu - dmcsrb.com\" \/>\n<meta property=\"og:description\" content=\"Policijski slu\u017ebenici Regionalnog centra bezbjednosti \u201eJug\u201c, Odjeljenja bezbjednost Budva preduzeli su intenzivne aktivnosti u cilju rasvjetljavanja razbojni\u0161tva koje se dogodilo 16. novembra oko jedan \u010das poslije pono\u0107i, te identifikovali tri maloljetna lica kao izvr\u0161ioce i li\u0161ili ih slobode, saop\u0161teno je iz Uprave policije (UP).\" \/>\n<meta property=\"og:url\" content=\"https:\/\/dmcsrb.com\/en\/hronika\/budva-uhapseni-maloljetnici-izudarali-covjeka-i-oteli-mu-torbicu\/\" \/>\n<meta property=\"og:site_name\" content=\"dmcsrb.com\" \/>\n<meta property=\"article:published_time\" content=\"2025-11-17T08:19:14+00:00\" \/>\n<meta property=\"og:image\" content=\"https:\/\/dmcsrb.com\/wp-content\/uploads\/2026\/01\/Budva-gradnja-foto-gradski-me.webp\" \/>\n\t<meta property=\"og:image:width\" content=\"1796\" \/>\n\t<meta property=\"og:image:height\" content=\"869\" \/>\n\t<meta property=\"og:image:type\" content=\"image\/jpeg\" \/>\n<meta name=\"author\" content=\"dmcsrbija.com@gmail.com\" \/>\n<meta name=\"twitter:card\" content=\"summary_large_image\" \/>\n<meta name=\"twitter:label1\" content=\"Written by\" \/>\n\t<meta name=\"twitter:data1\" content=\"dmcsrbija.com@gmail.com\" \/>\n\t<meta name=\"twitter:label2\" content=\"Estimated reading time\" \/>\n\t<meta name=\"twitter:data2\" content=\"1 minute\" \/>\n<script type=\"application\/ld+json\" class=\"yoast-schema-graph\">{\"@context\":\"https:\\\/\\\/schema.org\",\"@graph\":[{\"@type\":\"Article\",\"@id\":\"https:\\\/\\\/dmcsrb.com\\\/hronika\\\/budva-uhapseni-maloljetnici-izudarali-covjeka-i-oteli-mu-torbicu\\\/#article\",\"isPartOf\":{\"@id\":\"https:\\\/\\\/dmcsrb.com\\\/hronika\\\/budva-uhapseni-maloljetnici-izudarali-covjeka-i-oteli-mu-torbicu\\\/\"},\"author\":{\"name\":\"dmcsrbija.com@gmail.com\",\"@id\":\"https:\\\/\\\/dmcsrb.com\\\/#\\\/schema\\\/person\\\/5c39170f12db1b8b457732d0b5c854e2\"},\"headline\":\"Budva: Uhap\u0161eni maloljetnici, izudarali \u010dovjeka i oteli mu torbicu\",\"datePublished\":\"2025-11-17T08:19:14+00:00\",\"mainEntityOfPage\":{\"@id\":\"https:\\\/\\\/dmcsrb.com\\\/hronika\\\/budva-uhapseni-maloljetnici-izudarali-covjeka-i-oteli-mu-torbicu\\\/\"},\"wordCount\":239,\"commentCount\":0,\"image\":{\"@id\":\"https:\\\/\\\/dmcsrb.com\\\/hronika\\\/budva-uhapseni-maloljetnici-izudarali-covjeka-i-oteli-mu-torbicu\\\/#primaryimage\"},\"thumbnailUrl\":\"https:\\\/\\\/dmcsrb.com\\\/wp-content\\\/uploads\\\/2026\\\/01\\\/Budva-gradnja-foto-gradski-me.webp\",\"keywords\":[\"budva\",\"hap\u0161enje\",\"Maloljetnici\",\"razbojni\u0161tvo\"],\"articleSection\":[\"Hronika\"],\"inLanguage\":\"en-GB\",\"potentialAction\":[{\"@type\":\"CommentAction\",\"name\":\"Comment\",\"target\":[\"https:\\\/\\\/dmcsrb.com\\\/hronika\\\/budva-uhapseni-maloljetnici-izudarali-covjeka-i-oteli-mu-torbicu\\\/#respond\"]}]},{\"@type\":\"WebPage\",\"@id\":\"https:\\\/\\\/dmcsrb.com\\\/hronika\\\/budva-uhapseni-maloljetnici-izudarali-covjeka-i-oteli-mu-torbicu\\\/\",\"url\":\"https:\\\/\\\/dmcsrb.com\\\/hronika\\\/budva-uhapseni-maloljetnici-izudarali-covjeka-i-oteli-mu-torbicu\\\/\",\"name\":\"Budva: Uhap\u0161eni maloljetnici, izudarali \u010dovjeka i oteli mu torbicu - dmcsrb.com\",\"isPartOf\":{\"@id\":\"https:\\\/\\\/dmcsrb.com\\\/#website\"},\"primaryImageOfPage\":{\"@id\":\"https:\\\/\\\/dmcsrb.com\\\/hronika\\\/budva-uhapseni-maloljetnici-izudarali-covjeka-i-oteli-mu-torbicu\\\/#primaryimage\"},\"image\":{\"@id\":\"https:\\\/\\\/dmcsrb.com\\\/hronika\\\/budva-uhapseni-maloljetnici-izudarali-covjeka-i-oteli-mu-torbicu\\\/#primaryimage\"},\"thumbnailUrl\":\"https:\\\/\\\/dmcsrb.com\\\/wp-content\\\/uploads\\\/2026\\\/01\\\/Budva-gradnja-foto-gradski-me.webp\",\"datePublished\":\"2025-11-17T08:19:14+00:00\",\"author\":{\"@id\":\"https:\\\/\\\/dmcsrb.com\\\/#\\\/schema\\\/person\\\/5c39170f12db1b8b457732d0b5c854e2\"},\"breadcrumb\":{\"@id\":\"https:\\\/\\\/dmcsrb.com\\\/hronika\\\/budva-uhapseni-maloljetnici-izudarali-covjeka-i-oteli-mu-torbicu\\\/#breadcrumb\"},\"inLanguage\":\"en-GB\",\"potentialAction\":[{\"@type\":\"ReadAction\",\"target\":[\"https:\\\/\\\/dmcsrb.com\\\/hronika\\\/budva-uhapseni-maloljetnici-izudarali-covjeka-i-oteli-mu-torbicu\\\/\"]}]},{\"@type\":\"ImageObject\",\"inLanguage\":\"en-GB\",\"@id\":\"https:\\\/\\\/dmcsrb.com\\\/hronika\\\/budva-uhapseni-maloljetnici-izudarali-covjeka-i-oteli-mu-torbicu\\\/#primaryimage\",\"url\":\"https:\\\/\\\/dmcsrb.com\\\/wp-content\\\/uploads\\\/2026\\\/01\\\/Budva-gradnja-foto-gradski-me.webp\",\"contentUrl\":\"https:\\\/\\\/dmcsrb.com\\\/wp-content\\\/uploads\\\/2026\\\/01\\\/Budva-gradnja-foto-gradski-me.webp\",\"width\":1796,\"height\":869},{\"@type\":\"BreadcrumbList\",\"@id\":\"https:\\\/\\\/dmcsrb.com\\\/hronika\\\/budva-uhapseni-maloljetnici-izudarali-covjeka-i-oteli-mu-torbicu\\\/#breadcrumb\",\"itemListElement\":[{\"@type\":\"ListItem\",\"position\":1,\"name\":\"Home\",\"item\":\"https:\\\/\\\/dmcsrb.com\\\/\"},{\"@type\":\"ListItem\",\"position\":2,\"name\":\"Budva: Uhap\u0161eni maloljetnici, izudarali \u010dovjeka i oteli mu torbicu\"}]},{\"@type\":\"WebSite\",\"@id\":\"https:\\\/\\\/dmcsrb.com\\\/#website\",\"url\":\"https:\\\/\\\/dmcsrb.com\\\/\",\"name\":\"dmcsrb.com\",\"description\":\"\",\"potentialAction\":[{\"@type\":\"SearchAction\",\"target\":{\"@type\":\"EntryPoint\",\"urlTemplate\":\"https:\\\/\\\/dmcsrb.com\\\/?s={search_term_string}\"},\"query-input\":{\"@type\":\"PropertyValueSpecification\",\"valueRequired\":true,\"valueName\":\"search_term_string\"}}],\"inLanguage\":\"en-GB\"},{\"@type\":\"Person\",\"@id\":\"https:\\\/\\\/dmcsrb.com\\\/#\\\/schema\\\/person\\\/5c39170f12db1b8b457732d0b5c854e2\",\"name\":\"dmcsrbija.com@gmail.com\",\"image\":{\"@type\":\"ImageObject\",\"inLanguage\":\"en-GB\",\"@id\":\"https:\\\/\\\/secure.gravatar.com\\\/avatar\\\/68592660ad6347fad0fb587f8d5d8f1a7b44961362f56e4f2cd524feb87e9069?s=96&d=mm&r=g\",\"url\":\"https:\\\/\\\/secure.gravatar.com\\\/avatar\\\/68592660ad6347fad0fb587f8d5d8f1a7b44961362f56e4f2cd524feb87e9069?s=96&d=mm&r=g\",\"contentUrl\":\"https:\\\/\\\/secure.gravatar.com\\\/avatar\\\/68592660ad6347fad0fb587f8d5d8f1a7b44961362f56e4f2cd524feb87e9069?s=96&d=mm&r=g\",\"caption\":\"dmcsrbija.com@gmail.com\"},\"sameAs\":[\"https:\\\/\\\/dmcsrb.com\"],\"url\":\"https:\\\/\\\/dmcsrb.com\\\/en\\\/author\\\/dmcsrbija-comgmail-com\\\/\"}]}<\/script>\n<!-- \/ Yoast SEO plugin. -->","yoast_head_json":{"title":"Budva: Uhap\u0161eni maloljetnici, izudarali \u010dovjeka i oteli mu torbicu - dmcsrb.com","robots":{"index":"index","follow":"follow","max-snippet":"max-snippet:-1","max-image-preview":"max-image-preview:large","max-video-preview":"max-video-preview:-1"},"canonical":"https:\/\/dmcsrb.com\/en\/hronika\/budva-uhapseni-maloljetnici-izudarali-covjeka-i-oteli-mu-torbicu\/","og_locale":"en_GB","og_type":"article","og_title":"Budva: Uhap\u0161eni maloljetnici, izudarali \u010dovjeka i oteli mu torbicu - dmcsrb.com","og_description":"Policijski slu\u017ebenici Regionalnog centra bezbjednosti \u201eJug\u201c, Odjeljenja bezbjednost Budva preduzeli su intenzivne aktivnosti u cilju rasvjetljavanja razbojni\u0161tva koje se dogodilo 16. novembra oko jedan \u010das poslije pono\u0107i, te identifikovali tri maloljetna lica kao izvr\u0161ioce i li\u0161ili ih slobode, saop\u0161teno je iz Uprave policije (UP).","og_url":"https:\/\/dmcsrb.com\/en\/hronika\/budva-uhapseni-maloljetnici-izudarali-covjeka-i-oteli-mu-torbicu\/","og_site_name":"dmcsrb.com","article_published_time":"2025-11-17T08:19:14+00:00","og_image":[{"width":1796,"height":869,"url":"https:\/\/dmcsrb.com\/wp-content\/uploads\/2026\/01\/Budva-gradnja-foto-gradski-me.webp","type":"image\/jpeg"}],"author":"dmcsrbija.com@gmail.com","twitter_card":"summary_large_image","twitter_misc":{"Written by":"dmcsrbija.com@gmail.com","Estimated reading time":"1 minute"},"schema":{"@context":"https:\/\/schema.org","@graph":[{"@type":"Article","@id":"https:\/\/dmcsrb.com\/hronika\/budva-uhapseni-maloljetnici-izudarali-covjeka-i-oteli-mu-torbicu\/#article","isPartOf":{"@id":"https:\/\/dmcsrb.com\/hronika\/budva-uhapseni-maloljetnici-izudarali-covjeka-i-oteli-mu-torbicu\/"},"author":{"name":"dmcsrbija.com@gmail.com","@id":"https:\/\/dmcsrb.com\/#\/schema\/person\/5c39170f12db1b8b457732d0b5c854e2"},"headline":"Budva: Uhap\u0161eni maloljetnici, izudarali \u010dovjeka i oteli mu torbicu","datePublished":"2025-11-17T08:19:14+00:00","mainEntityOfPage":{"@id":"https:\/\/dmcsrb.com\/hronika\/budva-uhapseni-maloljetnici-izudarali-covjeka-i-oteli-mu-torbicu\/"},"wordCount":239,"commentCount":0,"image":{"@id":"https:\/\/dmcsrb.com\/hronika\/budva-uhapseni-maloljetnici-izudarali-covjeka-i-oteli-mu-torbicu\/#primaryimage"},"thumbnailUrl":"https:\/\/dmcsrb.com\/wp-content\/uploads\/2026\/01\/Budva-gradnja-foto-gradski-me.webp","keywords":["budva","hap\u0161enje","Maloljetnici","razbojni\u0161tvo"],"articleSection":["Hronika"],"inLanguage":"en-GB","potentialAction":[{"@type":"CommentAction","name":"Comment","target":["https:\/\/dmcsrb.com\/hronika\/budva-uhapseni-maloljetnici-izudarali-covjeka-i-oteli-mu-torbicu\/#respond"]}]},{"@type":"WebPage","@id":"https:\/\/dmcsrb.com\/hronika\/budva-uhapseni-maloljetnici-izudarali-covjeka-i-oteli-mu-torbicu\/","url":"https:\/\/dmcsrb.com\/hronika\/budva-uhapseni-maloljetnici-izudarali-covjeka-i-oteli-mu-torbicu\/","name":"Budva: Uhap\u0161eni maloljetnici, izudarali \u010dovjeka i oteli mu torbicu - dmcsrb.com","isPartOf":{"@id":"https:\/\/dmcsrb.com\/#website"},"primaryImageOfPage":{"@id":"https:\/\/dmcsrb.com\/hronika\/budva-uhapseni-maloljetnici-izudarali-covjeka-i-oteli-mu-torbicu\/#primaryimage"},"image":{"@id":"https:\/\/dmcsrb.com\/hronika\/budva-uhapseni-maloljetnici-izudarali-covjeka-i-oteli-mu-torbicu\/#primaryimage"},"thumbnailUrl":"https:\/\/dmcsrb.com\/wp-content\/uploads\/2026\/01\/Budva-gradnja-foto-gradski-me.webp","datePublished":"2025-11-17T08:19:14+00:00","author":{"@id":"https:\/\/dmcsrb.com\/#\/schema\/person\/5c39170f12db1b8b457732d0b5c854e2"},"breadcrumb":{"@id":"https:\/\/dmcsrb.com\/hronika\/budva-uhapseni-maloljetnici-izudarali-covjeka-i-oteli-mu-torbicu\/#breadcrumb"},"inLanguage":"en-GB","potentialAction":[{"@type":"ReadAction","target":["https:\/\/dmcsrb.com\/hronika\/budva-uhapseni-maloljetnici-izudarali-covjeka-i-oteli-mu-torbicu\/"]}]},{"@type":"ImageObject","inLanguage":"en-GB","@id":"https:\/\/dmcsrb.com\/hronika\/budva-uhapseni-maloljetnici-izudarali-covjeka-i-oteli-mu-torbicu\/#primaryimage","url":"https:\/\/dmcsrb.com\/wp-content\/uploads\/2026\/01\/Budva-gradnja-foto-gradski-me.webp","contentUrl":"https:\/\/dmcsrb.com\/wp-content\/uploads\/2026\/01\/Budva-gradnja-foto-gradski-me.webp","width":1796,"height":869},{"@type":"BreadcrumbList","@id":"https:\/\/dmcsrb.com\/hronika\/budva-uhapseni-maloljetnici-izudarali-covjeka-i-oteli-mu-torbicu\/#breadcrumb","itemListElement":[{"@type":"ListItem","position":1,"name":"Home","item":"https:\/\/dmcsrb.com\/"},{"@type":"ListItem","position":2,"name":"Budva: Uhap\u0161eni maloljetnici, izudarali \u010dovjeka i oteli mu torbicu"}]},{"@type":"WebSite","@id":"https:\/\/dmcsrb.com\/#website","url":"https:\/\/dmcsrb.com\/","name":"dmcsrb.com","description":"","potentialAction":[{"@type":"SearchAction","target":{"@type":"EntryPoint","urlTemplate":"https:\/\/dmcsrb.com\/?s={search_term_string}"},"query-input":{"@type":"PropertyValueSpecification","valueRequired":true,"valueName":"search_term_string"}}],"inLanguage":"en-GB"},{"@type":"Person","@id":"https:\/\/dmcsrb.com\/#\/schema\/person\/5c39170f12db1b8b457732d0b5c854e2","name":"dmcsrbija.com@gmail.com","image":{"@type":"ImageObject","inLanguage":"en-GB","@id":"https:\/\/secure.gravatar.com\/avatar\/68592660ad6347fad0fb587f8d5d8f1a7b44961362f56e4f2cd524feb87e9069?s=96&d=mm&r=g","url":"https:\/\/secure.gravatar.com\/avatar\/68592660ad6347fad0fb587f8d5d8f1a7b44961362f56e4f2cd524feb87e9069?s=96&d=mm&r=g","contentUrl":"https:\/\/secure.gravatar.com\/avatar\/68592660ad6347fad0fb587f8d5d8f1a7b44961362f56e4f2cd524feb87e9069?s=96&d=mm&r=g","caption":"dmcsrbija.com@gmail.com"},"sameAs":["https:\/\/dmcsrb.com"],"url":"https:\/\/dmcsrb.com\/en\/author\/dmcsrbija-comgmail-com\/"}]}},"_links":{"self":[{"href":"https:\/\/dmcsrb.com\/en\/wp-json\/wp\/v2\/posts\/963988","targetHints":{"allow":["GET"]}}],"collection":[{"href":"https:\/\/dmcsrb.com\/en\/wp-json\/wp\/v2\/posts"}],"about":[{"href":"https:\/\/dmcsrb.com\/en\/wp-json\/wp\/v2\/types\/post"}],"author":[{"embeddable":true,"href":"https:\/\/dmcsrb.com\/en\/wp-json\/wp\/v2\/users\/1"}],"replies":[{"embeddable":true,"href":"https:\/\/dmcsrb.com\/en\/wp-json\/wp\/v2\/comments?post=963988"}],"version-history":[{"count":0,"href":"https:\/\/dmcsrb.com\/en\/wp-json\/wp\/v2\/posts\/963988\/revisions"}],"wp:featuredmedia":[{"embeddable":true,"href":"https:\/\/dmcsrb.com\/en\/wp-json\/wp\/v2\/media\/944432"}],"wp:attachment":[{"href":"https:\/\/dmcsrb.com\/en\/wp-json\/wp\/v2\/media?parent=963988"}],"wp:term":[{"taxonomy":"category","embeddable":true,"href":"https:\/\/dmcsrb.com\/en\/wp-json\/wp\/v2\/categories?post=963988"},{"taxonomy":"post_tag","embeddable":true,"href":"https:\/\/dmcsrb.com\/en\/wp-json\/wp\/v2\/tags?post=963988"},{"taxonomy":"naslovna","embeddable":true,"href":"https:\/\/dmcsrb.com\/en\/wp-json\/wp\/v2\/naslovna?post=963988"}],"curies":[{"name":"wp","href":"https:\/\/api.w.org\/{rel}","templated":true}]}}