{"id":963984,"date":"2025-11-17T09:11:48","date_gmt":"2025-11-17T08:11:48","guid":{"rendered":"https:\/\/dmcsrb.com\/uncategorized\/vukcevic-nedovoljno-mjesta-u-studentskim-domovima-visokoskolci-nezaposleni-ne-postoji-studentski-servis\/"},"modified":"2025-11-17T09:11:48","modified_gmt":"2025-11-17T08:11:48","slug":"vukcevic-nedovoljno-mjesta-u-studentskim-domovima-visokoskolci-nezaposleni-ne-postoji-studentski-servis","status":"publish","type":"post","link":"https:\/\/dmcsrb.com\/en\/drustvo\/vukcevic-nedovoljno-mjesta-u-studentskim-domovima-visokoskolci-nezaposleni-ne-postoji-studentski-servis\/","title":{"rendered":"Vuk\u010devi\u0107: Nedovoljno mjesta u studentskim domovima, visoko\u0161kolci nezaposleni, ne postoji studentski servis"},"content":{"rendered":"<p><\/p>\n\n\n\n<p>&#8220;U prethodnih godinu dana, napravljeni su odre\u0111eni pomaci (i koraci) u pozitivnom smjeru \u2013 kada su u pitanju problemi na koje godinama ukazujemo. Jedan od takvih pomaka, do koga se do\u0161lo nakon na\u0161ih brojnih institucionalnih i vaninstitucionalnih pritisaka, lobiranja, zagovaranja, sastanaka, peticija, najava konkretizacije djelovanja i obustave nastave jeste novi Zakon o visokom obrazovanju \u2013 sa brojnim rje\u0161enjima koja su prije svega u najboljem interesu studenata, a zatim u skladu sa evropskim standardima i praksom u oblasti visokog obrazovanja i ne manje va\u017eno \u2013 primjerena crnogorskom kontekstu. Ponosni smo \u0161to smo bili aktivan partner u ovom procesu, te nepokolebljiv, reprezentativan glas studentske populacije od oko 16 hiljada studenata Univerziteta Crne Gore koji je \u010dvrsto i bez odstupanja zastupao njihove interese \u2013 sa \u017eeljom da se postoje\u0107i sistem i rje\u0161enja unaprijede, te ispravi sistemska nepravda nanesena svim generacijama studenata upisanim od studijske 2017\/18. godine pa sve do danas&#8221;, kazao je u saop\u0161tenju.<\/p>\n\n\n\n<p>Kako navodi, ipak, ovo pitanje, \u010dini se, jo\u0161 uvijek nije zatvoreno jer se, i pored jasno definisanih zakonskih odredaba kojima se defini\u0161e status zate\u010denih studenata \u2013 i dalje neopravdano \u010deka na primjenu tzv. prelaznog rje\u0161enja. <\/p>\n\n\n\n<p>&#8220;Ovo pitanje je utoliko vi\u0161e aktuelizovano time \u0161to su u toku prijave na novi ciklus Programa stru\u010dnog osposobljavanja Vlade Crne Gore \u2013 ali i time \u0161to je direktno povezano sa karijernim napredovanjem i usavr\u0161avanjem na\u0161ih (svr\u0161enih) studenata. Stoga, o\u010dekujemo proaktivno djelovanje, dosljedno po\u0161tovanje, te \u0161to hitniju primjenu zakonskih odredaba \u2013 kako od strane Ministarstva prosvjete, nauke i inovacija, tako i od Univerziteta Crne Gore&#8221;, kazali su u saop\u0161tenju.<\/p>\n\n\n\n<p>U kontekstu drugih problema i otvorenih pitanja \u010dije nerje\u0161avanje poga\u0111a studentsku populaciju \u2013 na\u0161i apeli ne\u0107e se puno razlikovati od onih koje upu\u0107ujemo ve\u0107 godinama unazad, kazao je Vuk\u010devi\u010d.<\/p>\n\n\n\n<p>&#8220;Kada je u pitanju studentski standard \u2013 napominjemo da je, u prethodnom periodu, iz nekoliko navrata pove\u0107avan iznos studentskih kredita i stipendija za najbolje studente, te iznos naknade za korisnike Programa stru\u010dnog osposobljavanja. Tako\u0111e, iznos cijena smje\u0161taja i ishrane u studentskim domovima i menzama \u2013 ve\u0107 nekoliko godina nije mijenjan \u2013 \u0161to je, tako\u0111e, rezultat na\u0161eg zalaganja.<\/p>\n\n\n\n<p>&#8220;Isti\u010demo kako godinama ukazujemo na neophodnost temeljne reforme Programa stru\u010dnog osposobljavanja lica sa ste\u010denim visokim obrazovanjem, \u010dime bi se stvorili preduslovi za dodatno pove\u0107anje ove naknade, te aktiviranje mehanizama kontrole i aktivnijeg u\u010de\u0161\u0107a poslodavaca. Pomenuta reforma je neophodna kako bi Program opravdao zna\u010dajna sredstva ulo\u017eena u njegovu realizaciju &#8211; ali ni u kom slu\u010daju ne podr\u017eavamo ukidanje ovog programa ili njegovu zamjenu alternativama koje su i u okviru pilot projekta dale ispodprosje\u010dne rezultate, te pokazale kako nijesu primjenjive u crnogorskom kontekstu. Stojimo na raspolaganju, sa svim svojim kapacitetima i iskustvom da aktivno u\u010destvujemo u reformi ovog izuzetno zna\u010dajnog programa, koji omogu\u0107ava sticanje prvog radnog iskustva za veliki broj visoko\u0161kolaca koji iza\u0111u iz sistema visokog obrazovanja&#8221;, saop\u0161tio je Vuk\u010devi\u0107.<\/p>\n\n\n\n<p>Naglsaio je i da po pitanju smje\u0161tajnih kapaciteta \u2013 u pogledu broja mjesta, ali i njihovog kvaliteta \u2013 naro\u010dito u pogledu ovog drugog, identifikuju odre\u0111ene pomake.<\/p>\n\n\n\n<p>&#8221; Ali su isti, uzimaju\u0107i stanje smje\u0161tajnih jedinica (naro\u010dito objekata I i II faze novog studentskog doma i Starog studentskog doma) neznatni i nezadovoljavaju\u0107i. Na\u0161e inicijative pravcu renoviranja i adaptacije ovih objekata nijesu prestale do danas \u2013 a nadamo se da \u0107e obe\u0107anja nadle\u017enih po ovom pitanju \u2013 biti ubrzo ispunjena. Kada govorimo o kapacitetu studentskih domova, odnosno o broju mjesta \u2013 svjedo\u010dimo da smo se ove studijske 2025\/26. godine \u2013 vratili na broj mjesta od prije dvije godine, \u0161to zna\u010di da ve\u0107i broj studenata koji ispunjava formalno-pravne uslove za smje\u0161taj u studentskom domu ostaje ispod tzv. crte, upravo i isklju\u010divo zbog nedostatka smje\u0161tajnih kapaciteta. Stoga, podsje\u0107amo na na\u0161u inicijativu za izgradnju novog studentskog doma u Podgorici koju smo novembra 2023. godine, uputili Vladi Crne Gore i resornim ministarstvima. Bili smo vrlo optimisti\u010dni i nadali smo se da \u0107e do po\u010detka gradnje do\u0107i ve\u0107 u 2025. godini \u2013 \u0161to se nije desilo. Optimizam i energija nas ne napu\u0161taju \u2013 te stoga, ponovo apelujemo na nadle\u017ene i radujemo se polaganju kamena temeljca objekta koji bi bio izgra\u0111en po najsavremenijim standardima \u2013 i koji bi rije\u0161io pitanje smje\u0161taja studenata u Glavnom gradu na du\u017ei vremenski period&#8221;, navodi se u saop\u0161tenju.<\/p>\n\n\n\n<p>Prethodno pobrojani problemi su postali izra\u017eeniji iz razloga \u0161to je Glavni grad Podgorica, kada je u pitanju podstanarski \u017eivot, postao skup grad i za zaposlene sa prosje\u010dnim primanjima, a kamoli za studente, naveo je Vuk\u010devi\u0107.<\/p>\n\n\n\n<p>&#8220;\u017delimo ista\u0107i i da je procenat nezaposlenih visoko\u0161kolaca na visokom nivou, a da se studiranje sve vi\u0161e svodi samo na formu i proklamovano ispunjavanje zakonskih standarda. Postoje i izazovi pri realizaciji prakti\u010dne nastave &#8211; koje se i dalje ne sprovodi dosljedno i na na\u010din da studente adekvatno pripremi za tr\u017ei\u0161te rada, te se nadamo da \u0107e primjena novog Zakona o visokom obrazovanju i na ovom polju dati odgovaraju\u0107e rezultate. Ovu priliku koristimo da, jo\u0161 jednom uputimo apel donosiocima odluka za preduzimanje koraka kako bi se u Crnoj Gori zakonski uredila oblast obavljanja studentskih poslova i osnovao Studentski servis \u2013 po ugledu na zemlje regiona i Evrope. Ovim bi se studentima dala mogu\u0107nost da kroz privremene i povremene poslove, zarade sredstva za svoje studentske potrebe, ali i da se pripreme za stalni radni anga\u017eman. Odredbe koje su na na\u0161e insistiranje i zalaganje na\u0161le mjesto u novom Zakonu o visokom obrazovanju \u2013 normiranje prava na obavljanje studentskih poslova kao prava iz studentskog standarda i prava na osnivanje centara za posredovanje pri obavljanju studentskih poslova u okviru prava ustanove visokog obrazovanja \u2013 predstavljaju po\u010detni korak, me\u0111utim \u2013 rad na uspostavljanju studentskog servisa i dono\u0161enju posebnog zakona za ovu oblast treba ozbiljno intenzivirati. Stojimo na raspolaganju Ministarstvu rada, zapo\u0161ljavanja i socijalnog dijaloga i Vladi Crne Gore sa spremnim rje\u0161enjima, iskustvom u sprovo\u0111enju studentske i omladinske politike i politi\u010dke zapo\u0161ljavanja, te nacrtom Zakona o obavljanju studentskih poslova \u2013 uz nadu da \u0107e na\u0161a iskrena namjera biti prepoznata.<\/p>\n\n\n\n<p>Ne manje va\u017eno &#8211; i dalje nemamo na vidiku rje\u0161enja za neka od su\u0161tinskih pitanja, kao \u0161to su: spre\u010davanje hiperprodukcije diploma, sprovo\u0111enje rangiranja univerziteta ili su\u0161tinska provjera diploma koje dolaze iz zemalja regiona.<\/p>\n\n\n\n<p>U pitanju su dakle realni, brojni problemi, koji prili\u010dno optere\u0107uju studentsku populaciju. Postoji iskrena potreba za njihovim urgentnim rje\u0161avanjem. Studenti su ti koji mo\u017eda i najvi\u0161e ispa\u0161taju zbog turbulentnog vremena u kojem \u017eivimo, a u kojem se zbog dnevnopoliti\u010dkih pitanja, podjela ili tema koje bi trebalo da su odavno arhivirane, zaboravljaju oni koji su budu\u0107nost dru\u0161tva. \u010cini se da smo i dalje daleko od fokusa donosilaca odluka, populacija smo koje se nadle\u017eni sjete samo u rijetkim situacijama \u2013 prilikom obilje\u017eavanja va\u017enih datuma za studentsku populaciju. Zato i ne \u010dudi ne \u010dudi \u0161to je ve\u0107ina mladih svoju profesionalnu i \u017eivotnu sre\u0107u potra\u017eila u inostranstvu i \u0161to se na\u017ealost, takav trend nastavlja. Jasno je dakle, da je krajnje vrijeme za su\u0161tinske promjene i adekvatan odnos svih dru\u0161tvenih aktera prema studentima. Drage koleginice i kolege, neka nam je sre\u0107an Me\u0111unarodni dan studenata, u nadi da \u0107emo naredni do\u010dekati u boljem raspolo\u017eenju, sa uslovima studiranja i pozicijom u dru\u0161tvu koja \u0107e biti primjerenija&#8221;, ukazao je Vuk\u010devi\u0107.<\/p>\n\n\n\n<p><\/p>","protected":false},"excerpt":{"rendered":"<p>Me\u0111unarodni dan studenata \u2013 17. novembar Drage koleginice i kolege, Po\u0161tovani \u010dlanovi akademske zajednice, Dan koji studenti \u0161irom svijeta obilje\u017eavaju kao Me\u0111unarodni dan studenata, nastao u sje\u0107anje na doga\u0111aje iz 1939. godine kada su nacisti pogubili 20 \u010dehoslova\u010dkih studenata zbog otpora okupaciji, svake godine predstavlja priliku ne samo da odamo po\u0161tovanje onima koji su postali simbol borbe za demokratsko obrazovanje i pravedno dru\u0161tvo, ve\u0107 i da na temeljima i putu koji su trasirale prethodne generacije, uka\u017eemo na korake koje danas moramo preduzeti kako bismo izgradili bolju budu\u0107nost, saop\u0161tio je predsjednik Studentskog parlamenta Jakov Vuk\u010devi\u0107.<\/p>","protected":false},"author":1,"featured_media":952771,"comment_status":"open","ping_status":"open","sticky":false,"template":"","format":"standard","meta":{"_acf_changed":false,"footnotes":""},"categories":[2],"tags":[14608,3641],"naslovna":[],"class_list":["post-963984","post","type-post","status-publish","format-standard","has-post-thumbnail","hentry","category-drustvo","tag-dna-studenata","tag-spucg"],"acf":[],"yoast_head":"<!-- This site is optimized with the Yoast SEO plugin v27.0 - https:\/\/yoast.com\/product\/yoast-seo-wordpress\/ -->\n<title>Vuk\u010devi\u0107: Nedovoljno mjesta u studentskim domovima, visoko\u0161kolci nezaposleni, ne postoji studentski servis - dmcsrb.com<\/title>\n<meta name=\"robots\" content=\"index, follow, max-snippet:-1, max-image-preview:large, max-video-preview:-1\" \/>\n<link rel=\"canonical\" href=\"https:\/\/dmcsrb.com\/en\/drustvo\/vukcevic-nedovoljno-mjesta-u-studentskim-domovima-visokoskolci-nezaposleni-ne-postoji-studentski-servis\/\" \/>\n<meta property=\"og:locale\" content=\"en_GB\" \/>\n<meta property=\"og:type\" content=\"article\" \/>\n<meta property=\"og:title\" content=\"Vuk\u010devi\u0107: Nedovoljno mjesta u studentskim domovima, visoko\u0161kolci nezaposleni, ne postoji studentski servis - dmcsrb.com\" \/>\n<meta property=\"og:description\" content=\"Me\u0111unarodni dan studenata \u2013 17. novembar Drage koleginice i kolege, Po\u0161tovani \u010dlanovi akademske zajednice, Dan koji studenti \u0161irom svijeta obilje\u017eavaju kao Me\u0111unarodni dan studenata, nastao u sje\u0107anje na doga\u0111aje iz 1939. godine kada su nacisti pogubili 20 \u010dehoslova\u010dkih studenata zbog otpora okupaciji, svake godine predstavlja priliku ne samo da odamo po\u0161tovanje onima koji su postali simbol borbe za demokratsko obrazovanje i pravedno dru\u0161tvo, ve\u0107 i da na temeljima i putu koji su trasirale prethodne generacije, uka\u017eemo na korake koje danas moramo preduzeti kako bismo izgradili bolju budu\u0107nost, saop\u0161tio je predsjednik Studentskog parlamenta Jakov Vuk\u010devi\u0107.\" \/>\n<meta property=\"og:url\" content=\"https:\/\/dmcsrb.com\/en\/drustvo\/vukcevic-nedovoljno-mjesta-u-studentskim-domovima-visokoskolci-nezaposleni-ne-postoji-studentski-servis\/\" \/>\n<meta property=\"og:site_name\" content=\"dmcsrb.com\" \/>\n<meta property=\"article:published_time\" content=\"2025-11-17T08:11:48+00:00\" \/>\n<meta property=\"og:image\" content=\"https:\/\/dmcsrb.com\/wp-content\/uploads\/2026\/01\/Studenti-Podgorica-foto-UCG.webp\" \/>\n\t<meta property=\"og:image:width\" content=\"958\" \/>\n\t<meta property=\"og:image:height\" content=\"630\" \/>\n\t<meta property=\"og:image:type\" content=\"image\/jpeg\" \/>\n<meta name=\"author\" content=\"dmcsrbija.com@gmail.com\" \/>\n<meta name=\"twitter:card\" content=\"summary_large_image\" \/>\n<meta name=\"twitter:label1\" content=\"Written by\" \/>\n\t<meta name=\"twitter:data1\" content=\"dmcsrbija.com@gmail.com\" \/>\n\t<meta name=\"twitter:label2\" content=\"Estimated reading time\" \/>\n\t<meta name=\"twitter:data2\" content=\"6 minutes\" \/>\n<script type=\"application\/ld+json\" class=\"yoast-schema-graph\">{\"@context\":\"https:\/\/schema.org\",\"@graph\":[{\"@type\":\"Article\",\"@id\":\"https:\/\/dmcsrb.com\/drustvo\/vukcevic-nedovoljno-mjesta-u-studentskim-domovima-visokoskolci-nezaposleni-ne-postoji-studentski-servis\/#article\",\"isPartOf\":{\"@id\":\"https:\/\/dmcsrb.com\/drustvo\/vukcevic-nedovoljno-mjesta-u-studentskim-domovima-visokoskolci-nezaposleni-ne-postoji-studentski-servis\/\"},\"author\":{\"name\":\"dmcsrbija.com@gmail.com\",\"@id\":\"https:\/\/dmcsrb.com\/#\/schema\/person\/5c39170f12db1b8b457732d0b5c854e2\"},\"headline\":\"Vuk\u010devi\u0107: Nedovoljno mjesta u studentskim domovima, visoko\u0161kolci nezaposleni, ne postoji studentski servis\",\"datePublished\":\"2025-11-17T08:11:48+00:00\",\"mainEntityOfPage\":{\"@id\":\"https:\/\/dmcsrb.com\/drustvo\/vukcevic-nedovoljno-mjesta-u-studentskim-domovima-visokoskolci-nezaposleni-ne-postoji-studentski-servis\/\"},\"wordCount\":1267,\"commentCount\":0,\"image\":{\"@id\":\"https:\/\/dmcsrb.com\/drustvo\/vukcevic-nedovoljno-mjesta-u-studentskim-domovima-visokoskolci-nezaposleni-ne-postoji-studentski-servis\/#primaryimage\"},\"thumbnailUrl\":\"https:\/\/dmcsrb.com\/wp-content\/uploads\/2026\/01\/Studenti-Podgorica-foto-UCG.webp\",\"keywords\":[\"dna studenata\",\"SPUCG\"],\"articleSection\":[\"Dru\u0161tvo\"],\"inLanguage\":\"en-GB\",\"potentialAction\":[{\"@type\":\"CommentAction\",\"name\":\"Comment\",\"target\":[\"https:\/\/dmcsrb.com\/drustvo\/vukcevic-nedovoljno-mjesta-u-studentskim-domovima-visokoskolci-nezaposleni-ne-postoji-studentski-servis\/#respond\"]}]},{\"@type\":\"WebPage\",\"@id\":\"https:\/\/dmcsrb.com\/drustvo\/vukcevic-nedovoljno-mjesta-u-studentskim-domovima-visokoskolci-nezaposleni-ne-postoji-studentski-servis\/\",\"url\":\"https:\/\/dmcsrb.com\/drustvo\/vukcevic-nedovoljno-mjesta-u-studentskim-domovima-visokoskolci-nezaposleni-ne-postoji-studentski-servis\/\",\"name\":\"Vuk\u010devi\u0107: Nedovoljno mjesta u studentskim domovima, visoko\u0161kolci nezaposleni, ne postoji studentski servis - dmcsrb.com\",\"isPartOf\":{\"@id\":\"https:\/\/dmcsrb.com\/#website\"},\"primaryImageOfPage\":{\"@id\":\"https:\/\/dmcsrb.com\/drustvo\/vukcevic-nedovoljno-mjesta-u-studentskim-domovima-visokoskolci-nezaposleni-ne-postoji-studentski-servis\/#primaryimage\"},\"image\":{\"@id\":\"https:\/\/dmcsrb.com\/drustvo\/vukcevic-nedovoljno-mjesta-u-studentskim-domovima-visokoskolci-nezaposleni-ne-postoji-studentski-servis\/#primaryimage\"},\"thumbnailUrl\":\"https:\/\/dmcsrb.com\/wp-content\/uploads\/2026\/01\/Studenti-Podgorica-foto-UCG.webp\",\"datePublished\":\"2025-11-17T08:11:48+00:00\",\"author\":{\"@id\":\"https:\/\/dmcsrb.com\/#\/schema\/person\/5c39170f12db1b8b457732d0b5c854e2\"},\"breadcrumb\":{\"@id\":\"https:\/\/dmcsrb.com\/drustvo\/vukcevic-nedovoljno-mjesta-u-studentskim-domovima-visokoskolci-nezaposleni-ne-postoji-studentski-servis\/#breadcrumb\"},\"inLanguage\":\"en-GB\",\"potentialAction\":[{\"@type\":\"ReadAction\",\"target\":[\"https:\/\/dmcsrb.com\/drustvo\/vukcevic-nedovoljno-mjesta-u-studentskim-domovima-visokoskolci-nezaposleni-ne-postoji-studentski-servis\/\"]}]},{\"@type\":\"ImageObject\",\"inLanguage\":\"en-GB\",\"@id\":\"https:\/\/dmcsrb.com\/drustvo\/vukcevic-nedovoljno-mjesta-u-studentskim-domovima-visokoskolci-nezaposleni-ne-postoji-studentski-servis\/#primaryimage\",\"url\":\"https:\/\/dmcsrb.com\/wp-content\/uploads\/2026\/01\/Studenti-Podgorica-foto-UCG.webp\",\"contentUrl\":\"https:\/\/dmcsrb.com\/wp-content\/uploads\/2026\/01\/Studenti-Podgorica-foto-UCG.webp\",\"width\":958,\"height\":630},{\"@type\":\"BreadcrumbList\",\"@id\":\"https:\/\/dmcsrb.com\/drustvo\/vukcevic-nedovoljno-mjesta-u-studentskim-domovima-visokoskolci-nezaposleni-ne-postoji-studentski-servis\/#breadcrumb\",\"itemListElement\":[{\"@type\":\"ListItem\",\"position\":1,\"name\":\"Home\",\"item\":\"https:\/\/dmcsrb.com\/\"},{\"@type\":\"ListItem\",\"position\":2,\"name\":\"Vuk\u010devi\u0107: Nedovoljno mjesta u studentskim domovima, visoko\u0161kolci nezaposleni, ne postoji studentski servis\"}]},{\"@type\":\"WebSite\",\"@id\":\"https:\/\/dmcsrb.com\/#website\",\"url\":\"https:\/\/dmcsrb.com\/\",\"name\":\"dmcsrb.com\",\"description\":\"\",\"potentialAction\":[{\"@type\":\"SearchAction\",\"target\":{\"@type\":\"EntryPoint\",\"urlTemplate\":\"https:\/\/dmcsrb.com\/?s={search_term_string}\"},\"query-input\":{\"@type\":\"PropertyValueSpecification\",\"valueRequired\":true,\"valueName\":\"search_term_string\"}}],\"inLanguage\":\"en-GB\"},{\"@type\":\"Person\",\"@id\":\"https:\/\/dmcsrb.com\/#\/schema\/person\/5c39170f12db1b8b457732d0b5c854e2\",\"name\":\"dmcsrbija.com@gmail.com\",\"image\":{\"@type\":\"ImageObject\",\"inLanguage\":\"en-GB\",\"@id\":\"https:\/\/dmcsrb.com\/#\/schema\/person\/image\/\",\"url\":\"https:\/\/secure.gravatar.com\/avatar\/68592660ad6347fad0fb587f8d5d8f1a7b44961362f56e4f2cd524feb87e9069?s=96&d=mm&r=g\",\"contentUrl\":\"https:\/\/secure.gravatar.com\/avatar\/68592660ad6347fad0fb587f8d5d8f1a7b44961362f56e4f2cd524feb87e9069?s=96&d=mm&r=g\",\"caption\":\"dmcsrbija.com@gmail.com\"},\"sameAs\":[\"https:\/\/dmcsrb.com\"],\"url\":\"https:\/\/dmcsrb.com\/en\/author\/dmcsrbija-comgmail-com\/\"}]}<\/script>\n<!-- \/ Yoast SEO plugin. -->","yoast_head_json":{"title":"Vuk\u010devi\u0107: Nedovoljno mjesta u studentskim domovima, visoko\u0161kolci nezaposleni, ne postoji studentski servis - dmcsrb.com","robots":{"index":"index","follow":"follow","max-snippet":"max-snippet:-1","max-image-preview":"max-image-preview:large","max-video-preview":"max-video-preview:-1"},"canonical":"https:\/\/dmcsrb.com\/en\/drustvo\/vukcevic-nedovoljno-mjesta-u-studentskim-domovima-visokoskolci-nezaposleni-ne-postoji-studentski-servis\/","og_locale":"en_GB","og_type":"article","og_title":"Vuk\u010devi\u0107: Nedovoljno mjesta u studentskim domovima, visoko\u0161kolci nezaposleni, ne postoji studentski servis - dmcsrb.com","og_description":"Me\u0111unarodni dan studenata \u2013 17. novembar Drage koleginice i kolege, Po\u0161tovani \u010dlanovi akademske zajednice, Dan koji studenti \u0161irom svijeta obilje\u017eavaju kao Me\u0111unarodni dan studenata, nastao u sje\u0107anje na doga\u0111aje iz 1939. godine kada su nacisti pogubili 20 \u010dehoslova\u010dkih studenata zbog otpora okupaciji, svake godine predstavlja priliku ne samo da odamo po\u0161tovanje onima koji su postali simbol borbe za demokratsko obrazovanje i pravedno dru\u0161tvo, ve\u0107 i da na temeljima i putu koji su trasirale prethodne generacije, uka\u017eemo na korake koje danas moramo preduzeti kako bismo izgradili bolju budu\u0107nost, saop\u0161tio je predsjednik Studentskog parlamenta Jakov Vuk\u010devi\u0107.","og_url":"https:\/\/dmcsrb.com\/en\/drustvo\/vukcevic-nedovoljno-mjesta-u-studentskim-domovima-visokoskolci-nezaposleni-ne-postoji-studentski-servis\/","og_site_name":"dmcsrb.com","article_published_time":"2025-11-17T08:11:48+00:00","og_image":[{"width":958,"height":630,"url":"https:\/\/dmcsrb.com\/wp-content\/uploads\/2026\/01\/Studenti-Podgorica-foto-UCG.webp","type":"image\/jpeg"}],"author":"dmcsrbija.com@gmail.com","twitter_card":"summary_large_image","twitter_misc":{"Written by":"dmcsrbija.com@gmail.com","Estimated reading time":"6 minutes"},"schema":{"@context":"https:\/\/schema.org","@graph":[{"@type":"Article","@id":"https:\/\/dmcsrb.com\/drustvo\/vukcevic-nedovoljno-mjesta-u-studentskim-domovima-visokoskolci-nezaposleni-ne-postoji-studentski-servis\/#article","isPartOf":{"@id":"https:\/\/dmcsrb.com\/drustvo\/vukcevic-nedovoljno-mjesta-u-studentskim-domovima-visokoskolci-nezaposleni-ne-postoji-studentski-servis\/"},"author":{"name":"dmcsrbija.com@gmail.com","@id":"https:\/\/dmcsrb.com\/#\/schema\/person\/5c39170f12db1b8b457732d0b5c854e2"},"headline":"Vuk\u010devi\u0107: Nedovoljno mjesta u studentskim domovima, visoko\u0161kolci nezaposleni, ne postoji studentski servis","datePublished":"2025-11-17T08:11:48+00:00","mainEntityOfPage":{"@id":"https:\/\/dmcsrb.com\/drustvo\/vukcevic-nedovoljno-mjesta-u-studentskim-domovima-visokoskolci-nezaposleni-ne-postoji-studentski-servis\/"},"wordCount":1267,"commentCount":0,"image":{"@id":"https:\/\/dmcsrb.com\/drustvo\/vukcevic-nedovoljno-mjesta-u-studentskim-domovima-visokoskolci-nezaposleni-ne-postoji-studentski-servis\/#primaryimage"},"thumbnailUrl":"https:\/\/dmcsrb.com\/wp-content\/uploads\/2026\/01\/Studenti-Podgorica-foto-UCG.webp","keywords":["dna studenata","SPUCG"],"articleSection":["Dru\u0161tvo"],"inLanguage":"en-GB","potentialAction":[{"@type":"CommentAction","name":"Comment","target":["https:\/\/dmcsrb.com\/drustvo\/vukcevic-nedovoljno-mjesta-u-studentskim-domovima-visokoskolci-nezaposleni-ne-postoji-studentski-servis\/#respond"]}]},{"@type":"WebPage","@id":"https:\/\/dmcsrb.com\/drustvo\/vukcevic-nedovoljno-mjesta-u-studentskim-domovima-visokoskolci-nezaposleni-ne-postoji-studentski-servis\/","url":"https:\/\/dmcsrb.com\/drustvo\/vukcevic-nedovoljno-mjesta-u-studentskim-domovima-visokoskolci-nezaposleni-ne-postoji-studentski-servis\/","name":"Vuk\u010devi\u0107: Nedovoljno mjesta u studentskim domovima, visoko\u0161kolci nezaposleni, ne postoji studentski servis - dmcsrb.com","isPartOf":{"@id":"https:\/\/dmcsrb.com\/#website"},"primaryImageOfPage":{"@id":"https:\/\/dmcsrb.com\/drustvo\/vukcevic-nedovoljno-mjesta-u-studentskim-domovima-visokoskolci-nezaposleni-ne-postoji-studentski-servis\/#primaryimage"},"image":{"@id":"https:\/\/dmcsrb.com\/drustvo\/vukcevic-nedovoljno-mjesta-u-studentskim-domovima-visokoskolci-nezaposleni-ne-postoji-studentski-servis\/#primaryimage"},"thumbnailUrl":"https:\/\/dmcsrb.com\/wp-content\/uploads\/2026\/01\/Studenti-Podgorica-foto-UCG.webp","datePublished":"2025-11-17T08:11:48+00:00","author":{"@id":"https:\/\/dmcsrb.com\/#\/schema\/person\/5c39170f12db1b8b457732d0b5c854e2"},"breadcrumb":{"@id":"https:\/\/dmcsrb.com\/drustvo\/vukcevic-nedovoljno-mjesta-u-studentskim-domovima-visokoskolci-nezaposleni-ne-postoji-studentski-servis\/#breadcrumb"},"inLanguage":"en-GB","potentialAction":[{"@type":"ReadAction","target":["https:\/\/dmcsrb.com\/drustvo\/vukcevic-nedovoljno-mjesta-u-studentskim-domovima-visokoskolci-nezaposleni-ne-postoji-studentski-servis\/"]}]},{"@type":"ImageObject","inLanguage":"en-GB","@id":"https:\/\/dmcsrb.com\/drustvo\/vukcevic-nedovoljno-mjesta-u-studentskim-domovima-visokoskolci-nezaposleni-ne-postoji-studentski-servis\/#primaryimage","url":"https:\/\/dmcsrb.com\/wp-content\/uploads\/2026\/01\/Studenti-Podgorica-foto-UCG.webp","contentUrl":"https:\/\/dmcsrb.com\/wp-content\/uploads\/2026\/01\/Studenti-Podgorica-foto-UCG.webp","width":958,"height":630},{"@type":"BreadcrumbList","@id":"https:\/\/dmcsrb.com\/drustvo\/vukcevic-nedovoljno-mjesta-u-studentskim-domovima-visokoskolci-nezaposleni-ne-postoji-studentski-servis\/#breadcrumb","itemListElement":[{"@type":"ListItem","position":1,"name":"Home","item":"https:\/\/dmcsrb.com\/"},{"@type":"ListItem","position":2,"name":"Vuk\u010devi\u0107: Nedovoljno mjesta u studentskim domovima, visoko\u0161kolci nezaposleni, ne postoji studentski servis"}]},{"@type":"WebSite","@id":"https:\/\/dmcsrb.com\/#website","url":"https:\/\/dmcsrb.com\/","name":"dmcsrb.com","description":"","potentialAction":[{"@type":"SearchAction","target":{"@type":"EntryPoint","urlTemplate":"https:\/\/dmcsrb.com\/?s={search_term_string}"},"query-input":{"@type":"PropertyValueSpecification","valueRequired":true,"valueName":"search_term_string"}}],"inLanguage":"en-GB"},{"@type":"Person","@id":"https:\/\/dmcsrb.com\/#\/schema\/person\/5c39170f12db1b8b457732d0b5c854e2","name":"dmcsrbija.com@gmail.com","image":{"@type":"ImageObject","inLanguage":"en-GB","@id":"https:\/\/dmcsrb.com\/#\/schema\/person\/image\/","url":"https:\/\/secure.gravatar.com\/avatar\/68592660ad6347fad0fb587f8d5d8f1a7b44961362f56e4f2cd524feb87e9069?s=96&d=mm&r=g","contentUrl":"https:\/\/secure.gravatar.com\/avatar\/68592660ad6347fad0fb587f8d5d8f1a7b44961362f56e4f2cd524feb87e9069?s=96&d=mm&r=g","caption":"dmcsrbija.com@gmail.com"},"sameAs":["https:\/\/dmcsrb.com"],"url":"https:\/\/dmcsrb.com\/en\/author\/dmcsrbija-comgmail-com\/"}]}},"_links":{"self":[{"href":"https:\/\/dmcsrb.com\/en\/wp-json\/wp\/v2\/posts\/963984","targetHints":{"allow":["GET"]}}],"collection":[{"href":"https:\/\/dmcsrb.com\/en\/wp-json\/wp\/v2\/posts"}],"about":[{"href":"https:\/\/dmcsrb.com\/en\/wp-json\/wp\/v2\/types\/post"}],"author":[{"embeddable":true,"href":"https:\/\/dmcsrb.com\/en\/wp-json\/wp\/v2\/users\/1"}],"replies":[{"embeddable":true,"href":"https:\/\/dmcsrb.com\/en\/wp-json\/wp\/v2\/comments?post=963984"}],"version-history":[{"count":0,"href":"https:\/\/dmcsrb.com\/en\/wp-json\/wp\/v2\/posts\/963984\/revisions"}],"wp:featuredmedia":[{"embeddable":true,"href":"https:\/\/dmcsrb.com\/en\/wp-json\/wp\/v2\/media\/952771"}],"wp:attachment":[{"href":"https:\/\/dmcsrb.com\/en\/wp-json\/wp\/v2\/media?parent=963984"}],"wp:term":[{"taxonomy":"category","embeddable":true,"href":"https:\/\/dmcsrb.com\/en\/wp-json\/wp\/v2\/categories?post=963984"},{"taxonomy":"post_tag","embeddable":true,"href":"https:\/\/dmcsrb.com\/en\/wp-json\/wp\/v2\/tags?post=963984"},{"taxonomy":"naslovna","embeddable":true,"href":"https:\/\/dmcsrb.com\/en\/wp-json\/wp\/v2\/naslovna?post=963984"}],"curies":[{"name":"wp","href":"https:\/\/api.w.org\/{rel}","templated":true}]}}