{"id":963944,"date":"2025-11-16T20:45:00","date_gmt":"2025-11-16T19:45:00","guid":{"rendered":"https:\/\/dmcsrb.com\/uncategorized\/podaci-alarmantni-vise-od-90-odsto-ispitanika-ne-zeli-da-ostane-na-sjeveru\/"},"modified":"2025-11-16T20:45:00","modified_gmt":"2025-11-16T19:45:00","slug":"podaci-alarmantni-vise-od-90-odsto-ispitanika-ne-zeli-da-ostane-na-sjeveru","status":"publish","type":"post","link":"https:\/\/dmcsrb.com\/en\/drustvo\/podaci-alarmantni-vise-od-90-odsto-ispitanika-ne-zeli-da-ostane-na-sjeveru\/","title":{"rendered":"Podaci alarmantni: Vi\u0161e od 90 odsto ispitanika ne \u017eeli da ostane na sjeveru"},"content":{"rendered":"<p><\/p>\n\n\n\n<p><\/p>\n\n\n\n<p>Istra\u017eivanje izvr\u0161ne vlasti koje ukazuje da mladi sa sjevera sve \u010de\u0161\u0107e planiraju odlazak iz zemlje, te da je 40 odsto ispitanika bez posla, gra\u0111ane Bijelog Polja nije iznenadilo.<\/p>\n\n\n\n<p>Anketirani gra\u0111ani ka\u017eu da mladi nemaju na\u010dina da stvaraju budu\u0107nost porodice, ne otvaraju se nova radna mjesta, ne gradi se ni\u0161ta a nemogu\u0107e je \u017eivjeti od kafi\u0107a ili kladionica.<\/p>\n\n\n\n<p>Anketa civilnog sektora pokazuje da od 628 mladih ispitanika iz \u0161est sjevernih op\u0161tina gotovo niko ne planira da ostane.<\/p>\n\n\n\n<p>&#8220;\u010cak 94% se izjasnilo da ne\u0107e da ostane. A radi se o srednjoj \u0161koli, a kada oni napuste jednom Bijelo Polje, bez obzira da li \u0107e \u0161kolu zavr\u0161iti u Podgorici ili nekoj drugoj op\u0161tini, ili nekoj dr\u017eavi van, on se ne\u0107e vra\u0107ati. On se ne\u0107e vra\u0107ati u Bijelo Polje, jer jednostavno nema perspektivu za opstanak, nema perspektivu da formira svoju porodicu, nema perspektivu da na\u0111e posao&#8221;, ka\u017ee Almir Meki\u0107 iz NVO Euromost.<\/p>\n\n\n\n<p>Sjever, kako dodaje, ne pru\u017ea ni kvalitetno visoko\u0161kolsko obrazovanje, a nije blagonaklon ni prema onima koji \u017eele da osnuju porodicu.<\/p>\n\n\n\n<p>Mladih bra\u010dnih parova nemamo. Oni jednostavno \u010dim iza\u0111u iz Bijelog Polja, odu van grada ili van op\u0161tine svoje ili van sjevernog regiona, svoju bra\u010dnu zajednicu formiraju u tom drugom mjestu&#8221;, navodi Meki\u0107.<\/p>\n\n\n\n<p>Demograf Miroslav Doderovi\u0107 ka\u017ee da nedostatak ekonomskih \u0161ansi, niska primanja, neredovna primanja zajedno sa velikom nezaposleno\u0161\u0107u podsti\u010du ovaj proces iseljavanja.<\/p>\n\n\n\n<p>\u010cudno je, ka\u017ee, kako za sve ove godine dr\u017eava nije mnogo uradila da ne\u0161to promijeni i zaustavi iseljavanje.<\/p>\n\n\n\n<p>&#8220;Prisustvo mladih na biroima pokazuje da dru\u0161tvo nema strate\u0161kih investitora, ekonomskih i razvojnih modela koji bi mlade zaposlili, a imamo mogu\u0107nost otvaranja stranih kompanija za euro tako da smo se na\u0161li u \u010dudnoj situaciji velike nezaposlenosti i liberalnog odnosa kad je u pitanju osnivanje kompanija&#8221;, ka\u017ee Doderovi\u0107.<\/p>\n\n\n\n<p>Zato, nagla\u0161ava, dr\u017eava kona\u010dno mora preduzeti efikasne i dugoro\u010dne demografske mjere.<\/p>\n\n\n\n<p>&#8220;Koje podrazumijevaju odvajanje zna\u010dajnih finansijskih sredstava i jednu ozbiljnu strategiju koja bi uklju\u010dila i nezaposlenost i mlade bra\u010dne parove i njihovo reproduktivno zdravlje i brigu o deci&#8221;, podvla\u010di Doderovi\u0107.<\/p>\n\n\n\n<p>Podsjetimo, iz Vlade su najavili da \u0107e razmatrati podsticajne mjere poput subvencija za zapo\u0161ljavanje, grantova, podr\u0161ke zanatskim i preduzetni\u010dkim zanimanjima, a za kapitalne projekte na sjeveru bi\u0107e najvjerovatnije izdvojeno 22 miliona eura.<\/p>\n\n\n\n<p><\/p>","protected":false},"excerpt":{"rendered":"<p>Anketa civilnog sektora u \u0161est op\u0161tina pokazala je da 94 odsto ispitanika na sjeveru ne \u017eeli da ostane. Da dr\u017eava mora reagovati, saglasni su i demografi, kritikuju\u0107i pasivnost nadle\u017enih povodom odlaska stanovni\u0161tva. iz Vlade je sredinom sedmice najavljeno da razmatraju podsticajne mjere.<\/p>","protected":false},"author":1,"featured_media":963945,"comment_status":"open","ping_status":"open","sticky":false,"template":"","format":"standard","meta":{"_acf_changed":false,"footnotes":""},"categories":[2],"tags":[14584,14585,46],"naslovna":[],"class_list":["post-963944","post","type-post","status-publish","format-standard","has-post-thumbnail","hentry","category-drustvo","tag-90-odsto","tag-podaci-alarmantni","tag-sjever"],"acf":[],"yoast_head":"<!-- This site is optimized with the Yoast SEO plugin v27.4 - https:\/\/yoast.com\/product\/yoast-seo-wordpress\/ -->\n<title>Podaci alarmantni: Vi\u0161e od 90 odsto ispitanika ne \u017eeli da ostane na sjeveru - dmcsrb.com<\/title>\n<meta name=\"robots\" content=\"index, follow, max-snippet:-1, max-image-preview:large, max-video-preview:-1\" \/>\n<link rel=\"canonical\" href=\"https:\/\/dmcsrb.com\/en\/drustvo\/podaci-alarmantni-vise-od-90-odsto-ispitanika-ne-zeli-da-ostane-na-sjeveru\/\" \/>\n<meta property=\"og:locale\" content=\"en_GB\" \/>\n<meta property=\"og:type\" content=\"article\" \/>\n<meta property=\"og:title\" content=\"Podaci alarmantni: Vi\u0161e od 90 odsto ispitanika ne \u017eeli da ostane na sjeveru - dmcsrb.com\" \/>\n<meta property=\"og:description\" content=\"Anketa civilnog sektora u \u0161est op\u0161tina pokazala je da 94 odsto ispitanika na sjeveru ne \u017eeli da ostane. Da dr\u017eava mora reagovati, saglasni su i demografi, kritikuju\u0107i pasivnost nadle\u017enih povodom odlaska stanovni\u0161tva. iz Vlade je sredinom sedmice najavljeno da razmatraju podsticajne mjere.\" \/>\n<meta property=\"og:url\" content=\"https:\/\/dmcsrb.com\/en\/drustvo\/podaci-alarmantni-vise-od-90-odsto-ispitanika-ne-zeli-da-ostane-na-sjeveru\/\" \/>\n<meta property=\"og:site_name\" content=\"dmcsrb.com\" \/>\n<meta property=\"article:published_time\" content=\"2025-11-16T19:45:00+00:00\" \/>\n<meta property=\"og:image\" content=\"https:\/\/dmcsrb.com\/wp-content\/uploads\/2026\/01\/sjever1.webp\" \/>\n\t<meta property=\"og:image:width\" content=\"878\" \/>\n\t<meta property=\"og:image:height\" content=\"467\" \/>\n\t<meta property=\"og:image:type\" content=\"image\/jpeg\" \/>\n<meta name=\"author\" content=\"dmcsrbija.com@gmail.com\" \/>\n<meta name=\"twitter:card\" content=\"summary_large_image\" \/>\n<meta name=\"twitter:label1\" content=\"Written by\" \/>\n\t<meta name=\"twitter:data1\" content=\"dmcsrbija.com@gmail.com\" \/>\n\t<meta name=\"twitter:label2\" content=\"Estimated reading time\" \/>\n\t<meta name=\"twitter:data2\" content=\"2 minutes\" \/>\n<script type=\"application\/ld+json\" class=\"yoast-schema-graph\">{\"@context\":\"https:\\\/\\\/schema.org\",\"@graph\":[{\"@type\":\"Article\",\"@id\":\"https:\\\/\\\/dmcsrb.com\\\/drustvo\\\/podaci-alarmantni-vise-od-90-odsto-ispitanika-ne-zeli-da-ostane-na-sjeveru\\\/#article\",\"isPartOf\":{\"@id\":\"https:\\\/\\\/dmcsrb.com\\\/drustvo\\\/podaci-alarmantni-vise-od-90-odsto-ispitanika-ne-zeli-da-ostane-na-sjeveru\\\/\"},\"author\":{\"name\":\"dmcsrbija.com@gmail.com\",\"@id\":\"https:\\\/\\\/dmcsrb.com\\\/#\\\/schema\\\/person\\\/5c39170f12db1b8b457732d0b5c854e2\"},\"headline\":\"Podaci alarmantni: Vi\u0161e od 90 odsto ispitanika ne \u017eeli da ostane na sjeveru\",\"datePublished\":\"2025-11-16T19:45:00+00:00\",\"mainEntityOfPage\":{\"@id\":\"https:\\\/\\\/dmcsrb.com\\\/drustvo\\\/podaci-alarmantni-vise-od-90-odsto-ispitanika-ne-zeli-da-ostane-na-sjeveru\\\/\"},\"wordCount\":417,\"commentCount\":0,\"image\":{\"@id\":\"https:\\\/\\\/dmcsrb.com\\\/drustvo\\\/podaci-alarmantni-vise-od-90-odsto-ispitanika-ne-zeli-da-ostane-na-sjeveru\\\/#primaryimage\"},\"thumbnailUrl\":\"https:\\\/\\\/dmcsrb.com\\\/wp-content\\\/uploads\\\/2026\\\/01\\\/sjever1.webp\",\"keywords\":[\"90 odsto\",\"podaci alarmantni\",\"sjever\"],\"articleSection\":[\"Dru\u0161tvo\"],\"inLanguage\":\"en-GB\",\"potentialAction\":[{\"@type\":\"CommentAction\",\"name\":\"Comment\",\"target\":[\"https:\\\/\\\/dmcsrb.com\\\/drustvo\\\/podaci-alarmantni-vise-od-90-odsto-ispitanika-ne-zeli-da-ostane-na-sjeveru\\\/#respond\"]}]},{\"@type\":\"WebPage\",\"@id\":\"https:\\\/\\\/dmcsrb.com\\\/drustvo\\\/podaci-alarmantni-vise-od-90-odsto-ispitanika-ne-zeli-da-ostane-na-sjeveru\\\/\",\"url\":\"https:\\\/\\\/dmcsrb.com\\\/drustvo\\\/podaci-alarmantni-vise-od-90-odsto-ispitanika-ne-zeli-da-ostane-na-sjeveru\\\/\",\"name\":\"Podaci alarmantni: Vi\u0161e od 90 odsto ispitanika ne \u017eeli da ostane na sjeveru - dmcsrb.com\",\"isPartOf\":{\"@id\":\"https:\\\/\\\/dmcsrb.com\\\/#website\"},\"primaryImageOfPage\":{\"@id\":\"https:\\\/\\\/dmcsrb.com\\\/drustvo\\\/podaci-alarmantni-vise-od-90-odsto-ispitanika-ne-zeli-da-ostane-na-sjeveru\\\/#primaryimage\"},\"image\":{\"@id\":\"https:\\\/\\\/dmcsrb.com\\\/drustvo\\\/podaci-alarmantni-vise-od-90-odsto-ispitanika-ne-zeli-da-ostane-na-sjeveru\\\/#primaryimage\"},\"thumbnailUrl\":\"https:\\\/\\\/dmcsrb.com\\\/wp-content\\\/uploads\\\/2026\\\/01\\\/sjever1.webp\",\"datePublished\":\"2025-11-16T19:45:00+00:00\",\"author\":{\"@id\":\"https:\\\/\\\/dmcsrb.com\\\/#\\\/schema\\\/person\\\/5c39170f12db1b8b457732d0b5c854e2\"},\"breadcrumb\":{\"@id\":\"https:\\\/\\\/dmcsrb.com\\\/drustvo\\\/podaci-alarmantni-vise-od-90-odsto-ispitanika-ne-zeli-da-ostane-na-sjeveru\\\/#breadcrumb\"},\"inLanguage\":\"en-GB\",\"potentialAction\":[{\"@type\":\"ReadAction\",\"target\":[\"https:\\\/\\\/dmcsrb.com\\\/drustvo\\\/podaci-alarmantni-vise-od-90-odsto-ispitanika-ne-zeli-da-ostane-na-sjeveru\\\/\"]}]},{\"@type\":\"ImageObject\",\"inLanguage\":\"en-GB\",\"@id\":\"https:\\\/\\\/dmcsrb.com\\\/drustvo\\\/podaci-alarmantni-vise-od-90-odsto-ispitanika-ne-zeli-da-ostane-na-sjeveru\\\/#primaryimage\",\"url\":\"https:\\\/\\\/dmcsrb.com\\\/wp-content\\\/uploads\\\/2026\\\/01\\\/sjever1.webp\",\"contentUrl\":\"https:\\\/\\\/dmcsrb.com\\\/wp-content\\\/uploads\\\/2026\\\/01\\\/sjever1.webp\",\"width\":878,\"height\":467},{\"@type\":\"BreadcrumbList\",\"@id\":\"https:\\\/\\\/dmcsrb.com\\\/drustvo\\\/podaci-alarmantni-vise-od-90-odsto-ispitanika-ne-zeli-da-ostane-na-sjeveru\\\/#breadcrumb\",\"itemListElement\":[{\"@type\":\"ListItem\",\"position\":1,\"name\":\"Home\",\"item\":\"https:\\\/\\\/dmcsrb.com\\\/\"},{\"@type\":\"ListItem\",\"position\":2,\"name\":\"Podaci alarmantni: Vi\u0161e od 90 odsto ispitanika ne \u017eeli da ostane na sjeveru\"}]},{\"@type\":\"WebSite\",\"@id\":\"https:\\\/\\\/dmcsrb.com\\\/#website\",\"url\":\"https:\\\/\\\/dmcsrb.com\\\/\",\"name\":\"dmcsrb.com\",\"description\":\"\",\"potentialAction\":[{\"@type\":\"SearchAction\",\"target\":{\"@type\":\"EntryPoint\",\"urlTemplate\":\"https:\\\/\\\/dmcsrb.com\\\/?s={search_term_string}\"},\"query-input\":{\"@type\":\"PropertyValueSpecification\",\"valueRequired\":true,\"valueName\":\"search_term_string\"}}],\"inLanguage\":\"en-GB\"},{\"@type\":\"Person\",\"@id\":\"https:\\\/\\\/dmcsrb.com\\\/#\\\/schema\\\/person\\\/5c39170f12db1b8b457732d0b5c854e2\",\"name\":\"dmcsrbija.com@gmail.com\",\"image\":{\"@type\":\"ImageObject\",\"inLanguage\":\"en-GB\",\"@id\":\"https:\\\/\\\/secure.gravatar.com\\\/avatar\\\/68592660ad6347fad0fb587f8d5d8f1a7b44961362f56e4f2cd524feb87e9069?s=96&d=mm&r=g\",\"url\":\"https:\\\/\\\/secure.gravatar.com\\\/avatar\\\/68592660ad6347fad0fb587f8d5d8f1a7b44961362f56e4f2cd524feb87e9069?s=96&d=mm&r=g\",\"contentUrl\":\"https:\\\/\\\/secure.gravatar.com\\\/avatar\\\/68592660ad6347fad0fb587f8d5d8f1a7b44961362f56e4f2cd524feb87e9069?s=96&d=mm&r=g\",\"caption\":\"dmcsrbija.com@gmail.com\"},\"sameAs\":[\"https:\\\/\\\/dmcsrb.com\"],\"url\":\"https:\\\/\\\/dmcsrb.com\\\/en\\\/author\\\/dmcsrbija-comgmail-com\\\/\"}]}<\/script>\n<!-- \/ Yoast SEO plugin. -->","yoast_head_json":{"title":"Podaci alarmantni: Vi\u0161e od 90 odsto ispitanika ne \u017eeli da ostane na sjeveru - dmcsrb.com","robots":{"index":"index","follow":"follow","max-snippet":"max-snippet:-1","max-image-preview":"max-image-preview:large","max-video-preview":"max-video-preview:-1"},"canonical":"https:\/\/dmcsrb.com\/en\/drustvo\/podaci-alarmantni-vise-od-90-odsto-ispitanika-ne-zeli-da-ostane-na-sjeveru\/","og_locale":"en_GB","og_type":"article","og_title":"Podaci alarmantni: Vi\u0161e od 90 odsto ispitanika ne \u017eeli da ostane na sjeveru - dmcsrb.com","og_description":"Anketa civilnog sektora u \u0161est op\u0161tina pokazala je da 94 odsto ispitanika na sjeveru ne \u017eeli da ostane. Da dr\u017eava mora reagovati, saglasni su i demografi, kritikuju\u0107i pasivnost nadle\u017enih povodom odlaska stanovni\u0161tva. iz Vlade je sredinom sedmice najavljeno da razmatraju podsticajne mjere.","og_url":"https:\/\/dmcsrb.com\/en\/drustvo\/podaci-alarmantni-vise-od-90-odsto-ispitanika-ne-zeli-da-ostane-na-sjeveru\/","og_site_name":"dmcsrb.com","article_published_time":"2025-11-16T19:45:00+00:00","og_image":[{"width":878,"height":467,"url":"https:\/\/dmcsrb.com\/wp-content\/uploads\/2026\/01\/sjever1.webp","type":"image\/jpeg"}],"author":"dmcsrbija.com@gmail.com","twitter_card":"summary_large_image","twitter_misc":{"Written by":"dmcsrbija.com@gmail.com","Estimated reading time":"2 minutes"},"schema":{"@context":"https:\/\/schema.org","@graph":[{"@type":"Article","@id":"https:\/\/dmcsrb.com\/drustvo\/podaci-alarmantni-vise-od-90-odsto-ispitanika-ne-zeli-da-ostane-na-sjeveru\/#article","isPartOf":{"@id":"https:\/\/dmcsrb.com\/drustvo\/podaci-alarmantni-vise-od-90-odsto-ispitanika-ne-zeli-da-ostane-na-sjeveru\/"},"author":{"name":"dmcsrbija.com@gmail.com","@id":"https:\/\/dmcsrb.com\/#\/schema\/person\/5c39170f12db1b8b457732d0b5c854e2"},"headline":"Podaci alarmantni: Vi\u0161e od 90 odsto ispitanika ne \u017eeli da ostane na sjeveru","datePublished":"2025-11-16T19:45:00+00:00","mainEntityOfPage":{"@id":"https:\/\/dmcsrb.com\/drustvo\/podaci-alarmantni-vise-od-90-odsto-ispitanika-ne-zeli-da-ostane-na-sjeveru\/"},"wordCount":417,"commentCount":0,"image":{"@id":"https:\/\/dmcsrb.com\/drustvo\/podaci-alarmantni-vise-od-90-odsto-ispitanika-ne-zeli-da-ostane-na-sjeveru\/#primaryimage"},"thumbnailUrl":"https:\/\/dmcsrb.com\/wp-content\/uploads\/2026\/01\/sjever1.webp","keywords":["90 odsto","podaci alarmantni","sjever"],"articleSection":["Dru\u0161tvo"],"inLanguage":"en-GB","potentialAction":[{"@type":"CommentAction","name":"Comment","target":["https:\/\/dmcsrb.com\/drustvo\/podaci-alarmantni-vise-od-90-odsto-ispitanika-ne-zeli-da-ostane-na-sjeveru\/#respond"]}]},{"@type":"WebPage","@id":"https:\/\/dmcsrb.com\/drustvo\/podaci-alarmantni-vise-od-90-odsto-ispitanika-ne-zeli-da-ostane-na-sjeveru\/","url":"https:\/\/dmcsrb.com\/drustvo\/podaci-alarmantni-vise-od-90-odsto-ispitanika-ne-zeli-da-ostane-na-sjeveru\/","name":"Podaci alarmantni: Vi\u0161e od 90 odsto ispitanika ne \u017eeli da ostane na sjeveru - dmcsrb.com","isPartOf":{"@id":"https:\/\/dmcsrb.com\/#website"},"primaryImageOfPage":{"@id":"https:\/\/dmcsrb.com\/drustvo\/podaci-alarmantni-vise-od-90-odsto-ispitanika-ne-zeli-da-ostane-na-sjeveru\/#primaryimage"},"image":{"@id":"https:\/\/dmcsrb.com\/drustvo\/podaci-alarmantni-vise-od-90-odsto-ispitanika-ne-zeli-da-ostane-na-sjeveru\/#primaryimage"},"thumbnailUrl":"https:\/\/dmcsrb.com\/wp-content\/uploads\/2026\/01\/sjever1.webp","datePublished":"2025-11-16T19:45:00+00:00","author":{"@id":"https:\/\/dmcsrb.com\/#\/schema\/person\/5c39170f12db1b8b457732d0b5c854e2"},"breadcrumb":{"@id":"https:\/\/dmcsrb.com\/drustvo\/podaci-alarmantni-vise-od-90-odsto-ispitanika-ne-zeli-da-ostane-na-sjeveru\/#breadcrumb"},"inLanguage":"en-GB","potentialAction":[{"@type":"ReadAction","target":["https:\/\/dmcsrb.com\/drustvo\/podaci-alarmantni-vise-od-90-odsto-ispitanika-ne-zeli-da-ostane-na-sjeveru\/"]}]},{"@type":"ImageObject","inLanguage":"en-GB","@id":"https:\/\/dmcsrb.com\/drustvo\/podaci-alarmantni-vise-od-90-odsto-ispitanika-ne-zeli-da-ostane-na-sjeveru\/#primaryimage","url":"https:\/\/dmcsrb.com\/wp-content\/uploads\/2026\/01\/sjever1.webp","contentUrl":"https:\/\/dmcsrb.com\/wp-content\/uploads\/2026\/01\/sjever1.webp","width":878,"height":467},{"@type":"BreadcrumbList","@id":"https:\/\/dmcsrb.com\/drustvo\/podaci-alarmantni-vise-od-90-odsto-ispitanika-ne-zeli-da-ostane-na-sjeveru\/#breadcrumb","itemListElement":[{"@type":"ListItem","position":1,"name":"Home","item":"https:\/\/dmcsrb.com\/"},{"@type":"ListItem","position":2,"name":"Podaci alarmantni: Vi\u0161e od 90 odsto ispitanika ne \u017eeli da ostane na sjeveru"}]},{"@type":"WebSite","@id":"https:\/\/dmcsrb.com\/#website","url":"https:\/\/dmcsrb.com\/","name":"dmcsrb.com","description":"","potentialAction":[{"@type":"SearchAction","target":{"@type":"EntryPoint","urlTemplate":"https:\/\/dmcsrb.com\/?s={search_term_string}"},"query-input":{"@type":"PropertyValueSpecification","valueRequired":true,"valueName":"search_term_string"}}],"inLanguage":"en-GB"},{"@type":"Person","@id":"https:\/\/dmcsrb.com\/#\/schema\/person\/5c39170f12db1b8b457732d0b5c854e2","name":"dmcsrbija.com@gmail.com","image":{"@type":"ImageObject","inLanguage":"en-GB","@id":"https:\/\/secure.gravatar.com\/avatar\/68592660ad6347fad0fb587f8d5d8f1a7b44961362f56e4f2cd524feb87e9069?s=96&d=mm&r=g","url":"https:\/\/secure.gravatar.com\/avatar\/68592660ad6347fad0fb587f8d5d8f1a7b44961362f56e4f2cd524feb87e9069?s=96&d=mm&r=g","contentUrl":"https:\/\/secure.gravatar.com\/avatar\/68592660ad6347fad0fb587f8d5d8f1a7b44961362f56e4f2cd524feb87e9069?s=96&d=mm&r=g","caption":"dmcsrbija.com@gmail.com"},"sameAs":["https:\/\/dmcsrb.com"],"url":"https:\/\/dmcsrb.com\/en\/author\/dmcsrbija-comgmail-com\/"}]}},"_links":{"self":[{"href":"https:\/\/dmcsrb.com\/en\/wp-json\/wp\/v2\/posts\/963944","targetHints":{"allow":["GET"]}}],"collection":[{"href":"https:\/\/dmcsrb.com\/en\/wp-json\/wp\/v2\/posts"}],"about":[{"href":"https:\/\/dmcsrb.com\/en\/wp-json\/wp\/v2\/types\/post"}],"author":[{"embeddable":true,"href":"https:\/\/dmcsrb.com\/en\/wp-json\/wp\/v2\/users\/1"}],"replies":[{"embeddable":true,"href":"https:\/\/dmcsrb.com\/en\/wp-json\/wp\/v2\/comments?post=963944"}],"version-history":[{"count":0,"href":"https:\/\/dmcsrb.com\/en\/wp-json\/wp\/v2\/posts\/963944\/revisions"}],"wp:featuredmedia":[{"embeddable":true,"href":"https:\/\/dmcsrb.com\/en\/wp-json\/wp\/v2\/media\/963945"}],"wp:attachment":[{"href":"https:\/\/dmcsrb.com\/en\/wp-json\/wp\/v2\/media?parent=963944"}],"wp:term":[{"taxonomy":"category","embeddable":true,"href":"https:\/\/dmcsrb.com\/en\/wp-json\/wp\/v2\/categories?post=963944"},{"taxonomy":"post_tag","embeddable":true,"href":"https:\/\/dmcsrb.com\/en\/wp-json\/wp\/v2\/tags?post=963944"},{"taxonomy":"naslovna","embeddable":true,"href":"https:\/\/dmcsrb.com\/en\/wp-json\/wp\/v2\/naslovna?post=963944"}],"curies":[{"name":"wp","href":"https:\/\/api.w.org\/{rel}","templated":true}]}}