{"id":963879,"date":"2025-11-16T13:01:00","date_gmt":"2025-11-16T12:01:00","guid":{"rendered":"https:\/\/dmcsrb.com\/uncategorized\/eruptirao-vulkan-u-japanu-pojavio-se-oblak-pepela-i-dima\/"},"modified":"2025-11-16T13:01:00","modified_gmt":"2025-11-16T12:01:00","slug":"eruptirao-vulkan-u-japanu-pojavio-se-oblak-pepela-i-dima","status":"publish","type":"post","link":"https:\/\/dmcsrb.com\/en\/svijet\/eruptirao-vulkan-u-japanu-pojavio-se-oblak-pepela-i-dima\/","title":{"rendered":"Eruptirao vulkan u Japanu, pojavio se oblak pepela i dima"},"content":{"rendered":"<p>Lokalni zvani\u010dnik saop\u0161tio je da nikakva \u0161teta nije prijavljena, a meteorolozi su izdali upozorenje na, kako su naveli, umjerene koli\u010dine pepela u prefekturama Kago\u0161ima i Mijazaki.<\/p>\n\n\n\n<p>&#8220;Molimo vas da preduzmete mere predostro\u017enosti da biste se za\u0161titili od pepela kori\u0161\u0107enjem ki\u0161obrana ili maski, i da vozite polako&#8221;, navodi se u saop\u0161tenju JMA.<\/p>\n\n\n\n<p>Japan ima vi\u0161e aktivnih vulkana, a Sakurad\u017eima je popularna turisti\u010dka destinacija.<\/p>\n\n\n\n<p>Lokalne vlasti ograni\u010dile su prilaz tom vulkanu zbog nove erupcije.<\/p>","protected":false},"excerpt":{"rendered":"<p>Vulkan Saurad\u017eima aktivirao se na jugu Japana i izbacio oblak pepela i dima, saop\u0161tila je danas Japanska meteorolo\u0161ka agencija (JMA).<\/p>","protected":false},"author":1,"featured_media":963880,"comment_status":"open","ping_status":"open","sticky":false,"template":"","format":"standard","meta":{"_acf_changed":false,"footnotes":""},"categories":[144],"tags":[1073,14135],"naslovna":[],"class_list":["post-963879","post","type-post","status-publish","format-standard","has-post-thumbnail","hentry","category-svijet","tag-japan","tag-vulkan"],"acf":[],"yoast_head":"<!-- This site is optimized with the Yoast SEO plugin v27.4 - https:\/\/yoast.com\/product\/yoast-seo-wordpress\/ -->\n<title>Eruptirao vulkan u Japanu, pojavio se oblak pepela i dima - dmcsrb.com<\/title>\n<meta name=\"robots\" content=\"index, follow, max-snippet:-1, max-image-preview:large, max-video-preview:-1\" \/>\n<link rel=\"canonical\" href=\"https:\/\/dmcsrb.com\/en\/svijet\/eruptirao-vulkan-u-japanu-pojavio-se-oblak-pepela-i-dima\/\" \/>\n<meta property=\"og:locale\" content=\"en_GB\" \/>\n<meta property=\"og:type\" content=\"article\" \/>\n<meta property=\"og:title\" content=\"Eruptirao vulkan u Japanu, pojavio se oblak pepela i dima - dmcsrb.com\" \/>\n<meta property=\"og:description\" content=\"Vulkan Saurad\u017eima aktivirao se na jugu Japana i izbacio oblak pepela i dima, saop\u0161tila je danas Japanska meteorolo\u0161ka agencija (JMA).\" \/>\n<meta property=\"og:url\" content=\"https:\/\/dmcsrb.com\/en\/svijet\/eruptirao-vulkan-u-japanu-pojavio-se-oblak-pepela-i-dima\/\" \/>\n<meta property=\"og:site_name\" content=\"dmcsrb.com\" \/>\n<meta property=\"article:published_time\" content=\"2025-11-16T12:01:00+00:00\" \/>\n<meta property=\"og:image\" content=\"https:\/\/dmcsrb.com\/wp-content\/uploads\/2026\/01\/VULKAN_602x900.webp\" \/>\n\t<meta property=\"og:image:width\" content=\"512\" \/>\n\t<meta property=\"og:image:height\" content=\"343\" \/>\n\t<meta property=\"og:image:type\" content=\"image\/jpeg\" \/>\n<meta name=\"author\" content=\"dmcsrbija.com@gmail.com\" \/>\n<meta name=\"twitter:card\" content=\"summary_large_image\" \/>\n<meta name=\"twitter:label1\" content=\"Written by\" \/>\n\t<meta name=\"twitter:data1\" content=\"dmcsrbija.com@gmail.com\" \/>\n<script type=\"application\/ld+json\" class=\"yoast-schema-graph\">{\"@context\":\"https:\\\/\\\/schema.org\",\"@graph\":[{\"@type\":\"Article\",\"@id\":\"https:\\\/\\\/dmcsrb.com\\\/en\\\/svijet\\\/eruptirao-vulkan-u-japanu-pojavio-se-oblak-pepela-i-dima\\\/#article\",\"isPartOf\":{\"@id\":\"https:\\\/\\\/dmcsrb.com\\\/en\\\/svijet\\\/eruptirao-vulkan-u-japanu-pojavio-se-oblak-pepela-i-dima\\\/\"},\"author\":{\"name\":\"dmcsrbija.com@gmail.com\",\"@id\":\"https:\\\/\\\/dmcsrb.com\\\/#\\\/schema\\\/person\\\/5c39170f12db1b8b457732d0b5c854e2\"},\"headline\":\"Eruptirao vulkan u Japanu, pojavio se oblak pepela i dima\",\"datePublished\":\"2025-11-16T12:01:00+00:00\",\"mainEntityOfPage\":{\"@id\":\"https:\\\/\\\/dmcsrb.com\\\/en\\\/svijet\\\/eruptirao-vulkan-u-japanu-pojavio-se-oblak-pepela-i-dima\\\/\"},\"wordCount\":95,\"commentCount\":0,\"image\":{\"@id\":\"https:\\\/\\\/dmcsrb.com\\\/en\\\/svijet\\\/eruptirao-vulkan-u-japanu-pojavio-se-oblak-pepela-i-dima\\\/#primaryimage\"},\"thumbnailUrl\":\"https:\\\/\\\/dmcsrb.com\\\/wp-content\\\/uploads\\\/2026\\\/01\\\/VULKAN_602x900.webp\",\"keywords\":[\"Japan\",\"Vulkan\"],\"articleSection\":[\"Svijet\"],\"inLanguage\":\"en-GB\",\"potentialAction\":[{\"@type\":\"CommentAction\",\"name\":\"Comment\",\"target\":[\"https:\\\/\\\/dmcsrb.com\\\/en\\\/svijet\\\/eruptirao-vulkan-u-japanu-pojavio-se-oblak-pepela-i-dima\\\/#respond\"]}]},{\"@type\":\"WebPage\",\"@id\":\"https:\\\/\\\/dmcsrb.com\\\/en\\\/svijet\\\/eruptirao-vulkan-u-japanu-pojavio-se-oblak-pepela-i-dima\\\/\",\"url\":\"https:\\\/\\\/dmcsrb.com\\\/en\\\/svijet\\\/eruptirao-vulkan-u-japanu-pojavio-se-oblak-pepela-i-dima\\\/\",\"name\":\"Eruptirao vulkan u Japanu, pojavio se oblak pepela i dima - dmcsrb.com\",\"isPartOf\":{\"@id\":\"https:\\\/\\\/dmcsrb.com\\\/#website\"},\"primaryImageOfPage\":{\"@id\":\"https:\\\/\\\/dmcsrb.com\\\/en\\\/svijet\\\/eruptirao-vulkan-u-japanu-pojavio-se-oblak-pepela-i-dima\\\/#primaryimage\"},\"image\":{\"@id\":\"https:\\\/\\\/dmcsrb.com\\\/en\\\/svijet\\\/eruptirao-vulkan-u-japanu-pojavio-se-oblak-pepela-i-dima\\\/#primaryimage\"},\"thumbnailUrl\":\"https:\\\/\\\/dmcsrb.com\\\/wp-content\\\/uploads\\\/2026\\\/01\\\/VULKAN_602x900.webp\",\"datePublished\":\"2025-11-16T12:01:00+00:00\",\"author\":{\"@id\":\"https:\\\/\\\/dmcsrb.com\\\/#\\\/schema\\\/person\\\/5c39170f12db1b8b457732d0b5c854e2\"},\"breadcrumb\":{\"@id\":\"https:\\\/\\\/dmcsrb.com\\\/en\\\/svijet\\\/eruptirao-vulkan-u-japanu-pojavio-se-oblak-pepela-i-dima\\\/#breadcrumb\"},\"inLanguage\":\"en-GB\",\"potentialAction\":[{\"@type\":\"ReadAction\",\"target\":[\"https:\\\/\\\/dmcsrb.com\\\/en\\\/svijet\\\/eruptirao-vulkan-u-japanu-pojavio-se-oblak-pepela-i-dima\\\/\"]}]},{\"@type\":\"ImageObject\",\"inLanguage\":\"en-GB\",\"@id\":\"https:\\\/\\\/dmcsrb.com\\\/en\\\/svijet\\\/eruptirao-vulkan-u-japanu-pojavio-se-oblak-pepela-i-dima\\\/#primaryimage\",\"url\":\"https:\\\/\\\/dmcsrb.com\\\/wp-content\\\/uploads\\\/2026\\\/01\\\/VULKAN_602x900.webp\",\"contentUrl\":\"https:\\\/\\\/dmcsrb.com\\\/wp-content\\\/uploads\\\/2026\\\/01\\\/VULKAN_602x900.webp\",\"width\":512,\"height\":343},{\"@type\":\"BreadcrumbList\",\"@id\":\"https:\\\/\\\/dmcsrb.com\\\/en\\\/svijet\\\/eruptirao-vulkan-u-japanu-pojavio-se-oblak-pepela-i-dima\\\/#breadcrumb\",\"itemListElement\":[{\"@type\":\"ListItem\",\"position\":1,\"name\":\"Home\",\"item\":\"https:\\\/\\\/dmcsrb.com\\\/\"},{\"@type\":\"ListItem\",\"position\":2,\"name\":\"Eruptirao vulkan u Japanu, pojavio se oblak pepela i dima\"}]},{\"@type\":\"WebSite\",\"@id\":\"https:\\\/\\\/dmcsrb.com\\\/#website\",\"url\":\"https:\\\/\\\/dmcsrb.com\\\/\",\"name\":\"dmcsrb.com\",\"description\":\"\",\"potentialAction\":[{\"@type\":\"SearchAction\",\"target\":{\"@type\":\"EntryPoint\",\"urlTemplate\":\"https:\\\/\\\/dmcsrb.com\\\/?s={search_term_string}\"},\"query-input\":{\"@type\":\"PropertyValueSpecification\",\"valueRequired\":true,\"valueName\":\"search_term_string\"}}],\"inLanguage\":\"en-GB\"},{\"@type\":\"Person\",\"@id\":\"https:\\\/\\\/dmcsrb.com\\\/#\\\/schema\\\/person\\\/5c39170f12db1b8b457732d0b5c854e2\",\"name\":\"dmcsrbija.com@gmail.com\",\"image\":{\"@type\":\"ImageObject\",\"inLanguage\":\"en-GB\",\"@id\":\"https:\\\/\\\/secure.gravatar.com\\\/avatar\\\/68592660ad6347fad0fb587f8d5d8f1a7b44961362f56e4f2cd524feb87e9069?s=96&d=mm&r=g\",\"url\":\"https:\\\/\\\/secure.gravatar.com\\\/avatar\\\/68592660ad6347fad0fb587f8d5d8f1a7b44961362f56e4f2cd524feb87e9069?s=96&d=mm&r=g\",\"contentUrl\":\"https:\\\/\\\/secure.gravatar.com\\\/avatar\\\/68592660ad6347fad0fb587f8d5d8f1a7b44961362f56e4f2cd524feb87e9069?s=96&d=mm&r=g\",\"caption\":\"dmcsrbija.com@gmail.com\"},\"sameAs\":[\"https:\\\/\\\/dmcsrb.com\"],\"url\":\"https:\\\/\\\/dmcsrb.com\\\/en\\\/author\\\/dmcsrbija-comgmail-com\\\/\"}]}<\/script>\n<!-- \/ Yoast SEO plugin. -->","yoast_head_json":{"title":"Eruptirao vulkan u Japanu, pojavio se oblak pepela i dima - dmcsrb.com","robots":{"index":"index","follow":"follow","max-snippet":"max-snippet:-1","max-image-preview":"max-image-preview:large","max-video-preview":"max-video-preview:-1"},"canonical":"https:\/\/dmcsrb.com\/en\/svijet\/eruptirao-vulkan-u-japanu-pojavio-se-oblak-pepela-i-dima\/","og_locale":"en_GB","og_type":"article","og_title":"Eruptirao vulkan u Japanu, pojavio se oblak pepela i dima - dmcsrb.com","og_description":"Vulkan Saurad\u017eima aktivirao se na jugu Japana i izbacio oblak pepela i dima, saop\u0161tila je danas Japanska meteorolo\u0161ka agencija (JMA).","og_url":"https:\/\/dmcsrb.com\/en\/svijet\/eruptirao-vulkan-u-japanu-pojavio-se-oblak-pepela-i-dima\/","og_site_name":"dmcsrb.com","article_published_time":"2025-11-16T12:01:00+00:00","og_image":[{"width":512,"height":343,"url":"https:\/\/dmcsrb.com\/wp-content\/uploads\/2026\/01\/VULKAN_602x900.webp","type":"image\/jpeg"}],"author":"dmcsrbija.com@gmail.com","twitter_card":"summary_large_image","twitter_misc":{"Written by":"dmcsrbija.com@gmail.com"},"schema":{"@context":"https:\/\/schema.org","@graph":[{"@type":"Article","@id":"https:\/\/dmcsrb.com\/en\/svijet\/eruptirao-vulkan-u-japanu-pojavio-se-oblak-pepela-i-dima\/#article","isPartOf":{"@id":"https:\/\/dmcsrb.com\/en\/svijet\/eruptirao-vulkan-u-japanu-pojavio-se-oblak-pepela-i-dima\/"},"author":{"name":"dmcsrbija.com@gmail.com","@id":"https:\/\/dmcsrb.com\/#\/schema\/person\/5c39170f12db1b8b457732d0b5c854e2"},"headline":"Eruptirao vulkan u Japanu, pojavio se oblak pepela i dima","datePublished":"2025-11-16T12:01:00+00:00","mainEntityOfPage":{"@id":"https:\/\/dmcsrb.com\/en\/svijet\/eruptirao-vulkan-u-japanu-pojavio-se-oblak-pepela-i-dima\/"},"wordCount":95,"commentCount":0,"image":{"@id":"https:\/\/dmcsrb.com\/en\/svijet\/eruptirao-vulkan-u-japanu-pojavio-se-oblak-pepela-i-dima\/#primaryimage"},"thumbnailUrl":"https:\/\/dmcsrb.com\/wp-content\/uploads\/2026\/01\/VULKAN_602x900.webp","keywords":["Japan","Vulkan"],"articleSection":["Svijet"],"inLanguage":"en-GB","potentialAction":[{"@type":"CommentAction","name":"Comment","target":["https:\/\/dmcsrb.com\/en\/svijet\/eruptirao-vulkan-u-japanu-pojavio-se-oblak-pepela-i-dima\/#respond"]}]},{"@type":"WebPage","@id":"https:\/\/dmcsrb.com\/en\/svijet\/eruptirao-vulkan-u-japanu-pojavio-se-oblak-pepela-i-dima\/","url":"https:\/\/dmcsrb.com\/en\/svijet\/eruptirao-vulkan-u-japanu-pojavio-se-oblak-pepela-i-dima\/","name":"Eruptirao vulkan u Japanu, pojavio se oblak pepela i dima - dmcsrb.com","isPartOf":{"@id":"https:\/\/dmcsrb.com\/#website"},"primaryImageOfPage":{"@id":"https:\/\/dmcsrb.com\/en\/svijet\/eruptirao-vulkan-u-japanu-pojavio-se-oblak-pepela-i-dima\/#primaryimage"},"image":{"@id":"https:\/\/dmcsrb.com\/en\/svijet\/eruptirao-vulkan-u-japanu-pojavio-se-oblak-pepela-i-dima\/#primaryimage"},"thumbnailUrl":"https:\/\/dmcsrb.com\/wp-content\/uploads\/2026\/01\/VULKAN_602x900.webp","datePublished":"2025-11-16T12:01:00+00:00","author":{"@id":"https:\/\/dmcsrb.com\/#\/schema\/person\/5c39170f12db1b8b457732d0b5c854e2"},"breadcrumb":{"@id":"https:\/\/dmcsrb.com\/en\/svijet\/eruptirao-vulkan-u-japanu-pojavio-se-oblak-pepela-i-dima\/#breadcrumb"},"inLanguage":"en-GB","potentialAction":[{"@type":"ReadAction","target":["https:\/\/dmcsrb.com\/en\/svijet\/eruptirao-vulkan-u-japanu-pojavio-se-oblak-pepela-i-dima\/"]}]},{"@type":"ImageObject","inLanguage":"en-GB","@id":"https:\/\/dmcsrb.com\/en\/svijet\/eruptirao-vulkan-u-japanu-pojavio-se-oblak-pepela-i-dima\/#primaryimage","url":"https:\/\/dmcsrb.com\/wp-content\/uploads\/2026\/01\/VULKAN_602x900.webp","contentUrl":"https:\/\/dmcsrb.com\/wp-content\/uploads\/2026\/01\/VULKAN_602x900.webp","width":512,"height":343},{"@type":"BreadcrumbList","@id":"https:\/\/dmcsrb.com\/en\/svijet\/eruptirao-vulkan-u-japanu-pojavio-se-oblak-pepela-i-dima\/#breadcrumb","itemListElement":[{"@type":"ListItem","position":1,"name":"Home","item":"https:\/\/dmcsrb.com\/"},{"@type":"ListItem","position":2,"name":"Eruptirao vulkan u Japanu, pojavio se oblak pepela i dima"}]},{"@type":"WebSite","@id":"https:\/\/dmcsrb.com\/#website","url":"https:\/\/dmcsrb.com\/","name":"dmcsrb.com","description":"","potentialAction":[{"@type":"SearchAction","target":{"@type":"EntryPoint","urlTemplate":"https:\/\/dmcsrb.com\/?s={search_term_string}"},"query-input":{"@type":"PropertyValueSpecification","valueRequired":true,"valueName":"search_term_string"}}],"inLanguage":"en-GB"},{"@type":"Person","@id":"https:\/\/dmcsrb.com\/#\/schema\/person\/5c39170f12db1b8b457732d0b5c854e2","name":"dmcsrbija.com@gmail.com","image":{"@type":"ImageObject","inLanguage":"en-GB","@id":"https:\/\/secure.gravatar.com\/avatar\/68592660ad6347fad0fb587f8d5d8f1a7b44961362f56e4f2cd524feb87e9069?s=96&d=mm&r=g","url":"https:\/\/secure.gravatar.com\/avatar\/68592660ad6347fad0fb587f8d5d8f1a7b44961362f56e4f2cd524feb87e9069?s=96&d=mm&r=g","contentUrl":"https:\/\/secure.gravatar.com\/avatar\/68592660ad6347fad0fb587f8d5d8f1a7b44961362f56e4f2cd524feb87e9069?s=96&d=mm&r=g","caption":"dmcsrbija.com@gmail.com"},"sameAs":["https:\/\/dmcsrb.com"],"url":"https:\/\/dmcsrb.com\/en\/author\/dmcsrbija-comgmail-com\/"}]}},"_links":{"self":[{"href":"https:\/\/dmcsrb.com\/en\/wp-json\/wp\/v2\/posts\/963879","targetHints":{"allow":["GET"]}}],"collection":[{"href":"https:\/\/dmcsrb.com\/en\/wp-json\/wp\/v2\/posts"}],"about":[{"href":"https:\/\/dmcsrb.com\/en\/wp-json\/wp\/v2\/types\/post"}],"author":[{"embeddable":true,"href":"https:\/\/dmcsrb.com\/en\/wp-json\/wp\/v2\/users\/1"}],"replies":[{"embeddable":true,"href":"https:\/\/dmcsrb.com\/en\/wp-json\/wp\/v2\/comments?post=963879"}],"version-history":[{"count":0,"href":"https:\/\/dmcsrb.com\/en\/wp-json\/wp\/v2\/posts\/963879\/revisions"}],"wp:featuredmedia":[{"embeddable":true,"href":"https:\/\/dmcsrb.com\/en\/wp-json\/wp\/v2\/media\/963880"}],"wp:attachment":[{"href":"https:\/\/dmcsrb.com\/en\/wp-json\/wp\/v2\/media?parent=963879"}],"wp:term":[{"taxonomy":"category","embeddable":true,"href":"https:\/\/dmcsrb.com\/en\/wp-json\/wp\/v2\/categories?post=963879"},{"taxonomy":"post_tag","embeddable":true,"href":"https:\/\/dmcsrb.com\/en\/wp-json\/wp\/v2\/tags?post=963879"},{"taxonomy":"naslovna","embeddable":true,"href":"https:\/\/dmcsrb.com\/en\/wp-json\/wp\/v2\/naslovna?post=963879"}],"curies":[{"name":"wp","href":"https:\/\/api.w.org\/{rel}","templated":true}]}}