{"id":963834,"date":"2025-11-16T06:57:00","date_gmt":"2025-11-16T05:57:00","guid":{"rendered":"https:\/\/dmcsrb.com\/uncategorized\/povecanje-djecjeg-dodatka-iskrena-zelja-ili-populizam\/"},"modified":"2025-11-16T06:57:00","modified_gmt":"2025-11-16T05:57:00","slug":"povecanje-djecjeg-dodatka-iskrena-zelja-ili-populizam","status":"publish","type":"post","link":"https:\/\/dmcsrb.com\/en\/drustvo\/povecanje-djecjeg-dodatka-iskrena-zelja-ili-populizam\/","title":{"rendered":"Pove\u0107anje dje\u010djeg dodatka: Iskrena \u017eelja ili populizam?"},"content":{"rendered":"<p>Dok gra\u0111ani Crne Gore ove godine finansiraju \u010dak 58 politi\u010dkih partija i pokreta sa vi\u0161e od 15 miliona eura iz dr\u017eavnog i lokalnih bud\u017eeta, iz pokreta Evropa Sad nakon peticije gra\u0111ana sti\u017ee predlog da se dio tih sredstava preusmjeri za dje\u010dje dodatke.<\/p>\n\n\n\n<p>Da je rije\u010d o populisti\u010dkom politi\u010dkom potezu, ocjenjuje za na\u0161 radio Vuk Mara\u0161 iz Birna.<\/p>\n\n\n\n<p>&#8220;Ovo jeste, rekao bih, jedna politi\u010dka igrica izme\u0111u URA i PES-a koja je tako\u0111e jedan populizam, jer ozbiljna dr\u017eava ne treba da radi takve vrste izmjena u smislu da se preko koljena odlu\u010duje gdje \u0107e se smanjiti, gdje \u0107e se dodati. Svakako s obzirom da se finansiranje partija drasti\u010dno pove\u0107alo, gledaju\u0107i na racionalnom nivou, je li to bolje da ide djeci ili politi\u010dkim subjektima, naravno da je bolje da ide djeci u tom smislu, neka se oni dogovore, ja \u010disto sumnjam da \u0107e imati u parlamentu podr\u0161ku svih&#8221;, rekao je Mara\u0161.<\/p>\n\n\n\n<p>Mara\u0161 ka\u017ee da se tu vi\u0161e ne gleda ko je vlast, a ko opozicija, ve\u0107 sopstveni interesi.<\/p>\n\n\n\n<p>&#8220;Dakle, bi\u0107e vrlo zanimljivo vidjeti koliko \u0107e stvarno politi\u010dke partije glasati za taj predlog, ali je dobro da se problematizuje \u010dinjenica da partije jesu previ\u0161e finansirane od strane dr\u017eavnog bud\u017eeta, posebno imaju\u0107i u vidu kulturu politi\u010dkog dijaloga koju imamo u Crnoj Gori, na\u010dine na koje se vode kampanje i sl. i \u010dinjenicu da su\u0161tinski mi u Crnoj Gori nemamo bilo kakvo procesuiranje nezakonitog finansiranja od strane ASK-a ili bilo koje druge institucije, a to se de\u0161ava godinama unazad&#8221;, kazao je Mara\u0161.&nbsp;<\/p>\n\n\n\n<p>Da je posrijedi nadgornjavanje vlasti i opozicije, smatra politikolog Bo\u017eidar Denda, koji isti\u010de da \u010dak i kada bi politi\u010dari pristali, taj iznos ne bi bio dovoljan za ozbiljnije pove\u0107anje mjese\u010dnog iznosa dje\u010dijeg dodatka.<\/p>\n\n\n\n<p>&#8220;Pa je opet pri\u010da na kraju zavr\u0161ila u toj ping-pong igri gdje vlast prebacuje opoziciji, opozicija vra\u0107a lopticu vlasti u smislu gdje opozicioni poslanici sada \u010dekaju vlast da ona obezbijedi jo\u0161 nekoliko miliona kako bi taj krajnji iznos pove\u0107anja i ukupan iznos koji \u0107e biti utvr\u0111en kad to pove\u0107anje bude validirano, dakle da bude ne samo 40 ili 45 nego mo\u017eda i preko 50 eura&#8221;, kazao je Denda.<\/p>\n\n\n\n<p>To se mo\u017ee posmatrati kao populizam, ali ne nu\u017eno, navodi Denda.<\/p>\n\n\n\n<p>&#8220;Su\u0161tina pri\u010de je da su sve to ad hoc mjere kojima ni jedna, a ne ova aktuelna vlast, ne mo\u017ee da sanira u onoj po\u017eeljnoj mjeri trenutnu situaciju i kupovnu mo\u0107 ovog stanovni\u0161tva, jer se lije\u010de posljedice, a ne uzroci&#8221;, smatra Denda.<\/p>\n\n\n\n<p>Dr\u017eava za dje\u010dje dodatke izdvaja oko 55 miliona eura godi\u0161nje. Ukoliko bi sve politi\u010dke partije pristale da polovinu svojih sredstava usmjere na dje\u010dje dodatke, kalkulacija ka\u017ee da bi to po djetetu mjese\u010dno bilo oko 5 eura, odnosno 35 eura mjese\u010dno.<\/p>","protected":false},"excerpt":{"rendered":"<p>Crna Gora godi\u0161nje za politi\u010dke partije izdvaja rekordnih 15 miliona eura. URA i Pokret Evropa Sad polemisali su o tome da se polovina tog novca preusmjeri na pove\u0107anje dje\u010djih dodataka. To zna\u010di da bi se umjesto do sada\u0161njih 30 eura mjese\u010dno za najmla\u0111e izdvajalo 35 eura. Je li rije\u010d o populizmu ili o zaista iskrenoj \u017eelji da se vi\u0161e novca da djeci?<\/p>","protected":false},"author":1,"featured_media":963835,"comment_status":"open","ping_status":"open","sticky":false,"template":"","format":"standard","meta":{"_acf_changed":false,"footnotes":""},"categories":[2],"tags":[14542,1882],"naslovna":[],"class_list":["post-963834","post","type-post","status-publish","format-standard","has-post-thumbnail","hentry","category-drustvo","tag-djeciti-dodatak","tag-povecanje"],"acf":[],"yoast_head":"<!-- This site is optimized with the Yoast SEO plugin v27.4 - https:\/\/yoast.com\/product\/yoast-seo-wordpress\/ -->\n<title>Pove\u0107anje dje\u010djeg dodatka: Iskrena \u017eelja ili populizam? - dmcsrb.com<\/title>\n<meta name=\"robots\" content=\"index, follow, max-snippet:-1, max-image-preview:large, max-video-preview:-1\" \/>\n<link rel=\"canonical\" href=\"https:\/\/dmcsrb.com\/en\/drustvo\/povecanje-djecjeg-dodatka-iskrena-zelja-ili-populizam\/\" \/>\n<meta property=\"og:locale\" content=\"en_GB\" \/>\n<meta property=\"og:type\" content=\"article\" \/>\n<meta property=\"og:title\" content=\"Pove\u0107anje dje\u010djeg dodatka: Iskrena \u017eelja ili populizam? - dmcsrb.com\" \/>\n<meta property=\"og:description\" content=\"Crna Gora godi\u0161nje za politi\u010dke partije izdvaja rekordnih 15 miliona eura. URA i Pokret Evropa Sad polemisali su o tome da se polovina tog novca preusmjeri na pove\u0107anje dje\u010djih dodataka. To zna\u010di da bi se umjesto do sada\u0161njih 30 eura mjese\u010dno za najmla\u0111e izdvajalo 35 eura. Je li rije\u010d o populizmu ili o zaista iskrenoj \u017eelji da se vi\u0161e novca da djeci?\" \/>\n<meta property=\"og:url\" content=\"https:\/\/dmcsrb.com\/en\/drustvo\/povecanje-djecjeg-dodatka-iskrena-zelja-ili-populizam\/\" \/>\n<meta property=\"og:site_name\" content=\"dmcsrb.com\" \/>\n<meta property=\"article:published_time\" content=\"2025-11-16T05:57:00+00:00\" \/>\n<meta property=\"og:image\" content=\"https:\/\/dmcsrb.com\/wp-content\/uploads\/2026\/01\/money-6815202_1280_599x900.webp\" \/>\n\t<meta property=\"og:image:width\" content=\"899\" \/>\n\t<meta property=\"og:image:height\" content=\"599\" \/>\n\t<meta property=\"og:image:type\" content=\"image\/jpeg\" \/>\n<meta name=\"author\" content=\"dmcsrbija.com@gmail.com\" \/>\n<meta name=\"twitter:card\" content=\"summary_large_image\" \/>\n<meta name=\"twitter:label1\" content=\"Written by\" \/>\n\t<meta name=\"twitter:data1\" content=\"dmcsrbija.com@gmail.com\" \/>\n\t<meta name=\"twitter:label2\" content=\"Estimated reading time\" \/>\n\t<meta name=\"twitter:data2\" content=\"2 minutes\" \/>\n<script type=\"application\/ld+json\" class=\"yoast-schema-graph\">{\"@context\":\"https:\\\/\\\/schema.org\",\"@graph\":[{\"@type\":\"Article\",\"@id\":\"https:\\\/\\\/dmcsrb.com\\\/drustvo\\\/povecanje-djecjeg-dodatka-iskrena-zelja-ili-populizam\\\/#article\",\"isPartOf\":{\"@id\":\"https:\\\/\\\/dmcsrb.com\\\/drustvo\\\/povecanje-djecjeg-dodatka-iskrena-zelja-ili-populizam\\\/\"},\"author\":{\"name\":\"dmcsrbija.com@gmail.com\",\"@id\":\"https:\\\/\\\/dmcsrb.com\\\/#\\\/schema\\\/person\\\/5c39170f12db1b8b457732d0b5c854e2\"},\"headline\":\"Pove\u0107anje dje\u010djeg dodatka: Iskrena \u017eelja ili populizam?\",\"datePublished\":\"2025-11-16T05:57:00+00:00\",\"mainEntityOfPage\":{\"@id\":\"https:\\\/\\\/dmcsrb.com\\\/drustvo\\\/povecanje-djecjeg-dodatka-iskrena-zelja-ili-populizam\\\/\"},\"wordCount\":503,\"commentCount\":0,\"image\":{\"@id\":\"https:\\\/\\\/dmcsrb.com\\\/drustvo\\\/povecanje-djecjeg-dodatka-iskrena-zelja-ili-populizam\\\/#primaryimage\"},\"thumbnailUrl\":\"https:\\\/\\\/dmcsrb.com\\\/wp-content\\\/uploads\\\/2026\\\/01\\\/money-6815202_1280_599x900.webp\",\"keywords\":[\"dje\u010diti dodatak\",\"pove\u0107anje\"],\"articleSection\":[\"Dru\u0161tvo\"],\"inLanguage\":\"en-GB\",\"potentialAction\":[{\"@type\":\"CommentAction\",\"name\":\"Comment\",\"target\":[\"https:\\\/\\\/dmcsrb.com\\\/drustvo\\\/povecanje-djecjeg-dodatka-iskrena-zelja-ili-populizam\\\/#respond\"]}]},{\"@type\":\"WebPage\",\"@id\":\"https:\\\/\\\/dmcsrb.com\\\/drustvo\\\/povecanje-djecjeg-dodatka-iskrena-zelja-ili-populizam\\\/\",\"url\":\"https:\\\/\\\/dmcsrb.com\\\/drustvo\\\/povecanje-djecjeg-dodatka-iskrena-zelja-ili-populizam\\\/\",\"name\":\"Pove\u0107anje dje\u010djeg dodatka: Iskrena \u017eelja ili populizam? - dmcsrb.com\",\"isPartOf\":{\"@id\":\"https:\\\/\\\/dmcsrb.com\\\/#website\"},\"primaryImageOfPage\":{\"@id\":\"https:\\\/\\\/dmcsrb.com\\\/drustvo\\\/povecanje-djecjeg-dodatka-iskrena-zelja-ili-populizam\\\/#primaryimage\"},\"image\":{\"@id\":\"https:\\\/\\\/dmcsrb.com\\\/drustvo\\\/povecanje-djecjeg-dodatka-iskrena-zelja-ili-populizam\\\/#primaryimage\"},\"thumbnailUrl\":\"https:\\\/\\\/dmcsrb.com\\\/wp-content\\\/uploads\\\/2026\\\/01\\\/money-6815202_1280_599x900.webp\",\"datePublished\":\"2025-11-16T05:57:00+00:00\",\"author\":{\"@id\":\"https:\\\/\\\/dmcsrb.com\\\/#\\\/schema\\\/person\\\/5c39170f12db1b8b457732d0b5c854e2\"},\"breadcrumb\":{\"@id\":\"https:\\\/\\\/dmcsrb.com\\\/drustvo\\\/povecanje-djecjeg-dodatka-iskrena-zelja-ili-populizam\\\/#breadcrumb\"},\"inLanguage\":\"en-GB\",\"potentialAction\":[{\"@type\":\"ReadAction\",\"target\":[\"https:\\\/\\\/dmcsrb.com\\\/drustvo\\\/povecanje-djecjeg-dodatka-iskrena-zelja-ili-populizam\\\/\"]}]},{\"@type\":\"ImageObject\",\"inLanguage\":\"en-GB\",\"@id\":\"https:\\\/\\\/dmcsrb.com\\\/drustvo\\\/povecanje-djecjeg-dodatka-iskrena-zelja-ili-populizam\\\/#primaryimage\",\"url\":\"https:\\\/\\\/dmcsrb.com\\\/wp-content\\\/uploads\\\/2026\\\/01\\\/money-6815202_1280_599x900.webp\",\"contentUrl\":\"https:\\\/\\\/dmcsrb.com\\\/wp-content\\\/uploads\\\/2026\\\/01\\\/money-6815202_1280_599x900.webp\",\"width\":899,\"height\":599},{\"@type\":\"BreadcrumbList\",\"@id\":\"https:\\\/\\\/dmcsrb.com\\\/drustvo\\\/povecanje-djecjeg-dodatka-iskrena-zelja-ili-populizam\\\/#breadcrumb\",\"itemListElement\":[{\"@type\":\"ListItem\",\"position\":1,\"name\":\"Home\",\"item\":\"https:\\\/\\\/dmcsrb.com\\\/\"},{\"@type\":\"ListItem\",\"position\":2,\"name\":\"Pove\u0107anje dje\u010djeg dodatka: Iskrena \u017eelja ili populizam?\"}]},{\"@type\":\"WebSite\",\"@id\":\"https:\\\/\\\/dmcsrb.com\\\/#website\",\"url\":\"https:\\\/\\\/dmcsrb.com\\\/\",\"name\":\"dmcsrb.com\",\"description\":\"\",\"potentialAction\":[{\"@type\":\"SearchAction\",\"target\":{\"@type\":\"EntryPoint\",\"urlTemplate\":\"https:\\\/\\\/dmcsrb.com\\\/?s={search_term_string}\"},\"query-input\":{\"@type\":\"PropertyValueSpecification\",\"valueRequired\":true,\"valueName\":\"search_term_string\"}}],\"inLanguage\":\"en-GB\"},{\"@type\":\"Person\",\"@id\":\"https:\\\/\\\/dmcsrb.com\\\/#\\\/schema\\\/person\\\/5c39170f12db1b8b457732d0b5c854e2\",\"name\":\"dmcsrbija.com@gmail.com\",\"image\":{\"@type\":\"ImageObject\",\"inLanguage\":\"en-GB\",\"@id\":\"https:\\\/\\\/secure.gravatar.com\\\/avatar\\\/68592660ad6347fad0fb587f8d5d8f1a7b44961362f56e4f2cd524feb87e9069?s=96&d=mm&r=g\",\"url\":\"https:\\\/\\\/secure.gravatar.com\\\/avatar\\\/68592660ad6347fad0fb587f8d5d8f1a7b44961362f56e4f2cd524feb87e9069?s=96&d=mm&r=g\",\"contentUrl\":\"https:\\\/\\\/secure.gravatar.com\\\/avatar\\\/68592660ad6347fad0fb587f8d5d8f1a7b44961362f56e4f2cd524feb87e9069?s=96&d=mm&r=g\",\"caption\":\"dmcsrbija.com@gmail.com\"},\"sameAs\":[\"https:\\\/\\\/dmcsrb.com\"],\"url\":\"https:\\\/\\\/dmcsrb.com\\\/en\\\/author\\\/dmcsrbija-comgmail-com\\\/\"}]}<\/script>\n<!-- \/ Yoast SEO plugin. -->","yoast_head_json":{"title":"Pove\u0107anje dje\u010djeg dodatka: Iskrena \u017eelja ili populizam? - dmcsrb.com","robots":{"index":"index","follow":"follow","max-snippet":"max-snippet:-1","max-image-preview":"max-image-preview:large","max-video-preview":"max-video-preview:-1"},"canonical":"https:\/\/dmcsrb.com\/en\/drustvo\/povecanje-djecjeg-dodatka-iskrena-zelja-ili-populizam\/","og_locale":"en_GB","og_type":"article","og_title":"Pove\u0107anje dje\u010djeg dodatka: Iskrena \u017eelja ili populizam? - dmcsrb.com","og_description":"Crna Gora godi\u0161nje za politi\u010dke partije izdvaja rekordnih 15 miliona eura. URA i Pokret Evropa Sad polemisali su o tome da se polovina tog novca preusmjeri na pove\u0107anje dje\u010djih dodataka. To zna\u010di da bi se umjesto do sada\u0161njih 30 eura mjese\u010dno za najmla\u0111e izdvajalo 35 eura. Je li rije\u010d o populizmu ili o zaista iskrenoj \u017eelji da se vi\u0161e novca da djeci?","og_url":"https:\/\/dmcsrb.com\/en\/drustvo\/povecanje-djecjeg-dodatka-iskrena-zelja-ili-populizam\/","og_site_name":"dmcsrb.com","article_published_time":"2025-11-16T05:57:00+00:00","og_image":[{"width":899,"height":599,"url":"https:\/\/dmcsrb.com\/wp-content\/uploads\/2026\/01\/money-6815202_1280_599x900.webp","type":"image\/jpeg"}],"author":"dmcsrbija.com@gmail.com","twitter_card":"summary_large_image","twitter_misc":{"Written by":"dmcsrbija.com@gmail.com","Estimated reading time":"2 minutes"},"schema":{"@context":"https:\/\/schema.org","@graph":[{"@type":"Article","@id":"https:\/\/dmcsrb.com\/drustvo\/povecanje-djecjeg-dodatka-iskrena-zelja-ili-populizam\/#article","isPartOf":{"@id":"https:\/\/dmcsrb.com\/drustvo\/povecanje-djecjeg-dodatka-iskrena-zelja-ili-populizam\/"},"author":{"name":"dmcsrbija.com@gmail.com","@id":"https:\/\/dmcsrb.com\/#\/schema\/person\/5c39170f12db1b8b457732d0b5c854e2"},"headline":"Pove\u0107anje dje\u010djeg dodatka: Iskrena \u017eelja ili populizam?","datePublished":"2025-11-16T05:57:00+00:00","mainEntityOfPage":{"@id":"https:\/\/dmcsrb.com\/drustvo\/povecanje-djecjeg-dodatka-iskrena-zelja-ili-populizam\/"},"wordCount":503,"commentCount":0,"image":{"@id":"https:\/\/dmcsrb.com\/drustvo\/povecanje-djecjeg-dodatka-iskrena-zelja-ili-populizam\/#primaryimage"},"thumbnailUrl":"https:\/\/dmcsrb.com\/wp-content\/uploads\/2026\/01\/money-6815202_1280_599x900.webp","keywords":["dje\u010diti dodatak","pove\u0107anje"],"articleSection":["Dru\u0161tvo"],"inLanguage":"en-GB","potentialAction":[{"@type":"CommentAction","name":"Comment","target":["https:\/\/dmcsrb.com\/drustvo\/povecanje-djecjeg-dodatka-iskrena-zelja-ili-populizam\/#respond"]}]},{"@type":"WebPage","@id":"https:\/\/dmcsrb.com\/drustvo\/povecanje-djecjeg-dodatka-iskrena-zelja-ili-populizam\/","url":"https:\/\/dmcsrb.com\/drustvo\/povecanje-djecjeg-dodatka-iskrena-zelja-ili-populizam\/","name":"Pove\u0107anje dje\u010djeg dodatka: Iskrena \u017eelja ili populizam? - dmcsrb.com","isPartOf":{"@id":"https:\/\/dmcsrb.com\/#website"},"primaryImageOfPage":{"@id":"https:\/\/dmcsrb.com\/drustvo\/povecanje-djecjeg-dodatka-iskrena-zelja-ili-populizam\/#primaryimage"},"image":{"@id":"https:\/\/dmcsrb.com\/drustvo\/povecanje-djecjeg-dodatka-iskrena-zelja-ili-populizam\/#primaryimage"},"thumbnailUrl":"https:\/\/dmcsrb.com\/wp-content\/uploads\/2026\/01\/money-6815202_1280_599x900.webp","datePublished":"2025-11-16T05:57:00+00:00","author":{"@id":"https:\/\/dmcsrb.com\/#\/schema\/person\/5c39170f12db1b8b457732d0b5c854e2"},"breadcrumb":{"@id":"https:\/\/dmcsrb.com\/drustvo\/povecanje-djecjeg-dodatka-iskrena-zelja-ili-populizam\/#breadcrumb"},"inLanguage":"en-GB","potentialAction":[{"@type":"ReadAction","target":["https:\/\/dmcsrb.com\/drustvo\/povecanje-djecjeg-dodatka-iskrena-zelja-ili-populizam\/"]}]},{"@type":"ImageObject","inLanguage":"en-GB","@id":"https:\/\/dmcsrb.com\/drustvo\/povecanje-djecjeg-dodatka-iskrena-zelja-ili-populizam\/#primaryimage","url":"https:\/\/dmcsrb.com\/wp-content\/uploads\/2026\/01\/money-6815202_1280_599x900.webp","contentUrl":"https:\/\/dmcsrb.com\/wp-content\/uploads\/2026\/01\/money-6815202_1280_599x900.webp","width":899,"height":599},{"@type":"BreadcrumbList","@id":"https:\/\/dmcsrb.com\/drustvo\/povecanje-djecjeg-dodatka-iskrena-zelja-ili-populizam\/#breadcrumb","itemListElement":[{"@type":"ListItem","position":1,"name":"Home","item":"https:\/\/dmcsrb.com\/"},{"@type":"ListItem","position":2,"name":"Pove\u0107anje dje\u010djeg dodatka: Iskrena \u017eelja ili populizam?"}]},{"@type":"WebSite","@id":"https:\/\/dmcsrb.com\/#website","url":"https:\/\/dmcsrb.com\/","name":"dmcsrb.com","description":"","potentialAction":[{"@type":"SearchAction","target":{"@type":"EntryPoint","urlTemplate":"https:\/\/dmcsrb.com\/?s={search_term_string}"},"query-input":{"@type":"PropertyValueSpecification","valueRequired":true,"valueName":"search_term_string"}}],"inLanguage":"en-GB"},{"@type":"Person","@id":"https:\/\/dmcsrb.com\/#\/schema\/person\/5c39170f12db1b8b457732d0b5c854e2","name":"dmcsrbija.com@gmail.com","image":{"@type":"ImageObject","inLanguage":"en-GB","@id":"https:\/\/secure.gravatar.com\/avatar\/68592660ad6347fad0fb587f8d5d8f1a7b44961362f56e4f2cd524feb87e9069?s=96&d=mm&r=g","url":"https:\/\/secure.gravatar.com\/avatar\/68592660ad6347fad0fb587f8d5d8f1a7b44961362f56e4f2cd524feb87e9069?s=96&d=mm&r=g","contentUrl":"https:\/\/secure.gravatar.com\/avatar\/68592660ad6347fad0fb587f8d5d8f1a7b44961362f56e4f2cd524feb87e9069?s=96&d=mm&r=g","caption":"dmcsrbija.com@gmail.com"},"sameAs":["https:\/\/dmcsrb.com"],"url":"https:\/\/dmcsrb.com\/en\/author\/dmcsrbija-comgmail-com\/"}]}},"_links":{"self":[{"href":"https:\/\/dmcsrb.com\/en\/wp-json\/wp\/v2\/posts\/963834","targetHints":{"allow":["GET"]}}],"collection":[{"href":"https:\/\/dmcsrb.com\/en\/wp-json\/wp\/v2\/posts"}],"about":[{"href":"https:\/\/dmcsrb.com\/en\/wp-json\/wp\/v2\/types\/post"}],"author":[{"embeddable":true,"href":"https:\/\/dmcsrb.com\/en\/wp-json\/wp\/v2\/users\/1"}],"replies":[{"embeddable":true,"href":"https:\/\/dmcsrb.com\/en\/wp-json\/wp\/v2\/comments?post=963834"}],"version-history":[{"count":0,"href":"https:\/\/dmcsrb.com\/en\/wp-json\/wp\/v2\/posts\/963834\/revisions"}],"wp:featuredmedia":[{"embeddable":true,"href":"https:\/\/dmcsrb.com\/en\/wp-json\/wp\/v2\/media\/963835"}],"wp:attachment":[{"href":"https:\/\/dmcsrb.com\/en\/wp-json\/wp\/v2\/media?parent=963834"}],"wp:term":[{"taxonomy":"category","embeddable":true,"href":"https:\/\/dmcsrb.com\/en\/wp-json\/wp\/v2\/categories?post=963834"},{"taxonomy":"post_tag","embeddable":true,"href":"https:\/\/dmcsrb.com\/en\/wp-json\/wp\/v2\/tags?post=963834"},{"taxonomy":"naslovna","embeddable":true,"href":"https:\/\/dmcsrb.com\/en\/wp-json\/wp\/v2\/naslovna?post=963834"}],"curies":[{"name":"wp","href":"https:\/\/api.w.org\/{rel}","templated":true}]}}