{"id":963806,"date":"2025-11-15T19:52:00","date_gmt":"2025-11-15T18:52:00","guid":{"rendered":"https:\/\/dmcsrb.com\/uncategorized\/sest-osoba-poginulo-u-klizistu-u-centralnoj-javi-17-se-vodi-kao-nestalo\/"},"modified":"2025-11-15T19:52:00","modified_gmt":"2025-11-15T18:52:00","slug":"sest-osoba-poginulo-u-klizistu-u-centralnoj-javi-17-se-vodi-kao-nestalo","status":"publish","type":"post","link":"https:\/\/dmcsrb.com\/en\/svijet\/sest-osoba-poginulo-u-klizistu-u-centralnoj-javi-17-se-vodi-kao-nestalo\/","title":{"rendered":"\u0160est osoba poginulo u klizi\u0161tu u centralnoj Javi, 17 se vodi kao nestalo"},"content":{"rendered":"<p>Klizi\u0161te se pokrenulo u \u010detvrtak u gradu \u010cilakap, zatrpav\u0161i desetak ku\u0107a u selu \u010cibeunjing, prenio je Rojters.<\/p>\n\n\n\n<p>&#8220;Prona\u0161li smo jo\u0161 tri tijela, ostalo je jo\u0161 17 da prona\u0111emo. Radimo najbolje \u0161to mo\u017eemo&#8221;, rekao je zamjenik indone\u017eanske agencije za upravljanje katastrofama, Budi Iravan.<\/p>\n\n\n\n<p>Agencija je navela da je teren bio izazovan za spasioce, jer su \u017ertve zakopane na dubini od tri do osam metara.<\/p>\n\n\n\n<p>Ki\u0161na sezona u Indoneziji traje od septembra do aprila, pove\u0107avaju\u0107i rizik od poplava i klizi\u0161ta. U januaru je u klizi\u0161tu u Pekalonganu, tako\u0111e u centralnoj Javi, poginulo najmanje 25 ljudi.<\/p>","protected":false},"excerpt":{"rendered":"<p>\u0160est osoba je poginulo u klizi\u0161tu koje su izazvale padavine u indone\u017eanskoj centralnoj Javi, dok se 17 osoba vodi kao nestalo, javila je danas dr\u017eavna novinska agencija Antara, pozivaju\u0107i se na zvani\u010dnike nadle\u017ene za katastrofe.<\/p>","protected":false},"author":1,"featured_media":963807,"comment_status":"open","ping_status":"open","sticky":false,"template":"","format":"standard","meta":{"_acf_changed":false,"footnotes":""},"categories":[144],"tags":[2768,3080],"naslovna":[],"class_list":["post-963806","post","type-post","status-publish","format-standard","has-post-thumbnail","hentry","category-svijet","tag-indonezija","tag-kliziste"],"acf":[],"yoast_head":"<!-- This site is optimized with the Yoast SEO plugin v27.0 - https:\/\/yoast.com\/product\/yoast-seo-wordpress\/ -->\n<title>\u0160est osoba poginulo u klizi\u0161tu u centralnoj Javi, 17 se vodi kao nestalo - dmcsrb.com<\/title>\n<meta name=\"robots\" content=\"index, follow, max-snippet:-1, max-image-preview:large, max-video-preview:-1\" \/>\n<link rel=\"canonical\" href=\"https:\/\/dmcsrb.com\/en\/svijet\/sest-osoba-poginulo-u-klizistu-u-centralnoj-javi-17-se-vodi-kao-nestalo\/\" \/>\n<meta property=\"og:locale\" content=\"en_GB\" \/>\n<meta property=\"og:type\" content=\"article\" \/>\n<meta property=\"og:title\" content=\"\u0160est osoba poginulo u klizi\u0161tu u centralnoj Javi, 17 se vodi kao nestalo - dmcsrb.com\" \/>\n<meta property=\"og:description\" content=\"\u0160est osoba je poginulo u klizi\u0161tu koje su izazvale padavine u indone\u017eanskoj centralnoj Javi, dok se 17 osoba vodi kao nestalo, javila je danas dr\u017eavna novinska agencija Antara, pozivaju\u0107i se na zvani\u010dnike nadle\u017ene za katastrofe.\" \/>\n<meta property=\"og:url\" content=\"https:\/\/dmcsrb.com\/en\/svijet\/sest-osoba-poginulo-u-klizistu-u-centralnoj-javi-17-se-vodi-kao-nestalo\/\" \/>\n<meta property=\"og:site_name\" content=\"dmcsrb.com\" \/>\n<meta property=\"article:published_time\" content=\"2025-11-15T18:52:00+00:00\" \/>\n<meta property=\"og:image\" content=\"https:\/\/dmcsrb.com\/wp-content\/uploads\/2026\/01\/JAVA_KLIZISTE_599x900.webp\" \/>\n\t<meta property=\"og:image:width\" content=\"512\" \/>\n\t<meta property=\"og:image:height\" content=\"341\" \/>\n\t<meta property=\"og:image:type\" content=\"image\/jpeg\" \/>\n<meta name=\"author\" content=\"dmcsrbija.com@gmail.com\" \/>\n<meta name=\"twitter:card\" content=\"summary_large_image\" \/>\n<meta name=\"twitter:label1\" content=\"Written by\" \/>\n\t<meta name=\"twitter:data1\" content=\"dmcsrbija.com@gmail.com\" \/>\n\t<meta name=\"twitter:label2\" content=\"Estimated reading time\" \/>\n\t<meta name=\"twitter:data2\" content=\"1 minute\" \/>\n<script type=\"application\/ld+json\" class=\"yoast-schema-graph\">{\"@context\":\"https:\/\/schema.org\",\"@graph\":[{\"@type\":\"Article\",\"@id\":\"https:\/\/dmcsrb.com\/svijet\/sest-osoba-poginulo-u-klizistu-u-centralnoj-javi-17-se-vodi-kao-nestalo\/#article\",\"isPartOf\":{\"@id\":\"https:\/\/dmcsrb.com\/svijet\/sest-osoba-poginulo-u-klizistu-u-centralnoj-javi-17-se-vodi-kao-nestalo\/\"},\"author\":{\"name\":\"dmcsrbija.com@gmail.com\",\"@id\":\"https:\/\/dmcsrb.com\/#\/schema\/person\/5c39170f12db1b8b457732d0b5c854e2\"},\"headline\":\"\u0160est osoba poginulo u klizi\u0161tu u centralnoj Javi, 17 se vodi kao nestalo\",\"datePublished\":\"2025-11-15T18:52:00+00:00\",\"mainEntityOfPage\":{\"@id\":\"https:\/\/dmcsrb.com\/svijet\/sest-osoba-poginulo-u-klizistu-u-centralnoj-javi-17-se-vodi-kao-nestalo\/\"},\"wordCount\":117,\"commentCount\":0,\"image\":{\"@id\":\"https:\/\/dmcsrb.com\/svijet\/sest-osoba-poginulo-u-klizistu-u-centralnoj-javi-17-se-vodi-kao-nestalo\/#primaryimage\"},\"thumbnailUrl\":\"https:\/\/dmcsrb.com\/wp-content\/uploads\/2026\/01\/JAVA_KLIZISTE_599x900.webp\",\"keywords\":[\"Indonezija\",\"Klizi\u0161te\"],\"articleSection\":[\"Svijet\"],\"inLanguage\":\"en-GB\",\"potentialAction\":[{\"@type\":\"CommentAction\",\"name\":\"Comment\",\"target\":[\"https:\/\/dmcsrb.com\/svijet\/sest-osoba-poginulo-u-klizistu-u-centralnoj-javi-17-se-vodi-kao-nestalo\/#respond\"]}]},{\"@type\":\"WebPage\",\"@id\":\"https:\/\/dmcsrb.com\/svijet\/sest-osoba-poginulo-u-klizistu-u-centralnoj-javi-17-se-vodi-kao-nestalo\/\",\"url\":\"https:\/\/dmcsrb.com\/svijet\/sest-osoba-poginulo-u-klizistu-u-centralnoj-javi-17-se-vodi-kao-nestalo\/\",\"name\":\"\u0160est osoba poginulo u klizi\u0161tu u centralnoj Javi, 17 se vodi kao nestalo - dmcsrb.com\",\"isPartOf\":{\"@id\":\"https:\/\/dmcsrb.com\/#website\"},\"primaryImageOfPage\":{\"@id\":\"https:\/\/dmcsrb.com\/svijet\/sest-osoba-poginulo-u-klizistu-u-centralnoj-javi-17-se-vodi-kao-nestalo\/#primaryimage\"},\"image\":{\"@id\":\"https:\/\/dmcsrb.com\/svijet\/sest-osoba-poginulo-u-klizistu-u-centralnoj-javi-17-se-vodi-kao-nestalo\/#primaryimage\"},\"thumbnailUrl\":\"https:\/\/dmcsrb.com\/wp-content\/uploads\/2026\/01\/JAVA_KLIZISTE_599x900.webp\",\"datePublished\":\"2025-11-15T18:52:00+00:00\",\"author\":{\"@id\":\"https:\/\/dmcsrb.com\/#\/schema\/person\/5c39170f12db1b8b457732d0b5c854e2\"},\"breadcrumb\":{\"@id\":\"https:\/\/dmcsrb.com\/svijet\/sest-osoba-poginulo-u-klizistu-u-centralnoj-javi-17-se-vodi-kao-nestalo\/#breadcrumb\"},\"inLanguage\":\"en-GB\",\"potentialAction\":[{\"@type\":\"ReadAction\",\"target\":[\"https:\/\/dmcsrb.com\/svijet\/sest-osoba-poginulo-u-klizistu-u-centralnoj-javi-17-se-vodi-kao-nestalo\/\"]}]},{\"@type\":\"ImageObject\",\"inLanguage\":\"en-GB\",\"@id\":\"https:\/\/dmcsrb.com\/svijet\/sest-osoba-poginulo-u-klizistu-u-centralnoj-javi-17-se-vodi-kao-nestalo\/#primaryimage\",\"url\":\"https:\/\/dmcsrb.com\/wp-content\/uploads\/2026\/01\/JAVA_KLIZISTE_599x900.webp\",\"contentUrl\":\"https:\/\/dmcsrb.com\/wp-content\/uploads\/2026\/01\/JAVA_KLIZISTE_599x900.webp\",\"width\":512,\"height\":341},{\"@type\":\"BreadcrumbList\",\"@id\":\"https:\/\/dmcsrb.com\/svijet\/sest-osoba-poginulo-u-klizistu-u-centralnoj-javi-17-se-vodi-kao-nestalo\/#breadcrumb\",\"itemListElement\":[{\"@type\":\"ListItem\",\"position\":1,\"name\":\"Home\",\"item\":\"https:\/\/dmcsrb.com\/\"},{\"@type\":\"ListItem\",\"position\":2,\"name\":\"\u0160est osoba poginulo u klizi\u0161tu u centralnoj Javi, 17 se vodi kao nestalo\"}]},{\"@type\":\"WebSite\",\"@id\":\"https:\/\/dmcsrb.com\/#website\",\"url\":\"https:\/\/dmcsrb.com\/\",\"name\":\"dmcsrb.com\",\"description\":\"\",\"potentialAction\":[{\"@type\":\"SearchAction\",\"target\":{\"@type\":\"EntryPoint\",\"urlTemplate\":\"https:\/\/dmcsrb.com\/?s={search_term_string}\"},\"query-input\":{\"@type\":\"PropertyValueSpecification\",\"valueRequired\":true,\"valueName\":\"search_term_string\"}}],\"inLanguage\":\"en-GB\"},{\"@type\":\"Person\",\"@id\":\"https:\/\/dmcsrb.com\/#\/schema\/person\/5c39170f12db1b8b457732d0b5c854e2\",\"name\":\"dmcsrbija.com@gmail.com\",\"image\":{\"@type\":\"ImageObject\",\"inLanguage\":\"en-GB\",\"@id\":\"https:\/\/dmcsrb.com\/#\/schema\/person\/image\/\",\"url\":\"https:\/\/secure.gravatar.com\/avatar\/68592660ad6347fad0fb587f8d5d8f1a7b44961362f56e4f2cd524feb87e9069?s=96&d=mm&r=g\",\"contentUrl\":\"https:\/\/secure.gravatar.com\/avatar\/68592660ad6347fad0fb587f8d5d8f1a7b44961362f56e4f2cd524feb87e9069?s=96&d=mm&r=g\",\"caption\":\"dmcsrbija.com@gmail.com\"},\"sameAs\":[\"https:\/\/dmcsrb.com\"],\"url\":\"https:\/\/dmcsrb.com\/en\/author\/dmcsrbija-comgmail-com\/\"}]}<\/script>\n<!-- \/ Yoast SEO plugin. -->","yoast_head_json":{"title":"\u0160est osoba poginulo u klizi\u0161tu u centralnoj Javi, 17 se vodi kao nestalo - dmcsrb.com","robots":{"index":"index","follow":"follow","max-snippet":"max-snippet:-1","max-image-preview":"max-image-preview:large","max-video-preview":"max-video-preview:-1"},"canonical":"https:\/\/dmcsrb.com\/en\/svijet\/sest-osoba-poginulo-u-klizistu-u-centralnoj-javi-17-se-vodi-kao-nestalo\/","og_locale":"en_GB","og_type":"article","og_title":"\u0160est osoba poginulo u klizi\u0161tu u centralnoj Javi, 17 se vodi kao nestalo - dmcsrb.com","og_description":"\u0160est osoba je poginulo u klizi\u0161tu koje su izazvale padavine u indone\u017eanskoj centralnoj Javi, dok se 17 osoba vodi kao nestalo, javila je danas dr\u017eavna novinska agencija Antara, pozivaju\u0107i se na zvani\u010dnike nadle\u017ene za katastrofe.","og_url":"https:\/\/dmcsrb.com\/en\/svijet\/sest-osoba-poginulo-u-klizistu-u-centralnoj-javi-17-se-vodi-kao-nestalo\/","og_site_name":"dmcsrb.com","article_published_time":"2025-11-15T18:52:00+00:00","og_image":[{"width":512,"height":341,"url":"https:\/\/dmcsrb.com\/wp-content\/uploads\/2026\/01\/JAVA_KLIZISTE_599x900.webp","type":"image\/jpeg"}],"author":"dmcsrbija.com@gmail.com","twitter_card":"summary_large_image","twitter_misc":{"Written by":"dmcsrbija.com@gmail.com","Estimated reading time":"1 minute"},"schema":{"@context":"https:\/\/schema.org","@graph":[{"@type":"Article","@id":"https:\/\/dmcsrb.com\/svijet\/sest-osoba-poginulo-u-klizistu-u-centralnoj-javi-17-se-vodi-kao-nestalo\/#article","isPartOf":{"@id":"https:\/\/dmcsrb.com\/svijet\/sest-osoba-poginulo-u-klizistu-u-centralnoj-javi-17-se-vodi-kao-nestalo\/"},"author":{"name":"dmcsrbija.com@gmail.com","@id":"https:\/\/dmcsrb.com\/#\/schema\/person\/5c39170f12db1b8b457732d0b5c854e2"},"headline":"\u0160est osoba poginulo u klizi\u0161tu u centralnoj Javi, 17 se vodi kao nestalo","datePublished":"2025-11-15T18:52:00+00:00","mainEntityOfPage":{"@id":"https:\/\/dmcsrb.com\/svijet\/sest-osoba-poginulo-u-klizistu-u-centralnoj-javi-17-se-vodi-kao-nestalo\/"},"wordCount":117,"commentCount":0,"image":{"@id":"https:\/\/dmcsrb.com\/svijet\/sest-osoba-poginulo-u-klizistu-u-centralnoj-javi-17-se-vodi-kao-nestalo\/#primaryimage"},"thumbnailUrl":"https:\/\/dmcsrb.com\/wp-content\/uploads\/2026\/01\/JAVA_KLIZISTE_599x900.webp","keywords":["Indonezija","Klizi\u0161te"],"articleSection":["Svijet"],"inLanguage":"en-GB","potentialAction":[{"@type":"CommentAction","name":"Comment","target":["https:\/\/dmcsrb.com\/svijet\/sest-osoba-poginulo-u-klizistu-u-centralnoj-javi-17-se-vodi-kao-nestalo\/#respond"]}]},{"@type":"WebPage","@id":"https:\/\/dmcsrb.com\/svijet\/sest-osoba-poginulo-u-klizistu-u-centralnoj-javi-17-se-vodi-kao-nestalo\/","url":"https:\/\/dmcsrb.com\/svijet\/sest-osoba-poginulo-u-klizistu-u-centralnoj-javi-17-se-vodi-kao-nestalo\/","name":"\u0160est osoba poginulo u klizi\u0161tu u centralnoj Javi, 17 se vodi kao nestalo - dmcsrb.com","isPartOf":{"@id":"https:\/\/dmcsrb.com\/#website"},"primaryImageOfPage":{"@id":"https:\/\/dmcsrb.com\/svijet\/sest-osoba-poginulo-u-klizistu-u-centralnoj-javi-17-se-vodi-kao-nestalo\/#primaryimage"},"image":{"@id":"https:\/\/dmcsrb.com\/svijet\/sest-osoba-poginulo-u-klizistu-u-centralnoj-javi-17-se-vodi-kao-nestalo\/#primaryimage"},"thumbnailUrl":"https:\/\/dmcsrb.com\/wp-content\/uploads\/2026\/01\/JAVA_KLIZISTE_599x900.webp","datePublished":"2025-11-15T18:52:00+00:00","author":{"@id":"https:\/\/dmcsrb.com\/#\/schema\/person\/5c39170f12db1b8b457732d0b5c854e2"},"breadcrumb":{"@id":"https:\/\/dmcsrb.com\/svijet\/sest-osoba-poginulo-u-klizistu-u-centralnoj-javi-17-se-vodi-kao-nestalo\/#breadcrumb"},"inLanguage":"en-GB","potentialAction":[{"@type":"ReadAction","target":["https:\/\/dmcsrb.com\/svijet\/sest-osoba-poginulo-u-klizistu-u-centralnoj-javi-17-se-vodi-kao-nestalo\/"]}]},{"@type":"ImageObject","inLanguage":"en-GB","@id":"https:\/\/dmcsrb.com\/svijet\/sest-osoba-poginulo-u-klizistu-u-centralnoj-javi-17-se-vodi-kao-nestalo\/#primaryimage","url":"https:\/\/dmcsrb.com\/wp-content\/uploads\/2026\/01\/JAVA_KLIZISTE_599x900.webp","contentUrl":"https:\/\/dmcsrb.com\/wp-content\/uploads\/2026\/01\/JAVA_KLIZISTE_599x900.webp","width":512,"height":341},{"@type":"BreadcrumbList","@id":"https:\/\/dmcsrb.com\/svijet\/sest-osoba-poginulo-u-klizistu-u-centralnoj-javi-17-se-vodi-kao-nestalo\/#breadcrumb","itemListElement":[{"@type":"ListItem","position":1,"name":"Home","item":"https:\/\/dmcsrb.com\/"},{"@type":"ListItem","position":2,"name":"\u0160est osoba poginulo u klizi\u0161tu u centralnoj Javi, 17 se vodi kao nestalo"}]},{"@type":"WebSite","@id":"https:\/\/dmcsrb.com\/#website","url":"https:\/\/dmcsrb.com\/","name":"dmcsrb.com","description":"","potentialAction":[{"@type":"SearchAction","target":{"@type":"EntryPoint","urlTemplate":"https:\/\/dmcsrb.com\/?s={search_term_string}"},"query-input":{"@type":"PropertyValueSpecification","valueRequired":true,"valueName":"search_term_string"}}],"inLanguage":"en-GB"},{"@type":"Person","@id":"https:\/\/dmcsrb.com\/#\/schema\/person\/5c39170f12db1b8b457732d0b5c854e2","name":"dmcsrbija.com@gmail.com","image":{"@type":"ImageObject","inLanguage":"en-GB","@id":"https:\/\/dmcsrb.com\/#\/schema\/person\/image\/","url":"https:\/\/secure.gravatar.com\/avatar\/68592660ad6347fad0fb587f8d5d8f1a7b44961362f56e4f2cd524feb87e9069?s=96&d=mm&r=g","contentUrl":"https:\/\/secure.gravatar.com\/avatar\/68592660ad6347fad0fb587f8d5d8f1a7b44961362f56e4f2cd524feb87e9069?s=96&d=mm&r=g","caption":"dmcsrbija.com@gmail.com"},"sameAs":["https:\/\/dmcsrb.com"],"url":"https:\/\/dmcsrb.com\/en\/author\/dmcsrbija-comgmail-com\/"}]}},"_links":{"self":[{"href":"https:\/\/dmcsrb.com\/en\/wp-json\/wp\/v2\/posts\/963806","targetHints":{"allow":["GET"]}}],"collection":[{"href":"https:\/\/dmcsrb.com\/en\/wp-json\/wp\/v2\/posts"}],"about":[{"href":"https:\/\/dmcsrb.com\/en\/wp-json\/wp\/v2\/types\/post"}],"author":[{"embeddable":true,"href":"https:\/\/dmcsrb.com\/en\/wp-json\/wp\/v2\/users\/1"}],"replies":[{"embeddable":true,"href":"https:\/\/dmcsrb.com\/en\/wp-json\/wp\/v2\/comments?post=963806"}],"version-history":[{"count":0,"href":"https:\/\/dmcsrb.com\/en\/wp-json\/wp\/v2\/posts\/963806\/revisions"}],"wp:featuredmedia":[{"embeddable":true,"href":"https:\/\/dmcsrb.com\/en\/wp-json\/wp\/v2\/media\/963807"}],"wp:attachment":[{"href":"https:\/\/dmcsrb.com\/en\/wp-json\/wp\/v2\/media?parent=963806"}],"wp:term":[{"taxonomy":"category","embeddable":true,"href":"https:\/\/dmcsrb.com\/en\/wp-json\/wp\/v2\/categories?post=963806"},{"taxonomy":"post_tag","embeddable":true,"href":"https:\/\/dmcsrb.com\/en\/wp-json\/wp\/v2\/tags?post=963806"},{"taxonomy":"naslovna","embeddable":true,"href":"https:\/\/dmcsrb.com\/en\/wp-json\/wp\/v2\/naslovna?post=963806"}],"curies":[{"name":"wp","href":"https:\/\/api.w.org\/{rel}","templated":true}]}}