{"id":963805,"date":"2025-11-15T17:45:40","date_gmt":"2025-11-15T16:45:40","guid":{"rendered":"https:\/\/dmcsrb.com\/uncategorized\/herceg-novi-uhapsen-ukrajinac-osumnjicen-za-seksualno-uznemiravanje-tri-maloljetnice\/"},"modified":"2025-11-15T17:45:40","modified_gmt":"2025-11-15T16:45:40","slug":"herceg-novi-uhapsen-ukrajinac-osumnjicen-za-seksualno-uznemiravanje-tri-maloljetnice","status":"publish","type":"post","link":"https:\/\/dmcsrb.com\/en\/hronika\/herceg-novi-uhapsen-ukrajinac-osumnjicen-za-seksualno-uznemiravanje-tri-maloljetnice\/","title":{"rendered":"Herceg Novi: Uhap\u0161en Ukrajinac osumnji\u010den za seksualno uznemiravanje tri maloljetnice"},"content":{"rendered":"<p><\/p>\n\n\n\n<p>Njega je, kako navode, prijavila jedna gra\u0111aka.<\/p>\n\n\n\n<p>\u201cLociran je i uhap\u0161en V.K (35), ukrajinski dr\u017eavljanin, koji je ovo krivi\u010dno djelo, kako se sumnja, po\u010dinio 13.novembra u jednom ugostiteljskom objektu, na \u0161tetu tri maloljetna lica \u017eenskog pola, uznemiravaju\u0107i ih neverbalnim pona\u0161anjem \u2013 gestikulacijom i verbalnim obra\u0107anjem koje je imalo seksualnu konotaciju\u201d, navodi policija.<\/p>\n\n\n\n<p>Policijski slu\u017ebenici su, u kriminalisti\u010dkog obradi ovog predmeta, a u koordinaciji sa nadle\u017enim dr\u017eavnim tu\u017eiocem u Osnovnom dr\u017eavnom tu\u017eila\u0161tvu u Herceg Novom, preduzeli niz mjera i radnji, a uzete su izjave na zapisnik od vi\u0161e osoba u vezi sa navedenim.<\/p>\n\n\n\n<p>Osumnji\u010deni V.K. \u0107e, uz krivi\u010dnu prijavu, biti priveden nadle\u017enom dr\u017eavnom tu\u017eiocu, zbog sumnje da je po\u010dinio navedeno krivi\u010dno djelo.<\/p>","protected":false},"excerpt":{"rendered":"<p>Policija je saop\u0161tila da je u Herceg Novom uhapsila\u00a0V.K (35),\u00a0ukrajinskog dr\u017eavljanina, kojeg sumnji\u010de za seksualno uznemiravanje tri maloljetnice.<\/p>","protected":false},"author":1,"featured_media":910181,"comment_status":"open","ping_status":"open","sticky":false,"template":"","format":"standard","meta":{"_acf_changed":false,"footnotes":""},"categories":[17],"tags":[48,4433,3999],"naslovna":[],"class_list":["post-963805","post","type-post","status-publish","format-standard","has-post-thumbnail","hentry","category-hronika","tag-herceg-novi","tag-seksualno-uznemiravanje","tag-ukrajinac"],"acf":[],"yoast_head":"<!-- This site is optimized with the Yoast SEO plugin v27.4 - https:\/\/yoast.com\/product\/yoast-seo-wordpress\/ -->\n<title>Herceg Novi: Uhap\u0161en Ukrajinac osumnji\u010den za seksualno uznemiravanje tri maloljetnice - dmcsrb.com<\/title>\n<meta name=\"robots\" content=\"index, follow, max-snippet:-1, max-image-preview:large, max-video-preview:-1\" \/>\n<link rel=\"canonical\" href=\"https:\/\/dmcsrb.com\/en\/hronika\/herceg-novi-uhapsen-ukrajinac-osumnjicen-za-seksualno-uznemiravanje-tri-maloljetnice\/\" \/>\n<meta property=\"og:locale\" content=\"en_GB\" \/>\n<meta property=\"og:type\" content=\"article\" \/>\n<meta property=\"og:title\" content=\"Herceg Novi: Uhap\u0161en Ukrajinac osumnji\u010den za seksualno uznemiravanje tri maloljetnice - dmcsrb.com\" \/>\n<meta property=\"og:description\" content=\"Policija je saop\u0161tila da je u Herceg Novom uhapsila\u00a0V.K (35),\u00a0ukrajinskog dr\u017eavljanina, kojeg sumnji\u010de za seksualno uznemiravanje tri maloljetnice.\" \/>\n<meta property=\"og:url\" content=\"https:\/\/dmcsrb.com\/en\/hronika\/herceg-novi-uhapsen-ukrajinac-osumnjicen-za-seksualno-uznemiravanje-tri-maloljetnice\/\" \/>\n<meta property=\"og:site_name\" content=\"dmcsrb.com\" \/>\n<meta property=\"article:published_time\" content=\"2025-11-15T16:45:40+00:00\" \/>\n<meta property=\"og:image\" content=\"https:\/\/dmcsrb.com\/wp-content\/uploads\/2026\/01\/Lisice-foto-pixabay-580x4601-1.jpg\" \/>\n\t<meta property=\"og:image:width\" content=\"580\" \/>\n\t<meta property=\"og:image:height\" content=\"460\" \/>\n\t<meta property=\"og:image:type\" content=\"image\/jpeg\" \/>\n<meta name=\"author\" content=\"dmcsrbija.com@gmail.com\" \/>\n<meta name=\"twitter:card\" content=\"summary_large_image\" \/>\n<meta name=\"twitter:label1\" content=\"Written by\" \/>\n\t<meta name=\"twitter:data1\" content=\"dmcsrbija.com@gmail.com\" \/>\n\t<meta name=\"twitter:label2\" content=\"Estimated reading time\" \/>\n\t<meta name=\"twitter:data2\" content=\"1 minute\" \/>\n<script type=\"application\/ld+json\" class=\"yoast-schema-graph\">{\"@context\":\"https:\\\/\\\/schema.org\",\"@graph\":[{\"@type\":\"Article\",\"@id\":\"https:\\\/\\\/dmcsrb.com\\\/hronika\\\/herceg-novi-uhapsen-ukrajinac-osumnjicen-za-seksualno-uznemiravanje-tri-maloljetnice\\\/#article\",\"isPartOf\":{\"@id\":\"https:\\\/\\\/dmcsrb.com\\\/hronika\\\/herceg-novi-uhapsen-ukrajinac-osumnjicen-za-seksualno-uznemiravanje-tri-maloljetnice\\\/\"},\"author\":{\"name\":\"dmcsrbija.com@gmail.com\",\"@id\":\"https:\\\/\\\/dmcsrb.com\\\/#\\\/schema\\\/person\\\/5c39170f12db1b8b457732d0b5c854e2\"},\"headline\":\"Herceg Novi: Uhap\u0161en Ukrajinac osumnji\u010den za seksualno uznemiravanje tri maloljetnice\",\"datePublished\":\"2025-11-15T16:45:40+00:00\",\"mainEntityOfPage\":{\"@id\":\"https:\\\/\\\/dmcsrb.com\\\/hronika\\\/herceg-novi-uhapsen-ukrajinac-osumnjicen-za-seksualno-uznemiravanje-tri-maloljetnice\\\/\"},\"wordCount\":147,\"commentCount\":0,\"image\":{\"@id\":\"https:\\\/\\\/dmcsrb.com\\\/hronika\\\/herceg-novi-uhapsen-ukrajinac-osumnjicen-za-seksualno-uznemiravanje-tri-maloljetnice\\\/#primaryimage\"},\"thumbnailUrl\":\"https:\\\/\\\/dmcsrb.com\\\/wp-content\\\/uploads\\\/2026\\\/01\\\/Lisice-foto-pixabay-580x4601-1.jpg\",\"keywords\":[\"Herceg Novi\",\"Seksualno uznemiravanje\",\"ukrajinac\"],\"articleSection\":[\"Hronika\"],\"inLanguage\":\"en-GB\",\"potentialAction\":[{\"@type\":\"CommentAction\",\"name\":\"Comment\",\"target\":[\"https:\\\/\\\/dmcsrb.com\\\/hronika\\\/herceg-novi-uhapsen-ukrajinac-osumnjicen-za-seksualno-uznemiravanje-tri-maloljetnice\\\/#respond\"]}]},{\"@type\":\"WebPage\",\"@id\":\"https:\\\/\\\/dmcsrb.com\\\/hronika\\\/herceg-novi-uhapsen-ukrajinac-osumnjicen-za-seksualno-uznemiravanje-tri-maloljetnice\\\/\",\"url\":\"https:\\\/\\\/dmcsrb.com\\\/hronika\\\/herceg-novi-uhapsen-ukrajinac-osumnjicen-za-seksualno-uznemiravanje-tri-maloljetnice\\\/\",\"name\":\"Herceg Novi: Uhap\u0161en Ukrajinac osumnji\u010den za seksualno uznemiravanje tri maloljetnice - dmcsrb.com\",\"isPartOf\":{\"@id\":\"https:\\\/\\\/dmcsrb.com\\\/#website\"},\"primaryImageOfPage\":{\"@id\":\"https:\\\/\\\/dmcsrb.com\\\/hronika\\\/herceg-novi-uhapsen-ukrajinac-osumnjicen-za-seksualno-uznemiravanje-tri-maloljetnice\\\/#primaryimage\"},\"image\":{\"@id\":\"https:\\\/\\\/dmcsrb.com\\\/hronika\\\/herceg-novi-uhapsen-ukrajinac-osumnjicen-za-seksualno-uznemiravanje-tri-maloljetnice\\\/#primaryimage\"},\"thumbnailUrl\":\"https:\\\/\\\/dmcsrb.com\\\/wp-content\\\/uploads\\\/2026\\\/01\\\/Lisice-foto-pixabay-580x4601-1.jpg\",\"datePublished\":\"2025-11-15T16:45:40+00:00\",\"author\":{\"@id\":\"https:\\\/\\\/dmcsrb.com\\\/#\\\/schema\\\/person\\\/5c39170f12db1b8b457732d0b5c854e2\"},\"breadcrumb\":{\"@id\":\"https:\\\/\\\/dmcsrb.com\\\/hronika\\\/herceg-novi-uhapsen-ukrajinac-osumnjicen-za-seksualno-uznemiravanje-tri-maloljetnice\\\/#breadcrumb\"},\"inLanguage\":\"en-GB\",\"potentialAction\":[{\"@type\":\"ReadAction\",\"target\":[\"https:\\\/\\\/dmcsrb.com\\\/hronika\\\/herceg-novi-uhapsen-ukrajinac-osumnjicen-za-seksualno-uznemiravanje-tri-maloljetnice\\\/\"]}]},{\"@type\":\"ImageObject\",\"inLanguage\":\"en-GB\",\"@id\":\"https:\\\/\\\/dmcsrb.com\\\/hronika\\\/herceg-novi-uhapsen-ukrajinac-osumnjicen-za-seksualno-uznemiravanje-tri-maloljetnice\\\/#primaryimage\",\"url\":\"https:\\\/\\\/dmcsrb.com\\\/wp-content\\\/uploads\\\/2026\\\/01\\\/Lisice-foto-pixabay-580x4601-1.jpg\",\"contentUrl\":\"https:\\\/\\\/dmcsrb.com\\\/wp-content\\\/uploads\\\/2026\\\/01\\\/Lisice-foto-pixabay-580x4601-1.jpg\",\"width\":580,\"height\":460},{\"@type\":\"BreadcrumbList\",\"@id\":\"https:\\\/\\\/dmcsrb.com\\\/hronika\\\/herceg-novi-uhapsen-ukrajinac-osumnjicen-za-seksualno-uznemiravanje-tri-maloljetnice\\\/#breadcrumb\",\"itemListElement\":[{\"@type\":\"ListItem\",\"position\":1,\"name\":\"Home\",\"item\":\"https:\\\/\\\/dmcsrb.com\\\/\"},{\"@type\":\"ListItem\",\"position\":2,\"name\":\"Herceg Novi: Uhap\u0161en Ukrajinac osumnji\u010den za seksualno uznemiravanje tri maloljetnice\"}]},{\"@type\":\"WebSite\",\"@id\":\"https:\\\/\\\/dmcsrb.com\\\/#website\",\"url\":\"https:\\\/\\\/dmcsrb.com\\\/\",\"name\":\"dmcsrb.com\",\"description\":\"\",\"potentialAction\":[{\"@type\":\"SearchAction\",\"target\":{\"@type\":\"EntryPoint\",\"urlTemplate\":\"https:\\\/\\\/dmcsrb.com\\\/?s={search_term_string}\"},\"query-input\":{\"@type\":\"PropertyValueSpecification\",\"valueRequired\":true,\"valueName\":\"search_term_string\"}}],\"inLanguage\":\"en-GB\"},{\"@type\":\"Person\",\"@id\":\"https:\\\/\\\/dmcsrb.com\\\/#\\\/schema\\\/person\\\/5c39170f12db1b8b457732d0b5c854e2\",\"name\":\"dmcsrbija.com@gmail.com\",\"image\":{\"@type\":\"ImageObject\",\"inLanguage\":\"en-GB\",\"@id\":\"https:\\\/\\\/secure.gravatar.com\\\/avatar\\\/68592660ad6347fad0fb587f8d5d8f1a7b44961362f56e4f2cd524feb87e9069?s=96&d=mm&r=g\",\"url\":\"https:\\\/\\\/secure.gravatar.com\\\/avatar\\\/68592660ad6347fad0fb587f8d5d8f1a7b44961362f56e4f2cd524feb87e9069?s=96&d=mm&r=g\",\"contentUrl\":\"https:\\\/\\\/secure.gravatar.com\\\/avatar\\\/68592660ad6347fad0fb587f8d5d8f1a7b44961362f56e4f2cd524feb87e9069?s=96&d=mm&r=g\",\"caption\":\"dmcsrbija.com@gmail.com\"},\"sameAs\":[\"https:\\\/\\\/dmcsrb.com\"],\"url\":\"https:\\\/\\\/dmcsrb.com\\\/en\\\/author\\\/dmcsrbija-comgmail-com\\\/\"}]}<\/script>\n<!-- \/ Yoast SEO plugin. -->","yoast_head_json":{"title":"Herceg Novi: Uhap\u0161en Ukrajinac osumnji\u010den za seksualno uznemiravanje tri maloljetnice - dmcsrb.com","robots":{"index":"index","follow":"follow","max-snippet":"max-snippet:-1","max-image-preview":"max-image-preview:large","max-video-preview":"max-video-preview:-1"},"canonical":"https:\/\/dmcsrb.com\/en\/hronika\/herceg-novi-uhapsen-ukrajinac-osumnjicen-za-seksualno-uznemiravanje-tri-maloljetnice\/","og_locale":"en_GB","og_type":"article","og_title":"Herceg Novi: Uhap\u0161en Ukrajinac osumnji\u010den za seksualno uznemiravanje tri maloljetnice - dmcsrb.com","og_description":"Policija je saop\u0161tila da je u Herceg Novom uhapsila\u00a0V.K (35),\u00a0ukrajinskog dr\u017eavljanina, kojeg sumnji\u010de za seksualno uznemiravanje tri maloljetnice.","og_url":"https:\/\/dmcsrb.com\/en\/hronika\/herceg-novi-uhapsen-ukrajinac-osumnjicen-za-seksualno-uznemiravanje-tri-maloljetnice\/","og_site_name":"dmcsrb.com","article_published_time":"2025-11-15T16:45:40+00:00","og_image":[{"width":580,"height":460,"url":"https:\/\/dmcsrb.com\/wp-content\/uploads\/2026\/01\/Lisice-foto-pixabay-580x4601-1.jpg","type":"image\/jpeg"}],"author":"dmcsrbija.com@gmail.com","twitter_card":"summary_large_image","twitter_misc":{"Written by":"dmcsrbija.com@gmail.com","Estimated reading time":"1 minute"},"schema":{"@context":"https:\/\/schema.org","@graph":[{"@type":"Article","@id":"https:\/\/dmcsrb.com\/hronika\/herceg-novi-uhapsen-ukrajinac-osumnjicen-za-seksualno-uznemiravanje-tri-maloljetnice\/#article","isPartOf":{"@id":"https:\/\/dmcsrb.com\/hronika\/herceg-novi-uhapsen-ukrajinac-osumnjicen-za-seksualno-uznemiravanje-tri-maloljetnice\/"},"author":{"name":"dmcsrbija.com@gmail.com","@id":"https:\/\/dmcsrb.com\/#\/schema\/person\/5c39170f12db1b8b457732d0b5c854e2"},"headline":"Herceg Novi: Uhap\u0161en Ukrajinac osumnji\u010den za seksualno uznemiravanje tri maloljetnice","datePublished":"2025-11-15T16:45:40+00:00","mainEntityOfPage":{"@id":"https:\/\/dmcsrb.com\/hronika\/herceg-novi-uhapsen-ukrajinac-osumnjicen-za-seksualno-uznemiravanje-tri-maloljetnice\/"},"wordCount":147,"commentCount":0,"image":{"@id":"https:\/\/dmcsrb.com\/hronika\/herceg-novi-uhapsen-ukrajinac-osumnjicen-za-seksualno-uznemiravanje-tri-maloljetnice\/#primaryimage"},"thumbnailUrl":"https:\/\/dmcsrb.com\/wp-content\/uploads\/2026\/01\/Lisice-foto-pixabay-580x4601-1.jpg","keywords":["Herceg Novi","Seksualno uznemiravanje","ukrajinac"],"articleSection":["Hronika"],"inLanguage":"en-GB","potentialAction":[{"@type":"CommentAction","name":"Comment","target":["https:\/\/dmcsrb.com\/hronika\/herceg-novi-uhapsen-ukrajinac-osumnjicen-za-seksualno-uznemiravanje-tri-maloljetnice\/#respond"]}]},{"@type":"WebPage","@id":"https:\/\/dmcsrb.com\/hronika\/herceg-novi-uhapsen-ukrajinac-osumnjicen-za-seksualno-uznemiravanje-tri-maloljetnice\/","url":"https:\/\/dmcsrb.com\/hronika\/herceg-novi-uhapsen-ukrajinac-osumnjicen-za-seksualno-uznemiravanje-tri-maloljetnice\/","name":"Herceg Novi: Uhap\u0161en Ukrajinac osumnji\u010den za seksualno uznemiravanje tri maloljetnice - dmcsrb.com","isPartOf":{"@id":"https:\/\/dmcsrb.com\/#website"},"primaryImageOfPage":{"@id":"https:\/\/dmcsrb.com\/hronika\/herceg-novi-uhapsen-ukrajinac-osumnjicen-za-seksualno-uznemiravanje-tri-maloljetnice\/#primaryimage"},"image":{"@id":"https:\/\/dmcsrb.com\/hronika\/herceg-novi-uhapsen-ukrajinac-osumnjicen-za-seksualno-uznemiravanje-tri-maloljetnice\/#primaryimage"},"thumbnailUrl":"https:\/\/dmcsrb.com\/wp-content\/uploads\/2026\/01\/Lisice-foto-pixabay-580x4601-1.jpg","datePublished":"2025-11-15T16:45:40+00:00","author":{"@id":"https:\/\/dmcsrb.com\/#\/schema\/person\/5c39170f12db1b8b457732d0b5c854e2"},"breadcrumb":{"@id":"https:\/\/dmcsrb.com\/hronika\/herceg-novi-uhapsen-ukrajinac-osumnjicen-za-seksualno-uznemiravanje-tri-maloljetnice\/#breadcrumb"},"inLanguage":"en-GB","potentialAction":[{"@type":"ReadAction","target":["https:\/\/dmcsrb.com\/hronika\/herceg-novi-uhapsen-ukrajinac-osumnjicen-za-seksualno-uznemiravanje-tri-maloljetnice\/"]}]},{"@type":"ImageObject","inLanguage":"en-GB","@id":"https:\/\/dmcsrb.com\/hronika\/herceg-novi-uhapsen-ukrajinac-osumnjicen-za-seksualno-uznemiravanje-tri-maloljetnice\/#primaryimage","url":"https:\/\/dmcsrb.com\/wp-content\/uploads\/2026\/01\/Lisice-foto-pixabay-580x4601-1.jpg","contentUrl":"https:\/\/dmcsrb.com\/wp-content\/uploads\/2026\/01\/Lisice-foto-pixabay-580x4601-1.jpg","width":580,"height":460},{"@type":"BreadcrumbList","@id":"https:\/\/dmcsrb.com\/hronika\/herceg-novi-uhapsen-ukrajinac-osumnjicen-za-seksualno-uznemiravanje-tri-maloljetnice\/#breadcrumb","itemListElement":[{"@type":"ListItem","position":1,"name":"Home","item":"https:\/\/dmcsrb.com\/"},{"@type":"ListItem","position":2,"name":"Herceg Novi: Uhap\u0161en Ukrajinac osumnji\u010den za seksualno uznemiravanje tri maloljetnice"}]},{"@type":"WebSite","@id":"https:\/\/dmcsrb.com\/#website","url":"https:\/\/dmcsrb.com\/","name":"dmcsrb.com","description":"","potentialAction":[{"@type":"SearchAction","target":{"@type":"EntryPoint","urlTemplate":"https:\/\/dmcsrb.com\/?s={search_term_string}"},"query-input":{"@type":"PropertyValueSpecification","valueRequired":true,"valueName":"search_term_string"}}],"inLanguage":"en-GB"},{"@type":"Person","@id":"https:\/\/dmcsrb.com\/#\/schema\/person\/5c39170f12db1b8b457732d0b5c854e2","name":"dmcsrbija.com@gmail.com","image":{"@type":"ImageObject","inLanguage":"en-GB","@id":"https:\/\/secure.gravatar.com\/avatar\/68592660ad6347fad0fb587f8d5d8f1a7b44961362f56e4f2cd524feb87e9069?s=96&d=mm&r=g","url":"https:\/\/secure.gravatar.com\/avatar\/68592660ad6347fad0fb587f8d5d8f1a7b44961362f56e4f2cd524feb87e9069?s=96&d=mm&r=g","contentUrl":"https:\/\/secure.gravatar.com\/avatar\/68592660ad6347fad0fb587f8d5d8f1a7b44961362f56e4f2cd524feb87e9069?s=96&d=mm&r=g","caption":"dmcsrbija.com@gmail.com"},"sameAs":["https:\/\/dmcsrb.com"],"url":"https:\/\/dmcsrb.com\/en\/author\/dmcsrbija-comgmail-com\/"}]}},"_links":{"self":[{"href":"https:\/\/dmcsrb.com\/en\/wp-json\/wp\/v2\/posts\/963805","targetHints":{"allow":["GET"]}}],"collection":[{"href":"https:\/\/dmcsrb.com\/en\/wp-json\/wp\/v2\/posts"}],"about":[{"href":"https:\/\/dmcsrb.com\/en\/wp-json\/wp\/v2\/types\/post"}],"author":[{"embeddable":true,"href":"https:\/\/dmcsrb.com\/en\/wp-json\/wp\/v2\/users\/1"}],"replies":[{"embeddable":true,"href":"https:\/\/dmcsrb.com\/en\/wp-json\/wp\/v2\/comments?post=963805"}],"version-history":[{"count":0,"href":"https:\/\/dmcsrb.com\/en\/wp-json\/wp\/v2\/posts\/963805\/revisions"}],"wp:featuredmedia":[{"embeddable":true,"href":"https:\/\/dmcsrb.com\/en\/wp-json\/wp\/v2\/media\/910181"}],"wp:attachment":[{"href":"https:\/\/dmcsrb.com\/en\/wp-json\/wp\/v2\/media?parent=963805"}],"wp:term":[{"taxonomy":"category","embeddable":true,"href":"https:\/\/dmcsrb.com\/en\/wp-json\/wp\/v2\/categories?post=963805"},{"taxonomy":"post_tag","embeddable":true,"href":"https:\/\/dmcsrb.com\/en\/wp-json\/wp\/v2\/tags?post=963805"},{"taxonomy":"naslovna","embeddable":true,"href":"https:\/\/dmcsrb.com\/en\/wp-json\/wp\/v2\/naslovna?post=963805"}],"curies":[{"name":"wp","href":"https:\/\/api.w.org\/{rel}","templated":true}]}}