{"id":963799,"date":"2025-11-15T18:42:00","date_gmt":"2025-11-15T17:42:00","guid":{"rendered":"https:\/\/dmcsrb.com\/uncategorized\/video-muric-obuka-postovanje-inkluzije-i-ljudska-prava-od-28-do-30-novembra-u-ulcinju-poziv-namijenjen-mladima-od-15-do-30-godina\/"},"modified":"2025-11-15T18:42:00","modified_gmt":"2025-11-15T17:42:00","slug":"video-muric-obuka-postovanje-inkluzije-i-ljudska-prava-od-28-do-30-novembra-u-ulcinju-poziv-namijenjen-mladima-od-15-do-30-godina","status":"publish","type":"post","link":"https:\/\/dmcsrb.com\/en\/drustvo\/video-muric-obuka-postovanje-inkluzije-i-ljudska-prava-od-28-do-30-novembra-u-ulcinju-poziv-namijenjen-mladima-od-15-do-30-godina\/","title":{"rendered":"(VIDEO) Muri\u0107: Obuka &#8220;Po\u0161tovanje inkluzije i ljudska prava&#8221; od 28. do 30. novembra u Ulcinju, poziv namijenjen mladima od 15 do 30 godina"},"content":{"rendered":"<p><\/p>\n\n\n\n<p>Kako prepoznati diskriminaciju kod sebe i drugih i kako reagovati na nju &#8211;&nbsp; samo su neka od pitanja na koja \u0107e budu\u0107i vr\u0161nja\u010dki edukatori dobiti odgovore uokviru obuke ,,Po\u0161tovanje inkluzije i ljudska prava&#8221;. Na trodnevnoj obuci bi\u0107e rije\u010di i o zakonskim okvirima u domenu ljudskih prava sa akcentom na polo\u017eaj LGBT osoba, najavili su iz inicijative mladih.<\/p>\n\n\n\n<p>&#8220;Sastoji se iz predavanja i radionica i prakti\u010dne obuke. Pripremili smo pet predava\u010da, pet predavanja, prije i nakon toga \u0107e na\u0161a koleginica Kristina \u017dugi\u0107 pripremiti u\u010desnike na na\u010din \u0161to \u0107e im predstaviti \u0161to se od njih kao vr\u0161nja\u010dkih edukatora o\u010dekuje&#8221;, kazala je Amina Muri\u0107 iz Inicijative mladih za ljudska prava.<\/p>\n\n\n\n<p>Poziv je namijenjen mladim ljudima od 15 do 30 godina iz Bara, Ulcinja, Budve, Cetinja i Herceg Novog, isti\u010de Muri\u0107. Doga\u0111aj \u0107e okupiti deset mladih ljudi \u2013 po dvoje iz svakog od navedenih gradova.<\/p>\n\n\n\n<p>&#8220;Oni dobijaju te vje\u0161tine i nakon toga njihova je obaveza da okupe ljude, da sami organizuju obuke, da naprave prezentaciju \u2013 i obuku i prezentaciju koju oni sami organizuju rade uz na\u0161u pomo\u0107. Oni kontinuirano imaju na\u0161u podr\u0161ku i nakon obuke&#8221;, zaklju\u010duje.<\/p>\n\n\n\n<p>Interesovanje je, prema rije\u010dima Muri\u0107, ve\u0107 sada ogromno, a prijave su otvorene do 27. novembra \u2013 do kada se zainteresovani mogu prijaviti&nbsp; putem web sajta Inicijative mladih za ljudska prava.&nbsp;<\/p>\n\n\n\n<figure class=\"wp-block-embed is-type-video is-provider-youtube wp-block-embed-youtube wp-embed-aspect-16-9 wp-has-aspect-ratio\"><div class=\"wp-block-embed__wrapper\">\n<iframe loading=\"lazy\" title=\"&quot;Po\u0161tovanje inkluzije i ljudska prava&#039;&#039; od 28. do 30. novembra u Ulcinju, poziv namijenjen mladima\" width=\"500\" height=\"281\" src=\"https:\/\/www.youtube.com\/embed\/GLjn0VY_g_I?feature=oembed\" frameborder=\"0\" allow=\"accelerometer; autoplay; clipboard-write; encrypted-media; gyroscope; picture-in-picture; web-share\" referrerpolicy=\"strict-origin-when-cross-origin\" allowfullscreen><\/iframe>\n<\/div><\/figure>","protected":false},"excerpt":{"rendered":"<p>Obuka pod nazivom ,,Po\u0161tovanje inkluzije i ljudska prava&#8221; u organizaciji Inicijativa mladih za ljudska prava odr\u017ea\u0107e se od 28. do 30. novembra u Ulcinju. U\u010desnici \u0107e obra\u0111ivati teme roda, pola i identiteta, ljudskih prava i prava LGBT osoba, najavljeno je u na\u0161em Jutarnjem programu. Nakon obuke, kako ist\u010du iz Inicijative mladih, vr\u0161nja\u010dki edukatori bi\u0107e anga\u017eovani da u svojim op\u0161tinama organizuju radionice i okupe mlade kojima \u0107e prenijeti znanje. Prijave traju do 27. novembra.\u00a0<\/p>","protected":false},"author":1,"featured_media":963800,"comment_status":"open","ping_status":"open","sticky":false,"template":"","format":"standard","meta":{"_acf_changed":false,"footnotes":""},"categories":[2],"tags":[8583,14532],"naslovna":[],"class_list":["post-963799","post","type-post","status-publish","format-standard","has-post-thumbnail","hentry","category-drustvo","tag-amina-muric","tag-postovanje-inkluzije-i-ljudska-prava"],"acf":[],"yoast_head":"<!-- This site is optimized with the Yoast SEO plugin v27.0 - https:\/\/yoast.com\/product\/yoast-seo-wordpress\/ -->\n<title>(VIDEO) Muri\u0107: Obuka &quot;Po\u0161tovanje inkluzije i ljudska prava&#039;&#039; od 28. do 30. novembra u Ulcinju, poziv namijenjen mladima od 15 do 30 godina - dmcsrb.com<\/title>\n<meta name=\"robots\" content=\"index, follow, max-snippet:-1, max-image-preview:large, max-video-preview:-1\" \/>\n<link rel=\"canonical\" href=\"https:\/\/dmcsrb.com\/en\/drustvo\/video-muric-obuka-postovanje-inkluzije-i-ljudska-prava-od-28-do-30-novembra-u-ulcinju-poziv-namijenjen-mladima-od-15-do-30-godina\/\" \/>\n<meta property=\"og:locale\" content=\"en_GB\" \/>\n<meta property=\"og:type\" content=\"article\" \/>\n<meta property=\"og:title\" content=\"(VIDEO) Muri\u0107: Obuka &quot;Po\u0161tovanje inkluzije i ljudska prava&#039;&#039; od 28. do 30. novembra u Ulcinju, poziv namijenjen mladima od 15 do 30 godina - dmcsrb.com\" \/>\n<meta property=\"og:description\" content=\"Obuka pod nazivom ,,Po\u0161tovanje inkluzije i ljudska prava&#039;&#039; u organizaciji Inicijativa mladih za ljudska prava odr\u017ea\u0107e se od 28. do 30. novembra u Ulcinju. U\u010desnici \u0107e obra\u0111ivati teme roda, pola i identiteta, ljudskih prava i prava LGBT osoba, najavljeno je u na\u0161em Jutarnjem programu. Nakon obuke, kako ist\u010du iz Inicijative mladih, vr\u0161nja\u010dki edukatori bi\u0107e anga\u017eovani da u svojim op\u0161tinama organizuju radionice i okupe mlade kojima \u0107e prenijeti znanje. Prijave traju do 27. novembra.\u00a0\" \/>\n<meta property=\"og:url\" content=\"https:\/\/dmcsrb.com\/en\/drustvo\/video-muric-obuka-postovanje-inkluzije-i-ljudska-prava-od-28-do-30-novembra-u-ulcinju-poziv-namijenjen-mladima-od-15-do-30-godina\/\" \/>\n<meta property=\"og:site_name\" content=\"dmcsrb.com\" \/>\n<meta property=\"article:published_time\" content=\"2025-11-15T17:42:00+00:00\" \/>\n<meta property=\"og:image\" content=\"https:\/\/dmcsrb.com\/wp-content\/uploads\/2026\/01\/Capture-47-3.webp\" \/>\n\t<meta property=\"og:image:width\" content=\"1722\" \/>\n\t<meta property=\"og:image:height\" content=\"867\" \/>\n\t<meta property=\"og:image:type\" content=\"image\/jpeg\" \/>\n<meta name=\"author\" content=\"dmcsrbija.com@gmail.com\" \/>\n<meta name=\"twitter:card\" content=\"summary_large_image\" \/>\n<meta name=\"twitter:label1\" content=\"Written by\" \/>\n\t<meta name=\"twitter:data1\" content=\"dmcsrbija.com@gmail.com\" \/>\n\t<meta name=\"twitter:label2\" content=\"Estimated reading time\" \/>\n\t<meta name=\"twitter:data2\" content=\"1 minute\" \/>\n<script type=\"application\/ld+json\" class=\"yoast-schema-graph\">{\"@context\":\"https:\/\/schema.org\",\"@graph\":[{\"@type\":\"Article\",\"@id\":\"https:\/\/dmcsrb.com\/drustvo\/video-muric-obuka-postovanje-inkluzije-i-ljudska-prava-od-28-do-30-novembra-u-ulcinju-poziv-namijenjen-mladima-od-15-do-30-godina\/#article\",\"isPartOf\":{\"@id\":\"https:\/\/dmcsrb.com\/drustvo\/video-muric-obuka-postovanje-inkluzije-i-ljudska-prava-od-28-do-30-novembra-u-ulcinju-poziv-namijenjen-mladima-od-15-do-30-godina\/\"},\"author\":{\"name\":\"dmcsrbija.com@gmail.com\",\"@id\":\"https:\/\/dmcsrb.com\/#\/schema\/person\/5c39170f12db1b8b457732d0b5c854e2\"},\"headline\":\"(VIDEO) Muri\u0107: Obuka &#8220;Po\u0161tovanje inkluzije i ljudska prava&#8221; od 28. do 30. novembra u Ulcinju, poziv namijenjen mladima od 15 do 30 godina\",\"datePublished\":\"2025-11-15T17:42:00+00:00\",\"mainEntityOfPage\":{\"@id\":\"https:\/\/dmcsrb.com\/drustvo\/video-muric-obuka-postovanje-inkluzije-i-ljudska-prava-od-28-do-30-novembra-u-ulcinju-poziv-namijenjen-mladima-od-15-do-30-godina\/\"},\"wordCount\":260,\"commentCount\":0,\"image\":{\"@id\":\"https:\/\/dmcsrb.com\/drustvo\/video-muric-obuka-postovanje-inkluzije-i-ljudska-prava-od-28-do-30-novembra-u-ulcinju-poziv-namijenjen-mladima-od-15-do-30-godina\/#primaryimage\"},\"thumbnailUrl\":\"https:\/\/dmcsrb.com\/wp-content\/uploads\/2026\/01\/Capture-47-3.webp\",\"keywords\":[\"Amina Muri\u0107\",\"Po\u0161tovanje inkluzije i ljudska prava\"],\"articleSection\":[\"Dru\u0161tvo\"],\"inLanguage\":\"en-GB\",\"potentialAction\":[{\"@type\":\"CommentAction\",\"name\":\"Comment\",\"target\":[\"https:\/\/dmcsrb.com\/drustvo\/video-muric-obuka-postovanje-inkluzije-i-ljudska-prava-od-28-do-30-novembra-u-ulcinju-poziv-namijenjen-mladima-od-15-do-30-godina\/#respond\"]}]},{\"@type\":\"WebPage\",\"@id\":\"https:\/\/dmcsrb.com\/drustvo\/video-muric-obuka-postovanje-inkluzije-i-ljudska-prava-od-28-do-30-novembra-u-ulcinju-poziv-namijenjen-mladima-od-15-do-30-godina\/\",\"url\":\"https:\/\/dmcsrb.com\/drustvo\/video-muric-obuka-postovanje-inkluzije-i-ljudska-prava-od-28-do-30-novembra-u-ulcinju-poziv-namijenjen-mladima-od-15-do-30-godina\/\",\"name\":\"(VIDEO) Muri\u0107: Obuka \\\"Po\u0161tovanje inkluzije i ljudska prava'' od 28. do 30. novembra u Ulcinju, poziv namijenjen mladima od 15 do 30 godina - dmcsrb.com\",\"isPartOf\":{\"@id\":\"https:\/\/dmcsrb.com\/#website\"},\"primaryImageOfPage\":{\"@id\":\"https:\/\/dmcsrb.com\/drustvo\/video-muric-obuka-postovanje-inkluzije-i-ljudska-prava-od-28-do-30-novembra-u-ulcinju-poziv-namijenjen-mladima-od-15-do-30-godina\/#primaryimage\"},\"image\":{\"@id\":\"https:\/\/dmcsrb.com\/drustvo\/video-muric-obuka-postovanje-inkluzije-i-ljudska-prava-od-28-do-30-novembra-u-ulcinju-poziv-namijenjen-mladima-od-15-do-30-godina\/#primaryimage\"},\"thumbnailUrl\":\"https:\/\/dmcsrb.com\/wp-content\/uploads\/2026\/01\/Capture-47-3.webp\",\"datePublished\":\"2025-11-15T17:42:00+00:00\",\"author\":{\"@id\":\"https:\/\/dmcsrb.com\/#\/schema\/person\/5c39170f12db1b8b457732d0b5c854e2\"},\"breadcrumb\":{\"@id\":\"https:\/\/dmcsrb.com\/drustvo\/video-muric-obuka-postovanje-inkluzije-i-ljudska-prava-od-28-do-30-novembra-u-ulcinju-poziv-namijenjen-mladima-od-15-do-30-godina\/#breadcrumb\"},\"inLanguage\":\"en-GB\",\"potentialAction\":[{\"@type\":\"ReadAction\",\"target\":[\"https:\/\/dmcsrb.com\/drustvo\/video-muric-obuka-postovanje-inkluzije-i-ljudska-prava-od-28-do-30-novembra-u-ulcinju-poziv-namijenjen-mladima-od-15-do-30-godina\/\"]}]},{\"@type\":\"ImageObject\",\"inLanguage\":\"en-GB\",\"@id\":\"https:\/\/dmcsrb.com\/drustvo\/video-muric-obuka-postovanje-inkluzije-i-ljudska-prava-od-28-do-30-novembra-u-ulcinju-poziv-namijenjen-mladima-od-15-do-30-godina\/#primaryimage\",\"url\":\"https:\/\/dmcsrb.com\/wp-content\/uploads\/2026\/01\/Capture-47-3.webp\",\"contentUrl\":\"https:\/\/dmcsrb.com\/wp-content\/uploads\/2026\/01\/Capture-47-3.webp\",\"width\":1722,\"height\":867},{\"@type\":\"BreadcrumbList\",\"@id\":\"https:\/\/dmcsrb.com\/drustvo\/video-muric-obuka-postovanje-inkluzije-i-ljudska-prava-od-28-do-30-novembra-u-ulcinju-poziv-namijenjen-mladima-od-15-do-30-godina\/#breadcrumb\",\"itemListElement\":[{\"@type\":\"ListItem\",\"position\":1,\"name\":\"Home\",\"item\":\"https:\/\/dmcsrb.com\/\"},{\"@type\":\"ListItem\",\"position\":2,\"name\":\"(VIDEO) Muri\u0107: Obuka &#8220;Po\u0161tovanje inkluzije i ljudska prava&#8221; od 28. do 30. novembra u Ulcinju, poziv namijenjen mladima od 15 do 30 godina\"}]},{\"@type\":\"WebSite\",\"@id\":\"https:\/\/dmcsrb.com\/#website\",\"url\":\"https:\/\/dmcsrb.com\/\",\"name\":\"dmcsrb.com\",\"description\":\"\",\"potentialAction\":[{\"@type\":\"SearchAction\",\"target\":{\"@type\":\"EntryPoint\",\"urlTemplate\":\"https:\/\/dmcsrb.com\/?s={search_term_string}\"},\"query-input\":{\"@type\":\"PropertyValueSpecification\",\"valueRequired\":true,\"valueName\":\"search_term_string\"}}],\"inLanguage\":\"en-GB\"},{\"@type\":\"Person\",\"@id\":\"https:\/\/dmcsrb.com\/#\/schema\/person\/5c39170f12db1b8b457732d0b5c854e2\",\"name\":\"dmcsrbija.com@gmail.com\",\"image\":{\"@type\":\"ImageObject\",\"inLanguage\":\"en-GB\",\"@id\":\"https:\/\/dmcsrb.com\/#\/schema\/person\/image\/\",\"url\":\"https:\/\/secure.gravatar.com\/avatar\/68592660ad6347fad0fb587f8d5d8f1a7b44961362f56e4f2cd524feb87e9069?s=96&d=mm&r=g\",\"contentUrl\":\"https:\/\/secure.gravatar.com\/avatar\/68592660ad6347fad0fb587f8d5d8f1a7b44961362f56e4f2cd524feb87e9069?s=96&d=mm&r=g\",\"caption\":\"dmcsrbija.com@gmail.com\"},\"sameAs\":[\"https:\/\/dmcsrb.com\"],\"url\":\"https:\/\/dmcsrb.com\/en\/author\/dmcsrbija-comgmail-com\/\"}]}<\/script>\n<!-- \/ Yoast SEO plugin. -->","yoast_head_json":{"title":"(VIDEO) Muri\u0107: Obuka \"Po\u0161tovanje inkluzije i ljudska prava'' od 28. do 30. novembra u Ulcinju, poziv namijenjen mladima od 15 do 30 godina - dmcsrb.com","robots":{"index":"index","follow":"follow","max-snippet":"max-snippet:-1","max-image-preview":"max-image-preview:large","max-video-preview":"max-video-preview:-1"},"canonical":"https:\/\/dmcsrb.com\/en\/drustvo\/video-muric-obuka-postovanje-inkluzije-i-ljudska-prava-od-28-do-30-novembra-u-ulcinju-poziv-namijenjen-mladima-od-15-do-30-godina\/","og_locale":"en_GB","og_type":"article","og_title":"(VIDEO) Muri\u0107: Obuka \"Po\u0161tovanje inkluzije i ljudska prava'' od 28. do 30. novembra u Ulcinju, poziv namijenjen mladima od 15 do 30 godina - dmcsrb.com","og_description":"Obuka pod nazivom ,,Po\u0161tovanje inkluzije i ljudska prava'' u organizaciji Inicijativa mladih za ljudska prava odr\u017ea\u0107e se od 28. do 30. novembra u Ulcinju. U\u010desnici \u0107e obra\u0111ivati teme roda, pola i identiteta, ljudskih prava i prava LGBT osoba, najavljeno je u na\u0161em Jutarnjem programu. Nakon obuke, kako ist\u010du iz Inicijative mladih, vr\u0161nja\u010dki edukatori bi\u0107e anga\u017eovani da u svojim op\u0161tinama organizuju radionice i okupe mlade kojima \u0107e prenijeti znanje. Prijave traju do 27. novembra.\u00a0","og_url":"https:\/\/dmcsrb.com\/en\/drustvo\/video-muric-obuka-postovanje-inkluzije-i-ljudska-prava-od-28-do-30-novembra-u-ulcinju-poziv-namijenjen-mladima-od-15-do-30-godina\/","og_site_name":"dmcsrb.com","article_published_time":"2025-11-15T17:42:00+00:00","og_image":[{"width":1722,"height":867,"url":"https:\/\/dmcsrb.com\/wp-content\/uploads\/2026\/01\/Capture-47-3.webp","type":"image\/jpeg"}],"author":"dmcsrbija.com@gmail.com","twitter_card":"summary_large_image","twitter_misc":{"Written by":"dmcsrbija.com@gmail.com","Estimated reading time":"1 minute"},"schema":{"@context":"https:\/\/schema.org","@graph":[{"@type":"Article","@id":"https:\/\/dmcsrb.com\/drustvo\/video-muric-obuka-postovanje-inkluzije-i-ljudska-prava-od-28-do-30-novembra-u-ulcinju-poziv-namijenjen-mladima-od-15-do-30-godina\/#article","isPartOf":{"@id":"https:\/\/dmcsrb.com\/drustvo\/video-muric-obuka-postovanje-inkluzije-i-ljudska-prava-od-28-do-30-novembra-u-ulcinju-poziv-namijenjen-mladima-od-15-do-30-godina\/"},"author":{"name":"dmcsrbija.com@gmail.com","@id":"https:\/\/dmcsrb.com\/#\/schema\/person\/5c39170f12db1b8b457732d0b5c854e2"},"headline":"(VIDEO) Muri\u0107: Obuka &#8220;Po\u0161tovanje inkluzije i ljudska prava&#8221; od 28. do 30. novembra u Ulcinju, poziv namijenjen mladima od 15 do 30 godina","datePublished":"2025-11-15T17:42:00+00:00","mainEntityOfPage":{"@id":"https:\/\/dmcsrb.com\/drustvo\/video-muric-obuka-postovanje-inkluzije-i-ljudska-prava-od-28-do-30-novembra-u-ulcinju-poziv-namijenjen-mladima-od-15-do-30-godina\/"},"wordCount":260,"commentCount":0,"image":{"@id":"https:\/\/dmcsrb.com\/drustvo\/video-muric-obuka-postovanje-inkluzije-i-ljudska-prava-od-28-do-30-novembra-u-ulcinju-poziv-namijenjen-mladima-od-15-do-30-godina\/#primaryimage"},"thumbnailUrl":"https:\/\/dmcsrb.com\/wp-content\/uploads\/2026\/01\/Capture-47-3.webp","keywords":["Amina Muri\u0107","Po\u0161tovanje inkluzije i ljudska prava"],"articleSection":["Dru\u0161tvo"],"inLanguage":"en-GB","potentialAction":[{"@type":"CommentAction","name":"Comment","target":["https:\/\/dmcsrb.com\/drustvo\/video-muric-obuka-postovanje-inkluzije-i-ljudska-prava-od-28-do-30-novembra-u-ulcinju-poziv-namijenjen-mladima-od-15-do-30-godina\/#respond"]}]},{"@type":"WebPage","@id":"https:\/\/dmcsrb.com\/drustvo\/video-muric-obuka-postovanje-inkluzije-i-ljudska-prava-od-28-do-30-novembra-u-ulcinju-poziv-namijenjen-mladima-od-15-do-30-godina\/","url":"https:\/\/dmcsrb.com\/drustvo\/video-muric-obuka-postovanje-inkluzije-i-ljudska-prava-od-28-do-30-novembra-u-ulcinju-poziv-namijenjen-mladima-od-15-do-30-godina\/","name":"(VIDEO) Muri\u0107: Obuka \"Po\u0161tovanje inkluzije i ljudska prava'' od 28. do 30. novembra u Ulcinju, poziv namijenjen mladima od 15 do 30 godina - dmcsrb.com","isPartOf":{"@id":"https:\/\/dmcsrb.com\/#website"},"primaryImageOfPage":{"@id":"https:\/\/dmcsrb.com\/drustvo\/video-muric-obuka-postovanje-inkluzije-i-ljudska-prava-od-28-do-30-novembra-u-ulcinju-poziv-namijenjen-mladima-od-15-do-30-godina\/#primaryimage"},"image":{"@id":"https:\/\/dmcsrb.com\/drustvo\/video-muric-obuka-postovanje-inkluzije-i-ljudska-prava-od-28-do-30-novembra-u-ulcinju-poziv-namijenjen-mladima-od-15-do-30-godina\/#primaryimage"},"thumbnailUrl":"https:\/\/dmcsrb.com\/wp-content\/uploads\/2026\/01\/Capture-47-3.webp","datePublished":"2025-11-15T17:42:00+00:00","author":{"@id":"https:\/\/dmcsrb.com\/#\/schema\/person\/5c39170f12db1b8b457732d0b5c854e2"},"breadcrumb":{"@id":"https:\/\/dmcsrb.com\/drustvo\/video-muric-obuka-postovanje-inkluzije-i-ljudska-prava-od-28-do-30-novembra-u-ulcinju-poziv-namijenjen-mladima-od-15-do-30-godina\/#breadcrumb"},"inLanguage":"en-GB","potentialAction":[{"@type":"ReadAction","target":["https:\/\/dmcsrb.com\/drustvo\/video-muric-obuka-postovanje-inkluzije-i-ljudska-prava-od-28-do-30-novembra-u-ulcinju-poziv-namijenjen-mladima-od-15-do-30-godina\/"]}]},{"@type":"ImageObject","inLanguage":"en-GB","@id":"https:\/\/dmcsrb.com\/drustvo\/video-muric-obuka-postovanje-inkluzije-i-ljudska-prava-od-28-do-30-novembra-u-ulcinju-poziv-namijenjen-mladima-od-15-do-30-godina\/#primaryimage","url":"https:\/\/dmcsrb.com\/wp-content\/uploads\/2026\/01\/Capture-47-3.webp","contentUrl":"https:\/\/dmcsrb.com\/wp-content\/uploads\/2026\/01\/Capture-47-3.webp","width":1722,"height":867},{"@type":"BreadcrumbList","@id":"https:\/\/dmcsrb.com\/drustvo\/video-muric-obuka-postovanje-inkluzije-i-ljudska-prava-od-28-do-30-novembra-u-ulcinju-poziv-namijenjen-mladima-od-15-do-30-godina\/#breadcrumb","itemListElement":[{"@type":"ListItem","position":1,"name":"Home","item":"https:\/\/dmcsrb.com\/"},{"@type":"ListItem","position":2,"name":"(VIDEO) Muri\u0107: Obuka &#8220;Po\u0161tovanje inkluzije i ljudska prava&#8221; od 28. do 30. novembra u Ulcinju, poziv namijenjen mladima od 15 do 30 godina"}]},{"@type":"WebSite","@id":"https:\/\/dmcsrb.com\/#website","url":"https:\/\/dmcsrb.com\/","name":"dmcsrb.com","description":"","potentialAction":[{"@type":"SearchAction","target":{"@type":"EntryPoint","urlTemplate":"https:\/\/dmcsrb.com\/?s={search_term_string}"},"query-input":{"@type":"PropertyValueSpecification","valueRequired":true,"valueName":"search_term_string"}}],"inLanguage":"en-GB"},{"@type":"Person","@id":"https:\/\/dmcsrb.com\/#\/schema\/person\/5c39170f12db1b8b457732d0b5c854e2","name":"dmcsrbija.com@gmail.com","image":{"@type":"ImageObject","inLanguage":"en-GB","@id":"https:\/\/dmcsrb.com\/#\/schema\/person\/image\/","url":"https:\/\/secure.gravatar.com\/avatar\/68592660ad6347fad0fb587f8d5d8f1a7b44961362f56e4f2cd524feb87e9069?s=96&d=mm&r=g","contentUrl":"https:\/\/secure.gravatar.com\/avatar\/68592660ad6347fad0fb587f8d5d8f1a7b44961362f56e4f2cd524feb87e9069?s=96&d=mm&r=g","caption":"dmcsrbija.com@gmail.com"},"sameAs":["https:\/\/dmcsrb.com"],"url":"https:\/\/dmcsrb.com\/en\/author\/dmcsrbija-comgmail-com\/"}]}},"_links":{"self":[{"href":"https:\/\/dmcsrb.com\/en\/wp-json\/wp\/v2\/posts\/963799","targetHints":{"allow":["GET"]}}],"collection":[{"href":"https:\/\/dmcsrb.com\/en\/wp-json\/wp\/v2\/posts"}],"about":[{"href":"https:\/\/dmcsrb.com\/en\/wp-json\/wp\/v2\/types\/post"}],"author":[{"embeddable":true,"href":"https:\/\/dmcsrb.com\/en\/wp-json\/wp\/v2\/users\/1"}],"replies":[{"embeddable":true,"href":"https:\/\/dmcsrb.com\/en\/wp-json\/wp\/v2\/comments?post=963799"}],"version-history":[{"count":0,"href":"https:\/\/dmcsrb.com\/en\/wp-json\/wp\/v2\/posts\/963799\/revisions"}],"wp:featuredmedia":[{"embeddable":true,"href":"https:\/\/dmcsrb.com\/en\/wp-json\/wp\/v2\/media\/963800"}],"wp:attachment":[{"href":"https:\/\/dmcsrb.com\/en\/wp-json\/wp\/v2\/media?parent=963799"}],"wp:term":[{"taxonomy":"category","embeddable":true,"href":"https:\/\/dmcsrb.com\/en\/wp-json\/wp\/v2\/categories?post=963799"},{"taxonomy":"post_tag","embeddable":true,"href":"https:\/\/dmcsrb.com\/en\/wp-json\/wp\/v2\/tags?post=963799"},{"taxonomy":"naslovna","embeddable":true,"href":"https:\/\/dmcsrb.com\/en\/wp-json\/wp\/v2\/naslovna?post=963799"}],"curies":[{"name":"wp","href":"https:\/\/api.w.org\/{rel}","templated":true}]}}