{"id":963767,"date":"2025-11-15T14:41:00","date_gmt":"2025-11-15T13:41:00","guid":{"rendered":"https:\/\/dmcsrb.com\/uncategorized\/radulovic-popunjavanje-upraznjenih-mjesta-vazno-za-funkcionalnost-pravosudja\/"},"modified":"2025-11-15T14:41:00","modified_gmt":"2025-11-15T13:41:00","slug":"radulovic-popunjavanje-upraznjenih-mjesta-vazno-za-funkcionalnost-pravosudja","status":"publish","type":"post","link":"https:\/\/dmcsrb.com\/en\/politika\/radulovic-popunjavanje-upraznjenih-mjesta-vazno-za-funkcionalnost-pravosudja\/","title":{"rendered":"Radulovi\u0107: Popunjavanje upra\u017enjenih mjesta va\u017eno za funkcionalnost pravosu\u0111a"},"content":{"rendered":"<p><\/p>\n\n\n\n<p><\/p>\n\n\n\n<p>To je kazao u intervjuu za Agenciju MINA, ocjenjuju\u0107i da \u0107e do kraja godine do\u0107i do tih imenovanja, ali da ona ne\u0107e biti zasnovana na zaslugama.<\/p>\n\n\n\n<p>Evropska komisija (EK) je u Izve\u0161taju o napretku Crne Gore za ovu godinu ukazala da je potrebno nastaviti sa imenovanjima na visoke pravosudne funkcije, uklju\u010duju\u0107i TS, Sudski savjet i Ustavni sud.<\/p>\n\n\n\n<p>TS nedostaju \u010detiri netu\u017eila\u010dka \u010dlana, koja se biraju iz reda uglednih pravnika, dok je u Sudskom savjetu upra\u017enjeno jedno mjesto, rezervisano tako\u0111e za \u010dlana iz reda uglednih pravnika. Ustavni sud je na ivici kvoruma, jer od predvi\u0111enih sedam trenutno ima \u010detiri sudije.<\/p>\n\n\n\n<p>Radulovi\u0107 je Agenciji MINA rekao da Crna Gora, po tom pitanju, od EK dobija iste ocjene i preporuke.<\/p>\n\n\n\n<p>Na pitanje da li o\u010dekuje da Skup\u0161tina do kraja godine sprovede potrebna imenovanja u pravosu\u0111u, on je odgovorio da vjeruje da ho\u0107e.<\/p>\n\n\n\n<p>Radulovi\u0107 je ocijenio da politi\u010dari postupak imenovanja u pravosu\u0111u odugovla\u010de zbog poku\u0161aja da ostvare li\u010dne i partijske interese. &#8220;Jer nije nikakva tajna da su sve partije na vlasti, i aktuelne i onih vlasti koje su bile ranije, \u017eeljele neskriveno da ostvare taj odlu\u010duju\u0107i uticaj na Ustavni sud, a i na pravosu\u0111e generalno&#8221;, rekao je Radulovi\u0107.<\/p>\n\n\n\n<p>On je kazao &#8220;da nas, na kraju, politi\u010dari dovedu pred svr\u0161en \u010din&#8221;.<\/p>\n\n\n\n<p>&#8211; Tako da smo, u krajnjem, svi zadovoljni ako se taj izbor izvr\u0161i, a pri tome gubimo iz vida ono \u0161to je klju\u010dno u tom procesu \u2013 na koji na\u010din se ti ljudi biraju i da li \u0107emo na tim pozicijama dobiti zaista kvalitetan kadar, koji \u0107e sa integritetom raditi taj posao, ili \u0107e to biti ne\u010diji partijski vojnici, kako smo imali prilike, na\u017ealost, ne malo puta da gledamo u Crnoj Gori &#8211; naveo je Radulovi\u0107.<\/p>\n\n\n\n<p>Na pitanje da li o\u010dekuje da postupak popunjavanja upra\u017enjenih mjesta u TS, Sudskom savjetu i Ustavnom sudu bude transparentan i zasnovan na zaslugama, on je odgovorio odri\u010dno.<\/p>\n\n\n\n<p>&#8211; Ne vjerujem da \u0107e biti zasnovan na zaslugama jer, na\u017ealost, praksa nam je pokazala i politi\u010dari su nas nau\u010dili da to do sada nije bio slu\u010daj &#8211; naveo je Radulovi\u0107.<\/p>\n\n\n\n<p>On je rekao da su se \u010desto de\u0161avale situacije da se biraju ljudi koji su kasnije, radom u institucijama, veoma brzo pokazali da tu nijesu zbog toga \u0161to su profesionalci od stru\u010dnog i li\u010dnog integriteta, ve\u0107 zato \u0161to su politi\u010dki odgovarali nekoj partiji.<\/p>\n\n\n\n<p>&#8211; I na kraju se sve svelo na to da i na toj poziciji oni \u0161tite ne\u010dije partijske interese &#8211;&nbsp;dodao je Radulovi\u0107.<\/p>\n\n\n\n<p>Popunjavanje mjesta u pravosudnim institucijama, kako je poru\u010dio, veoma je va\u017eno za funkcionalnost pravosu\u0111a.<\/p>\n\n\n\n<p>Prema rije\u010dima Radulovi\u0107a, su\u0161tina procesa tih imenovanja je da Crna Gora dobije kvalitetne ljude na tim mjestima, koji \u0107e, rade\u0107i svoj posao, dovesti do toga da pravosu\u0111e bude bolje, efikasnije i profesionalnije.<\/p>\n\n\n\n<p>On je ocijenio da bi se u slu\u010daju da Skup\u0161tina ne izabere \u010dlanove TS, Sudskog savjeta i sudije Ustavnog suda, to veoma lo\u0161e odrazilo na evropski put dr\u017eave.<\/p>\n\n\n\n<p>&#8211; Ali uvijek ka\u017eem da prvenstveno treba da imamo na umu kako \u0107e se to odraziti na ljudska prava i slobode svih gra\u0111ana Crne Gore, jer treba da shvatimo da nama evropske integracije nijesu potrebne samo zbog toga da bismo formalno bili \u010dlanica EU i ispunili zadatak koji je ispred nas postavljen &#8211;&nbsp;naveo je Radulovi\u0107.<\/p>\n\n\n\n<p>On je kazao &#8220;da su nam integracije potrebne da bismo prihvatili standarde koji \u0107e dovesti do pobolj\u0161anja kvaliteta \u017eivota svih gra\u0111ana Crne Gore&#8221;.<\/p>\n\n\n\n<p>&#8211; I mislim da \u0107e, \u0161to prije to shvate oni koji su klju\u010dni u tim procesima, biti bolje za sve nas &#8211; dodao je Radulovi\u0107.<\/p>\n\n\n\n<p>On je rekao da, na\u017ealost, nije optimista po tom pitanju.<\/p>\n\n\n\n<p>&#8211; Zbog toga \u0161to su nam politi\u010dke partije mnogo puta pokazale da se rukovode partijskim interesima i da je njima evropski put samo jedna vrsta verbalnog marketinga, kojim poku\u0161avaju unutra\u0161njoj, ali i me\u0111unarodnoj javnosti da se predstave kao ljudi koji istinski \u017eele da ubrzaju i dovedu taj proces do kraja, a su\u0161tinski ne rade puno da do toga do\u0111e &#8211;&nbsp;naveo je Radulovi\u0107.<\/p>\n\n\n\n<p><\/p>","protected":false},"excerpt":{"rendered":"<p>Popunjavanje upra\u017enjenih mjesta u Tu\u017eila\u010dkom savjetu (TS), Sudskom savjetu i Ustavnom sudu izuzetno je va\u017eno za funkcionalnost crnogorskog pravosu\u0111a, poru\u010dio je advokat Veselin Radulovi\u0107.<\/p>","protected":false},"author":1,"featured_media":963768,"comment_status":"open","ping_status":"open","sticky":false,"template":"","format":"standard","meta":{"_acf_changed":false,"footnotes":""},"categories":[12],"tags":[7813,14523,2901],"naslovna":[],"class_list":["post-963767","post","type-post","status-publish","format-standard","has-post-thumbnail","hentry","category-politika","tag-sudovi","tag-upraznjena-mjesta","tag-veselin-radulovic"],"acf":[],"yoast_head":"<!-- This site is optimized with the Yoast SEO plugin v27.0 - https:\/\/yoast.com\/product\/yoast-seo-wordpress\/ -->\n<title>Radulovi\u0107: Popunjavanje upra\u017enjenih mjesta va\u017eno za funkcionalnost pravosu\u0111a - dmcsrb.com<\/title>\n<meta name=\"robots\" content=\"index, follow, max-snippet:-1, max-image-preview:large, max-video-preview:-1\" \/>\n<link rel=\"canonical\" href=\"https:\/\/dmcsrb.com\/en\/politika\/radulovic-popunjavanje-upraznjenih-mjesta-vazno-za-funkcionalnost-pravosudja\/\" \/>\n<meta property=\"og:locale\" content=\"en_GB\" \/>\n<meta property=\"og:type\" content=\"article\" \/>\n<meta property=\"og:title\" content=\"Radulovi\u0107: Popunjavanje upra\u017enjenih mjesta va\u017eno za funkcionalnost pravosu\u0111a - dmcsrb.com\" \/>\n<meta property=\"og:description\" content=\"Popunjavanje upra\u017enjenih mjesta u Tu\u017eila\u010dkom savjetu (TS), Sudskom savjetu i Ustavnom sudu izuzetno je va\u017eno za funkcionalnost crnogorskog pravosu\u0111a, poru\u010dio je advokat Veselin Radulovi\u0107.\" \/>\n<meta property=\"og:url\" content=\"https:\/\/dmcsrb.com\/en\/politika\/radulovic-popunjavanje-upraznjenih-mjesta-vazno-za-funkcionalnost-pravosudja\/\" \/>\n<meta property=\"og:site_name\" content=\"dmcsrb.com\" \/>\n<meta property=\"article:published_time\" content=\"2025-11-15T13:41:00+00:00\" \/>\n<meta property=\"og:image\" content=\"https:\/\/dmcsrb.com\/wp-content\/uploads\/2026\/01\/veselin-radulovic.webp\" \/>\n\t<meta property=\"og:image:width\" content=\"1097\" \/>\n\t<meta property=\"og:image:height\" content=\"540\" \/>\n\t<meta property=\"og:image:type\" content=\"image\/jpeg\" \/>\n<meta name=\"author\" content=\"dmcsrbija.com@gmail.com\" \/>\n<meta name=\"twitter:card\" content=\"summary_large_image\" \/>\n<meta name=\"twitter:label1\" content=\"Written by\" \/>\n\t<meta name=\"twitter:data1\" content=\"dmcsrbija.com@gmail.com\" \/>\n\t<meta name=\"twitter:label2\" content=\"Estimated reading time\" \/>\n\t<meta name=\"twitter:data2\" content=\"4 minutes\" \/>\n<script type=\"application\/ld+json\" class=\"yoast-schema-graph\">{\"@context\":\"https:\/\/schema.org\",\"@graph\":[{\"@type\":\"Article\",\"@id\":\"https:\/\/dmcsrb.com\/politika\/radulovic-popunjavanje-upraznjenih-mjesta-vazno-za-funkcionalnost-pravosudja\/#article\",\"isPartOf\":{\"@id\":\"https:\/\/dmcsrb.com\/politika\/radulovic-popunjavanje-upraznjenih-mjesta-vazno-za-funkcionalnost-pravosudja\/\"},\"author\":{\"name\":\"dmcsrbija.com@gmail.com\",\"@id\":\"https:\/\/dmcsrb.com\/#\/schema\/person\/5c39170f12db1b8b457732d0b5c854e2\"},\"headline\":\"Radulovi\u0107: Popunjavanje upra\u017enjenih mjesta va\u017eno za funkcionalnost pravosu\u0111a\",\"datePublished\":\"2025-11-15T13:41:00+00:00\",\"mainEntityOfPage\":{\"@id\":\"https:\/\/dmcsrb.com\/politika\/radulovic-popunjavanje-upraznjenih-mjesta-vazno-za-funkcionalnost-pravosudja\/\"},\"wordCount\":736,\"commentCount\":0,\"image\":{\"@id\":\"https:\/\/dmcsrb.com\/politika\/radulovic-popunjavanje-upraznjenih-mjesta-vazno-za-funkcionalnost-pravosudja\/#primaryimage\"},\"thumbnailUrl\":\"https:\/\/dmcsrb.com\/wp-content\/uploads\/2026\/01\/veselin-radulovic.webp\",\"keywords\":[\"sudovi\",\"Upra\u017enjena mjesta\",\"Veselin Radulovi\u0107\"],\"articleSection\":[\"Politika\"],\"inLanguage\":\"en-GB\",\"potentialAction\":[{\"@type\":\"CommentAction\",\"name\":\"Comment\",\"target\":[\"https:\/\/dmcsrb.com\/politika\/radulovic-popunjavanje-upraznjenih-mjesta-vazno-za-funkcionalnost-pravosudja\/#respond\"]}]},{\"@type\":\"WebPage\",\"@id\":\"https:\/\/dmcsrb.com\/politika\/radulovic-popunjavanje-upraznjenih-mjesta-vazno-za-funkcionalnost-pravosudja\/\",\"url\":\"https:\/\/dmcsrb.com\/politika\/radulovic-popunjavanje-upraznjenih-mjesta-vazno-za-funkcionalnost-pravosudja\/\",\"name\":\"Radulovi\u0107: Popunjavanje upra\u017enjenih mjesta va\u017eno za funkcionalnost pravosu\u0111a - dmcsrb.com\",\"isPartOf\":{\"@id\":\"https:\/\/dmcsrb.com\/#website\"},\"primaryImageOfPage\":{\"@id\":\"https:\/\/dmcsrb.com\/politika\/radulovic-popunjavanje-upraznjenih-mjesta-vazno-za-funkcionalnost-pravosudja\/#primaryimage\"},\"image\":{\"@id\":\"https:\/\/dmcsrb.com\/politika\/radulovic-popunjavanje-upraznjenih-mjesta-vazno-za-funkcionalnost-pravosudja\/#primaryimage\"},\"thumbnailUrl\":\"https:\/\/dmcsrb.com\/wp-content\/uploads\/2026\/01\/veselin-radulovic.webp\",\"datePublished\":\"2025-11-15T13:41:00+00:00\",\"author\":{\"@id\":\"https:\/\/dmcsrb.com\/#\/schema\/person\/5c39170f12db1b8b457732d0b5c854e2\"},\"breadcrumb\":{\"@id\":\"https:\/\/dmcsrb.com\/politika\/radulovic-popunjavanje-upraznjenih-mjesta-vazno-za-funkcionalnost-pravosudja\/#breadcrumb\"},\"inLanguage\":\"en-GB\",\"potentialAction\":[{\"@type\":\"ReadAction\",\"target\":[\"https:\/\/dmcsrb.com\/politika\/radulovic-popunjavanje-upraznjenih-mjesta-vazno-za-funkcionalnost-pravosudja\/\"]}]},{\"@type\":\"ImageObject\",\"inLanguage\":\"en-GB\",\"@id\":\"https:\/\/dmcsrb.com\/politika\/radulovic-popunjavanje-upraznjenih-mjesta-vazno-za-funkcionalnost-pravosudja\/#primaryimage\",\"url\":\"https:\/\/dmcsrb.com\/wp-content\/uploads\/2026\/01\/veselin-radulovic.webp\",\"contentUrl\":\"https:\/\/dmcsrb.com\/wp-content\/uploads\/2026\/01\/veselin-radulovic.webp\",\"width\":1097,\"height\":540},{\"@type\":\"BreadcrumbList\",\"@id\":\"https:\/\/dmcsrb.com\/politika\/radulovic-popunjavanje-upraznjenih-mjesta-vazno-za-funkcionalnost-pravosudja\/#breadcrumb\",\"itemListElement\":[{\"@type\":\"ListItem\",\"position\":1,\"name\":\"Home\",\"item\":\"https:\/\/dmcsrb.com\/\"},{\"@type\":\"ListItem\",\"position\":2,\"name\":\"Radulovi\u0107: Popunjavanje upra\u017enjenih mjesta va\u017eno za funkcionalnost pravosu\u0111a\"}]},{\"@type\":\"WebSite\",\"@id\":\"https:\/\/dmcsrb.com\/#website\",\"url\":\"https:\/\/dmcsrb.com\/\",\"name\":\"dmcsrb.com\",\"description\":\"\",\"potentialAction\":[{\"@type\":\"SearchAction\",\"target\":{\"@type\":\"EntryPoint\",\"urlTemplate\":\"https:\/\/dmcsrb.com\/?s={search_term_string}\"},\"query-input\":{\"@type\":\"PropertyValueSpecification\",\"valueRequired\":true,\"valueName\":\"search_term_string\"}}],\"inLanguage\":\"en-GB\"},{\"@type\":\"Person\",\"@id\":\"https:\/\/dmcsrb.com\/#\/schema\/person\/5c39170f12db1b8b457732d0b5c854e2\",\"name\":\"dmcsrbija.com@gmail.com\",\"image\":{\"@type\":\"ImageObject\",\"inLanguage\":\"en-GB\",\"@id\":\"https:\/\/dmcsrb.com\/#\/schema\/person\/image\/\",\"url\":\"https:\/\/secure.gravatar.com\/avatar\/68592660ad6347fad0fb587f8d5d8f1a7b44961362f56e4f2cd524feb87e9069?s=96&d=mm&r=g\",\"contentUrl\":\"https:\/\/secure.gravatar.com\/avatar\/68592660ad6347fad0fb587f8d5d8f1a7b44961362f56e4f2cd524feb87e9069?s=96&d=mm&r=g\",\"caption\":\"dmcsrbija.com@gmail.com\"},\"sameAs\":[\"https:\/\/dmcsrb.com\"],\"url\":\"https:\/\/dmcsrb.com\/en\/author\/dmcsrbija-comgmail-com\/\"}]}<\/script>\n<!-- \/ Yoast SEO plugin. -->","yoast_head_json":{"title":"Radulovi\u0107: Popunjavanje upra\u017enjenih mjesta va\u017eno za funkcionalnost pravosu\u0111a - dmcsrb.com","robots":{"index":"index","follow":"follow","max-snippet":"max-snippet:-1","max-image-preview":"max-image-preview:large","max-video-preview":"max-video-preview:-1"},"canonical":"https:\/\/dmcsrb.com\/en\/politika\/radulovic-popunjavanje-upraznjenih-mjesta-vazno-za-funkcionalnost-pravosudja\/","og_locale":"en_GB","og_type":"article","og_title":"Radulovi\u0107: Popunjavanje upra\u017enjenih mjesta va\u017eno za funkcionalnost pravosu\u0111a - dmcsrb.com","og_description":"Popunjavanje upra\u017enjenih mjesta u Tu\u017eila\u010dkom savjetu (TS), Sudskom savjetu i Ustavnom sudu izuzetno je va\u017eno za funkcionalnost crnogorskog pravosu\u0111a, poru\u010dio je advokat Veselin Radulovi\u0107.","og_url":"https:\/\/dmcsrb.com\/en\/politika\/radulovic-popunjavanje-upraznjenih-mjesta-vazno-za-funkcionalnost-pravosudja\/","og_site_name":"dmcsrb.com","article_published_time":"2025-11-15T13:41:00+00:00","og_image":[{"width":1097,"height":540,"url":"https:\/\/dmcsrb.com\/wp-content\/uploads\/2026\/01\/veselin-radulovic.webp","type":"image\/jpeg"}],"author":"dmcsrbija.com@gmail.com","twitter_card":"summary_large_image","twitter_misc":{"Written by":"dmcsrbija.com@gmail.com","Estimated reading time":"4 minutes"},"schema":{"@context":"https:\/\/schema.org","@graph":[{"@type":"Article","@id":"https:\/\/dmcsrb.com\/politika\/radulovic-popunjavanje-upraznjenih-mjesta-vazno-za-funkcionalnost-pravosudja\/#article","isPartOf":{"@id":"https:\/\/dmcsrb.com\/politika\/radulovic-popunjavanje-upraznjenih-mjesta-vazno-za-funkcionalnost-pravosudja\/"},"author":{"name":"dmcsrbija.com@gmail.com","@id":"https:\/\/dmcsrb.com\/#\/schema\/person\/5c39170f12db1b8b457732d0b5c854e2"},"headline":"Radulovi\u0107: Popunjavanje upra\u017enjenih mjesta va\u017eno za funkcionalnost pravosu\u0111a","datePublished":"2025-11-15T13:41:00+00:00","mainEntityOfPage":{"@id":"https:\/\/dmcsrb.com\/politika\/radulovic-popunjavanje-upraznjenih-mjesta-vazno-za-funkcionalnost-pravosudja\/"},"wordCount":736,"commentCount":0,"image":{"@id":"https:\/\/dmcsrb.com\/politika\/radulovic-popunjavanje-upraznjenih-mjesta-vazno-za-funkcionalnost-pravosudja\/#primaryimage"},"thumbnailUrl":"https:\/\/dmcsrb.com\/wp-content\/uploads\/2026\/01\/veselin-radulovic.webp","keywords":["sudovi","Upra\u017enjena mjesta","Veselin Radulovi\u0107"],"articleSection":["Politika"],"inLanguage":"en-GB","potentialAction":[{"@type":"CommentAction","name":"Comment","target":["https:\/\/dmcsrb.com\/politika\/radulovic-popunjavanje-upraznjenih-mjesta-vazno-za-funkcionalnost-pravosudja\/#respond"]}]},{"@type":"WebPage","@id":"https:\/\/dmcsrb.com\/politika\/radulovic-popunjavanje-upraznjenih-mjesta-vazno-za-funkcionalnost-pravosudja\/","url":"https:\/\/dmcsrb.com\/politika\/radulovic-popunjavanje-upraznjenih-mjesta-vazno-za-funkcionalnost-pravosudja\/","name":"Radulovi\u0107: Popunjavanje upra\u017enjenih mjesta va\u017eno za funkcionalnost pravosu\u0111a - dmcsrb.com","isPartOf":{"@id":"https:\/\/dmcsrb.com\/#website"},"primaryImageOfPage":{"@id":"https:\/\/dmcsrb.com\/politika\/radulovic-popunjavanje-upraznjenih-mjesta-vazno-za-funkcionalnost-pravosudja\/#primaryimage"},"image":{"@id":"https:\/\/dmcsrb.com\/politika\/radulovic-popunjavanje-upraznjenih-mjesta-vazno-za-funkcionalnost-pravosudja\/#primaryimage"},"thumbnailUrl":"https:\/\/dmcsrb.com\/wp-content\/uploads\/2026\/01\/veselin-radulovic.webp","datePublished":"2025-11-15T13:41:00+00:00","author":{"@id":"https:\/\/dmcsrb.com\/#\/schema\/person\/5c39170f12db1b8b457732d0b5c854e2"},"breadcrumb":{"@id":"https:\/\/dmcsrb.com\/politika\/radulovic-popunjavanje-upraznjenih-mjesta-vazno-za-funkcionalnost-pravosudja\/#breadcrumb"},"inLanguage":"en-GB","potentialAction":[{"@type":"ReadAction","target":["https:\/\/dmcsrb.com\/politika\/radulovic-popunjavanje-upraznjenih-mjesta-vazno-za-funkcionalnost-pravosudja\/"]}]},{"@type":"ImageObject","inLanguage":"en-GB","@id":"https:\/\/dmcsrb.com\/politika\/radulovic-popunjavanje-upraznjenih-mjesta-vazno-za-funkcionalnost-pravosudja\/#primaryimage","url":"https:\/\/dmcsrb.com\/wp-content\/uploads\/2026\/01\/veselin-radulovic.webp","contentUrl":"https:\/\/dmcsrb.com\/wp-content\/uploads\/2026\/01\/veselin-radulovic.webp","width":1097,"height":540},{"@type":"BreadcrumbList","@id":"https:\/\/dmcsrb.com\/politika\/radulovic-popunjavanje-upraznjenih-mjesta-vazno-za-funkcionalnost-pravosudja\/#breadcrumb","itemListElement":[{"@type":"ListItem","position":1,"name":"Home","item":"https:\/\/dmcsrb.com\/"},{"@type":"ListItem","position":2,"name":"Radulovi\u0107: Popunjavanje upra\u017enjenih mjesta va\u017eno za funkcionalnost pravosu\u0111a"}]},{"@type":"WebSite","@id":"https:\/\/dmcsrb.com\/#website","url":"https:\/\/dmcsrb.com\/","name":"dmcsrb.com","description":"","potentialAction":[{"@type":"SearchAction","target":{"@type":"EntryPoint","urlTemplate":"https:\/\/dmcsrb.com\/?s={search_term_string}"},"query-input":{"@type":"PropertyValueSpecification","valueRequired":true,"valueName":"search_term_string"}}],"inLanguage":"en-GB"},{"@type":"Person","@id":"https:\/\/dmcsrb.com\/#\/schema\/person\/5c39170f12db1b8b457732d0b5c854e2","name":"dmcsrbija.com@gmail.com","image":{"@type":"ImageObject","inLanguage":"en-GB","@id":"https:\/\/dmcsrb.com\/#\/schema\/person\/image\/","url":"https:\/\/secure.gravatar.com\/avatar\/68592660ad6347fad0fb587f8d5d8f1a7b44961362f56e4f2cd524feb87e9069?s=96&d=mm&r=g","contentUrl":"https:\/\/secure.gravatar.com\/avatar\/68592660ad6347fad0fb587f8d5d8f1a7b44961362f56e4f2cd524feb87e9069?s=96&d=mm&r=g","caption":"dmcsrbija.com@gmail.com"},"sameAs":["https:\/\/dmcsrb.com"],"url":"https:\/\/dmcsrb.com\/en\/author\/dmcsrbija-comgmail-com\/"}]}},"_links":{"self":[{"href":"https:\/\/dmcsrb.com\/en\/wp-json\/wp\/v2\/posts\/963767","targetHints":{"allow":["GET"]}}],"collection":[{"href":"https:\/\/dmcsrb.com\/en\/wp-json\/wp\/v2\/posts"}],"about":[{"href":"https:\/\/dmcsrb.com\/en\/wp-json\/wp\/v2\/types\/post"}],"author":[{"embeddable":true,"href":"https:\/\/dmcsrb.com\/en\/wp-json\/wp\/v2\/users\/1"}],"replies":[{"embeddable":true,"href":"https:\/\/dmcsrb.com\/en\/wp-json\/wp\/v2\/comments?post=963767"}],"version-history":[{"count":0,"href":"https:\/\/dmcsrb.com\/en\/wp-json\/wp\/v2\/posts\/963767\/revisions"}],"wp:featuredmedia":[{"embeddable":true,"href":"https:\/\/dmcsrb.com\/en\/wp-json\/wp\/v2\/media\/963768"}],"wp:attachment":[{"href":"https:\/\/dmcsrb.com\/en\/wp-json\/wp\/v2\/media?parent=963767"}],"wp:term":[{"taxonomy":"category","embeddable":true,"href":"https:\/\/dmcsrb.com\/en\/wp-json\/wp\/v2\/categories?post=963767"},{"taxonomy":"post_tag","embeddable":true,"href":"https:\/\/dmcsrb.com\/en\/wp-json\/wp\/v2\/tags?post=963767"},{"taxonomy":"naslovna","embeddable":true,"href":"https:\/\/dmcsrb.com\/en\/wp-json\/wp\/v2\/naslovna?post=963767"}],"curies":[{"name":"wp","href":"https:\/\/api.w.org\/{rel}","templated":true}]}}