{"id":963728,"date":"2025-11-15T07:32:00","date_gmt":"2025-11-15T06:32:00","guid":{"rendered":"https:\/\/dmcsrb.com\/uncategorized\/od-danas-obavezne-zimske-gume\/"},"modified":"2025-11-15T07:32:00","modified_gmt":"2025-11-15T06:32:00","slug":"od-danas-obavezne-zimske-gume","status":"publish","type":"post","link":"https:\/\/dmcsrb.com\/en\/drustvo\/od-danas-obavezne-zimske-gume\/","title":{"rendered":"Od danas obavezne zimske gume"},"content":{"rendered":"<p><\/p>\n\n\n\n<p><\/p>\n\n\n\n<p>Naredba o vremenskom periodu i putu, odnosno dijelovima puta na kojima je obavezna upotreba pneumatika za zimsku upotrebu, va\u017ei\u0107e do 1. aprila 2026.<\/p>\n\n\n\n<p>Zimske gume obavezne su na dionici auto-puta Smokovac\u2013Mate\u0161evo, na putevima Petrovac\u2013Sotoni\u0107i, Lipci\u2013Grahovo\u2013Vilusi, Carev laz \u2013 Cetinje \u2013 Budva, Nik\u0161i\u0107 (petlja 2) \u2013 Vilusi \u2013 Ilino brdo (granica sa BiH), \u0160\u0107epan Polje (granica sa BiH) \u2013 Jasenovo polje \u2013 Nik\u0161i\u0107 \u2013 Danilovgrad, Bio\u010de \u2013 Kola\u0161in \u2013 Ribarevina \u2013 Bijelo Polje (obilaznica) \u2013 Barski most (granica sa Srbijom), Ribarevina\u2013Berane\u2013 Ro\u017eaje\u2013\u0160piljani (granica sa Srbijom).<\/p>\n\n\n\n<p>Pneumatici za zimsku upotrebu obavezni su i na putnim pravcima Ran\u010de \u2013 Trlica \u2013 Pljevlja \u2013 \u0110ur\u0111evi\u0107a Tara \u2013 obilaznica \u017dabljak \u2013 tunel &#8220;Ivica&#8221; \u2013 \u0160avnik \u2013 Kru\u0161evice \u2013 Jasenovo polje, Vilusi \u2013 Petrovi\u0107i \u2013 Deleu\u0161a, Mate\u0161evo \u2013 Bare Kraljske \u2013 Tre\u0161njevik \u2013 Andrijevica, Berane\u2013Andrijevica\u2013Murino\u2013Plav\u2013Gusinje\u2013Grn\u010dar (granica sa Albanijom), Murino\u2013Bjeluha (granica sa Kosovom), Pljevlja\u2013Gradac\u2013\u0160ula i Cetinje\u2013Njegu\u0161i\u2013Trojica.<\/p>\n\n\n\n<p>Zimske gume obavezne su i putu Vladimir \u2013 Ostros \u2013 Virpazar \u2013 Rijeka Crnojevi\u0107a \u2013 Donji Uli\u0107i, \u010cekanje\u2013Resna\u2013\u010cevo\u2013Ri\u0111ani, Vir\u2013Krstac (granica sa BiH), Danilovgrad\u2013\u010cevo, Resna\u2013Grahovo\u2013Nudo (granica sa BiH), Virak\u2013Bukovica\u2013 Tu\u0161ina\u2013\u0160avnik, Mioska \u2013 Dragovi\u0107a Polje \u2013 Semolj \u2013 Krnja jela \u2013 Boan \u2013 Tu\u0161ina, Bio\u010de\u2013Mate\u0161evo\u2013Kola\u0161in, Zeleni most \u2013 Vu\u010da (granica sa Srbijom), Ro\u017eaje\u2013Kula\u2013Stubica (granica sa Kosovom), Slijepa\u010d most \u2013 Trlica, Budimlja\u2013Podvade\u2013Kala\u010de, Petnjica\u2013Podvade\u2013Bio\u010da, Plu\u017eine \u2013 Trsa \u2013 Po\u0161\u0107enski kraj, Metaljka (granica sa BiH) \u2013 Pljevlja, Dajevi\u0107a han \u2013 \u010cemerno, \u0110ur\u0111evi\u0107a Tara \u2013 Mojkovac, Cerovo \u2013 Bogeti\u0107i \u2013 Glava Zete \u2013 Danilovgrad, Bu\u010da\u2013Lubnice, Cetinje \u2013 Ivanova korita \u2013 Me\u0111uvr\u0161je\u2013Krstac, Me\u0111uvr\u0161je\u2013Lov\u0107en, Vrela\u2013Njegovu\u0111a, Bar (Biskupada) \u2013 Sutoman \u2013 Virpazar 3, Bar (tunel \u0106afe) \u2013 Kameni\u010dki most \u2013 Krute.<\/p>\n\n\n\n<p><\/p>","protected":false},"excerpt":{"rendered":"<p>Na 39 putnih pravaca u zemlji (auto-put, magistralni i regionalni putevi) i prilaznim putevima ski-centrima u Kola\u0161inu, \u017dabljaku, Vu\u010dju i Lubnicama, od danas su obavezne zimske gume na vozilima.<\/p>","protected":false},"author":1,"featured_media":947608,"comment_status":"open","ping_status":"open","sticky":false,"template":"","format":"standard","meta":{"_acf_changed":false,"footnotes":""},"categories":[2],"tags":[14508,1099,14509],"naslovna":[],"class_list":["post-963728","post","type-post","status-publish","format-standard","has-post-thumbnail","hentry","category-drustvo","tag-danas","tag-naredba","tag-zimske-gume"],"acf":[],"yoast_head":"<!-- This site is optimized with the Yoast SEO plugin v27.0 - https:\/\/yoast.com\/product\/yoast-seo-wordpress\/ -->\n<title>Od danas obavezne zimske gume - dmcsrb.com<\/title>\n<meta name=\"robots\" content=\"index, follow, max-snippet:-1, max-image-preview:large, max-video-preview:-1\" \/>\n<link rel=\"canonical\" href=\"https:\/\/dmcsrb.com\/en\/drustvo\/od-danas-obavezne-zimske-gume\/\" \/>\n<meta property=\"og:locale\" content=\"en_GB\" \/>\n<meta property=\"og:type\" content=\"article\" \/>\n<meta property=\"og:title\" content=\"Od danas obavezne zimske gume - dmcsrb.com\" \/>\n<meta property=\"og:description\" content=\"Na 39 putnih pravaca u zemlji (auto-put, magistralni i regionalni putevi) i prilaznim putevima ski-centrima u Kola\u0161inu, \u017dabljaku, Vu\u010dju i Lubnicama, od danas su obavezne zimske gume na vozilima.\" \/>\n<meta property=\"og:url\" content=\"https:\/\/dmcsrb.com\/en\/drustvo\/od-danas-obavezne-zimske-gume\/\" \/>\n<meta property=\"og:site_name\" content=\"dmcsrb.com\" \/>\n<meta property=\"article:published_time\" content=\"2025-11-15T06:32:00+00:00\" \/>\n<meta property=\"og:image\" content=\"https:\/\/dmcsrb.com\/wp-content\/uploads\/2026\/01\/kolovoz-kisa.webp\" \/>\n\t<meta property=\"og:image:width\" content=\"700\" \/>\n\t<meta property=\"og:image:height\" content=\"464\" \/>\n\t<meta property=\"og:image:type\" content=\"image\/jpeg\" \/>\n<meta name=\"author\" content=\"dmcsrbija.com@gmail.com\" \/>\n<meta name=\"twitter:card\" content=\"summary_large_image\" \/>\n<meta name=\"twitter:label1\" content=\"Written by\" \/>\n\t<meta name=\"twitter:data1\" content=\"dmcsrbija.com@gmail.com\" \/>\n\t<meta name=\"twitter:label2\" content=\"Estimated reading time\" \/>\n\t<meta name=\"twitter:data2\" content=\"1 minute\" \/>\n<script type=\"application\/ld+json\" class=\"yoast-schema-graph\">{\"@context\":\"https:\/\/schema.org\",\"@graph\":[{\"@type\":\"Article\",\"@id\":\"https:\/\/dmcsrb.com\/drustvo\/od-danas-obavezne-zimske-gume\/#article\",\"isPartOf\":{\"@id\":\"https:\/\/dmcsrb.com\/drustvo\/od-danas-obavezne-zimske-gume\/\"},\"author\":{\"name\":\"dmcsrbija.com@gmail.com\",\"@id\":\"https:\/\/dmcsrb.com\/#\/schema\/person\/5c39170f12db1b8b457732d0b5c854e2\"},\"headline\":\"Od danas obavezne zimske gume\",\"datePublished\":\"2025-11-15T06:32:00+00:00\",\"mainEntityOfPage\":{\"@id\":\"https:\/\/dmcsrb.com\/drustvo\/od-danas-obavezne-zimske-gume\/\"},\"wordCount\":286,\"commentCount\":0,\"image\":{\"@id\":\"https:\/\/dmcsrb.com\/drustvo\/od-danas-obavezne-zimske-gume\/#primaryimage\"},\"thumbnailUrl\":\"https:\/\/dmcsrb.com\/wp-content\/uploads\/2026\/01\/kolovoz-kisa.webp\",\"keywords\":[\"Danas\",\"naredba\",\"zimske gume\"],\"articleSection\":[\"Dru\u0161tvo\"],\"inLanguage\":\"en-GB\",\"potentialAction\":[{\"@type\":\"CommentAction\",\"name\":\"Comment\",\"target\":[\"https:\/\/dmcsrb.com\/drustvo\/od-danas-obavezne-zimske-gume\/#respond\"]}]},{\"@type\":\"WebPage\",\"@id\":\"https:\/\/dmcsrb.com\/drustvo\/od-danas-obavezne-zimske-gume\/\",\"url\":\"https:\/\/dmcsrb.com\/drustvo\/od-danas-obavezne-zimske-gume\/\",\"name\":\"Od danas obavezne zimske gume - dmcsrb.com\",\"isPartOf\":{\"@id\":\"https:\/\/dmcsrb.com\/#website\"},\"primaryImageOfPage\":{\"@id\":\"https:\/\/dmcsrb.com\/drustvo\/od-danas-obavezne-zimske-gume\/#primaryimage\"},\"image\":{\"@id\":\"https:\/\/dmcsrb.com\/drustvo\/od-danas-obavezne-zimske-gume\/#primaryimage\"},\"thumbnailUrl\":\"https:\/\/dmcsrb.com\/wp-content\/uploads\/2026\/01\/kolovoz-kisa.webp\",\"datePublished\":\"2025-11-15T06:32:00+00:00\",\"author\":{\"@id\":\"https:\/\/dmcsrb.com\/#\/schema\/person\/5c39170f12db1b8b457732d0b5c854e2\"},\"breadcrumb\":{\"@id\":\"https:\/\/dmcsrb.com\/drustvo\/od-danas-obavezne-zimske-gume\/#breadcrumb\"},\"inLanguage\":\"en-GB\",\"potentialAction\":[{\"@type\":\"ReadAction\",\"target\":[\"https:\/\/dmcsrb.com\/drustvo\/od-danas-obavezne-zimske-gume\/\"]}]},{\"@type\":\"ImageObject\",\"inLanguage\":\"en-GB\",\"@id\":\"https:\/\/dmcsrb.com\/drustvo\/od-danas-obavezne-zimske-gume\/#primaryimage\",\"url\":\"https:\/\/dmcsrb.com\/wp-content\/uploads\/2026\/01\/kolovoz-kisa.webp\",\"contentUrl\":\"https:\/\/dmcsrb.com\/wp-content\/uploads\/2026\/01\/kolovoz-kisa.webp\",\"width\":700,\"height\":464},{\"@type\":\"BreadcrumbList\",\"@id\":\"https:\/\/dmcsrb.com\/drustvo\/od-danas-obavezne-zimske-gume\/#breadcrumb\",\"itemListElement\":[{\"@type\":\"ListItem\",\"position\":1,\"name\":\"Home\",\"item\":\"https:\/\/dmcsrb.com\/\"},{\"@type\":\"ListItem\",\"position\":2,\"name\":\"Od danas obavezne zimske gume\"}]},{\"@type\":\"WebSite\",\"@id\":\"https:\/\/dmcsrb.com\/#website\",\"url\":\"https:\/\/dmcsrb.com\/\",\"name\":\"dmcsrb.com\",\"description\":\"\",\"potentialAction\":[{\"@type\":\"SearchAction\",\"target\":{\"@type\":\"EntryPoint\",\"urlTemplate\":\"https:\/\/dmcsrb.com\/?s={search_term_string}\"},\"query-input\":{\"@type\":\"PropertyValueSpecification\",\"valueRequired\":true,\"valueName\":\"search_term_string\"}}],\"inLanguage\":\"en-GB\"},{\"@type\":\"Person\",\"@id\":\"https:\/\/dmcsrb.com\/#\/schema\/person\/5c39170f12db1b8b457732d0b5c854e2\",\"name\":\"dmcsrbija.com@gmail.com\",\"image\":{\"@type\":\"ImageObject\",\"inLanguage\":\"en-GB\",\"@id\":\"https:\/\/dmcsrb.com\/#\/schema\/person\/image\/\",\"url\":\"https:\/\/secure.gravatar.com\/avatar\/68592660ad6347fad0fb587f8d5d8f1a7b44961362f56e4f2cd524feb87e9069?s=96&d=mm&r=g\",\"contentUrl\":\"https:\/\/secure.gravatar.com\/avatar\/68592660ad6347fad0fb587f8d5d8f1a7b44961362f56e4f2cd524feb87e9069?s=96&d=mm&r=g\",\"caption\":\"dmcsrbija.com@gmail.com\"},\"sameAs\":[\"https:\/\/dmcsrb.com\"],\"url\":\"https:\/\/dmcsrb.com\/en\/author\/dmcsrbija-comgmail-com\/\"}]}<\/script>\n<!-- \/ Yoast SEO plugin. -->","yoast_head_json":{"title":"Od danas obavezne zimske gume - dmcsrb.com","robots":{"index":"index","follow":"follow","max-snippet":"max-snippet:-1","max-image-preview":"max-image-preview:large","max-video-preview":"max-video-preview:-1"},"canonical":"https:\/\/dmcsrb.com\/en\/drustvo\/od-danas-obavezne-zimske-gume\/","og_locale":"en_GB","og_type":"article","og_title":"Od danas obavezne zimske gume - dmcsrb.com","og_description":"Na 39 putnih pravaca u zemlji (auto-put, magistralni i regionalni putevi) i prilaznim putevima ski-centrima u Kola\u0161inu, \u017dabljaku, Vu\u010dju i Lubnicama, od danas su obavezne zimske gume na vozilima.","og_url":"https:\/\/dmcsrb.com\/en\/drustvo\/od-danas-obavezne-zimske-gume\/","og_site_name":"dmcsrb.com","article_published_time":"2025-11-15T06:32:00+00:00","og_image":[{"width":700,"height":464,"url":"https:\/\/dmcsrb.com\/wp-content\/uploads\/2026\/01\/kolovoz-kisa.webp","type":"image\/jpeg"}],"author":"dmcsrbija.com@gmail.com","twitter_card":"summary_large_image","twitter_misc":{"Written by":"dmcsrbija.com@gmail.com","Estimated reading time":"1 minute"},"schema":{"@context":"https:\/\/schema.org","@graph":[{"@type":"Article","@id":"https:\/\/dmcsrb.com\/drustvo\/od-danas-obavezne-zimske-gume\/#article","isPartOf":{"@id":"https:\/\/dmcsrb.com\/drustvo\/od-danas-obavezne-zimske-gume\/"},"author":{"name":"dmcsrbija.com@gmail.com","@id":"https:\/\/dmcsrb.com\/#\/schema\/person\/5c39170f12db1b8b457732d0b5c854e2"},"headline":"Od danas obavezne zimske gume","datePublished":"2025-11-15T06:32:00+00:00","mainEntityOfPage":{"@id":"https:\/\/dmcsrb.com\/drustvo\/od-danas-obavezne-zimske-gume\/"},"wordCount":286,"commentCount":0,"image":{"@id":"https:\/\/dmcsrb.com\/drustvo\/od-danas-obavezne-zimske-gume\/#primaryimage"},"thumbnailUrl":"https:\/\/dmcsrb.com\/wp-content\/uploads\/2026\/01\/kolovoz-kisa.webp","keywords":["Danas","naredba","zimske gume"],"articleSection":["Dru\u0161tvo"],"inLanguage":"en-GB","potentialAction":[{"@type":"CommentAction","name":"Comment","target":["https:\/\/dmcsrb.com\/drustvo\/od-danas-obavezne-zimske-gume\/#respond"]}]},{"@type":"WebPage","@id":"https:\/\/dmcsrb.com\/drustvo\/od-danas-obavezne-zimske-gume\/","url":"https:\/\/dmcsrb.com\/drustvo\/od-danas-obavezne-zimske-gume\/","name":"Od danas obavezne zimske gume - dmcsrb.com","isPartOf":{"@id":"https:\/\/dmcsrb.com\/#website"},"primaryImageOfPage":{"@id":"https:\/\/dmcsrb.com\/drustvo\/od-danas-obavezne-zimske-gume\/#primaryimage"},"image":{"@id":"https:\/\/dmcsrb.com\/drustvo\/od-danas-obavezne-zimske-gume\/#primaryimage"},"thumbnailUrl":"https:\/\/dmcsrb.com\/wp-content\/uploads\/2026\/01\/kolovoz-kisa.webp","datePublished":"2025-11-15T06:32:00+00:00","author":{"@id":"https:\/\/dmcsrb.com\/#\/schema\/person\/5c39170f12db1b8b457732d0b5c854e2"},"breadcrumb":{"@id":"https:\/\/dmcsrb.com\/drustvo\/od-danas-obavezne-zimske-gume\/#breadcrumb"},"inLanguage":"en-GB","potentialAction":[{"@type":"ReadAction","target":["https:\/\/dmcsrb.com\/drustvo\/od-danas-obavezne-zimske-gume\/"]}]},{"@type":"ImageObject","inLanguage":"en-GB","@id":"https:\/\/dmcsrb.com\/drustvo\/od-danas-obavezne-zimske-gume\/#primaryimage","url":"https:\/\/dmcsrb.com\/wp-content\/uploads\/2026\/01\/kolovoz-kisa.webp","contentUrl":"https:\/\/dmcsrb.com\/wp-content\/uploads\/2026\/01\/kolovoz-kisa.webp","width":700,"height":464},{"@type":"BreadcrumbList","@id":"https:\/\/dmcsrb.com\/drustvo\/od-danas-obavezne-zimske-gume\/#breadcrumb","itemListElement":[{"@type":"ListItem","position":1,"name":"Home","item":"https:\/\/dmcsrb.com\/"},{"@type":"ListItem","position":2,"name":"Od danas obavezne zimske gume"}]},{"@type":"WebSite","@id":"https:\/\/dmcsrb.com\/#website","url":"https:\/\/dmcsrb.com\/","name":"dmcsrb.com","description":"","potentialAction":[{"@type":"SearchAction","target":{"@type":"EntryPoint","urlTemplate":"https:\/\/dmcsrb.com\/?s={search_term_string}"},"query-input":{"@type":"PropertyValueSpecification","valueRequired":true,"valueName":"search_term_string"}}],"inLanguage":"en-GB"},{"@type":"Person","@id":"https:\/\/dmcsrb.com\/#\/schema\/person\/5c39170f12db1b8b457732d0b5c854e2","name":"dmcsrbija.com@gmail.com","image":{"@type":"ImageObject","inLanguage":"en-GB","@id":"https:\/\/dmcsrb.com\/#\/schema\/person\/image\/","url":"https:\/\/secure.gravatar.com\/avatar\/68592660ad6347fad0fb587f8d5d8f1a7b44961362f56e4f2cd524feb87e9069?s=96&d=mm&r=g","contentUrl":"https:\/\/secure.gravatar.com\/avatar\/68592660ad6347fad0fb587f8d5d8f1a7b44961362f56e4f2cd524feb87e9069?s=96&d=mm&r=g","caption":"dmcsrbija.com@gmail.com"},"sameAs":["https:\/\/dmcsrb.com"],"url":"https:\/\/dmcsrb.com\/en\/author\/dmcsrbija-comgmail-com\/"}]}},"_links":{"self":[{"href":"https:\/\/dmcsrb.com\/en\/wp-json\/wp\/v2\/posts\/963728","targetHints":{"allow":["GET"]}}],"collection":[{"href":"https:\/\/dmcsrb.com\/en\/wp-json\/wp\/v2\/posts"}],"about":[{"href":"https:\/\/dmcsrb.com\/en\/wp-json\/wp\/v2\/types\/post"}],"author":[{"embeddable":true,"href":"https:\/\/dmcsrb.com\/en\/wp-json\/wp\/v2\/users\/1"}],"replies":[{"embeddable":true,"href":"https:\/\/dmcsrb.com\/en\/wp-json\/wp\/v2\/comments?post=963728"}],"version-history":[{"count":0,"href":"https:\/\/dmcsrb.com\/en\/wp-json\/wp\/v2\/posts\/963728\/revisions"}],"wp:featuredmedia":[{"embeddable":true,"href":"https:\/\/dmcsrb.com\/en\/wp-json\/wp\/v2\/media\/947608"}],"wp:attachment":[{"href":"https:\/\/dmcsrb.com\/en\/wp-json\/wp\/v2\/media?parent=963728"}],"wp:term":[{"taxonomy":"category","embeddable":true,"href":"https:\/\/dmcsrb.com\/en\/wp-json\/wp\/v2\/categories?post=963728"},{"taxonomy":"post_tag","embeddable":true,"href":"https:\/\/dmcsrb.com\/en\/wp-json\/wp\/v2\/tags?post=963728"},{"taxonomy":"naslovna","embeddable":true,"href":"https:\/\/dmcsrb.com\/en\/wp-json\/wp\/v2\/naslovna?post=963728"}],"curies":[{"name":"wp","href":"https:\/\/api.w.org\/{rel}","templated":true}]}}