{"id":963705,"date":"2025-11-14T19:00:00","date_gmt":"2025-11-14T18:00:00","guid":{"rendered":"https:\/\/dmcsrb.com\/uncategorized\/scekic-o-novoformiranoj-partiji-kongres-na-proljece-uskoro-odbori-u-tri-grada\/"},"modified":"2025-11-14T19:00:00","modified_gmt":"2025-11-14T18:00:00","slug":"scekic-o-novoformiranoj-partiji-kongres-na-proljece-uskoro-odbori-u-tri-grada","status":"publish","type":"post","link":"https:\/\/dmcsrb.com\/en\/politika\/scekic-o-novoformiranoj-partiji-kongres-na-proljece-uskoro-odbori-u-tri-grada\/","title":{"rendered":"\u0160\u0107eki\u0107 o novoformiranoj partiji: Kongres na prolje\u0107e, uskoro odbori u tri grada"},"content":{"rendered":"<p><\/p>\n\n\n\n<p><\/p>\n\n\n\n<p>On je napravio stranku nakon \u0161to je nedavno napustio Socijalisti\u010dku narodnu partiju (SNP), \u010diji je bio potpredsjednik. \u0160\u0107eki\u0107 je bio kandidovan za \u0161efa SNP-a, ali je odustao od nominacije tvrde\u0107i da je kongres \u201cunaprijed re\u017eiran i privatizovan\u201d, te optu\u017euju\u0107i za to novog-starog lidera SNP-a Vladimira Jokovi\u0107a.<\/p>\n\n\n\n<p>\u0160\u0107eki\u0107 je kazao redakciji da \u0107e PNP period do kongresa iskoristiti da razgovara s gra\u0111anima.<\/p>\n\n\n\n<p>\u201cNa\u0161 cilj nije da kongres bude samo formalni \u010din, ve\u0107 rezultat dugotrajnog dijaloga i rada na terenu. Svaki susret s gra\u0111anima bi\u0107e prilika da saslu\u0161amo i razumijemo njihove potrebe. Uvjeren sam da \u0107e upravo ti razgovori oblikovati kona\u010dne programske dokumente i dati snagu na\u0161oj politi\u010dkoj viziji. Kongres \u0107e, dakle, predstavljati krunu jednog narodno zasnovanog procesa, a ne njegov po\u010detak&#8230;\u201d, poru\u010dio je on.<\/p>\n\n\n\n<p>\u0160\u0107eki\u0107 je objasnio da \u0107e PNP do kongresa djelovati kroz privremene organe &#8211; inicijativni odbor, predsjedni\u0161tvo i koordinatore po op\u0161tinama.<\/p>\n\n\n\n<p>\u201cNjihova uloga nije samo organizaciona, ve\u0107 i su\u0161tinska: da prenesu ideje pokreta do svakog gra\u0111anina, da slu\u0161aju ljude i poma\u017eu u rje\u0161avanju problema koji ih mu\u010de. Svi \u010dlanovi privremenih organa birani su po stru\u010dnosti, integritetu i li\u010dnoj posve\u0107enosti. Na\u0161 rad se ne zasniva na partijskim dogovorima, ve\u0107 na povjerenju, znanju i spremnosti da se radi za op\u0161te dobro&#8230;\u201d, dodao je on.<\/p>\n\n\n\n<p>Osniva\u010d PNP-a saop\u0161tio je da ta partija u Beranama, Bijelom Polju, Plavu i Zeti ima po jednog, a u Mojkovcu dva odbornika u lokalnom parlamentu, te da \u0107e u toj sjevernoj op\u0161tini formirati odborni\u010dki klub. Svi ti odbornici pre\u0161li su u PNP iz SNP-a.<\/p>\n\n\n\n<p>\u201cTime smo, u relativno kratkom roku, pokazali da ideja narodne odgovornosti i povjerenja nailazi na razumijevanje \u0161irom Crne Gore\u201d, ocijenio je \u0160\u0107eki\u0107.<\/p>\n\n\n\n<p>Na stranicama \u0160\u0107eki\u0107eve stranke na dru\u0161tvenim mre\u017eama, objavljeno je da su se PNP-u priklju\u010dili nekada\u0161nji odbornici SNP-a u Mojkovcu Nevena Pejovi\u0107 i Vesko Vukovi\u0107, Zeti Lidija Pani\u0107, Bijelom Polju Danilo Palevi\u0107, Plavu Ranko Stijovi\u0107, ali i nekada\u0161nji predsjednik op\u0161tine Berane i odbornik u tamo\u0161njem parlamentu Tihomir Bogavac.<\/p>\n\n\n\n<p>\u0160\u0107eki\u0107 je naveo da inicijativni odbori PNP-a ve\u0107 postoje u ve\u0107ini crnogorskih op\u0161tina.<\/p>\n\n\n\n<p>\u201cU narednih dvadeset dana bi\u0107e formirani op\u0161tinski odbori u Beranama, Herceg Novom i Podgorici, nakon \u010dega slijedi \u0161irenje i na druge gradove. Osnovna ideja nije da samo brojimo odbore, ve\u0107 da u svakoj op\u0161tini stvorimo zajednicu ljudi koji znaju probleme svojih sredina i nude rje\u0161enja&#8230;\u201d, kazao je osniva\u010d PNP-a listu.<\/p>\n\n\n\n<p>Na pitanje ko su sve osniva\u010di te stranke, nije direktno odgovorio, ve\u0107 je izjavio da su to \u201cgra\u0111ani Crne Gore &#8211; po\u0161teni, odgovorni i slobodni ljudi iz svih slojeva dru\u0161tva\u201d.<\/p>\n\n\n\n<p>\u201cMe\u0111u njima su univerzitetski profesori, privrednici, poljoprivrednici, mladi stru\u010dnjaci, ali i oni koji rade na odr\u017eavanju higijene ili su trenutno nezaposleni. Na\u0161 pokret nije elitisti\u010dki projekat, ve\u0107 autenti\u010dna narodna inicijativa \u010diji je cilj da vrati dostojanstvo i povjerenje obi\u010dnog \u010dovjeka u dr\u017eavu i institucije\u201d, konstatovao je.<\/p>\n\n\n\n<p>\u0160\u0107eki\u0107 je rekao da je PNP nastao je iz \u017eelje da se u Crnoj Gori ponovo izgradi \u201csna\u017ean srednji sloj &#8211; sloj \u010destitih, obrazovanih i vrijednih ljudi, koji su nosioci svakog napretka\u201d.<\/p>\n\n\n\n<p>\u201cZato uvijek ponavljamo da je osniva\u010d PNP-a &#8211; narod Crne Gore. Svaki gra\u0111anin koji po\u0161tuje rad, pravdu i zajedni\u0161tvo na\u0161 je prirodni saborac\u201d, poru\u010dio je on.<\/p>","protected":false},"excerpt":{"rendered":"<p>Osniva\u010dki kongres Pokreta narodnog povjerenja (PNP) odr\u017ea\u0107e se u martu ili aprilu sljede\u0107e godine, rekao je \u201cVijestima\u201d osniva\u010d novoformirane partije Dragoslav \u0160\u0107eki\u0107.<\/p>","protected":false},"author":1,"featured_media":912436,"comment_status":"open","ping_status":"open","sticky":false,"template":"","format":"standard","meta":{"_acf_changed":false,"footnotes":""},"categories":[12],"tags":[1079,14500,161],"naslovna":[],"class_list":["post-963705","post","type-post","status-publish","format-standard","has-post-thumbnail","hentry","category-politika","tag-dragoslav-scekic","tag-osnivacki-kongres","tag-pnp"],"acf":[],"yoast_head":"<!-- This site is optimized with the Yoast SEO plugin v27.4 - https:\/\/yoast.com\/product\/yoast-seo-wordpress\/ -->\n<title>\u0160\u0107eki\u0107 o novoformiranoj partiji: Kongres na prolje\u0107e, uskoro odbori u tri grada - dmcsrb.com<\/title>\n<meta name=\"robots\" content=\"index, follow, max-snippet:-1, max-image-preview:large, max-video-preview:-1\" \/>\n<link rel=\"canonical\" href=\"https:\/\/dmcsrb.com\/en\/politika\/scekic-o-novoformiranoj-partiji-kongres-na-proljece-uskoro-odbori-u-tri-grada\/\" \/>\n<meta property=\"og:locale\" content=\"en_GB\" \/>\n<meta property=\"og:type\" content=\"article\" \/>\n<meta property=\"og:title\" content=\"\u0160\u0107eki\u0107 o novoformiranoj partiji: Kongres na prolje\u0107e, uskoro odbori u tri grada - dmcsrb.com\" \/>\n<meta property=\"og:description\" content=\"Osniva\u010dki kongres Pokreta narodnog povjerenja (PNP) odr\u017ea\u0107e se u martu ili aprilu sljede\u0107e godine, rekao je \u201cVijestima\u201d osniva\u010d novoformirane partije Dragoslav \u0160\u0107eki\u0107.\" \/>\n<meta property=\"og:url\" content=\"https:\/\/dmcsrb.com\/en\/politika\/scekic-o-novoformiranoj-partiji-kongres-na-proljece-uskoro-odbori-u-tri-grada\/\" \/>\n<meta property=\"og:site_name\" content=\"dmcsrb.com\" \/>\n<meta property=\"article:published_time\" content=\"2025-11-14T18:00:00+00:00\" \/>\n<meta property=\"og:image\" content=\"https:\/\/dmcsrb.com\/wp-content\/uploads\/2026\/01\/Ministar-Scekic-foto-gradski.jpg\" \/>\n\t<meta property=\"og:image:width\" content=\"1527\" \/>\n\t<meta property=\"og:image:height\" content=\"892\" \/>\n\t<meta property=\"og:image:type\" content=\"image\/jpeg\" \/>\n<meta name=\"author\" content=\"dmcsrbija.com@gmail.com\" \/>\n<meta name=\"twitter:card\" content=\"summary_large_image\" \/>\n<meta name=\"twitter:label1\" content=\"Written by\" \/>\n\t<meta name=\"twitter:data1\" content=\"dmcsrbija.com@gmail.com\" \/>\n\t<meta name=\"twitter:label2\" content=\"Estimated reading time\" \/>\n\t<meta name=\"twitter:data2\" content=\"3 minutes\" \/>\n<script type=\"application\/ld+json\" class=\"yoast-schema-graph\">{\"@context\":\"https:\\\/\\\/schema.org\",\"@graph\":[{\"@type\":\"Article\",\"@id\":\"https:\\\/\\\/dmcsrb.com\\\/politika\\\/scekic-o-novoformiranoj-partiji-kongres-na-proljece-uskoro-odbori-u-tri-grada\\\/#article\",\"isPartOf\":{\"@id\":\"https:\\\/\\\/dmcsrb.com\\\/politika\\\/scekic-o-novoformiranoj-partiji-kongres-na-proljece-uskoro-odbori-u-tri-grada\\\/\"},\"author\":{\"name\":\"dmcsrbija.com@gmail.com\",\"@id\":\"https:\\\/\\\/dmcsrb.com\\\/#\\\/schema\\\/person\\\/5c39170f12db1b8b457732d0b5c854e2\"},\"headline\":\"\u0160\u0107eki\u0107 o novoformiranoj partiji: Kongres na prolje\u0107e, uskoro odbori u tri grada\",\"datePublished\":\"2025-11-14T18:00:00+00:00\",\"mainEntityOfPage\":{\"@id\":\"https:\\\/\\\/dmcsrb.com\\\/politika\\\/scekic-o-novoformiranoj-partiji-kongres-na-proljece-uskoro-odbori-u-tri-grada\\\/\"},\"wordCount\":588,\"commentCount\":0,\"image\":{\"@id\":\"https:\\\/\\\/dmcsrb.com\\\/politika\\\/scekic-o-novoformiranoj-partiji-kongres-na-proljece-uskoro-odbori-u-tri-grada\\\/#primaryimage\"},\"thumbnailUrl\":\"https:\\\/\\\/dmcsrb.com\\\/wp-content\\\/uploads\\\/2026\\\/01\\\/Ministar-Scekic-foto-gradski.jpg\",\"keywords\":[\"Dragoslav \u0160\u0107eki\u0107\",\"osniva\u010dki kongres\",\"PNP\"],\"articleSection\":[\"Politika\"],\"inLanguage\":\"en-GB\",\"potentialAction\":[{\"@type\":\"CommentAction\",\"name\":\"Comment\",\"target\":[\"https:\\\/\\\/dmcsrb.com\\\/politika\\\/scekic-o-novoformiranoj-partiji-kongres-na-proljece-uskoro-odbori-u-tri-grada\\\/#respond\"]}]},{\"@type\":\"WebPage\",\"@id\":\"https:\\\/\\\/dmcsrb.com\\\/politika\\\/scekic-o-novoformiranoj-partiji-kongres-na-proljece-uskoro-odbori-u-tri-grada\\\/\",\"url\":\"https:\\\/\\\/dmcsrb.com\\\/politika\\\/scekic-o-novoformiranoj-partiji-kongres-na-proljece-uskoro-odbori-u-tri-grada\\\/\",\"name\":\"\u0160\u0107eki\u0107 o novoformiranoj partiji: Kongres na prolje\u0107e, uskoro odbori u tri grada - dmcsrb.com\",\"isPartOf\":{\"@id\":\"https:\\\/\\\/dmcsrb.com\\\/#website\"},\"primaryImageOfPage\":{\"@id\":\"https:\\\/\\\/dmcsrb.com\\\/politika\\\/scekic-o-novoformiranoj-partiji-kongres-na-proljece-uskoro-odbori-u-tri-grada\\\/#primaryimage\"},\"image\":{\"@id\":\"https:\\\/\\\/dmcsrb.com\\\/politika\\\/scekic-o-novoformiranoj-partiji-kongres-na-proljece-uskoro-odbori-u-tri-grada\\\/#primaryimage\"},\"thumbnailUrl\":\"https:\\\/\\\/dmcsrb.com\\\/wp-content\\\/uploads\\\/2026\\\/01\\\/Ministar-Scekic-foto-gradski.jpg\",\"datePublished\":\"2025-11-14T18:00:00+00:00\",\"author\":{\"@id\":\"https:\\\/\\\/dmcsrb.com\\\/#\\\/schema\\\/person\\\/5c39170f12db1b8b457732d0b5c854e2\"},\"breadcrumb\":{\"@id\":\"https:\\\/\\\/dmcsrb.com\\\/politika\\\/scekic-o-novoformiranoj-partiji-kongres-na-proljece-uskoro-odbori-u-tri-grada\\\/#breadcrumb\"},\"inLanguage\":\"en-GB\",\"potentialAction\":[{\"@type\":\"ReadAction\",\"target\":[\"https:\\\/\\\/dmcsrb.com\\\/politika\\\/scekic-o-novoformiranoj-partiji-kongres-na-proljece-uskoro-odbori-u-tri-grada\\\/\"]}]},{\"@type\":\"ImageObject\",\"inLanguage\":\"en-GB\",\"@id\":\"https:\\\/\\\/dmcsrb.com\\\/politika\\\/scekic-o-novoformiranoj-partiji-kongres-na-proljece-uskoro-odbori-u-tri-grada\\\/#primaryimage\",\"url\":\"https:\\\/\\\/dmcsrb.com\\\/wp-content\\\/uploads\\\/2026\\\/01\\\/Ministar-Scekic-foto-gradski.jpg\",\"contentUrl\":\"https:\\\/\\\/dmcsrb.com\\\/wp-content\\\/uploads\\\/2026\\\/01\\\/Ministar-Scekic-foto-gradski.jpg\",\"width\":1527,\"height\":892},{\"@type\":\"BreadcrumbList\",\"@id\":\"https:\\\/\\\/dmcsrb.com\\\/politika\\\/scekic-o-novoformiranoj-partiji-kongres-na-proljece-uskoro-odbori-u-tri-grada\\\/#breadcrumb\",\"itemListElement\":[{\"@type\":\"ListItem\",\"position\":1,\"name\":\"Home\",\"item\":\"https:\\\/\\\/dmcsrb.com\\\/\"},{\"@type\":\"ListItem\",\"position\":2,\"name\":\"\u0160\u0107eki\u0107 o novoformiranoj partiji: Kongres na prolje\u0107e, uskoro odbori u tri grada\"}]},{\"@type\":\"WebSite\",\"@id\":\"https:\\\/\\\/dmcsrb.com\\\/#website\",\"url\":\"https:\\\/\\\/dmcsrb.com\\\/\",\"name\":\"dmcsrb.com\",\"description\":\"\",\"potentialAction\":[{\"@type\":\"SearchAction\",\"target\":{\"@type\":\"EntryPoint\",\"urlTemplate\":\"https:\\\/\\\/dmcsrb.com\\\/?s={search_term_string}\"},\"query-input\":{\"@type\":\"PropertyValueSpecification\",\"valueRequired\":true,\"valueName\":\"search_term_string\"}}],\"inLanguage\":\"en-GB\"},{\"@type\":\"Person\",\"@id\":\"https:\\\/\\\/dmcsrb.com\\\/#\\\/schema\\\/person\\\/5c39170f12db1b8b457732d0b5c854e2\",\"name\":\"dmcsrbija.com@gmail.com\",\"image\":{\"@type\":\"ImageObject\",\"inLanguage\":\"en-GB\",\"@id\":\"https:\\\/\\\/secure.gravatar.com\\\/avatar\\\/68592660ad6347fad0fb587f8d5d8f1a7b44961362f56e4f2cd524feb87e9069?s=96&d=mm&r=g\",\"url\":\"https:\\\/\\\/secure.gravatar.com\\\/avatar\\\/68592660ad6347fad0fb587f8d5d8f1a7b44961362f56e4f2cd524feb87e9069?s=96&d=mm&r=g\",\"contentUrl\":\"https:\\\/\\\/secure.gravatar.com\\\/avatar\\\/68592660ad6347fad0fb587f8d5d8f1a7b44961362f56e4f2cd524feb87e9069?s=96&d=mm&r=g\",\"caption\":\"dmcsrbija.com@gmail.com\"},\"sameAs\":[\"https:\\\/\\\/dmcsrb.com\"],\"url\":\"https:\\\/\\\/dmcsrb.com\\\/en\\\/author\\\/dmcsrbija-comgmail-com\\\/\"}]}<\/script>\n<!-- \/ Yoast SEO plugin. -->","yoast_head_json":{"title":"\u0160\u0107eki\u0107 o novoformiranoj partiji: Kongres na prolje\u0107e, uskoro odbori u tri grada - dmcsrb.com","robots":{"index":"index","follow":"follow","max-snippet":"max-snippet:-1","max-image-preview":"max-image-preview:large","max-video-preview":"max-video-preview:-1"},"canonical":"https:\/\/dmcsrb.com\/en\/politika\/scekic-o-novoformiranoj-partiji-kongres-na-proljece-uskoro-odbori-u-tri-grada\/","og_locale":"en_GB","og_type":"article","og_title":"\u0160\u0107eki\u0107 o novoformiranoj partiji: Kongres na prolje\u0107e, uskoro odbori u tri grada - dmcsrb.com","og_description":"Osniva\u010dki kongres Pokreta narodnog povjerenja (PNP) odr\u017ea\u0107e se u martu ili aprilu sljede\u0107e godine, rekao je \u201cVijestima\u201d osniva\u010d novoformirane partije Dragoslav \u0160\u0107eki\u0107.","og_url":"https:\/\/dmcsrb.com\/en\/politika\/scekic-o-novoformiranoj-partiji-kongres-na-proljece-uskoro-odbori-u-tri-grada\/","og_site_name":"dmcsrb.com","article_published_time":"2025-11-14T18:00:00+00:00","og_image":[{"width":1527,"height":892,"url":"https:\/\/dmcsrb.com\/wp-content\/uploads\/2026\/01\/Ministar-Scekic-foto-gradski.jpg","type":"image\/jpeg"}],"author":"dmcsrbija.com@gmail.com","twitter_card":"summary_large_image","twitter_misc":{"Written by":"dmcsrbija.com@gmail.com","Estimated reading time":"3 minutes"},"schema":{"@context":"https:\/\/schema.org","@graph":[{"@type":"Article","@id":"https:\/\/dmcsrb.com\/politika\/scekic-o-novoformiranoj-partiji-kongres-na-proljece-uskoro-odbori-u-tri-grada\/#article","isPartOf":{"@id":"https:\/\/dmcsrb.com\/politika\/scekic-o-novoformiranoj-partiji-kongres-na-proljece-uskoro-odbori-u-tri-grada\/"},"author":{"name":"dmcsrbija.com@gmail.com","@id":"https:\/\/dmcsrb.com\/#\/schema\/person\/5c39170f12db1b8b457732d0b5c854e2"},"headline":"\u0160\u0107eki\u0107 o novoformiranoj partiji: Kongres na prolje\u0107e, uskoro odbori u tri grada","datePublished":"2025-11-14T18:00:00+00:00","mainEntityOfPage":{"@id":"https:\/\/dmcsrb.com\/politika\/scekic-o-novoformiranoj-partiji-kongres-na-proljece-uskoro-odbori-u-tri-grada\/"},"wordCount":588,"commentCount":0,"image":{"@id":"https:\/\/dmcsrb.com\/politika\/scekic-o-novoformiranoj-partiji-kongres-na-proljece-uskoro-odbori-u-tri-grada\/#primaryimage"},"thumbnailUrl":"https:\/\/dmcsrb.com\/wp-content\/uploads\/2026\/01\/Ministar-Scekic-foto-gradski.jpg","keywords":["Dragoslav \u0160\u0107eki\u0107","osniva\u010dki kongres","PNP"],"articleSection":["Politika"],"inLanguage":"en-GB","potentialAction":[{"@type":"CommentAction","name":"Comment","target":["https:\/\/dmcsrb.com\/politika\/scekic-o-novoformiranoj-partiji-kongres-na-proljece-uskoro-odbori-u-tri-grada\/#respond"]}]},{"@type":"WebPage","@id":"https:\/\/dmcsrb.com\/politika\/scekic-o-novoformiranoj-partiji-kongres-na-proljece-uskoro-odbori-u-tri-grada\/","url":"https:\/\/dmcsrb.com\/politika\/scekic-o-novoformiranoj-partiji-kongres-na-proljece-uskoro-odbori-u-tri-grada\/","name":"\u0160\u0107eki\u0107 o novoformiranoj partiji: Kongres na prolje\u0107e, uskoro odbori u tri grada - dmcsrb.com","isPartOf":{"@id":"https:\/\/dmcsrb.com\/#website"},"primaryImageOfPage":{"@id":"https:\/\/dmcsrb.com\/politika\/scekic-o-novoformiranoj-partiji-kongres-na-proljece-uskoro-odbori-u-tri-grada\/#primaryimage"},"image":{"@id":"https:\/\/dmcsrb.com\/politika\/scekic-o-novoformiranoj-partiji-kongres-na-proljece-uskoro-odbori-u-tri-grada\/#primaryimage"},"thumbnailUrl":"https:\/\/dmcsrb.com\/wp-content\/uploads\/2026\/01\/Ministar-Scekic-foto-gradski.jpg","datePublished":"2025-11-14T18:00:00+00:00","author":{"@id":"https:\/\/dmcsrb.com\/#\/schema\/person\/5c39170f12db1b8b457732d0b5c854e2"},"breadcrumb":{"@id":"https:\/\/dmcsrb.com\/politika\/scekic-o-novoformiranoj-partiji-kongres-na-proljece-uskoro-odbori-u-tri-grada\/#breadcrumb"},"inLanguage":"en-GB","potentialAction":[{"@type":"ReadAction","target":["https:\/\/dmcsrb.com\/politika\/scekic-o-novoformiranoj-partiji-kongres-na-proljece-uskoro-odbori-u-tri-grada\/"]}]},{"@type":"ImageObject","inLanguage":"en-GB","@id":"https:\/\/dmcsrb.com\/politika\/scekic-o-novoformiranoj-partiji-kongres-na-proljece-uskoro-odbori-u-tri-grada\/#primaryimage","url":"https:\/\/dmcsrb.com\/wp-content\/uploads\/2026\/01\/Ministar-Scekic-foto-gradski.jpg","contentUrl":"https:\/\/dmcsrb.com\/wp-content\/uploads\/2026\/01\/Ministar-Scekic-foto-gradski.jpg","width":1527,"height":892},{"@type":"BreadcrumbList","@id":"https:\/\/dmcsrb.com\/politika\/scekic-o-novoformiranoj-partiji-kongres-na-proljece-uskoro-odbori-u-tri-grada\/#breadcrumb","itemListElement":[{"@type":"ListItem","position":1,"name":"Home","item":"https:\/\/dmcsrb.com\/"},{"@type":"ListItem","position":2,"name":"\u0160\u0107eki\u0107 o novoformiranoj partiji: Kongres na prolje\u0107e, uskoro odbori u tri grada"}]},{"@type":"WebSite","@id":"https:\/\/dmcsrb.com\/#website","url":"https:\/\/dmcsrb.com\/","name":"dmcsrb.com","description":"","potentialAction":[{"@type":"SearchAction","target":{"@type":"EntryPoint","urlTemplate":"https:\/\/dmcsrb.com\/?s={search_term_string}"},"query-input":{"@type":"PropertyValueSpecification","valueRequired":true,"valueName":"search_term_string"}}],"inLanguage":"en-GB"},{"@type":"Person","@id":"https:\/\/dmcsrb.com\/#\/schema\/person\/5c39170f12db1b8b457732d0b5c854e2","name":"dmcsrbija.com@gmail.com","image":{"@type":"ImageObject","inLanguage":"en-GB","@id":"https:\/\/secure.gravatar.com\/avatar\/68592660ad6347fad0fb587f8d5d8f1a7b44961362f56e4f2cd524feb87e9069?s=96&d=mm&r=g","url":"https:\/\/secure.gravatar.com\/avatar\/68592660ad6347fad0fb587f8d5d8f1a7b44961362f56e4f2cd524feb87e9069?s=96&d=mm&r=g","contentUrl":"https:\/\/secure.gravatar.com\/avatar\/68592660ad6347fad0fb587f8d5d8f1a7b44961362f56e4f2cd524feb87e9069?s=96&d=mm&r=g","caption":"dmcsrbija.com@gmail.com"},"sameAs":["https:\/\/dmcsrb.com"],"url":"https:\/\/dmcsrb.com\/en\/author\/dmcsrbija-comgmail-com\/"}]}},"_links":{"self":[{"href":"https:\/\/dmcsrb.com\/en\/wp-json\/wp\/v2\/posts\/963705","targetHints":{"allow":["GET"]}}],"collection":[{"href":"https:\/\/dmcsrb.com\/en\/wp-json\/wp\/v2\/posts"}],"about":[{"href":"https:\/\/dmcsrb.com\/en\/wp-json\/wp\/v2\/types\/post"}],"author":[{"embeddable":true,"href":"https:\/\/dmcsrb.com\/en\/wp-json\/wp\/v2\/users\/1"}],"replies":[{"embeddable":true,"href":"https:\/\/dmcsrb.com\/en\/wp-json\/wp\/v2\/comments?post=963705"}],"version-history":[{"count":0,"href":"https:\/\/dmcsrb.com\/en\/wp-json\/wp\/v2\/posts\/963705\/revisions"}],"wp:featuredmedia":[{"embeddable":true,"href":"https:\/\/dmcsrb.com\/en\/wp-json\/wp\/v2\/media\/912436"}],"wp:attachment":[{"href":"https:\/\/dmcsrb.com\/en\/wp-json\/wp\/v2\/media?parent=963705"}],"wp:term":[{"taxonomy":"category","embeddable":true,"href":"https:\/\/dmcsrb.com\/en\/wp-json\/wp\/v2\/categories?post=963705"},{"taxonomy":"post_tag","embeddable":true,"href":"https:\/\/dmcsrb.com\/en\/wp-json\/wp\/v2\/tags?post=963705"},{"taxonomy":"naslovna","embeddable":true,"href":"https:\/\/dmcsrb.com\/en\/wp-json\/wp\/v2\/naslovna?post=963705"}],"curies":[{"name":"wp","href":"https:\/\/api.w.org\/{rel}","templated":true}]}}