{"id":963701,"date":"2025-11-14T18:35:00","date_gmt":"2025-11-14T17:35:00","guid":{"rendered":"https:\/\/dmcsrb.com\/uncategorized\/lekovic-da-se-procesuiraju-svi-odgovorni-napadaci-i-podstrekaci-na-krsta-radovica\/"},"modified":"2025-11-14T18:35:00","modified_gmt":"2025-11-14T17:35:00","slug":"lekovic-da-se-procesuiraju-svi-odgovorni-napadaci-i-podstrekaci-na-krsta-radovica","status":"publish","type":"post","link":"https:\/\/dmcsrb.com\/en\/politika\/lekovic-da-se-procesuiraju-svi-odgovorni-napadaci-i-podstrekaci-na-krsta-radovica\/","title":{"rendered":"Lekovi\u0107: Da se procesuiraju svi odgovorni napada\u010di i podstreka\u010di na Krsta Radovi\u0107a"},"content":{"rendered":"<p><\/p>\n\n\n\n<p><\/p>\n\n\n\n<p><\/p>\n\n\n\n<p>Lekovi\u0107 je dodao da tra\u017ee da se ponovo otvori ovaj slu\u010daj i da se procesuiraju svi odgovorni napada\u010di i podstreka\u010di na Krsta Radovi\u0107a.<\/p>\n\n\n\n<p>&#8220;Mora da se kona\u010dno ka\u017ee i otkrije ko je koga dr\u017eao pod kontrolom dok su kriminalci vodili operacije po Nik\u0161i\u0107u, dok su se dokazi sklanjali, a \u017ertve maltretirale. Sve \u0161to danas izlazi na vidjelo nije novo za nas. Znali smo da su kriminalci za\u0161ti\u0107eni i da ih institucije \u0161tite. Institucije koje su okretale glavu i pu\u0161tale kriminalne strukture da komanduju dr\u017eavom kao svojom privatnom pr\u0107ijom&#8221;, stoji u saop\u0161tenju Lekovi\u0107a.<\/p>\n\n\n\n<p>Institucije u slu\u010daju Krsta Radovi\u0107a 2021. godine, kako se navodi, nijesu samo zakazale, one su izdale.<\/p>\n\n\n\n<p>&#8220;Izdale su \u017ertve. Izdale su gra\u0111ane. Izdale su samu ideju pravde. Dok su naoru\u017eani kriminalci, pod za\u0161titom svojih veza u policiji, napadali na\u0161e ljude, prolazili punktove kao VIP gosti i dobijali instrukcije kako da se sakriju dokazi, niko nije reagovao. Ali su zato sa druge strane institucije u to vrijeme imale dovoljno snage da procesuiraju i kazne tog istog Krsta Radovi\u0107a. Na kraju je \u017ertva ispala krivac. A kriminalci su ostali za\u0161ti\u0107eni. Ako postoji definicija institucionalnog sunovrata za jednu zemlju onda su institucije koje je biv\u0161i re\u017eim stvarao, oblikovao i njegovao najbolja definicija tog sunovrata. I upravo je re\u010denica: \u201eMakni sve iz ku\u0107e\u2026 i reci da ih nisi napao i da nisi imao oru\u017eje\u2026 Reci da su te napali na imanje, da ti skinu zastavu crnogorsku\u201c najogoljeniji dokaz kako je tada funkcionisao sistem i kako je i zastava Crne Gore bila zloupotrijebljena kao sredstvo manipulacije&#8221;, stoji u saop\u0161tenju.<\/p>\n\n\n\n<p>To nije, navodi se, bila zastava u rukama patriota.<\/p>\n\n\n\n<p>&#8220;To je bila zastava pretvorena u alibi, unaprijed pripremljena la\u017e, unaprijed dogovorena konstrukcija. Bila je instrument za prikrivanje napada, pranje kriminala i prebacivanje krivice na nedu\u017ene. Zastavom su poku\u0161ali da naprave dimnu zavjesu, da od kriminalnih radnji naprave \u201eodbranu dr\u017eave\u201c. Da od nasilnika naprave \u201ebranitelje\u201c, a od \u017ertava \u201eizdajnike\u201c. To je najve\u0107e svetogr\u0111e, zloupotrijebiti dr\u017eavni simbol da prikrije\u0161 sopstveno nedjelo&#8221;, stoji u saop\u0161tenju Lekovi\u0107a.<\/p>\n\n\n\n<p>Umjesto da predstavlja \u010dast i dostojanstvo dr\u017eave, dodaje on, zastava je u rukama re\u017eimskih struktura postajala paravan, rekvizit za monta\u017eu i parodiju pravde.<\/p>\n\n\n\n<p>&#8220;I zato danas jasno ka\u017eemo da zastavu nisu branili ve\u0107 su se zastavom \u0161titili od istine&#8221;, navodi se u saop\u0161tenju Lekovi\u0107a.<\/p>","protected":false},"excerpt":{"rendered":"<p>Decenijama je u Crnoj Gori policijom upravljao kriminal, a tu\u017eila\u0161tvo \u0107utalo da ga ne naljuti. Svaki napad na Demokrate bio je unaprijed opravdan, a svaka istina unaprijed potisnuta. Zato danas jasno i glasno tra\u017eimo da se nadle\u017ene institucije oglase i da objasne svoje \u0107utanje 2021. godine kada je u Nik\u0161i\u0107u napadnut funkcioner Demokrata Krsto Radovi\u0107, saop\u0161tio je poslanik Demokrata Mom\u010dilo Lekovi\u0107.<\/p>","protected":false},"author":1,"featured_media":954116,"comment_status":"open","ping_status":"open","sticky":false,"template":"","format":"standard","meta":{"_acf_changed":false,"footnotes":""},"categories":[12],"tags":[14446,997,3141],"naslovna":[],"class_list":["post-963701","post","type-post","status-publish","format-standard","has-post-thumbnail","hentry","category-politika","tag-krsto-radovic","tag-momcilo-lekovic","tag-napad"],"acf":[],"yoast_head":"<!-- This site is optimized with the Yoast SEO plugin v27.4 - https:\/\/yoast.com\/product\/yoast-seo-wordpress\/ -->\n<title>Lekovi\u0107: Da se procesuiraju svi odgovorni napada\u010di i podstreka\u010di na Krsta Radovi\u0107a - dmcsrb.com<\/title>\n<meta name=\"robots\" content=\"index, follow, max-snippet:-1, max-image-preview:large, max-video-preview:-1\" \/>\n<link rel=\"canonical\" href=\"https:\/\/dmcsrb.com\/en\/politika\/lekovic-da-se-procesuiraju-svi-odgovorni-napadaci-i-podstrekaci-na-krsta-radovica\/\" \/>\n<meta property=\"og:locale\" content=\"en_GB\" \/>\n<meta property=\"og:type\" content=\"article\" \/>\n<meta property=\"og:title\" content=\"Lekovi\u0107: Da se procesuiraju svi odgovorni napada\u010di i podstreka\u010di na Krsta Radovi\u0107a - dmcsrb.com\" \/>\n<meta property=\"og:description\" content=\"Decenijama je u Crnoj Gori policijom upravljao kriminal, a tu\u017eila\u0161tvo \u0107utalo da ga ne naljuti. Svaki napad na Demokrate bio je unaprijed opravdan, a svaka istina unaprijed potisnuta. Zato danas jasno i glasno tra\u017eimo da se nadle\u017ene institucije oglase i da objasne svoje \u0107utanje 2021. godine kada je u Nik\u0161i\u0107u napadnut funkcioner Demokrata Krsto Radovi\u0107, saop\u0161tio je poslanik Demokrata Mom\u010dilo Lekovi\u0107.\" \/>\n<meta property=\"og:url\" content=\"https:\/\/dmcsrb.com\/en\/politika\/lekovic-da-se-procesuiraju-svi-odgovorni-napadaci-i-podstrekaci-na-krsta-radovica\/\" \/>\n<meta property=\"og:site_name\" content=\"dmcsrb.com\" \/>\n<meta property=\"article:published_time\" content=\"2025-11-14T17:35:00+00:00\" \/>\n<meta property=\"og:image\" content=\"https:\/\/dmcsrb.com\/wp-content\/uploads\/2026\/01\/Momcilo-Lekovic-foto-Demokrate.webp\" \/>\n\t<meta property=\"og:image:width\" content=\"1024\" \/>\n\t<meta property=\"og:image:height\" content=\"684\" \/>\n\t<meta property=\"og:image:type\" content=\"image\/jpeg\" \/>\n<meta name=\"author\" content=\"dmcsrbija.com@gmail.com\" \/>\n<meta name=\"twitter:card\" content=\"summary_large_image\" \/>\n<meta name=\"twitter:label1\" content=\"Written by\" \/>\n\t<meta name=\"twitter:data1\" content=\"dmcsrbija.com@gmail.com\" \/>\n\t<meta name=\"twitter:label2\" content=\"Estimated reading time\" \/>\n\t<meta name=\"twitter:data2\" content=\"2 minutes\" \/>\n<script type=\"application\/ld+json\" class=\"yoast-schema-graph\">{\"@context\":\"https:\\\/\\\/schema.org\",\"@graph\":[{\"@type\":\"Article\",\"@id\":\"https:\\\/\\\/dmcsrb.com\\\/en\\\/politika\\\/lekovic-da-se-procesuiraju-svi-odgovorni-napadaci-i-podstrekaci-na-krsta-radovica\\\/#article\",\"isPartOf\":{\"@id\":\"https:\\\/\\\/dmcsrb.com\\\/en\\\/politika\\\/lekovic-da-se-procesuiraju-svi-odgovorni-napadaci-i-podstrekaci-na-krsta-radovica\\\/\"},\"author\":{\"name\":\"dmcsrbija.com@gmail.com\",\"@id\":\"https:\\\/\\\/dmcsrb.com\\\/#\\\/schema\\\/person\\\/5c39170f12db1b8b457732d0b5c854e2\"},\"headline\":\"Lekovi\u0107: Da se procesuiraju svi odgovorni napada\u010di i podstreka\u010di na Krsta Radovi\u0107a\",\"datePublished\":\"2025-11-14T17:35:00+00:00\",\"mainEntityOfPage\":{\"@id\":\"https:\\\/\\\/dmcsrb.com\\\/en\\\/politika\\\/lekovic-da-se-procesuiraju-svi-odgovorni-napadaci-i-podstrekaci-na-krsta-radovica\\\/\"},\"wordCount\":433,\"commentCount\":0,\"image\":{\"@id\":\"https:\\\/\\\/dmcsrb.com\\\/en\\\/politika\\\/lekovic-da-se-procesuiraju-svi-odgovorni-napadaci-i-podstrekaci-na-krsta-radovica\\\/#primaryimage\"},\"thumbnailUrl\":\"https:\\\/\\\/dmcsrb.com\\\/wp-content\\\/uploads\\\/2026\\\/01\\\/Momcilo-Lekovic-foto-Demokrate.webp\",\"keywords\":[\"krsto radovi\u0107\",\"Mom\u010dilo Lekovi\u0107\",\"napad\"],\"articleSection\":[\"Politika\"],\"inLanguage\":\"en-GB\",\"potentialAction\":[{\"@type\":\"CommentAction\",\"name\":\"Comment\",\"target\":[\"https:\\\/\\\/dmcsrb.com\\\/en\\\/politika\\\/lekovic-da-se-procesuiraju-svi-odgovorni-napadaci-i-podstrekaci-na-krsta-radovica\\\/#respond\"]}]},{\"@type\":\"WebPage\",\"@id\":\"https:\\\/\\\/dmcsrb.com\\\/en\\\/politika\\\/lekovic-da-se-procesuiraju-svi-odgovorni-napadaci-i-podstrekaci-na-krsta-radovica\\\/\",\"url\":\"https:\\\/\\\/dmcsrb.com\\\/en\\\/politika\\\/lekovic-da-se-procesuiraju-svi-odgovorni-napadaci-i-podstrekaci-na-krsta-radovica\\\/\",\"name\":\"Lekovi\u0107: Da se procesuiraju svi odgovorni napada\u010di i podstreka\u010di na Krsta Radovi\u0107a - dmcsrb.com\",\"isPartOf\":{\"@id\":\"https:\\\/\\\/dmcsrb.com\\\/#website\"},\"primaryImageOfPage\":{\"@id\":\"https:\\\/\\\/dmcsrb.com\\\/en\\\/politika\\\/lekovic-da-se-procesuiraju-svi-odgovorni-napadaci-i-podstrekaci-na-krsta-radovica\\\/#primaryimage\"},\"image\":{\"@id\":\"https:\\\/\\\/dmcsrb.com\\\/en\\\/politika\\\/lekovic-da-se-procesuiraju-svi-odgovorni-napadaci-i-podstrekaci-na-krsta-radovica\\\/#primaryimage\"},\"thumbnailUrl\":\"https:\\\/\\\/dmcsrb.com\\\/wp-content\\\/uploads\\\/2026\\\/01\\\/Momcilo-Lekovic-foto-Demokrate.webp\",\"datePublished\":\"2025-11-14T17:35:00+00:00\",\"author\":{\"@id\":\"https:\\\/\\\/dmcsrb.com\\\/#\\\/schema\\\/person\\\/5c39170f12db1b8b457732d0b5c854e2\"},\"breadcrumb\":{\"@id\":\"https:\\\/\\\/dmcsrb.com\\\/en\\\/politika\\\/lekovic-da-se-procesuiraju-svi-odgovorni-napadaci-i-podstrekaci-na-krsta-radovica\\\/#breadcrumb\"},\"inLanguage\":\"en-GB\",\"potentialAction\":[{\"@type\":\"ReadAction\",\"target\":[\"https:\\\/\\\/dmcsrb.com\\\/en\\\/politika\\\/lekovic-da-se-procesuiraju-svi-odgovorni-napadaci-i-podstrekaci-na-krsta-radovica\\\/\"]}]},{\"@type\":\"ImageObject\",\"inLanguage\":\"en-GB\",\"@id\":\"https:\\\/\\\/dmcsrb.com\\\/en\\\/politika\\\/lekovic-da-se-procesuiraju-svi-odgovorni-napadaci-i-podstrekaci-na-krsta-radovica\\\/#primaryimage\",\"url\":\"https:\\\/\\\/dmcsrb.com\\\/wp-content\\\/uploads\\\/2026\\\/01\\\/Momcilo-Lekovic-foto-Demokrate.webp\",\"contentUrl\":\"https:\\\/\\\/dmcsrb.com\\\/wp-content\\\/uploads\\\/2026\\\/01\\\/Momcilo-Lekovic-foto-Demokrate.webp\",\"width\":1024,\"height\":684},{\"@type\":\"BreadcrumbList\",\"@id\":\"https:\\\/\\\/dmcsrb.com\\\/en\\\/politika\\\/lekovic-da-se-procesuiraju-svi-odgovorni-napadaci-i-podstrekaci-na-krsta-radovica\\\/#breadcrumb\",\"itemListElement\":[{\"@type\":\"ListItem\",\"position\":1,\"name\":\"Home\",\"item\":\"https:\\\/\\\/dmcsrb.com\\\/\"},{\"@type\":\"ListItem\",\"position\":2,\"name\":\"Lekovi\u0107: Da se procesuiraju svi odgovorni napada\u010di i podstreka\u010di na Krsta Radovi\u0107a\"}]},{\"@type\":\"WebSite\",\"@id\":\"https:\\\/\\\/dmcsrb.com\\\/#website\",\"url\":\"https:\\\/\\\/dmcsrb.com\\\/\",\"name\":\"dmcsrb.com\",\"description\":\"\",\"potentialAction\":[{\"@type\":\"SearchAction\",\"target\":{\"@type\":\"EntryPoint\",\"urlTemplate\":\"https:\\\/\\\/dmcsrb.com\\\/?s={search_term_string}\"},\"query-input\":{\"@type\":\"PropertyValueSpecification\",\"valueRequired\":true,\"valueName\":\"search_term_string\"}}],\"inLanguage\":\"en-GB\"},{\"@type\":\"Person\",\"@id\":\"https:\\\/\\\/dmcsrb.com\\\/#\\\/schema\\\/person\\\/5c39170f12db1b8b457732d0b5c854e2\",\"name\":\"dmcsrbija.com@gmail.com\",\"image\":{\"@type\":\"ImageObject\",\"inLanguage\":\"en-GB\",\"@id\":\"https:\\\/\\\/secure.gravatar.com\\\/avatar\\\/68592660ad6347fad0fb587f8d5d8f1a7b44961362f56e4f2cd524feb87e9069?s=96&d=mm&r=g\",\"url\":\"https:\\\/\\\/secure.gravatar.com\\\/avatar\\\/68592660ad6347fad0fb587f8d5d8f1a7b44961362f56e4f2cd524feb87e9069?s=96&d=mm&r=g\",\"contentUrl\":\"https:\\\/\\\/secure.gravatar.com\\\/avatar\\\/68592660ad6347fad0fb587f8d5d8f1a7b44961362f56e4f2cd524feb87e9069?s=96&d=mm&r=g\",\"caption\":\"dmcsrbija.com@gmail.com\"},\"sameAs\":[\"https:\\\/\\\/dmcsrb.com\"],\"url\":\"https:\\\/\\\/dmcsrb.com\\\/en\\\/author\\\/dmcsrbija-comgmail-com\\\/\"}]}<\/script>\n<!-- \/ Yoast SEO plugin. -->","yoast_head_json":{"title":"Lekovi\u0107: Da se procesuiraju svi odgovorni napada\u010di i podstreka\u010di na Krsta Radovi\u0107a - dmcsrb.com","robots":{"index":"index","follow":"follow","max-snippet":"max-snippet:-1","max-image-preview":"max-image-preview:large","max-video-preview":"max-video-preview:-1"},"canonical":"https:\/\/dmcsrb.com\/en\/politika\/lekovic-da-se-procesuiraju-svi-odgovorni-napadaci-i-podstrekaci-na-krsta-radovica\/","og_locale":"en_GB","og_type":"article","og_title":"Lekovi\u0107: Da se procesuiraju svi odgovorni napada\u010di i podstreka\u010di na Krsta Radovi\u0107a - dmcsrb.com","og_description":"Decenijama je u Crnoj Gori policijom upravljao kriminal, a tu\u017eila\u0161tvo \u0107utalo da ga ne naljuti. Svaki napad na Demokrate bio je unaprijed opravdan, a svaka istina unaprijed potisnuta. Zato danas jasno i glasno tra\u017eimo da se nadle\u017ene institucije oglase i da objasne svoje \u0107utanje 2021. godine kada je u Nik\u0161i\u0107u napadnut funkcioner Demokrata Krsto Radovi\u0107, saop\u0161tio je poslanik Demokrata Mom\u010dilo Lekovi\u0107.","og_url":"https:\/\/dmcsrb.com\/en\/politika\/lekovic-da-se-procesuiraju-svi-odgovorni-napadaci-i-podstrekaci-na-krsta-radovica\/","og_site_name":"dmcsrb.com","article_published_time":"2025-11-14T17:35:00+00:00","og_image":[{"width":1024,"height":684,"url":"https:\/\/dmcsrb.com\/wp-content\/uploads\/2026\/01\/Momcilo-Lekovic-foto-Demokrate.webp","type":"image\/jpeg"}],"author":"dmcsrbija.com@gmail.com","twitter_card":"summary_large_image","twitter_misc":{"Written by":"dmcsrbija.com@gmail.com","Estimated reading time":"2 minutes"},"schema":{"@context":"https:\/\/schema.org","@graph":[{"@type":"Article","@id":"https:\/\/dmcsrb.com\/en\/politika\/lekovic-da-se-procesuiraju-svi-odgovorni-napadaci-i-podstrekaci-na-krsta-radovica\/#article","isPartOf":{"@id":"https:\/\/dmcsrb.com\/en\/politika\/lekovic-da-se-procesuiraju-svi-odgovorni-napadaci-i-podstrekaci-na-krsta-radovica\/"},"author":{"name":"dmcsrbija.com@gmail.com","@id":"https:\/\/dmcsrb.com\/#\/schema\/person\/5c39170f12db1b8b457732d0b5c854e2"},"headline":"Lekovi\u0107: Da se procesuiraju svi odgovorni napada\u010di i podstreka\u010di na Krsta Radovi\u0107a","datePublished":"2025-11-14T17:35:00+00:00","mainEntityOfPage":{"@id":"https:\/\/dmcsrb.com\/en\/politika\/lekovic-da-se-procesuiraju-svi-odgovorni-napadaci-i-podstrekaci-na-krsta-radovica\/"},"wordCount":433,"commentCount":0,"image":{"@id":"https:\/\/dmcsrb.com\/en\/politika\/lekovic-da-se-procesuiraju-svi-odgovorni-napadaci-i-podstrekaci-na-krsta-radovica\/#primaryimage"},"thumbnailUrl":"https:\/\/dmcsrb.com\/wp-content\/uploads\/2026\/01\/Momcilo-Lekovic-foto-Demokrate.webp","keywords":["krsto radovi\u0107","Mom\u010dilo Lekovi\u0107","napad"],"articleSection":["Politika"],"inLanguage":"en-GB","potentialAction":[{"@type":"CommentAction","name":"Comment","target":["https:\/\/dmcsrb.com\/en\/politika\/lekovic-da-se-procesuiraju-svi-odgovorni-napadaci-i-podstrekaci-na-krsta-radovica\/#respond"]}]},{"@type":"WebPage","@id":"https:\/\/dmcsrb.com\/en\/politika\/lekovic-da-se-procesuiraju-svi-odgovorni-napadaci-i-podstrekaci-na-krsta-radovica\/","url":"https:\/\/dmcsrb.com\/en\/politika\/lekovic-da-se-procesuiraju-svi-odgovorni-napadaci-i-podstrekaci-na-krsta-radovica\/","name":"Lekovi\u0107: Da se procesuiraju svi odgovorni napada\u010di i podstreka\u010di na Krsta Radovi\u0107a - dmcsrb.com","isPartOf":{"@id":"https:\/\/dmcsrb.com\/#website"},"primaryImageOfPage":{"@id":"https:\/\/dmcsrb.com\/en\/politika\/lekovic-da-se-procesuiraju-svi-odgovorni-napadaci-i-podstrekaci-na-krsta-radovica\/#primaryimage"},"image":{"@id":"https:\/\/dmcsrb.com\/en\/politika\/lekovic-da-se-procesuiraju-svi-odgovorni-napadaci-i-podstrekaci-na-krsta-radovica\/#primaryimage"},"thumbnailUrl":"https:\/\/dmcsrb.com\/wp-content\/uploads\/2026\/01\/Momcilo-Lekovic-foto-Demokrate.webp","datePublished":"2025-11-14T17:35:00+00:00","author":{"@id":"https:\/\/dmcsrb.com\/#\/schema\/person\/5c39170f12db1b8b457732d0b5c854e2"},"breadcrumb":{"@id":"https:\/\/dmcsrb.com\/en\/politika\/lekovic-da-se-procesuiraju-svi-odgovorni-napadaci-i-podstrekaci-na-krsta-radovica\/#breadcrumb"},"inLanguage":"en-GB","potentialAction":[{"@type":"ReadAction","target":["https:\/\/dmcsrb.com\/en\/politika\/lekovic-da-se-procesuiraju-svi-odgovorni-napadaci-i-podstrekaci-na-krsta-radovica\/"]}]},{"@type":"ImageObject","inLanguage":"en-GB","@id":"https:\/\/dmcsrb.com\/en\/politika\/lekovic-da-se-procesuiraju-svi-odgovorni-napadaci-i-podstrekaci-na-krsta-radovica\/#primaryimage","url":"https:\/\/dmcsrb.com\/wp-content\/uploads\/2026\/01\/Momcilo-Lekovic-foto-Demokrate.webp","contentUrl":"https:\/\/dmcsrb.com\/wp-content\/uploads\/2026\/01\/Momcilo-Lekovic-foto-Demokrate.webp","width":1024,"height":684},{"@type":"BreadcrumbList","@id":"https:\/\/dmcsrb.com\/en\/politika\/lekovic-da-se-procesuiraju-svi-odgovorni-napadaci-i-podstrekaci-na-krsta-radovica\/#breadcrumb","itemListElement":[{"@type":"ListItem","position":1,"name":"Home","item":"https:\/\/dmcsrb.com\/"},{"@type":"ListItem","position":2,"name":"Lekovi\u0107: Da se procesuiraju svi odgovorni napada\u010di i podstreka\u010di na Krsta Radovi\u0107a"}]},{"@type":"WebSite","@id":"https:\/\/dmcsrb.com\/#website","url":"https:\/\/dmcsrb.com\/","name":"dmcsrb.com","description":"","potentialAction":[{"@type":"SearchAction","target":{"@type":"EntryPoint","urlTemplate":"https:\/\/dmcsrb.com\/?s={search_term_string}"},"query-input":{"@type":"PropertyValueSpecification","valueRequired":true,"valueName":"search_term_string"}}],"inLanguage":"en-GB"},{"@type":"Person","@id":"https:\/\/dmcsrb.com\/#\/schema\/person\/5c39170f12db1b8b457732d0b5c854e2","name":"dmcsrbija.com@gmail.com","image":{"@type":"ImageObject","inLanguage":"en-GB","@id":"https:\/\/secure.gravatar.com\/avatar\/68592660ad6347fad0fb587f8d5d8f1a7b44961362f56e4f2cd524feb87e9069?s=96&d=mm&r=g","url":"https:\/\/secure.gravatar.com\/avatar\/68592660ad6347fad0fb587f8d5d8f1a7b44961362f56e4f2cd524feb87e9069?s=96&d=mm&r=g","contentUrl":"https:\/\/secure.gravatar.com\/avatar\/68592660ad6347fad0fb587f8d5d8f1a7b44961362f56e4f2cd524feb87e9069?s=96&d=mm&r=g","caption":"dmcsrbija.com@gmail.com"},"sameAs":["https:\/\/dmcsrb.com"],"url":"https:\/\/dmcsrb.com\/en\/author\/dmcsrbija-comgmail-com\/"}]}},"_links":{"self":[{"href":"https:\/\/dmcsrb.com\/en\/wp-json\/wp\/v2\/posts\/963701","targetHints":{"allow":["GET"]}}],"collection":[{"href":"https:\/\/dmcsrb.com\/en\/wp-json\/wp\/v2\/posts"}],"about":[{"href":"https:\/\/dmcsrb.com\/en\/wp-json\/wp\/v2\/types\/post"}],"author":[{"embeddable":true,"href":"https:\/\/dmcsrb.com\/en\/wp-json\/wp\/v2\/users\/1"}],"replies":[{"embeddable":true,"href":"https:\/\/dmcsrb.com\/en\/wp-json\/wp\/v2\/comments?post=963701"}],"version-history":[{"count":0,"href":"https:\/\/dmcsrb.com\/en\/wp-json\/wp\/v2\/posts\/963701\/revisions"}],"wp:featuredmedia":[{"embeddable":true,"href":"https:\/\/dmcsrb.com\/en\/wp-json\/wp\/v2\/media\/954116"}],"wp:attachment":[{"href":"https:\/\/dmcsrb.com\/en\/wp-json\/wp\/v2\/media?parent=963701"}],"wp:term":[{"taxonomy":"category","embeddable":true,"href":"https:\/\/dmcsrb.com\/en\/wp-json\/wp\/v2\/categories?post=963701"},{"taxonomy":"post_tag","embeddable":true,"href":"https:\/\/dmcsrb.com\/en\/wp-json\/wp\/v2\/tags?post=963701"},{"taxonomy":"naslovna","embeddable":true,"href":"https:\/\/dmcsrb.com\/en\/wp-json\/wp\/v2\/naslovna?post=963701"}],"curies":[{"name":"wp","href":"https:\/\/api.w.org\/{rel}","templated":true}]}}