{"id":963692,"date":"2025-11-14T17:06:00","date_gmt":"2025-11-14T16:06:00","guid":{"rendered":"https:\/\/dmcsrb.com\/uncategorized\/botunjani-postavili-satore-i-poceli-protest-protiv-izgradnje-postrojenja-nece-ga-raditi-tamo-gdje-su-planirali\/"},"modified":"2025-11-14T17:06:00","modified_gmt":"2025-11-14T16:06:00","slug":"botunjani-postavili-satore-i-poceli-protest-protiv-izgradnje-postrojenja-nece-ga-raditi-tamo-gdje-su-planirali","status":"publish","type":"post","link":"https:\/\/dmcsrb.com\/en\/drustvo\/botunjani-postavili-satore-i-poceli-protest-protiv-izgradnje-postrojenja-nece-ga-raditi-tamo-gdje-su-planirali\/","title":{"rendered":"Botunjani postavili \u0161atore i po\u010deli protest protiv izgradnje postrojenja: &#8221;Ne\u0107e ga raditi tamo gdje su planirali&#8221;"},"content":{"rendered":"<p><\/p>\n\n\n\n<p>\u201cJutros smo u 10 sati ovaj \u0161ator. Pozivamo ministra prostornog planiranja, urbanizma i dr\u017eavne imovine<strong> Slavena Radunovi\u0107a <\/strong>koji dobro zna \u0111e je Botun i dobro je znao kad su mu trebali glasovi i on i <strong>Andrija Mandi\u0107<\/strong>. Kad treba u vezi ovoga niko ne podr\u017eava Botun. Ova lokacija gdje su oni planirali tu ga raditi ne\u0107e\u201d, naveo je mje\u0161tanin <strong>Milan Rai\u010dkovi\u0107<\/strong>.<\/p>\n\n\n\n<p>Rai\u010dkovi\u0107 je poru\u010dio da je granica kada se vidi tabla Botuna.<\/p>\n\n\n\n<p>\u201cMi smo ovdje na stra\u017ei dok bude izja\u0161njavanje naroda. Mo\u017eda \u0107e narod re\u0107i da se pravi kolektor. Kad referendum odlu\u010di nikakav problem nije &#8211; mi \u0107emo se ma\u0107i, ako bude ve\u0107ina naroda da se pravi\u201d, kazao je mje\u0161tanin <strong>Boris \u0106etkovi<\/strong>\u0107.<\/p>\n\n\n\n<p>Kako je naglasio, ako referendum bude na njihovoj strani to je kraj.<a href=\"https:\/\/www.facebook.com\/sharer\/sharer.php?u=https:\/\/www.portalanalitika.me\/clanak\/botunjani-postavili-satore-i-poceli-protest-mi-smo-ovdje-na-strazi-dok-bude-izjasnjavanje-naroda&amp;display=popup\" target=\"_blank\" rel=\"noreferrer noopener\"><\/a><a href=\"https:\/\/twitter.com\/intent\/tweet?tw_p=tweetbutton&amp;url=https:\/\/www.portalanalitika.me\/clanak\/botunjani-postavili-satore-i-poceli-protest-mi-smo-ovdje-na-strazi-dok-bude-izjasnjavanje-naroda&amp;via=PortalAnalitika\" target=\"_blank\" rel=\"noreferrer noopener\"><\/a><a href=\"https:\/\/www.linkedin.com\/shareArticle?mini=true&amp;url=https:\/\/www.portalanalitika.me\/clanak\/botunjani-postavili-satore-i-poceli-protest-mi-smo-ovdje-na-strazi-dok-bude-izjasnjavanje-naroda\" target=\"_blank\" rel=\"noreferrer noopener\"><\/a><a href=\"https:\/\/api.whatsapp.com\/send\/?text=https:\/\/www.portalanalitika.me\/clanak\/botunjani-postavili-satore-i-poceli-protest-mi-smo-ovdje-na-strazi-dok-bude-izjasnjavanje-naroda&amp;type=custom_url\" target=\"_blank\" rel=\"noreferrer noopener\"><\/a><a href=\"viber:\/\/forward?text=https%3A%2F%2Fwww.portalanalitika.me%2Fclanak%2Fbotunjani-postavili-satore-i-poceli-protest-mi-smo-ovdje-na-strazi-dok-bude-izjasnjavanje-naroda\" target=\"_blank\" rel=\"noreferrer noopener\"><\/a><a href=\"mailto:?body=https:\/\/www.portalanalitika.me\/clanak\/botunjani-postavili-satore-i-poceli-protest-mi-smo-ovdje-na-strazi-dok-bude-izjasnjavanje-naroda&amp;subject=Botunjani%20postavili%20%C5%A1atore%20i%20po%C4%8Deli%20protest%20protiv%20izgradnje%20postrojenja:%20%22Ne%C4%87e%20ga%20raditi%20tamo%20gdje%20su%20planirali%22\" target=\"_blank\" rel=\"noreferrer noopener\"><\/a><a target=\"_blank\" rel=\"noreferrer noopener\"><\/a><\/p>","protected":false},"excerpt":{"rendered":"<p>Mje\u0161tani Botuna postavili su danas \u0161atore u znak protesta povodom najavljene gradnje postrojenja za pre\u010di\u0161\u0107avanje otpadnih voda na ovoj teritoriji, i saop\u0161tili da je ako referendum bude na njihovoj strani to kraj.<\/p>","protected":false},"author":1,"featured_media":963693,"comment_status":"open","ping_status":"open","sticky":false,"template":"","format":"standard","meta":{"_acf_changed":false,"footnotes":""},"categories":[2],"tags":[548,14486,14487],"naslovna":[],"class_list":["post-963692","post","type-post","status-publish","format-standard","has-post-thumbnail","hentry","category-drustvo","tag-botunjani","tag-postavljeni-satori","tag-protest-protiv-izgradnje-postrojenja"],"acf":[],"yoast_head":"<!-- This site is optimized with the Yoast SEO plugin v27.4 - https:\/\/yoast.com\/product\/yoast-seo-wordpress\/ -->\n<title>Botunjani postavili \u0161atore i po\u010deli protest protiv izgradnje postrojenja: &#039;&#039;Ne\u0107e ga raditi tamo gdje su planirali&#039;&#039; - dmcsrb.com<\/title>\n<meta name=\"robots\" content=\"index, follow, max-snippet:-1, max-image-preview:large, max-video-preview:-1\" \/>\n<link rel=\"canonical\" href=\"https:\/\/dmcsrb.com\/en\/drustvo\/botunjani-postavili-satore-i-poceli-protest-protiv-izgradnje-postrojenja-nece-ga-raditi-tamo-gdje-su-planirali\/\" \/>\n<meta property=\"og:locale\" content=\"en_GB\" \/>\n<meta property=\"og:type\" content=\"article\" \/>\n<meta property=\"og:title\" content=\"Botunjani postavili \u0161atore i po\u010deli protest protiv izgradnje postrojenja: &#039;&#039;Ne\u0107e ga raditi tamo gdje su planirali&#039;&#039; - dmcsrb.com\" \/>\n<meta property=\"og:description\" content=\"Mje\u0161tani Botuna postavili su danas \u0161atore u znak protesta povodom najavljene gradnje postrojenja za pre\u010di\u0161\u0107avanje otpadnih voda na ovoj teritoriji, i saop\u0161tili da je ako referendum bude na njihovoj strani to kraj.\" \/>\n<meta property=\"og:url\" content=\"https:\/\/dmcsrb.com\/en\/drustvo\/botunjani-postavili-satore-i-poceli-protest-protiv-izgradnje-postrojenja-nece-ga-raditi-tamo-gdje-su-planirali\/\" \/>\n<meta property=\"og:site_name\" content=\"dmcsrb.com\" \/>\n<meta property=\"article:published_time\" content=\"2025-11-14T16:06:00+00:00\" \/>\n<meta property=\"og:image\" content=\"https:\/\/dmcsrb.com\/wp-content\/uploads\/2026\/01\/17631391444hwzfjotobyf95vw-i_1118x745.webp\" \/>\n\t<meta property=\"og:image:width\" content=\"1118\" \/>\n\t<meta property=\"og:image:height\" content=\"745\" \/>\n\t<meta property=\"og:image:type\" content=\"image\/png\" \/>\n<meta name=\"author\" content=\"dmcsrbija.com@gmail.com\" \/>\n<meta name=\"twitter:card\" content=\"summary_large_image\" \/>\n<meta name=\"twitter:label1\" content=\"Written by\" \/>\n\t<meta name=\"twitter:data1\" content=\"dmcsrbija.com@gmail.com\" \/>\n\t<meta name=\"twitter:label2\" content=\"Estimated reading time\" \/>\n\t<meta name=\"twitter:data2\" content=\"1 minute\" \/>\n<script type=\"application\/ld+json\" class=\"yoast-schema-graph\">{\"@context\":\"https:\\\/\\\/schema.org\",\"@graph\":[{\"@type\":\"Article\",\"@id\":\"https:\\\/\\\/dmcsrb.com\\\/drustvo\\\/botunjani-postavili-satore-i-poceli-protest-protiv-izgradnje-postrojenja-nece-ga-raditi-tamo-gdje-su-planirali\\\/#article\",\"isPartOf\":{\"@id\":\"https:\\\/\\\/dmcsrb.com\\\/drustvo\\\/botunjani-postavili-satore-i-poceli-protest-protiv-izgradnje-postrojenja-nece-ga-raditi-tamo-gdje-su-planirali\\\/\"},\"author\":{\"name\":\"dmcsrbija.com@gmail.com\",\"@id\":\"https:\\\/\\\/dmcsrb.com\\\/#\\\/schema\\\/person\\\/5c39170f12db1b8b457732d0b5c854e2\"},\"headline\":\"Botunjani postavili \u0161atore i po\u010deli protest protiv izgradnje postrojenja: &#8221;Ne\u0107e ga raditi tamo gdje su planirali&#8221;\",\"datePublished\":\"2025-11-14T16:06:00+00:00\",\"mainEntityOfPage\":{\"@id\":\"https:\\\/\\\/dmcsrb.com\\\/drustvo\\\/botunjani-postavili-satore-i-poceli-protest-protiv-izgradnje-postrojenja-nece-ga-raditi-tamo-gdje-su-planirali\\\/\"},\"wordCount\":157,\"commentCount\":0,\"image\":{\"@id\":\"https:\\\/\\\/dmcsrb.com\\\/drustvo\\\/botunjani-postavili-satore-i-poceli-protest-protiv-izgradnje-postrojenja-nece-ga-raditi-tamo-gdje-su-planirali\\\/#primaryimage\"},\"thumbnailUrl\":\"https:\\\/\\\/dmcsrb.com\\\/wp-content\\\/uploads\\\/2026\\\/01\\\/17631391444hwzfjotobyf95vw-i_1118x745.webp\",\"keywords\":[\"Botunjani\",\"Postavljeni \u0161atori\",\"Protest protiv izgradnje postrojenja\"],\"articleSection\":[\"Dru\u0161tvo\"],\"inLanguage\":\"en-GB\",\"potentialAction\":[{\"@type\":\"CommentAction\",\"name\":\"Comment\",\"target\":[\"https:\\\/\\\/dmcsrb.com\\\/drustvo\\\/botunjani-postavili-satore-i-poceli-protest-protiv-izgradnje-postrojenja-nece-ga-raditi-tamo-gdje-su-planirali\\\/#respond\"]}]},{\"@type\":\"WebPage\",\"@id\":\"https:\\\/\\\/dmcsrb.com\\\/drustvo\\\/botunjani-postavili-satore-i-poceli-protest-protiv-izgradnje-postrojenja-nece-ga-raditi-tamo-gdje-su-planirali\\\/\",\"url\":\"https:\\\/\\\/dmcsrb.com\\\/drustvo\\\/botunjani-postavili-satore-i-poceli-protest-protiv-izgradnje-postrojenja-nece-ga-raditi-tamo-gdje-su-planirali\\\/\",\"name\":\"Botunjani postavili \u0161atore i po\u010deli protest protiv izgradnje postrojenja: ''Ne\u0107e ga raditi tamo gdje su planirali'' - dmcsrb.com\",\"isPartOf\":{\"@id\":\"https:\\\/\\\/dmcsrb.com\\\/#website\"},\"primaryImageOfPage\":{\"@id\":\"https:\\\/\\\/dmcsrb.com\\\/drustvo\\\/botunjani-postavili-satore-i-poceli-protest-protiv-izgradnje-postrojenja-nece-ga-raditi-tamo-gdje-su-planirali\\\/#primaryimage\"},\"image\":{\"@id\":\"https:\\\/\\\/dmcsrb.com\\\/drustvo\\\/botunjani-postavili-satore-i-poceli-protest-protiv-izgradnje-postrojenja-nece-ga-raditi-tamo-gdje-su-planirali\\\/#primaryimage\"},\"thumbnailUrl\":\"https:\\\/\\\/dmcsrb.com\\\/wp-content\\\/uploads\\\/2026\\\/01\\\/17631391444hwzfjotobyf95vw-i_1118x745.webp\",\"datePublished\":\"2025-11-14T16:06:00+00:00\",\"author\":{\"@id\":\"https:\\\/\\\/dmcsrb.com\\\/#\\\/schema\\\/person\\\/5c39170f12db1b8b457732d0b5c854e2\"},\"breadcrumb\":{\"@id\":\"https:\\\/\\\/dmcsrb.com\\\/drustvo\\\/botunjani-postavili-satore-i-poceli-protest-protiv-izgradnje-postrojenja-nece-ga-raditi-tamo-gdje-su-planirali\\\/#breadcrumb\"},\"inLanguage\":\"en-GB\",\"potentialAction\":[{\"@type\":\"ReadAction\",\"target\":[\"https:\\\/\\\/dmcsrb.com\\\/drustvo\\\/botunjani-postavili-satore-i-poceli-protest-protiv-izgradnje-postrojenja-nece-ga-raditi-tamo-gdje-su-planirali\\\/\"]}]},{\"@type\":\"ImageObject\",\"inLanguage\":\"en-GB\",\"@id\":\"https:\\\/\\\/dmcsrb.com\\\/drustvo\\\/botunjani-postavili-satore-i-poceli-protest-protiv-izgradnje-postrojenja-nece-ga-raditi-tamo-gdje-su-planirali\\\/#primaryimage\",\"url\":\"https:\\\/\\\/dmcsrb.com\\\/wp-content\\\/uploads\\\/2026\\\/01\\\/17631391444hwzfjotobyf95vw-i_1118x745.webp\",\"contentUrl\":\"https:\\\/\\\/dmcsrb.com\\\/wp-content\\\/uploads\\\/2026\\\/01\\\/17631391444hwzfjotobyf95vw-i_1118x745.webp\",\"width\":1118,\"height\":745},{\"@type\":\"BreadcrumbList\",\"@id\":\"https:\\\/\\\/dmcsrb.com\\\/drustvo\\\/botunjani-postavili-satore-i-poceli-protest-protiv-izgradnje-postrojenja-nece-ga-raditi-tamo-gdje-su-planirali\\\/#breadcrumb\",\"itemListElement\":[{\"@type\":\"ListItem\",\"position\":1,\"name\":\"Home\",\"item\":\"https:\\\/\\\/dmcsrb.com\\\/\"},{\"@type\":\"ListItem\",\"position\":2,\"name\":\"Botunjani postavili \u0161atore i po\u010deli protest protiv izgradnje postrojenja: &#8221;Ne\u0107e ga raditi tamo gdje su planirali&#8221;\"}]},{\"@type\":\"WebSite\",\"@id\":\"https:\\\/\\\/dmcsrb.com\\\/#website\",\"url\":\"https:\\\/\\\/dmcsrb.com\\\/\",\"name\":\"dmcsrb.com\",\"description\":\"\",\"potentialAction\":[{\"@type\":\"SearchAction\",\"target\":{\"@type\":\"EntryPoint\",\"urlTemplate\":\"https:\\\/\\\/dmcsrb.com\\\/?s={search_term_string}\"},\"query-input\":{\"@type\":\"PropertyValueSpecification\",\"valueRequired\":true,\"valueName\":\"search_term_string\"}}],\"inLanguage\":\"en-GB\"},{\"@type\":\"Person\",\"@id\":\"https:\\\/\\\/dmcsrb.com\\\/#\\\/schema\\\/person\\\/5c39170f12db1b8b457732d0b5c854e2\",\"name\":\"dmcsrbija.com@gmail.com\",\"image\":{\"@type\":\"ImageObject\",\"inLanguage\":\"en-GB\",\"@id\":\"https:\\\/\\\/secure.gravatar.com\\\/avatar\\\/68592660ad6347fad0fb587f8d5d8f1a7b44961362f56e4f2cd524feb87e9069?s=96&d=mm&r=g\",\"url\":\"https:\\\/\\\/secure.gravatar.com\\\/avatar\\\/68592660ad6347fad0fb587f8d5d8f1a7b44961362f56e4f2cd524feb87e9069?s=96&d=mm&r=g\",\"contentUrl\":\"https:\\\/\\\/secure.gravatar.com\\\/avatar\\\/68592660ad6347fad0fb587f8d5d8f1a7b44961362f56e4f2cd524feb87e9069?s=96&d=mm&r=g\",\"caption\":\"dmcsrbija.com@gmail.com\"},\"sameAs\":[\"https:\\\/\\\/dmcsrb.com\"],\"url\":\"https:\\\/\\\/dmcsrb.com\\\/en\\\/author\\\/dmcsrbija-comgmail-com\\\/\"}]}<\/script>\n<!-- \/ Yoast SEO plugin. -->","yoast_head_json":{"title":"Botunjani postavili \u0161atore i po\u010deli protest protiv izgradnje postrojenja: ''Ne\u0107e ga raditi tamo gdje su planirali'' - dmcsrb.com","robots":{"index":"index","follow":"follow","max-snippet":"max-snippet:-1","max-image-preview":"max-image-preview:large","max-video-preview":"max-video-preview:-1"},"canonical":"https:\/\/dmcsrb.com\/en\/drustvo\/botunjani-postavili-satore-i-poceli-protest-protiv-izgradnje-postrojenja-nece-ga-raditi-tamo-gdje-su-planirali\/","og_locale":"en_GB","og_type":"article","og_title":"Botunjani postavili \u0161atore i po\u010deli protest protiv izgradnje postrojenja: ''Ne\u0107e ga raditi tamo gdje su planirali'' - dmcsrb.com","og_description":"Mje\u0161tani Botuna postavili su danas \u0161atore u znak protesta povodom najavljene gradnje postrojenja za pre\u010di\u0161\u0107avanje otpadnih voda na ovoj teritoriji, i saop\u0161tili da je ako referendum bude na njihovoj strani to kraj.","og_url":"https:\/\/dmcsrb.com\/en\/drustvo\/botunjani-postavili-satore-i-poceli-protest-protiv-izgradnje-postrojenja-nece-ga-raditi-tamo-gdje-su-planirali\/","og_site_name":"dmcsrb.com","article_published_time":"2025-11-14T16:06:00+00:00","og_image":[{"width":1118,"height":745,"url":"https:\/\/dmcsrb.com\/wp-content\/uploads\/2026\/01\/17631391444hwzfjotobyf95vw-i_1118x745.webp","type":"image\/png"}],"author":"dmcsrbija.com@gmail.com","twitter_card":"summary_large_image","twitter_misc":{"Written by":"dmcsrbija.com@gmail.com","Estimated reading time":"1 minute"},"schema":{"@context":"https:\/\/schema.org","@graph":[{"@type":"Article","@id":"https:\/\/dmcsrb.com\/drustvo\/botunjani-postavili-satore-i-poceli-protest-protiv-izgradnje-postrojenja-nece-ga-raditi-tamo-gdje-su-planirali\/#article","isPartOf":{"@id":"https:\/\/dmcsrb.com\/drustvo\/botunjani-postavili-satore-i-poceli-protest-protiv-izgradnje-postrojenja-nece-ga-raditi-tamo-gdje-su-planirali\/"},"author":{"name":"dmcsrbija.com@gmail.com","@id":"https:\/\/dmcsrb.com\/#\/schema\/person\/5c39170f12db1b8b457732d0b5c854e2"},"headline":"Botunjani postavili \u0161atore i po\u010deli protest protiv izgradnje postrojenja: &#8221;Ne\u0107e ga raditi tamo gdje su planirali&#8221;","datePublished":"2025-11-14T16:06:00+00:00","mainEntityOfPage":{"@id":"https:\/\/dmcsrb.com\/drustvo\/botunjani-postavili-satore-i-poceli-protest-protiv-izgradnje-postrojenja-nece-ga-raditi-tamo-gdje-su-planirali\/"},"wordCount":157,"commentCount":0,"image":{"@id":"https:\/\/dmcsrb.com\/drustvo\/botunjani-postavili-satore-i-poceli-protest-protiv-izgradnje-postrojenja-nece-ga-raditi-tamo-gdje-su-planirali\/#primaryimage"},"thumbnailUrl":"https:\/\/dmcsrb.com\/wp-content\/uploads\/2026\/01\/17631391444hwzfjotobyf95vw-i_1118x745.webp","keywords":["Botunjani","Postavljeni \u0161atori","Protest protiv izgradnje postrojenja"],"articleSection":["Dru\u0161tvo"],"inLanguage":"en-GB","potentialAction":[{"@type":"CommentAction","name":"Comment","target":["https:\/\/dmcsrb.com\/drustvo\/botunjani-postavili-satore-i-poceli-protest-protiv-izgradnje-postrojenja-nece-ga-raditi-tamo-gdje-su-planirali\/#respond"]}]},{"@type":"WebPage","@id":"https:\/\/dmcsrb.com\/drustvo\/botunjani-postavili-satore-i-poceli-protest-protiv-izgradnje-postrojenja-nece-ga-raditi-tamo-gdje-su-planirali\/","url":"https:\/\/dmcsrb.com\/drustvo\/botunjani-postavili-satore-i-poceli-protest-protiv-izgradnje-postrojenja-nece-ga-raditi-tamo-gdje-su-planirali\/","name":"Botunjani postavili \u0161atore i po\u010deli protest protiv izgradnje postrojenja: ''Ne\u0107e ga raditi tamo gdje su planirali'' - dmcsrb.com","isPartOf":{"@id":"https:\/\/dmcsrb.com\/#website"},"primaryImageOfPage":{"@id":"https:\/\/dmcsrb.com\/drustvo\/botunjani-postavili-satore-i-poceli-protest-protiv-izgradnje-postrojenja-nece-ga-raditi-tamo-gdje-su-planirali\/#primaryimage"},"image":{"@id":"https:\/\/dmcsrb.com\/drustvo\/botunjani-postavili-satore-i-poceli-protest-protiv-izgradnje-postrojenja-nece-ga-raditi-tamo-gdje-su-planirali\/#primaryimage"},"thumbnailUrl":"https:\/\/dmcsrb.com\/wp-content\/uploads\/2026\/01\/17631391444hwzfjotobyf95vw-i_1118x745.webp","datePublished":"2025-11-14T16:06:00+00:00","author":{"@id":"https:\/\/dmcsrb.com\/#\/schema\/person\/5c39170f12db1b8b457732d0b5c854e2"},"breadcrumb":{"@id":"https:\/\/dmcsrb.com\/drustvo\/botunjani-postavili-satore-i-poceli-protest-protiv-izgradnje-postrojenja-nece-ga-raditi-tamo-gdje-su-planirali\/#breadcrumb"},"inLanguage":"en-GB","potentialAction":[{"@type":"ReadAction","target":["https:\/\/dmcsrb.com\/drustvo\/botunjani-postavili-satore-i-poceli-protest-protiv-izgradnje-postrojenja-nece-ga-raditi-tamo-gdje-su-planirali\/"]}]},{"@type":"ImageObject","inLanguage":"en-GB","@id":"https:\/\/dmcsrb.com\/drustvo\/botunjani-postavili-satore-i-poceli-protest-protiv-izgradnje-postrojenja-nece-ga-raditi-tamo-gdje-su-planirali\/#primaryimage","url":"https:\/\/dmcsrb.com\/wp-content\/uploads\/2026\/01\/17631391444hwzfjotobyf95vw-i_1118x745.webp","contentUrl":"https:\/\/dmcsrb.com\/wp-content\/uploads\/2026\/01\/17631391444hwzfjotobyf95vw-i_1118x745.webp","width":1118,"height":745},{"@type":"BreadcrumbList","@id":"https:\/\/dmcsrb.com\/drustvo\/botunjani-postavili-satore-i-poceli-protest-protiv-izgradnje-postrojenja-nece-ga-raditi-tamo-gdje-su-planirali\/#breadcrumb","itemListElement":[{"@type":"ListItem","position":1,"name":"Home","item":"https:\/\/dmcsrb.com\/"},{"@type":"ListItem","position":2,"name":"Botunjani postavili \u0161atore i po\u010deli protest protiv izgradnje postrojenja: &#8221;Ne\u0107e ga raditi tamo gdje su planirali&#8221;"}]},{"@type":"WebSite","@id":"https:\/\/dmcsrb.com\/#website","url":"https:\/\/dmcsrb.com\/","name":"dmcsrb.com","description":"","potentialAction":[{"@type":"SearchAction","target":{"@type":"EntryPoint","urlTemplate":"https:\/\/dmcsrb.com\/?s={search_term_string}"},"query-input":{"@type":"PropertyValueSpecification","valueRequired":true,"valueName":"search_term_string"}}],"inLanguage":"en-GB"},{"@type":"Person","@id":"https:\/\/dmcsrb.com\/#\/schema\/person\/5c39170f12db1b8b457732d0b5c854e2","name":"dmcsrbija.com@gmail.com","image":{"@type":"ImageObject","inLanguage":"en-GB","@id":"https:\/\/secure.gravatar.com\/avatar\/68592660ad6347fad0fb587f8d5d8f1a7b44961362f56e4f2cd524feb87e9069?s=96&d=mm&r=g","url":"https:\/\/secure.gravatar.com\/avatar\/68592660ad6347fad0fb587f8d5d8f1a7b44961362f56e4f2cd524feb87e9069?s=96&d=mm&r=g","contentUrl":"https:\/\/secure.gravatar.com\/avatar\/68592660ad6347fad0fb587f8d5d8f1a7b44961362f56e4f2cd524feb87e9069?s=96&d=mm&r=g","caption":"dmcsrbija.com@gmail.com"},"sameAs":["https:\/\/dmcsrb.com"],"url":"https:\/\/dmcsrb.com\/en\/author\/dmcsrbija-comgmail-com\/"}]}},"_links":{"self":[{"href":"https:\/\/dmcsrb.com\/en\/wp-json\/wp\/v2\/posts\/963692","targetHints":{"allow":["GET"]}}],"collection":[{"href":"https:\/\/dmcsrb.com\/en\/wp-json\/wp\/v2\/posts"}],"about":[{"href":"https:\/\/dmcsrb.com\/en\/wp-json\/wp\/v2\/types\/post"}],"author":[{"embeddable":true,"href":"https:\/\/dmcsrb.com\/en\/wp-json\/wp\/v2\/users\/1"}],"replies":[{"embeddable":true,"href":"https:\/\/dmcsrb.com\/en\/wp-json\/wp\/v2\/comments?post=963692"}],"version-history":[{"count":0,"href":"https:\/\/dmcsrb.com\/en\/wp-json\/wp\/v2\/posts\/963692\/revisions"}],"wp:featuredmedia":[{"embeddable":true,"href":"https:\/\/dmcsrb.com\/en\/wp-json\/wp\/v2\/media\/963693"}],"wp:attachment":[{"href":"https:\/\/dmcsrb.com\/en\/wp-json\/wp\/v2\/media?parent=963692"}],"wp:term":[{"taxonomy":"category","embeddable":true,"href":"https:\/\/dmcsrb.com\/en\/wp-json\/wp\/v2\/categories?post=963692"},{"taxonomy":"post_tag","embeddable":true,"href":"https:\/\/dmcsrb.com\/en\/wp-json\/wp\/v2\/tags?post=963692"},{"taxonomy":"naslovna","embeddable":true,"href":"https:\/\/dmcsrb.com\/en\/wp-json\/wp\/v2\/naslovna?post=963692"}],"curies":[{"name":"wp","href":"https:\/\/api.w.org\/{rel}","templated":true}]}}